{"id":5576,"date":"2026-03-28T14:40:23","date_gmt":"2026-03-28T17:40:23","guid":{"rendered":"https:\/\/salmosbiblicos.com.br\/?p=5576"},"modified":"2026-03-28T14:40:23","modified_gmt":"2026-03-28T17:40:23","slug":"maturidade-na-fe-um-caminho-de-crescimento-e-proposito","status":"publish","type":"post","link":"https:\/\/salmosbiblicos.com.br\/index.php\/2026\/03\/28\/maturidade-na-fe-um-caminho-de-crescimento-e-proposito\/","title":{"rendered":"Maturidade na F\u00e9: Um Caminho de Crescimento e Prop\u00f3sito"},"content":{"rendered":"<p>## O Caminho da Maturidade na F\u00e9<\/p>\n<p>A jornada da vida espiritual, meus irm\u00e3os, frequentemente nos coloca diante de um desafio: alcan\u00e7ar a maturidade. Observamos em nosso redor muitos que lutam para trilhar este caminho, e em tempos como os nossos, essa dificuldade parece se intensificar. \u00c9 um chamado urgente, uma necessidade que ecoa em nossos cora\u00e7\u00f5es.<\/p>\n<p>### A Ess\u00eancia da Maturidade Espiritual<\/p>\n<p>A Palavra nos convida a contemplar a brevidade da exist\u00eancia e a profundidade do chamado \u00e0 f\u00e9. Em suas palavras, encontramos uma distin\u00e7\u00e3o entre diferentes est\u00e1gios da vida, n\u00e3o nos termos da idade cronol\u00f3gica, mas sim na progress\u00e3o da nossa jornada espiritual. Ser crian\u00e7a na f\u00e9 significa ser acolhido, protegido e libertado das amarras do pecado. <\/p>\n<p>\u00c9 um per\u00edodo de inoc\u00eancia, de aprendizado e de depend\u00eancia, onde buscamos a orienta\u00e7\u00e3o e o amparo. A essa pureza e fragilidade se segue a adolesc\u00eancia, um tempo de lutas e prova\u00e7\u00f5es, onde enfrentamos o mal com coragem e determina\u00e7\u00e3o.<\/p>\n<p>### Crescendo em Cristo<\/p>\n<p>A verdadeira maturidade, no entanto, reside em alcan\u00e7ar o estado de \u201cpai\u201d na f\u00e9 \u2013 uma pessoa que abra\u00e7a a plenitude do conhecimento de Deus, que irradia Sua luz e que se torna um exemplo para os demais. Esta n\u00e3o \u00e9 uma quest\u00e3o de idade, mas sim de esp\u00edrito.<\/p>\n<p>Podemos encontrar indiv\u00edduos jovens que demonstram uma sabedoria e uma f\u00e9 que superam a compreens\u00e3o de muitos. Da mesma forma, podemos encontrar pessoas mais velhas que permanecem presas \u00e0 imaturidade, incapazes de avan\u00e7ar na f\u00e9.<\/p>\n<p>**A maturidade n\u00e3o se encontra na passagem do tempo, mas na transforma\u00e7\u00e3o do cora\u00e7\u00e3o.**<\/p>\n<p>### A Estatura da Maturidade de Cristo<\/p>\n<p>A Escritura nos lembra que devemos perseverar at\u00e9 que todos alcancemos a unidade da f\u00e9 e o conhecimento do Filho de Deus, atingindo a &#8220;estatura da maturidade de Cristo&#8221;. Este \u00e9 o padr\u00e3o que devemos seguir, o exemplo que devemos emular em cada aspecto de nossa vida.<\/p>\n<p>N\u00e3o devemos permanecer crian\u00e7as, sujeitas \u00e0s ondas da doutrina enganosa e aos caprichos da maldade. Devemos buscar o alimento s\u00f3lido da Palavra, resistir \u00e0s influ\u00eancias externas e perseverar na f\u00e9.<\/p>\n<p>### Deixando a Inf\u00e2ncia Espiritual<\/p>\n<p>O ap\u00f3stolo Paulo expressa sua tristeza ao perceber que muitos permanecem presos ao &#8220;leite&#8221; espiritual, incapazes de suportar o alimento s\u00f3lido da Palavra. \u00c9 um apelo urgente para que deixemos para tr\u00e1s a inf\u00e2ncia espiritual, as brincadeiras, as intrigas e as atitudes carnais. <\/p>\n<p>**Deus nos convida a abra\u00e7ar a maturidade, a progredir na f\u00e9 e a nos tornarmos verdadeiros disc\u00edpulos de Cristo.**<\/p>\n<p>### Um Compromisso de F\u00e9<\/p>\n<p>Que possamos, cada um de n\u00f3s, renovar nosso compromisso com a f\u00e9, buscando a maturidade em Cristo. Que possamos deixar para tr\u00e1s a imaturidade e abra\u00e7ar a sabedoria e a for\u00e7a que v\u00eam de Deus. Que possamos nos tornar luz para o mundo, exemplos de f\u00e9 e esperan\u00e7a para as gera\u00e7\u00f5es futuras.<\/p>\n<p>Que este seja o nosso prop\u00f3sito, a nossa busca constante, a nossa ora\u00e7\u00e3o incessante. Que possamos crescer em gra\u00e7a e em conhecimento, at\u00e9 o dia em que Ele venha.<\/p>\n<p>**&#8221;Eu preciso alcan\u00e7ar a maturidade de Cristo.&#8221;**<\/p>\n<p>Que estas sejam as palavras que ressoam em nossos cora\u00e7\u00f5es, guiando cada passo de nossa jornada espiritual.<\/p>\n","protected":false},"excerpt":{"rendered":"<p>## O Caminho da Maturidade na F\u00e9 A jornada da vida espiritual, meus irm\u00e3os, frequentemente nos coloca diante de um desafio: alcan\u00e7ar a maturidade. Observamos em nosso redor muitos que lutam para trilhar este caminho, e em tempos como os nossos, essa dificuldade parece se intensificar. \u00c9 um chamado urgente, uma necessidade que ecoa em [&hellip;]<\/p>\n","protected":false},"author":1,"featured_media":0,"comment_status":"closed","ping_status":"open","sticky":false,"template":"","format":"standard","meta":{"footnotes":""},"categories":[14],"tags":[],"class_list":["post-5576","post","type-post","status-publish","format-standard","hentry","category-reflexao"],"yoast_head":"<!-- This site is optimized with the Yoast SEO plugin v27.2 - https:\/\/yoast.com\/product\/yoast-seo-wordpress\/ -->\n<title>Maturidade na F\u00e9: Um Caminho de Crescimento e Prop\u00f3sito - Salmos B\u00edblicos<\/title>\n<meta name=\"robots\" content=\"index, follow, max-snippet:-1, max-image-preview:large, max-video-preview:-1\" \/>\n<link rel=\"canonical\" href=\"https:\/\/salmosbiblicos.com.br\/index.php\/2026\/03\/28\/maturidade-na-fe-um-caminho-de-crescimento-e-proposito\/\" \/>\n<meta property=\"og:locale\" content=\"pt_BR\" \/>\n<meta property=\"og:type\" content=\"article\" \/>\n<meta property=\"og:title\" content=\"Maturidade na F\u00e9: Um Caminho de Crescimento e Prop\u00f3sito - Salmos B\u00edblicos\" \/>\n<meta property=\"og:description\" content=\"## O Caminho da Maturidade na F\u00e9 A jornada da vida espiritual, meus irm\u00e3os, frequentemente nos coloca diante de um desafio: alcan\u00e7ar a maturidade. Observamos em nosso redor muitos que lutam para trilhar este caminho, e em tempos como os nossos, essa dificuldade parece se intensificar. \u00c9 um chamado urgente, uma necessidade que ecoa em [&hellip;]\" \/>\n<meta property=\"og:url\" content=\"https:\/\/salmosbiblicos.com.br\/index.php\/2026\/03\/28\/maturidade-na-fe-um-caminho-de-crescimento-e-proposito\/\" \/>\n<meta property=\"og:site_name\" content=\"Salmos B\u00edblicos\" \/>\n<meta property=\"article:published_time\" content=\"2026-03-28T17:40:23+00:00\" \/>\n<meta name=\"author\" content=\"alextreh@gmail.com\" \/>\n<meta name=\"twitter:card\" content=\"summary_large_image\" \/>\n<meta name=\"twitter:label1\" content=\"Escrito por\" \/>\n\t<meta name=\"twitter:data1\" content=\"alextreh@gmail.com\" \/>\n\t<meta name=\"twitter:label2\" content=\"Est. tempo de leitura\" \/>\n\t<meta name=\"twitter:data2\" content=\"3 minutos\" \/>\n<script type=\"application\/ld+json\" class=\"yoast-schema-graph\">{\"@context\":\"https:\/\/schema.org\",\"@graph\":[{\"@type\":\"Article\",\"@id\":\"https:\/\/salmosbiblicos.com.br\/index.php\/2026\/03\/28\/maturidade-na-fe-um-caminho-de-crescimento-e-proposito\/#article\",\"isPartOf\":{\"@id\":\"https:\/\/salmosbiblicos.com.br\/index.php\/2026\/03\/28\/maturidade-na-fe-um-caminho-de-crescimento-e-proposito\/\"},\"author\":{\"name\":\"alextreh@gmail.com\",\"@id\":\"https:\/\/salmosbiblicos.com.br\/#\/schema\/person\/30586d0fb3f3a46b78a3414fc39cc975\"},\"headline\":\"Maturidade na F\u00e9: Um Caminho de Crescimento e Prop\u00f3sito\",\"datePublished\":\"2026-03-28T17:40:23+00:00\",\"mainEntityOfPage\":{\"@id\":\"https:\/\/salmosbiblicos.com.br\/index.php\/2026\/03\/28\/maturidade-na-fe-um-caminho-de-crescimento-e-proposito\/\"},\"wordCount\":571,\"articleSection\":[\"Reflex\u00e3o\"],\"inLanguage\":\"pt-BR\"},{\"@type\":\"WebPage\",\"@id\":\"https:\/\/salmosbiblicos.com.br\/index.php\/2026\/03\/28\/maturidade-na-fe-um-caminho-de-crescimento-e-proposito\/\",\"url\":\"https:\/\/salmosbiblicos.com.br\/index.php\/2026\/03\/28\/maturidade-na-fe-um-caminho-de-crescimento-e-proposito\/\",\"name\":\"Maturidade na F\u00e9: Um Caminho de Crescimento e Prop\u00f3sito - Salmos B\u00edblicos\",\"isPartOf\":{\"@id\":\"https:\/\/salmosbiblicos.com.br\/#website\"},\"datePublished\":\"2026-03-28T17:40:23+00:00\",\"author\":{\"@id\":\"https:\/\/salmosbiblicos.com.br\/#\/schema\/person\/30586d0fb3f3a46b78a3414fc39cc975\"},\"breadcrumb\":{\"@id\":\"https:\/\/salmosbiblicos.com.br\/index.php\/2026\/03\/28\/maturidade-na-fe-um-caminho-de-crescimento-e-proposito\/#breadcrumb\"},\"inLanguage\":\"pt-BR\",\"potentialAction\":[{\"@type\":\"ReadAction\",\"target\":[\"https:\/\/salmosbiblicos.com.br\/index.php\/2026\/03\/28\/maturidade-na-fe-um-caminho-de-crescimento-e-proposito\/\"]}]},{\"@type\":\"BreadcrumbList\",\"@id\":\"https:\/\/salmosbiblicos.com.br\/index.php\/2026\/03\/28\/maturidade-na-fe-um-caminho-de-crescimento-e-proposito\/#breadcrumb\",\"itemListElement\":[{\"@type\":\"ListItem\",\"position\":1,\"name\":\"Home\",\"item\":\"https:\/\/salmosbiblicos.com.br\/\"},{\"@type\":\"ListItem\",\"position\":2,\"name\":\"Maturidade na F\u00e9: Um Caminho de Crescimento e Prop\u00f3sito\"}]},{\"@type\":\"WebSite\",\"@id\":\"https:\/\/salmosbiblicos.com.br\/#website\",\"url\":\"https:\/\/salmosbiblicos.com.br\/\",\"name\":\"Salmos B\u00edblicos\",\"description\":\"Uma e-Livraria com e-Books novos para voc\u00ea refletir.\",\"potentialAction\":[{\"@type\":\"SearchAction\",\"target\":{\"@type\":\"EntryPoint\",\"urlTemplate\":\"https:\/\/salmosbiblicos.com.br\/?s={search_term_string}\"},\"query-input\":{\"@type\":\"PropertyValueSpecification\",\"valueRequired\":true,\"valueName\":\"search_term_string\"}}],\"inLanguage\":\"pt-BR\"},{\"@type\":\"Person\",\"@id\":\"https:\/\/salmosbiblicos.com.br\/#\/schema\/person\/30586d0fb3f3a46b78a3414fc39cc975\",\"name\":\"alextreh@gmail.com\",\"image\":{\"@type\":\"ImageObject\",\"inLanguage\":\"pt-BR\",\"@id\":\"https:\/\/secure.gravatar.com\/avatar\/7cf84d31f581ec97b887c1039d478a7c293086896c84951a86753fb2c2af7527?s=96&d=mm&r=g\",\"url\":\"https:\/\/secure.gravatar.com\/avatar\/7cf84d31f581ec97b887c1039d478a7c293086896c84951a86753fb2c2af7527?s=96&d=mm&r=g\",\"contentUrl\":\"https:\/\/secure.gravatar.com\/avatar\/7cf84d31f581ec97b887c1039d478a7c293086896c84951a86753fb2c2af7527?s=96&d=mm&r=g\",\"caption\":\"alextreh@gmail.com\"},\"sameAs\":[\"http:\/\/salmosbiblicos.com.br\"],\"url\":\"https:\/\/salmosbiblicos.com.br\/index.php\/author\/alextrehgmail-com\/\"}]}<\/script>\n<!-- \/ Yoast SEO plugin. -->","yoast_head_json":{"title":"Maturidade na F\u00e9: Um Caminho de Crescimento e Prop\u00f3sito - Salmos B\u00edblicos","robots":{"index":"index","follow":"follow","max-snippet":"max-snippet:-1","max-image-preview":"max-image-preview:large","max-video-preview":"max-video-preview:-1"},"canonical":"https:\/\/salmosbiblicos.com.br\/index.php\/2026\/03\/28\/maturidade-na-fe-um-caminho-de-crescimento-e-proposito\/","og_locale":"pt_BR","og_type":"article","og_title":"Maturidade na F\u00e9: Um Caminho de Crescimento e Prop\u00f3sito - Salmos B\u00edblicos","og_description":"## O Caminho da Maturidade na F\u00e9 A jornada da vida espiritual, meus irm\u00e3os, frequentemente nos coloca diante de um desafio: alcan\u00e7ar a maturidade. Observamos em nosso redor muitos que lutam para trilhar este caminho, e em tempos como os nossos, essa dificuldade parece se intensificar. \u00c9 um chamado urgente, uma necessidade que ecoa em [&hellip;]","og_url":"https:\/\/salmosbiblicos.com.br\/index.php\/2026\/03\/28\/maturidade-na-fe-um-caminho-de-crescimento-e-proposito\/","og_site_name":"Salmos B\u00edblicos","article_published_time":"2026-03-28T17:40:23+00:00","author":"alextreh@gmail.com","twitter_card":"summary_large_image","twitter_misc":{"Escrito por":"alextreh@gmail.com","Est. tempo de leitura":"3 minutos"},"schema":{"@context":"https:\/\/schema.org","@graph":[{"@type":"Article","@id":"https:\/\/salmosbiblicos.com.br\/index.php\/2026\/03\/28\/maturidade-na-fe-um-caminho-de-crescimento-e-proposito\/#article","isPartOf":{"@id":"https:\/\/salmosbiblicos.com.br\/index.php\/2026\/03\/28\/maturidade-na-fe-um-caminho-de-crescimento-e-proposito\/"},"author":{"name":"alextreh@gmail.com","@id":"https:\/\/salmosbiblicos.com.br\/#\/schema\/person\/30586d0fb3f3a46b78a3414fc39cc975"},"headline":"Maturidade na F\u00e9: Um Caminho de Crescimento e Prop\u00f3sito","datePublished":"2026-03-28T17:40:23+00:00","mainEntityOfPage":{"@id":"https:\/\/salmosbiblicos.com.br\/index.php\/2026\/03\/28\/maturidade-na-fe-um-caminho-de-crescimento-e-proposito\/"},"wordCount":571,"articleSection":["Reflex\u00e3o"],"inLanguage":"pt-BR"},{"@type":"WebPage","@id":"https:\/\/salmosbiblicos.com.br\/index.php\/2026\/03\/28\/maturidade-na-fe-um-caminho-de-crescimento-e-proposito\/","url":"https:\/\/salmosbiblicos.com.br\/index.php\/2026\/03\/28\/maturidade-na-fe-um-caminho-de-crescimento-e-proposito\/","name":"Maturidade na F\u00e9: Um Caminho de Crescimento e Prop\u00f3sito - Salmos B\u00edblicos","isPartOf":{"@id":"https:\/\/salmosbiblicos.com.br\/#website"},"datePublished":"2026-03-28T17:40:23+00:00","author":{"@id":"https:\/\/salmosbiblicos.com.br\/#\/schema\/person\/30586d0fb3f3a46b78a3414fc39cc975"},"breadcrumb":{"@id":"https:\/\/salmosbiblicos.com.br\/index.php\/2026\/03\/28\/maturidade-na-fe-um-caminho-de-crescimento-e-proposito\/#breadcrumb"},"inLanguage":"pt-BR","potentialAction":[{"@type":"ReadAction","target":["https:\/\/salmosbiblicos.com.br\/index.php\/2026\/03\/28\/maturidade-na-fe-um-caminho-de-crescimento-e-proposito\/"]}]},{"@type":"BreadcrumbList","@id":"https:\/\/salmosbiblicos.com.br\/index.php\/2026\/03\/28\/maturidade-na-fe-um-caminho-de-crescimento-e-proposito\/#breadcrumb","itemListElement":[{"@type":"ListItem","position":1,"name":"Home","item":"https:\/\/salmosbiblicos.com.br\/"},{"@type":"ListItem","position":2,"name":"Maturidade na F\u00e9: Um Caminho de Crescimento e Prop\u00f3sito"}]},{"@type":"WebSite","@id":"https:\/\/salmosbiblicos.com.br\/#website","url":"https:\/\/salmosbiblicos.com.br\/","name":"Salmos B\u00edblicos","description":"Uma e-Livraria com e-Books novos para voc\u00ea refletir.","potentialAction":[{"@type":"SearchAction","target":{"@type":"EntryPoint","urlTemplate":"https:\/\/salmosbiblicos.com.br\/?s={search_term_string}"},"query-input":{"@type":"PropertyValueSpecification","valueRequired":true,"valueName":"search_term_string"}}],"inLanguage":"pt-BR"},{"@type":"Person","@id":"https:\/\/salmosbiblicos.com.br\/#\/schema\/person\/30586d0fb3f3a46b78a3414fc39cc975","name":"alextreh@gmail.com","image":{"@type":"ImageObject","inLanguage":"pt-BR","@id":"https:\/\/secure.gravatar.com\/avatar\/7cf84d31f581ec97b887c1039d478a7c293086896c84951a86753fb2c2af7527?s=96&d=mm&r=g","url":"https:\/\/secure.gravatar.com\/avatar\/7cf84d31f581ec97b887c1039d478a7c293086896c84951a86753fb2c2af7527?s=96&d=mm&r=g","contentUrl":"https:\/\/secure.gravatar.com\/avatar\/7cf84d31f581ec97b887c1039d478a7c293086896c84951a86753fb2c2af7527?s=96&d=mm&r=g","caption":"alextreh@gmail.com"},"sameAs":["http:\/\/salmosbiblicos.com.br"],"url":"https:\/\/salmosbiblicos.com.br\/index.php\/author\/alextrehgmail-com\/"}]}},"_links":{"self":[{"href":"https:\/\/salmosbiblicos.com.br\/index.php\/wp-json\/wp\/v2\/posts\/5576","targetHints":{"allow":["GET"]}}],"collection":[{"href":"https:\/\/salmosbiblicos.com.br\/index.php\/wp-json\/wp\/v2\/posts"}],"about":[{"href":"https:\/\/salmosbiblicos.com.br\/index.php\/wp-json\/wp\/v2\/types\/post"}],"author":[{"embeddable":true,"href":"https:\/\/salmosbiblicos.com.br\/index.php\/wp-json\/wp\/v2\/users\/1"}],"replies":[{"embeddable":true,"href":"https:\/\/salmosbiblicos.com.br\/index.php\/wp-json\/wp\/v2\/comments?post=5576"}],"version-history":[{"count":1,"href":"https:\/\/salmosbiblicos.com.br\/index.php\/wp-json\/wp\/v2\/posts\/5576\/revisions"}],"predecessor-version":[{"id":5577,"href":"https:\/\/salmosbiblicos.com.br\/index.php\/wp-json\/wp\/v2\/posts\/5576\/revisions\/5577"}],"wp:attachment":[{"href":"https:\/\/salmosbiblicos.com.br\/index.php\/wp-json\/wp\/v2\/media?parent=5576"}],"wp:term":[{"taxonomy":"category","embeddable":true,"href":"https:\/\/salmosbiblicos.com.br\/index.php\/wp-json\/wp\/v2\/categories?post=5576"},{"taxonomy":"post_tag","embeddable":true,"href":"https:\/\/salmosbiblicos.com.br\/index.php\/wp-json\/wp\/v2\/tags?post=5576"}],"curies":[{"name":"wp","href":"https:\/\/api.w.org\/{rel}","templated":true}]}}