{"id":5578,"date":"2026-03-28T14:47:11","date_gmt":"2026-03-28T17:47:11","guid":{"rendered":"https:\/\/salmosbiblicos.com.br\/?p=5578"},"modified":"2026-03-28T14:47:11","modified_gmt":"2026-03-28T17:47:11","slug":"odio-a-cegueira-que-aprisiona-a-alma-e-afasta-de-deus","status":"publish","type":"post","link":"https:\/\/salmosbiblicos.com.br\/index.php\/2026\/03\/28\/odio-a-cegueira-que-aprisiona-a-alma-e-afasta-de-deus\/","title":{"rendered":"\u00d3dio: A Cegueira que Aprisiona a Alma e Afasta de Deus"},"content":{"rendered":"<p>## O Peso Sombrio do \u00d3dio no Cora\u00e7\u00e3o Humano<\/p>\n<p>A alma humana, templo do esp\u00edrito, \u00e9 suscet\u00edvel a enfermidades que a obscurecem e a desviam do caminho da luz. O \u00f3dio, em particular, \u00e9 uma for\u00e7a destrutiva, capaz de ofuscar a pr\u00f3pria vis\u00e3o da alma, lan\u00e7ando uma sombra sobre o cora\u00e7\u00e3o e a mente.  N\u00e3o se engane, a cegueira da alma \u00e9 mais dolorosa que a perda da vis\u00e3o f\u00edsica.<\/p>\n<p>### A Palavra que Ilumina<\/p>\n<p>A Escritura nos oferece um guia claro para discernir a verdade. &#8220;Para saber que conhecemos Jesus, devemos ver e praticar os seus mandamentos.&#8221;  A ess\u00eancia do discipulado reside em seguir o exemplo de Cristo, em amar ao pr\u00f3ximo como a n\u00f3s mesmos.  **Aquele que professa amar a Deus, mas n\u00e3o estende a m\u00e3o ao seu irm\u00e3o, \u00e9 um enganador.**<\/p>\n<p>### As Trevas do \u00d3dio<\/p>\n<p>A triste realidade \u00e9 que muitos se declaram caminhantes da luz, mas a amargura e o ressentimento obscurecem seu esp\u00edrito. \u201cAquele que diz estar na luz, mas odeia seu irm\u00e3o, permanece nas trevas.\u201d  Como podemos nos considerar filhos de Deus se o \u00f3dio, a inveja e a vingan\u00e7a habitam nossos cora\u00e7\u00f5es?  **O amor ao pr\u00f3ximo \u00e9 o farol que nos guia na escurid\u00e3o.**<\/p>\n<p>### A Cegueira da Alma<\/p>\n<p>O \u00f3dio n\u00e3o apenas nos afasta do amor divino, mas tamb\u00e9m distorce nossa percep\u00e7\u00e3o da realidade. Quando o \u00f3dio se instala, perdemos a capacidade de enxergar a beleza e a dignidade em cada ser humano. Esquecemos que cada um de n\u00f3s foi redimido pelo sacrif\u00edcio de Cristo.  **Jesus morreu por cada irm\u00e3o, mesmo por aqueles que nos causam sofrimento.**<\/p>\n<p>### O Caminho da Reden\u00e7\u00e3o<\/p>\n<p>A boa not\u00edcia \u00e9 que a escurid\u00e3o do \u00f3dio n\u00e3o \u00e9 eterna.  O arrependimento, a contri\u00e7\u00e3o sincera, abre o caminho para a renova\u00e7\u00e3o e a restaura\u00e7\u00e3o.  Como nos libertamos dessa pris\u00e3o de \u00f3dio?  Atrav\u00e9s do amor!  O amor \u00e9 a chama que ilumina a alma, que dissipa as trevas e nos reconecta com a gra\u00e7a divina. <\/p>\n<p>*   **Arrependa-se do \u00f3dio que habita em seu cora\u00e7\u00e3o.**<br \/>*   **Busque a sabedoria do amor para enxergar a beleza em cada irm\u00e3o.**<br \/>*   **Lembre-se do sacrif\u00edcio de Cristo em favor de todos.**<\/p>\n<p>### A L\u00e2mpada do Amor<\/p>\n<p>&#8220;Quem faz o mal e odeia seu irm\u00e3o estinguiu a l\u00e2mpada do amor, e est\u00e1 em trevas.&#8221; N\u00e3o permita que a amargura apague a chama do amor em seu cora\u00e7\u00e3o.  Se perder a vis\u00e3o do amor, se perder\u00e1 a capacidade de discernir o bem e de praticar a justi\u00e7a.<\/p>\n<p>### A Vida Eterna e a Luz do Amor<\/p>\n<p>A Escritura \u00e9 clara: **\u201cQuem n\u00e3o ama permanece na morte.\u201d**  A vida eterna n\u00e3o \u00e9 um privil\u00e9gio reservado a quem se declara justo, mas sim \u00e0queles que amam e servem ao pr\u00f3ximo.  Que a palavra ressoe em nossos cora\u00e7\u00f5es: \u201cEu n\u00e3o posso perder a vis\u00e3o do amor!\u201d<\/p>\n<p>Que a paz e o amor do Alt\u00edssimo iluminem seus caminhos. Am\u00e9m.<\/p>\n","protected":false},"excerpt":{"rendered":"<p>## O Peso Sombrio do \u00d3dio no Cora\u00e7\u00e3o Humano A alma humana, templo do esp\u00edrito, \u00e9 suscet\u00edvel a enfermidades que a obscurecem e a desviam do caminho da luz. O \u00f3dio, em particular, \u00e9 uma for\u00e7a destrutiva, capaz de ofuscar a pr\u00f3pria vis\u00e3o da alma, lan\u00e7ando uma sombra sobre o cora\u00e7\u00e3o e a mente. N\u00e3o [&hellip;]<\/p>\n","protected":false},"author":1,"featured_media":0,"comment_status":"closed","ping_status":"open","sticky":false,"template":"","format":"standard","meta":{"footnotes":""},"categories":[14],"tags":[],"class_list":["post-5578","post","type-post","status-publish","format-standard","hentry","category-reflexao"],"yoast_head":"<!-- This site is optimized with the Yoast SEO plugin v27.2 - https:\/\/yoast.com\/product\/yoast-seo-wordpress\/ -->\n<title>\u00d3dio: A Cegueira que Aprisiona a Alma e Afasta de Deus - Salmos B\u00edblicos<\/title>\n<meta name=\"robots\" content=\"index, follow, max-snippet:-1, max-image-preview:large, max-video-preview:-1\" \/>\n<link rel=\"canonical\" href=\"https:\/\/salmosbiblicos.com.br\/index.php\/2026\/03\/28\/odio-a-cegueira-que-aprisiona-a-alma-e-afasta-de-deus\/\" \/>\n<meta property=\"og:locale\" content=\"pt_BR\" \/>\n<meta property=\"og:type\" content=\"article\" \/>\n<meta property=\"og:title\" content=\"\u00d3dio: A Cegueira que Aprisiona a Alma e Afasta de Deus - Salmos B\u00edblicos\" \/>\n<meta property=\"og:description\" content=\"## O Peso Sombrio do \u00d3dio no Cora\u00e7\u00e3o Humano A alma humana, templo do esp\u00edrito, \u00e9 suscet\u00edvel a enfermidades que a obscurecem e a desviam do caminho da luz. O \u00f3dio, em particular, \u00e9 uma for\u00e7a destrutiva, capaz de ofuscar a pr\u00f3pria vis\u00e3o da alma, lan\u00e7ando uma sombra sobre o cora\u00e7\u00e3o e a mente. N\u00e3o [&hellip;]\" \/>\n<meta property=\"og:url\" content=\"https:\/\/salmosbiblicos.com.br\/index.php\/2026\/03\/28\/odio-a-cegueira-que-aprisiona-a-alma-e-afasta-de-deus\/\" \/>\n<meta property=\"og:site_name\" content=\"Salmos B\u00edblicos\" \/>\n<meta property=\"article:published_time\" content=\"2026-03-28T17:47:11+00:00\" \/>\n<meta name=\"author\" content=\"alextreh@gmail.com\" \/>\n<meta name=\"twitter:card\" content=\"summary_large_image\" \/>\n<meta name=\"twitter:label1\" content=\"Escrito por\" \/>\n\t<meta name=\"twitter:data1\" content=\"alextreh@gmail.com\" \/>\n\t<meta name=\"twitter:label2\" content=\"Est. tempo de leitura\" \/>\n\t<meta name=\"twitter:data2\" content=\"3 minutos\" \/>\n<script type=\"application\/ld+json\" class=\"yoast-schema-graph\">{\"@context\":\"https:\/\/schema.org\",\"@graph\":[{\"@type\":\"Article\",\"@id\":\"https:\/\/salmosbiblicos.com.br\/index.php\/2026\/03\/28\/odio-a-cegueira-que-aprisiona-a-alma-e-afasta-de-deus\/#article\",\"isPartOf\":{\"@id\":\"https:\/\/salmosbiblicos.com.br\/index.php\/2026\/03\/28\/odio-a-cegueira-que-aprisiona-a-alma-e-afasta-de-deus\/\"},\"author\":{\"name\":\"alextreh@gmail.com\",\"@id\":\"https:\/\/salmosbiblicos.com.br\/#\/schema\/person\/30586d0fb3f3a46b78a3414fc39cc975\"},\"headline\":\"\u00d3dio: A Cegueira que Aprisiona a Alma e Afasta de Deus\",\"datePublished\":\"2026-03-28T17:47:11+00:00\",\"mainEntityOfPage\":{\"@id\":\"https:\/\/salmosbiblicos.com.br\/index.php\/2026\/03\/28\/odio-a-cegueira-que-aprisiona-a-alma-e-afasta-de-deus\/\"},\"wordCount\":529,\"articleSection\":[\"Reflex\u00e3o\"],\"inLanguage\":\"pt-BR\"},{\"@type\":\"WebPage\",\"@id\":\"https:\/\/salmosbiblicos.com.br\/index.php\/2026\/03\/28\/odio-a-cegueira-que-aprisiona-a-alma-e-afasta-de-deus\/\",\"url\":\"https:\/\/salmosbiblicos.com.br\/index.php\/2026\/03\/28\/odio-a-cegueira-que-aprisiona-a-alma-e-afasta-de-deus\/\",\"name\":\"\u00d3dio: A Cegueira que Aprisiona a Alma e Afasta de Deus - Salmos B\u00edblicos\",\"isPartOf\":{\"@id\":\"https:\/\/salmosbiblicos.com.br\/#website\"},\"datePublished\":\"2026-03-28T17:47:11+00:00\",\"author\":{\"@id\":\"https:\/\/salmosbiblicos.com.br\/#\/schema\/person\/30586d0fb3f3a46b78a3414fc39cc975\"},\"breadcrumb\":{\"@id\":\"https:\/\/salmosbiblicos.com.br\/index.php\/2026\/03\/28\/odio-a-cegueira-que-aprisiona-a-alma-e-afasta-de-deus\/#breadcrumb\"},\"inLanguage\":\"pt-BR\",\"potentialAction\":[{\"@type\":\"ReadAction\",\"target\":[\"https:\/\/salmosbiblicos.com.br\/index.php\/2026\/03\/28\/odio-a-cegueira-que-aprisiona-a-alma-e-afasta-de-deus\/\"]}]},{\"@type\":\"BreadcrumbList\",\"@id\":\"https:\/\/salmosbiblicos.com.br\/index.php\/2026\/03\/28\/odio-a-cegueira-que-aprisiona-a-alma-e-afasta-de-deus\/#breadcrumb\",\"itemListElement\":[{\"@type\":\"ListItem\",\"position\":1,\"name\":\"Home\",\"item\":\"https:\/\/salmosbiblicos.com.br\/\"},{\"@type\":\"ListItem\",\"position\":2,\"name\":\"\u00d3dio: A Cegueira que Aprisiona a Alma e Afasta de Deus\"}]},{\"@type\":\"WebSite\",\"@id\":\"https:\/\/salmosbiblicos.com.br\/#website\",\"url\":\"https:\/\/salmosbiblicos.com.br\/\",\"name\":\"Salmos B\u00edblicos\",\"description\":\"Uma e-Livraria com e-Books novos para voc\u00ea refletir.\",\"potentialAction\":[{\"@type\":\"SearchAction\",\"target\":{\"@type\":\"EntryPoint\",\"urlTemplate\":\"https:\/\/salmosbiblicos.com.br\/?s={search_term_string}\"},\"query-input\":{\"@type\":\"PropertyValueSpecification\",\"valueRequired\":true,\"valueName\":\"search_term_string\"}}],\"inLanguage\":\"pt-BR\"},{\"@type\":\"Person\",\"@id\":\"https:\/\/salmosbiblicos.com.br\/#\/schema\/person\/30586d0fb3f3a46b78a3414fc39cc975\",\"name\":\"alextreh@gmail.com\",\"image\":{\"@type\":\"ImageObject\",\"inLanguage\":\"pt-BR\",\"@id\":\"https:\/\/secure.gravatar.com\/avatar\/7cf84d31f581ec97b887c1039d478a7c293086896c84951a86753fb2c2af7527?s=96&d=mm&r=g\",\"url\":\"https:\/\/secure.gravatar.com\/avatar\/7cf84d31f581ec97b887c1039d478a7c293086896c84951a86753fb2c2af7527?s=96&d=mm&r=g\",\"contentUrl\":\"https:\/\/secure.gravatar.com\/avatar\/7cf84d31f581ec97b887c1039d478a7c293086896c84951a86753fb2c2af7527?s=96&d=mm&r=g\",\"caption\":\"alextreh@gmail.com\"},\"sameAs\":[\"http:\/\/salmosbiblicos.com.br\"],\"url\":\"https:\/\/salmosbiblicos.com.br\/index.php\/author\/alextrehgmail-com\/\"}]}<\/script>\n<!-- \/ Yoast SEO plugin. -->","yoast_head_json":{"title":"\u00d3dio: A Cegueira que Aprisiona a Alma e Afasta de Deus - Salmos B\u00edblicos","robots":{"index":"index","follow":"follow","max-snippet":"max-snippet:-1","max-image-preview":"max-image-preview:large","max-video-preview":"max-video-preview:-1"},"canonical":"https:\/\/salmosbiblicos.com.br\/index.php\/2026\/03\/28\/odio-a-cegueira-que-aprisiona-a-alma-e-afasta-de-deus\/","og_locale":"pt_BR","og_type":"article","og_title":"\u00d3dio: A Cegueira que Aprisiona a Alma e Afasta de Deus - Salmos B\u00edblicos","og_description":"## O Peso Sombrio do \u00d3dio no Cora\u00e7\u00e3o Humano A alma humana, templo do esp\u00edrito, \u00e9 suscet\u00edvel a enfermidades que a obscurecem e a desviam do caminho da luz. O \u00f3dio, em particular, \u00e9 uma for\u00e7a destrutiva, capaz de ofuscar a pr\u00f3pria vis\u00e3o da alma, lan\u00e7ando uma sombra sobre o cora\u00e7\u00e3o e a mente. N\u00e3o [&hellip;]","og_url":"https:\/\/salmosbiblicos.com.br\/index.php\/2026\/03\/28\/odio-a-cegueira-que-aprisiona-a-alma-e-afasta-de-deus\/","og_site_name":"Salmos B\u00edblicos","article_published_time":"2026-03-28T17:47:11+00:00","author":"alextreh@gmail.com","twitter_card":"summary_large_image","twitter_misc":{"Escrito por":"alextreh@gmail.com","Est. tempo de leitura":"3 minutos"},"schema":{"@context":"https:\/\/schema.org","@graph":[{"@type":"Article","@id":"https:\/\/salmosbiblicos.com.br\/index.php\/2026\/03\/28\/odio-a-cegueira-que-aprisiona-a-alma-e-afasta-de-deus\/#article","isPartOf":{"@id":"https:\/\/salmosbiblicos.com.br\/index.php\/2026\/03\/28\/odio-a-cegueira-que-aprisiona-a-alma-e-afasta-de-deus\/"},"author":{"name":"alextreh@gmail.com","@id":"https:\/\/salmosbiblicos.com.br\/#\/schema\/person\/30586d0fb3f3a46b78a3414fc39cc975"},"headline":"\u00d3dio: A Cegueira que Aprisiona a Alma e Afasta de Deus","datePublished":"2026-03-28T17:47:11+00:00","mainEntityOfPage":{"@id":"https:\/\/salmosbiblicos.com.br\/index.php\/2026\/03\/28\/odio-a-cegueira-que-aprisiona-a-alma-e-afasta-de-deus\/"},"wordCount":529,"articleSection":["Reflex\u00e3o"],"inLanguage":"pt-BR"},{"@type":"WebPage","@id":"https:\/\/salmosbiblicos.com.br\/index.php\/2026\/03\/28\/odio-a-cegueira-que-aprisiona-a-alma-e-afasta-de-deus\/","url":"https:\/\/salmosbiblicos.com.br\/index.php\/2026\/03\/28\/odio-a-cegueira-que-aprisiona-a-alma-e-afasta-de-deus\/","name":"\u00d3dio: A Cegueira que Aprisiona a Alma e Afasta de Deus - Salmos B\u00edblicos","isPartOf":{"@id":"https:\/\/salmosbiblicos.com.br\/#website"},"datePublished":"2026-03-28T17:47:11+00:00","author":{"@id":"https:\/\/salmosbiblicos.com.br\/#\/schema\/person\/30586d0fb3f3a46b78a3414fc39cc975"},"breadcrumb":{"@id":"https:\/\/salmosbiblicos.com.br\/index.php\/2026\/03\/28\/odio-a-cegueira-que-aprisiona-a-alma-e-afasta-de-deus\/#breadcrumb"},"inLanguage":"pt-BR","potentialAction":[{"@type":"ReadAction","target":["https:\/\/salmosbiblicos.com.br\/index.php\/2026\/03\/28\/odio-a-cegueira-que-aprisiona-a-alma-e-afasta-de-deus\/"]}]},{"@type":"BreadcrumbList","@id":"https:\/\/salmosbiblicos.com.br\/index.php\/2026\/03\/28\/odio-a-cegueira-que-aprisiona-a-alma-e-afasta-de-deus\/#breadcrumb","itemListElement":[{"@type":"ListItem","position":1,"name":"Home","item":"https:\/\/salmosbiblicos.com.br\/"},{"@type":"ListItem","position":2,"name":"\u00d3dio: A Cegueira que Aprisiona a Alma e Afasta de Deus"}]},{"@type":"WebSite","@id":"https:\/\/salmosbiblicos.com.br\/#website","url":"https:\/\/salmosbiblicos.com.br\/","name":"Salmos B\u00edblicos","description":"Uma e-Livraria com e-Books novos para voc\u00ea refletir.","potentialAction":[{"@type":"SearchAction","target":{"@type":"EntryPoint","urlTemplate":"https:\/\/salmosbiblicos.com.br\/?s={search_term_string}"},"query-input":{"@type":"PropertyValueSpecification","valueRequired":true,"valueName":"search_term_string"}}],"inLanguage":"pt-BR"},{"@type":"Person","@id":"https:\/\/salmosbiblicos.com.br\/#\/schema\/person\/30586d0fb3f3a46b78a3414fc39cc975","name":"alextreh@gmail.com","image":{"@type":"ImageObject","inLanguage":"pt-BR","@id":"https:\/\/secure.gravatar.com\/avatar\/7cf84d31f581ec97b887c1039d478a7c293086896c84951a86753fb2c2af7527?s=96&d=mm&r=g","url":"https:\/\/secure.gravatar.com\/avatar\/7cf84d31f581ec97b887c1039d478a7c293086896c84951a86753fb2c2af7527?s=96&d=mm&r=g","contentUrl":"https:\/\/secure.gravatar.com\/avatar\/7cf84d31f581ec97b887c1039d478a7c293086896c84951a86753fb2c2af7527?s=96&d=mm&r=g","caption":"alextreh@gmail.com"},"sameAs":["http:\/\/salmosbiblicos.com.br"],"url":"https:\/\/salmosbiblicos.com.br\/index.php\/author\/alextrehgmail-com\/"}]}},"_links":{"self":[{"href":"https:\/\/salmosbiblicos.com.br\/index.php\/wp-json\/wp\/v2\/posts\/5578","targetHints":{"allow":["GET"]}}],"collection":[{"href":"https:\/\/salmosbiblicos.com.br\/index.php\/wp-json\/wp\/v2\/posts"}],"about":[{"href":"https:\/\/salmosbiblicos.com.br\/index.php\/wp-json\/wp\/v2\/types\/post"}],"author":[{"embeddable":true,"href":"https:\/\/salmosbiblicos.com.br\/index.php\/wp-json\/wp\/v2\/users\/1"}],"replies":[{"embeddable":true,"href":"https:\/\/salmosbiblicos.com.br\/index.php\/wp-json\/wp\/v2\/comments?post=5578"}],"version-history":[{"count":1,"href":"https:\/\/salmosbiblicos.com.br\/index.php\/wp-json\/wp\/v2\/posts\/5578\/revisions"}],"predecessor-version":[{"id":5579,"href":"https:\/\/salmosbiblicos.com.br\/index.php\/wp-json\/wp\/v2\/posts\/5578\/revisions\/5579"}],"wp:attachment":[{"href":"https:\/\/salmosbiblicos.com.br\/index.php\/wp-json\/wp\/v2\/media?parent=5578"}],"wp:term":[{"taxonomy":"category","embeddable":true,"href":"https:\/\/salmosbiblicos.com.br\/index.php\/wp-json\/wp\/v2\/categories?post=5578"},{"taxonomy":"post_tag","embeddable":true,"href":"https:\/\/salmosbiblicos.com.br\/index.php\/wp-json\/wp\/v2\/tags?post=5578"}],"curies":[{"name":"wp","href":"https:\/\/api.w.org\/{rel}","templated":true}]}}