{"id":5582,"date":"2026-03-28T15:00:54","date_gmt":"2026-03-28T18:00:54","guid":{"rendered":"https:\/\/salmosbiblicos.com.br\/?p=5582"},"modified":"2026-03-28T15:00:54","modified_gmt":"2026-03-28T18:00:54","slug":"alegria-da-fe-um-legado-que-conecta-apostolos-e-crentes","status":"publish","type":"post","link":"https:\/\/salmosbiblicos.com.br\/index.php\/2026\/03\/28\/alegria-da-fe-um-legado-que-conecta-apostolos-e-crentes\/","title":{"rendered":"Alegria da F\u00e9: Um Legado que Conecta Ap\u00f3stolos e Crentes"},"content":{"rendered":"<p>## A Alegria da F\u00e9: Um Legado que Transcende a Vis\u00e3o<\/p>\n<p>Quantas vezes nos perguntamos sobre aqueles que tiveram a rara oportunidade de caminhar ao lado de Jesus? Para eles, a presen\u00e7a f\u00edsica do Mestre, os momentos compartilhados, os ensinamentos ouvidos de perto, certamente intensificaram sua alegria. Ser\u00e1 que a f\u00e9 deles, alimentada por essa proximidade tang\u00edvel, superou a nossa, que recebemos a mensagem atrav\u00e9s dos s\u00e9culos?<\/p>\n<p>A resposta reside em um convite profundo: **participamos da mesma alegria**. A mesma alegria que irradiou dos cora\u00e7\u00f5es dos ap\u00f3stolos, que a transmitiram a n\u00f3s, que agora a compartilhamos com a comunidade.<\/p>\n<p>### A Comunh\u00e3o Revelada<\/p>\n<p>Primeira Jo\u00e3o, cap\u00edtulo 1, nos recorda a experi\u00eancia primordial daqueles primeiros disc\u00edpulos: \u201cO que era desde o princ\u00edpio, o que n\u00f3s ouvimos, o que vimos com os nossos olhos, o que contemplamos e as nossas m\u00e3os tocaram da palavra da vida\u2026\u201d Eles testemunharam a manifesta\u00e7\u00e3o da gra\u00e7a em carne, um milagre que transbordou para a vida deles.<\/p>\n<p>Mas a beleza est\u00e1 em compreender que essa vis\u00e3o, esse toque, n\u00e3o foram para eles apenas, mas para que pudessem, por sua vez, iluminar o nosso caminho. A mensagem que eles propagaram \u00e9 um presente que nos permite, mesmo distantes no tempo, unirmo-nos a eles na f\u00e9.<\/p>\n<p>### A Igreja como Ponte<\/p>\n<p>A uni\u00e3o \u00e0 Igreja, como nos lembra uma voz s\u00e1bia, \u00e9 a porta de entrada para essa f\u00e9 ancestral. \u00c9 no seio da comunidade que recebemos os sacramentos, nutrindo a nossa alma com a mesma f\u00e9 que iluminou os primeiros crist\u00e3os. Essa f\u00e9, que se manifestou na encarna\u00e7\u00e3o do Cristo, continua viva nos testemunhos dos ap\u00f3stolos.<\/p>\n<p>**N\u00e3o somos menos agraciados que aqueles que viram e ouviram**, pois a f\u00e9 que recebemos \u00e9 a mesma, um legado que nos conecta diretamente \u00e0 fonte da gra\u00e7a.<\/p>\n<p>### A Alegria da Esperan\u00e7a<\/p>\n<p>Em Atos dos Ap\u00f3stolos, somos convidados a perseverar na doutrina dos ap\u00f3stolos, na partilha do p\u00e3o e na ora\u00e7\u00e3o. \u00c9 nesse caminho que encontramos o nutrimento para a nossa alma, permanecendo firmes em Cristo.<\/p>\n<p>E a alegria, t\u00e3o essencial para o cora\u00e7\u00e3o humano, n\u00e3o depende da vis\u00e3o f\u00edsica.  Jesus nos assegura que a verdadeira alegria reside na f\u00e9 que nos sustenta, no amor que nos guia.<\/p>\n<p>### A B\u00ean\u00e7\u00e3o da F\u00e9 Inabal\u00e1vel<\/p>\n<p>Jesus, em Jo\u00e3o 20, nos concede uma b\u00ean\u00e7\u00e3o poderosa: &#8220;Felizes aqueles que creem sem ter visto.&#8221; Nossa f\u00e9, mesmo que n\u00e3o seja acompanhada da vis\u00e3o f\u00edsica, \u00e9 t\u00e3o v\u00e1lida quanto a dos ap\u00f3stolos. **Nosso amor, nossa cren\u00e7a, s\u00e3o o pre\u00e7o da nossa salva\u00e7\u00e3o**.<\/p>\n<p>Que possamos, portanto, abra\u00e7ar a alegria da f\u00e9, reconhecendo que somos participantes de um legado eterno. Que a esperan\u00e7a nos inspire a proclamar com confian\u00e7a: &#8220;Eu participo da mesma alegria dos ap\u00f3stolos, sem ver, eu amo Jesus, sem ver, eu creio em Jesus!&#8221;<\/p>\n<p>Pois a verdadeira vis\u00e3o \u00e9 a do cora\u00e7\u00e3o, que reconhece a presen\u00e7a divina em nossas vidas, mesmo que nossos olhos n\u00e3o a vejam.<\/p>\n","protected":false},"excerpt":{"rendered":"<p>## A Alegria da F\u00e9: Um Legado que Transcende a Vis\u00e3o Quantas vezes nos perguntamos sobre aqueles que tiveram a rara oportunidade de caminhar ao lado de Jesus? Para eles, a presen\u00e7a f\u00edsica do Mestre, os momentos compartilhados, os ensinamentos ouvidos de perto, certamente intensificaram sua alegria. Ser\u00e1 que a f\u00e9 deles, alimentada por essa [&hellip;]<\/p>\n","protected":false},"author":1,"featured_media":0,"comment_status":"closed","ping_status":"open","sticky":false,"template":"","format":"standard","meta":{"footnotes":""},"categories":[14],"tags":[],"class_list":["post-5582","post","type-post","status-publish","format-standard","hentry","category-reflexao"],"yoast_head":"<!-- This site is optimized with the Yoast SEO plugin v27.2 - https:\/\/yoast.com\/product\/yoast-seo-wordpress\/ -->\n<title>Alegria da F\u00e9: Um Legado que Conecta Ap\u00f3stolos e Crentes - Salmos B\u00edblicos<\/title>\n<meta name=\"robots\" content=\"index, follow, max-snippet:-1, max-image-preview:large, max-video-preview:-1\" \/>\n<link rel=\"canonical\" href=\"http:\/\/salmosbiblicos.com.br\/index.php\/2026\/03\/28\/alegria-da-fe-um-legado-que-conecta-apostolos-e-crentes\/\" \/>\n<meta property=\"og:locale\" content=\"pt_BR\" \/>\n<meta property=\"og:type\" content=\"article\" \/>\n<meta property=\"og:title\" content=\"Alegria da F\u00e9: Um Legado que Conecta Ap\u00f3stolos e Crentes - Salmos B\u00edblicos\" \/>\n<meta property=\"og:description\" content=\"## A Alegria da F\u00e9: Um Legado que Transcende a Vis\u00e3o Quantas vezes nos perguntamos sobre aqueles que tiveram a rara oportunidade de caminhar ao lado de Jesus? Para eles, a presen\u00e7a f\u00edsica do Mestre, os momentos compartilhados, os ensinamentos ouvidos de perto, certamente intensificaram sua alegria. Ser\u00e1 que a f\u00e9 deles, alimentada por essa [&hellip;]\" \/>\n<meta property=\"og:url\" content=\"http:\/\/salmosbiblicos.com.br\/index.php\/2026\/03\/28\/alegria-da-fe-um-legado-que-conecta-apostolos-e-crentes\/\" \/>\n<meta property=\"og:site_name\" content=\"Salmos B\u00edblicos\" \/>\n<meta property=\"article:published_time\" content=\"2026-03-28T18:00:54+00:00\" \/>\n<meta name=\"author\" content=\"alextreh@gmail.com\" \/>\n<meta name=\"twitter:card\" content=\"summary_large_image\" \/>\n<meta name=\"twitter:label1\" content=\"Escrito por\" \/>\n\t<meta name=\"twitter:data1\" content=\"alextreh@gmail.com\" \/>\n\t<meta name=\"twitter:label2\" content=\"Est. tempo de leitura\" \/>\n\t<meta name=\"twitter:data2\" content=\"3 minutos\" \/>\n<script type=\"application\/ld+json\" class=\"yoast-schema-graph\">{\"@context\":\"https:\/\/schema.org\",\"@graph\":[{\"@type\":\"Article\",\"@id\":\"http:\/\/salmosbiblicos.com.br\/index.php\/2026\/03\/28\/alegria-da-fe-um-legado-que-conecta-apostolos-e-crentes\/#article\",\"isPartOf\":{\"@id\":\"http:\/\/salmosbiblicos.com.br\/index.php\/2026\/03\/28\/alegria-da-fe-um-legado-que-conecta-apostolos-e-crentes\/\"},\"author\":{\"name\":\"alextreh@gmail.com\",\"@id\":\"https:\/\/salmosbiblicos.com.br\/#\/schema\/person\/30586d0fb3f3a46b78a3414fc39cc975\"},\"headline\":\"Alegria da F\u00e9: Um Legado que Conecta Ap\u00f3stolos e Crentes\",\"datePublished\":\"2026-03-28T18:00:54+00:00\",\"mainEntityOfPage\":{\"@id\":\"http:\/\/salmosbiblicos.com.br\/index.php\/2026\/03\/28\/alegria-da-fe-um-legado-que-conecta-apostolos-e-crentes\/\"},\"wordCount\":539,\"articleSection\":[\"Reflex\u00e3o\"],\"inLanguage\":\"pt-BR\"},{\"@type\":\"WebPage\",\"@id\":\"http:\/\/salmosbiblicos.com.br\/index.php\/2026\/03\/28\/alegria-da-fe-um-legado-que-conecta-apostolos-e-crentes\/\",\"url\":\"http:\/\/salmosbiblicos.com.br\/index.php\/2026\/03\/28\/alegria-da-fe-um-legado-que-conecta-apostolos-e-crentes\/\",\"name\":\"Alegria da F\u00e9: Um Legado que Conecta Ap\u00f3stolos e Crentes - Salmos B\u00edblicos\",\"isPartOf\":{\"@id\":\"https:\/\/salmosbiblicos.com.br\/#website\"},\"datePublished\":\"2026-03-28T18:00:54+00:00\",\"author\":{\"@id\":\"https:\/\/salmosbiblicos.com.br\/#\/schema\/person\/30586d0fb3f3a46b78a3414fc39cc975\"},\"breadcrumb\":{\"@id\":\"http:\/\/salmosbiblicos.com.br\/index.php\/2026\/03\/28\/alegria-da-fe-um-legado-que-conecta-apostolos-e-crentes\/#breadcrumb\"},\"inLanguage\":\"pt-BR\",\"potentialAction\":[{\"@type\":\"ReadAction\",\"target\":[\"http:\/\/salmosbiblicos.com.br\/index.php\/2026\/03\/28\/alegria-da-fe-um-legado-que-conecta-apostolos-e-crentes\/\"]}]},{\"@type\":\"BreadcrumbList\",\"@id\":\"http:\/\/salmosbiblicos.com.br\/index.php\/2026\/03\/28\/alegria-da-fe-um-legado-que-conecta-apostolos-e-crentes\/#breadcrumb\",\"itemListElement\":[{\"@type\":\"ListItem\",\"position\":1,\"name\":\"Home\",\"item\":\"https:\/\/salmosbiblicos.com.br\/\"},{\"@type\":\"ListItem\",\"position\":2,\"name\":\"Alegria da F\u00e9: Um Legado que Conecta Ap\u00f3stolos e Crentes\"}]},{\"@type\":\"WebSite\",\"@id\":\"https:\/\/salmosbiblicos.com.br\/#website\",\"url\":\"https:\/\/salmosbiblicos.com.br\/\",\"name\":\"Salmos B\u00edblicos\",\"description\":\"Uma e-Livraria com e-Books novos para voc\u00ea refletir.\",\"potentialAction\":[{\"@type\":\"SearchAction\",\"target\":{\"@type\":\"EntryPoint\",\"urlTemplate\":\"https:\/\/salmosbiblicos.com.br\/?s={search_term_string}\"},\"query-input\":{\"@type\":\"PropertyValueSpecification\",\"valueRequired\":true,\"valueName\":\"search_term_string\"}}],\"inLanguage\":\"pt-BR\"},{\"@type\":\"Person\",\"@id\":\"https:\/\/salmosbiblicos.com.br\/#\/schema\/person\/30586d0fb3f3a46b78a3414fc39cc975\",\"name\":\"alextreh@gmail.com\",\"image\":{\"@type\":\"ImageObject\",\"inLanguage\":\"pt-BR\",\"@id\":\"https:\/\/secure.gravatar.com\/avatar\/7cf84d31f581ec97b887c1039d478a7c293086896c84951a86753fb2c2af7527?s=96&d=mm&r=g\",\"url\":\"https:\/\/secure.gravatar.com\/avatar\/7cf84d31f581ec97b887c1039d478a7c293086896c84951a86753fb2c2af7527?s=96&d=mm&r=g\",\"contentUrl\":\"https:\/\/secure.gravatar.com\/avatar\/7cf84d31f581ec97b887c1039d478a7c293086896c84951a86753fb2c2af7527?s=96&d=mm&r=g\",\"caption\":\"alextreh@gmail.com\"},\"sameAs\":[\"http:\/\/salmosbiblicos.com.br\"],\"url\":\"https:\/\/salmosbiblicos.com.br\/index.php\/author\/alextrehgmail-com\/\"}]}<\/script>\n<!-- \/ Yoast SEO plugin. -->","yoast_head_json":{"title":"Alegria da F\u00e9: Um Legado que Conecta Ap\u00f3stolos e Crentes - Salmos B\u00edblicos","robots":{"index":"index","follow":"follow","max-snippet":"max-snippet:-1","max-image-preview":"max-image-preview:large","max-video-preview":"max-video-preview:-1"},"canonical":"http:\/\/salmosbiblicos.com.br\/index.php\/2026\/03\/28\/alegria-da-fe-um-legado-que-conecta-apostolos-e-crentes\/","og_locale":"pt_BR","og_type":"article","og_title":"Alegria da F\u00e9: Um Legado que Conecta Ap\u00f3stolos e Crentes - Salmos B\u00edblicos","og_description":"## A Alegria da F\u00e9: Um Legado que Transcende a Vis\u00e3o Quantas vezes nos perguntamos sobre aqueles que tiveram a rara oportunidade de caminhar ao lado de Jesus? Para eles, a presen\u00e7a f\u00edsica do Mestre, os momentos compartilhados, os ensinamentos ouvidos de perto, certamente intensificaram sua alegria. Ser\u00e1 que a f\u00e9 deles, alimentada por essa [&hellip;]","og_url":"http:\/\/salmosbiblicos.com.br\/index.php\/2026\/03\/28\/alegria-da-fe-um-legado-que-conecta-apostolos-e-crentes\/","og_site_name":"Salmos B\u00edblicos","article_published_time":"2026-03-28T18:00:54+00:00","author":"alextreh@gmail.com","twitter_card":"summary_large_image","twitter_misc":{"Escrito por":"alextreh@gmail.com","Est. tempo de leitura":"3 minutos"},"schema":{"@context":"https:\/\/schema.org","@graph":[{"@type":"Article","@id":"http:\/\/salmosbiblicos.com.br\/index.php\/2026\/03\/28\/alegria-da-fe-um-legado-que-conecta-apostolos-e-crentes\/#article","isPartOf":{"@id":"http:\/\/salmosbiblicos.com.br\/index.php\/2026\/03\/28\/alegria-da-fe-um-legado-que-conecta-apostolos-e-crentes\/"},"author":{"name":"alextreh@gmail.com","@id":"https:\/\/salmosbiblicos.com.br\/#\/schema\/person\/30586d0fb3f3a46b78a3414fc39cc975"},"headline":"Alegria da F\u00e9: Um Legado que Conecta Ap\u00f3stolos e Crentes","datePublished":"2026-03-28T18:00:54+00:00","mainEntityOfPage":{"@id":"http:\/\/salmosbiblicos.com.br\/index.php\/2026\/03\/28\/alegria-da-fe-um-legado-que-conecta-apostolos-e-crentes\/"},"wordCount":539,"articleSection":["Reflex\u00e3o"],"inLanguage":"pt-BR"},{"@type":"WebPage","@id":"http:\/\/salmosbiblicos.com.br\/index.php\/2026\/03\/28\/alegria-da-fe-um-legado-que-conecta-apostolos-e-crentes\/","url":"http:\/\/salmosbiblicos.com.br\/index.php\/2026\/03\/28\/alegria-da-fe-um-legado-que-conecta-apostolos-e-crentes\/","name":"Alegria da F\u00e9: Um Legado que Conecta Ap\u00f3stolos e Crentes - Salmos B\u00edblicos","isPartOf":{"@id":"https:\/\/salmosbiblicos.com.br\/#website"},"datePublished":"2026-03-28T18:00:54+00:00","author":{"@id":"https:\/\/salmosbiblicos.com.br\/#\/schema\/person\/30586d0fb3f3a46b78a3414fc39cc975"},"breadcrumb":{"@id":"http:\/\/salmosbiblicos.com.br\/index.php\/2026\/03\/28\/alegria-da-fe-um-legado-que-conecta-apostolos-e-crentes\/#breadcrumb"},"inLanguage":"pt-BR","potentialAction":[{"@type":"ReadAction","target":["http:\/\/salmosbiblicos.com.br\/index.php\/2026\/03\/28\/alegria-da-fe-um-legado-que-conecta-apostolos-e-crentes\/"]}]},{"@type":"BreadcrumbList","@id":"http:\/\/salmosbiblicos.com.br\/index.php\/2026\/03\/28\/alegria-da-fe-um-legado-que-conecta-apostolos-e-crentes\/#breadcrumb","itemListElement":[{"@type":"ListItem","position":1,"name":"Home","item":"https:\/\/salmosbiblicos.com.br\/"},{"@type":"ListItem","position":2,"name":"Alegria da F\u00e9: Um Legado que Conecta Ap\u00f3stolos e Crentes"}]},{"@type":"WebSite","@id":"https:\/\/salmosbiblicos.com.br\/#website","url":"https:\/\/salmosbiblicos.com.br\/","name":"Salmos B\u00edblicos","description":"Uma e-Livraria com e-Books novos para voc\u00ea refletir.","potentialAction":[{"@type":"SearchAction","target":{"@type":"EntryPoint","urlTemplate":"https:\/\/salmosbiblicos.com.br\/?s={search_term_string}"},"query-input":{"@type":"PropertyValueSpecification","valueRequired":true,"valueName":"search_term_string"}}],"inLanguage":"pt-BR"},{"@type":"Person","@id":"https:\/\/salmosbiblicos.com.br\/#\/schema\/person\/30586d0fb3f3a46b78a3414fc39cc975","name":"alextreh@gmail.com","image":{"@type":"ImageObject","inLanguage":"pt-BR","@id":"https:\/\/secure.gravatar.com\/avatar\/7cf84d31f581ec97b887c1039d478a7c293086896c84951a86753fb2c2af7527?s=96&d=mm&r=g","url":"https:\/\/secure.gravatar.com\/avatar\/7cf84d31f581ec97b887c1039d478a7c293086896c84951a86753fb2c2af7527?s=96&d=mm&r=g","contentUrl":"https:\/\/secure.gravatar.com\/avatar\/7cf84d31f581ec97b887c1039d478a7c293086896c84951a86753fb2c2af7527?s=96&d=mm&r=g","caption":"alextreh@gmail.com"},"sameAs":["http:\/\/salmosbiblicos.com.br"],"url":"https:\/\/salmosbiblicos.com.br\/index.php\/author\/alextrehgmail-com\/"}]}},"_links":{"self":[{"href":"https:\/\/salmosbiblicos.com.br\/index.php\/wp-json\/wp\/v2\/posts\/5582","targetHints":{"allow":["GET"]}}],"collection":[{"href":"https:\/\/salmosbiblicos.com.br\/index.php\/wp-json\/wp\/v2\/posts"}],"about":[{"href":"https:\/\/salmosbiblicos.com.br\/index.php\/wp-json\/wp\/v2\/types\/post"}],"author":[{"embeddable":true,"href":"https:\/\/salmosbiblicos.com.br\/index.php\/wp-json\/wp\/v2\/users\/1"}],"replies":[{"embeddable":true,"href":"https:\/\/salmosbiblicos.com.br\/index.php\/wp-json\/wp\/v2\/comments?post=5582"}],"version-history":[{"count":1,"href":"https:\/\/salmosbiblicos.com.br\/index.php\/wp-json\/wp\/v2\/posts\/5582\/revisions"}],"predecessor-version":[{"id":5583,"href":"https:\/\/salmosbiblicos.com.br\/index.php\/wp-json\/wp\/v2\/posts\/5582\/revisions\/5583"}],"wp:attachment":[{"href":"https:\/\/salmosbiblicos.com.br\/index.php\/wp-json\/wp\/v2\/media?parent=5582"}],"wp:term":[{"taxonomy":"category","embeddable":true,"href":"https:\/\/salmosbiblicos.com.br\/index.php\/wp-json\/wp\/v2\/categories?post=5582"},{"taxonomy":"post_tag","embeddable":true,"href":"https:\/\/salmosbiblicos.com.br\/index.php\/wp-json\/wp\/v2\/tags?post=5582"}],"curies":[{"name":"wp","href":"https:\/\/api.w.org\/{rel}","templated":true}]}}