{"id":5586,"date":"2026-03-28T15:14:39","date_gmt":"2026-03-28T18:14:39","guid":{"rendered":"https:\/\/salmosbiblicos.com.br\/?p=5586"},"modified":"2026-03-28T15:14:39","modified_gmt":"2026-03-28T18:14:39","slug":"natal-o-misterio-da-encarnacao-e-a-luz-eterna-do-verbo","status":"publish","type":"post","link":"https:\/\/salmosbiblicos.com.br\/index.php\/2026\/03\/28\/natal-o-misterio-da-encarnacao-e-a-luz-eterna-do-verbo\/","title":{"rendered":"Natal: O Mist\u00e9rio da Encarna\u00e7\u00e3o e a Luz Eterna do Verbo"},"content":{"rendered":"<p>## A Profundidade do Natal: Uma Reflex\u00e3o sobre a Palavra que se Fez Carne<\/p>\n<p>O Natal, como o conhecemos, \u00e9 a celebra\u00e7\u00e3o do nascimento de Jesus. Mas, se investigarmos mais a fundo, descobrimos que o verdadeiro significado do Natal transcende a simples data comemorativa. Celebramos o momento da **encarna\u00e7\u00e3o do Verbo**, a manifesta\u00e7\u00e3o de Deus em forma humana. \u00c9 um mist\u00e9rio que convida \u00e0 contempla\u00e7\u00e3o e \u00e0 profunda reflex\u00e3o.<\/p>\n<p>### A Eternidade em Palavra<\/p>\n<p>A Escritura nos revela algo essencial: a exist\u00eancia preexistente de Jesus.  &#8220;No princ\u00edpio era a Palavra, e a Palavra estava com Deus, e a Palavra era Deus.&#8221; Estas palavras iluminam a eternidade do Divino, a ideia de que Ele sempre foi, e que a Palavra, que \u00e9 Jesus, sempre esteve em comunh\u00e3o com Deus, sendo Ele mesmo Deus.<\/p>\n<p>E n\u00e3o apenas isso: &#8220;Por meio dela foram feitas todas as coisas, e sem ela nada foi feito do que tem sido feito.&#8221;  Tudo o que vemos, tudo o que existe, nasceu do Verbo. Do invis\u00edvel, do eterno, emanou a for\u00e7a que moldou a cria\u00e7\u00e3o.<\/p>\n<p>### A Luz que Rompe as Trevas<\/p>\n<p>A Palavra, a Luz, veio ao mundo. E, embora a Luz tenha brilhado, as trevas n\u00e3o a dominaram. Um homem, escolhido por Deus, testemunhou essa Luz, a qual ele n\u00e3o era, mas veio para anunciar. Anunciou a chegada daquele que ilumina a compreens\u00e3o e a vida de cada indiv\u00edduo.<\/p>\n<p>O mundo, criado pelo Verbo, n\u00e3o o reconheceu.  Seus pr\u00f3prios habitantes n\u00e3o o acolheram. Contudo, para aqueles que creram, a promessa se cumpriu: &#8220;a todos que receberam, deu-lhes o poder de se tornarem filhos de Deus.&#8221;<\/p>\n<p>### O Mist\u00e9rio da Encarna\u00e7\u00e3o<\/p>\n<p>O cl\u00edmax do Natal reside na **transforma\u00e7\u00e3o do Verbo em carne**. A Palavra, a ess\u00eancia divina, se tornou humano.  E essa experi\u00eancia nos oferece uma gra\u00e7a imensa: &#8220;a Palavra se fez carne e habitou entre n\u00f3s.&#8221;  N\u00e3o se trata de uma diminui\u00e7\u00e3o da divindade, mas de uma **eleva\u00e7\u00e3o da nossa humanidade**. Deus, o Criador, se humilhava para nos elevar.<\/p>\n<p>Santa Agostinho, com sua sabedoria, nos convida a contemplar este mist\u00e9rio. Ele nos lembra que o Verbo n\u00e3o \u00e9 apenas uma palavra sonora, mas a pr\u00f3pria sabedoria de Deus. \u00c9 Ele, o Verbo, que deu ordem, peso, n\u00famero e medida a todas as coisas.<\/p>\n<p>### Uma Oportunidade de Transforma\u00e7\u00e3o<\/p>\n<p>Aquele que criou todas as coisas, *dignou-se ser feito por n\u00f3s*. E, ao fazer isso, abriu-nos um caminho para a transforma\u00e7\u00e3o. Ele se tornou leite para nos alimentar, verme para compartilhar nossas dores, homem para nos guiar de volta a Deus.<\/p>\n<p>Ele se fez tudo para que, por meio Dele, possamos fazer o bem. Para que possamos refletir a Luz que Ele trouxe ao mundo. Aquele que se fez pequeno, nos convida a uma jornada de amor e servi\u00e7o ao pr\u00f3ximo.<\/p>\n<p>### A Ess\u00eancia do Natal<\/p>\n<p>Que este Natal seja para n\u00f3s um tempo de renova\u00e7\u00e3o e reflex\u00e3o. Um tempo para contemplar o mist\u00e9rio do Verbo que se fez carne e habitou entre n\u00f3s. Que possamos, a cada dia, buscar a sabedoria divina e viver de acordo com a mensagem de amor e esperan\u00e7a que Ele nos trouxe.<\/p>\n<p>Que a mensagem ressoe em nossos cora\u00e7\u00f5es: &#8220;**Aquele que fez todas as coisas, dignou-se ser feito por n\u00f3s**.&#8221;<\/p>\n","protected":false},"excerpt":{"rendered":"<p>## A Profundidade do Natal: Uma Reflex\u00e3o sobre a Palavra que se Fez Carne O Natal, como o conhecemos, \u00e9 a celebra\u00e7\u00e3o do nascimento de Jesus. Mas, se investigarmos mais a fundo, descobrimos que o verdadeiro significado do Natal transcende a simples data comemorativa. Celebramos o momento da **encarna\u00e7\u00e3o do Verbo**, a manifesta\u00e7\u00e3o de Deus [&hellip;]<\/p>\n","protected":false},"author":1,"featured_media":0,"comment_status":"closed","ping_status":"open","sticky":false,"template":"","format":"standard","meta":{"footnotes":""},"categories":[14],"tags":[],"class_list":["post-5586","post","type-post","status-publish","format-standard","hentry","category-reflexao"],"yoast_head":"<!-- This site is optimized with the Yoast SEO plugin v27.2 - https:\/\/yoast.com\/product\/yoast-seo-wordpress\/ -->\n<title>Natal: O Mist\u00e9rio da Encarna\u00e7\u00e3o e a Luz Eterna do Verbo - Salmos B\u00edblicos<\/title>\n<meta name=\"robots\" content=\"index, follow, max-snippet:-1, max-image-preview:large, max-video-preview:-1\" \/>\n<link rel=\"canonical\" href=\"https:\/\/salmosbiblicos.com.br\/index.php\/2026\/03\/28\/natal-o-misterio-da-encarnacao-e-a-luz-eterna-do-verbo\/\" \/>\n<meta property=\"og:locale\" content=\"pt_BR\" \/>\n<meta property=\"og:type\" content=\"article\" \/>\n<meta property=\"og:title\" content=\"Natal: O Mist\u00e9rio da Encarna\u00e7\u00e3o e a Luz Eterna do Verbo - Salmos B\u00edblicos\" \/>\n<meta property=\"og:description\" content=\"## A Profundidade do Natal: Uma Reflex\u00e3o sobre a Palavra que se Fez Carne O Natal, como o conhecemos, \u00e9 a celebra\u00e7\u00e3o do nascimento de Jesus. Mas, se investigarmos mais a fundo, descobrimos que o verdadeiro significado do Natal transcende a simples data comemorativa. Celebramos o momento da **encarna\u00e7\u00e3o do Verbo**, a manifesta\u00e7\u00e3o de Deus [&hellip;]\" \/>\n<meta property=\"og:url\" content=\"https:\/\/salmosbiblicos.com.br\/index.php\/2026\/03\/28\/natal-o-misterio-da-encarnacao-e-a-luz-eterna-do-verbo\/\" \/>\n<meta property=\"og:site_name\" content=\"Salmos B\u00edblicos\" \/>\n<meta property=\"article:published_time\" content=\"2026-03-28T18:14:39+00:00\" \/>\n<meta name=\"author\" content=\"alextreh@gmail.com\" \/>\n<meta name=\"twitter:card\" content=\"summary_large_image\" \/>\n<meta name=\"twitter:label1\" content=\"Escrito por\" \/>\n\t<meta name=\"twitter:data1\" content=\"alextreh@gmail.com\" \/>\n\t<meta name=\"twitter:label2\" content=\"Est. tempo de leitura\" \/>\n\t<meta name=\"twitter:data2\" content=\"3 minutos\" \/>\n<script type=\"application\/ld+json\" class=\"yoast-schema-graph\">{\"@context\":\"https:\/\/schema.org\",\"@graph\":[{\"@type\":\"Article\",\"@id\":\"https:\/\/salmosbiblicos.com.br\/index.php\/2026\/03\/28\/natal-o-misterio-da-encarnacao-e-a-luz-eterna-do-verbo\/#article\",\"isPartOf\":{\"@id\":\"https:\/\/salmosbiblicos.com.br\/index.php\/2026\/03\/28\/natal-o-misterio-da-encarnacao-e-a-luz-eterna-do-verbo\/\"},\"author\":{\"name\":\"alextreh@gmail.com\",\"@id\":\"https:\/\/salmosbiblicos.com.br\/#\/schema\/person\/30586d0fb3f3a46b78a3414fc39cc975\"},\"headline\":\"Natal: O Mist\u00e9rio da Encarna\u00e7\u00e3o e a Luz Eterna do Verbo\",\"datePublished\":\"2026-03-28T18:14:39+00:00\",\"mainEntityOfPage\":{\"@id\":\"https:\/\/salmosbiblicos.com.br\/index.php\/2026\/03\/28\/natal-o-misterio-da-encarnacao-e-a-luz-eterna-do-verbo\/\"},\"wordCount\":588,\"articleSection\":[\"Reflex\u00e3o\"],\"inLanguage\":\"pt-BR\"},{\"@type\":\"WebPage\",\"@id\":\"https:\/\/salmosbiblicos.com.br\/index.php\/2026\/03\/28\/natal-o-misterio-da-encarnacao-e-a-luz-eterna-do-verbo\/\",\"url\":\"https:\/\/salmosbiblicos.com.br\/index.php\/2026\/03\/28\/natal-o-misterio-da-encarnacao-e-a-luz-eterna-do-verbo\/\",\"name\":\"Natal: O Mist\u00e9rio da Encarna\u00e7\u00e3o e a Luz Eterna do Verbo - Salmos B\u00edblicos\",\"isPartOf\":{\"@id\":\"https:\/\/salmosbiblicos.com.br\/#website\"},\"datePublished\":\"2026-03-28T18:14:39+00:00\",\"author\":{\"@id\":\"https:\/\/salmosbiblicos.com.br\/#\/schema\/person\/30586d0fb3f3a46b78a3414fc39cc975\"},\"breadcrumb\":{\"@id\":\"https:\/\/salmosbiblicos.com.br\/index.php\/2026\/03\/28\/natal-o-misterio-da-encarnacao-e-a-luz-eterna-do-verbo\/#breadcrumb\"},\"inLanguage\":\"pt-BR\",\"potentialAction\":[{\"@type\":\"ReadAction\",\"target\":[\"https:\/\/salmosbiblicos.com.br\/index.php\/2026\/03\/28\/natal-o-misterio-da-encarnacao-e-a-luz-eterna-do-verbo\/\"]}]},{\"@type\":\"BreadcrumbList\",\"@id\":\"https:\/\/salmosbiblicos.com.br\/index.php\/2026\/03\/28\/natal-o-misterio-da-encarnacao-e-a-luz-eterna-do-verbo\/#breadcrumb\",\"itemListElement\":[{\"@type\":\"ListItem\",\"position\":1,\"name\":\"Home\",\"item\":\"https:\/\/salmosbiblicos.com.br\/\"},{\"@type\":\"ListItem\",\"position\":2,\"name\":\"Natal: O Mist\u00e9rio da Encarna\u00e7\u00e3o e a Luz Eterna do Verbo\"}]},{\"@type\":\"WebSite\",\"@id\":\"https:\/\/salmosbiblicos.com.br\/#website\",\"url\":\"https:\/\/salmosbiblicos.com.br\/\",\"name\":\"Salmos B\u00edblicos\",\"description\":\"Uma e-Livraria com e-Books novos para voc\u00ea refletir.\",\"potentialAction\":[{\"@type\":\"SearchAction\",\"target\":{\"@type\":\"EntryPoint\",\"urlTemplate\":\"https:\/\/salmosbiblicos.com.br\/?s={search_term_string}\"},\"query-input\":{\"@type\":\"PropertyValueSpecification\",\"valueRequired\":true,\"valueName\":\"search_term_string\"}}],\"inLanguage\":\"pt-BR\"},{\"@type\":\"Person\",\"@id\":\"https:\/\/salmosbiblicos.com.br\/#\/schema\/person\/30586d0fb3f3a46b78a3414fc39cc975\",\"name\":\"alextreh@gmail.com\",\"image\":{\"@type\":\"ImageObject\",\"inLanguage\":\"pt-BR\",\"@id\":\"https:\/\/secure.gravatar.com\/avatar\/7cf84d31f581ec97b887c1039d478a7c293086896c84951a86753fb2c2af7527?s=96&d=mm&r=g\",\"url\":\"https:\/\/secure.gravatar.com\/avatar\/7cf84d31f581ec97b887c1039d478a7c293086896c84951a86753fb2c2af7527?s=96&d=mm&r=g\",\"contentUrl\":\"https:\/\/secure.gravatar.com\/avatar\/7cf84d31f581ec97b887c1039d478a7c293086896c84951a86753fb2c2af7527?s=96&d=mm&r=g\",\"caption\":\"alextreh@gmail.com\"},\"sameAs\":[\"http:\/\/salmosbiblicos.com.br\"],\"url\":\"https:\/\/salmosbiblicos.com.br\/index.php\/author\/alextrehgmail-com\/\"}]}<\/script>\n<!-- \/ Yoast SEO plugin. -->","yoast_head_json":{"title":"Natal: O Mist\u00e9rio da Encarna\u00e7\u00e3o e a Luz Eterna do Verbo - Salmos B\u00edblicos","robots":{"index":"index","follow":"follow","max-snippet":"max-snippet:-1","max-image-preview":"max-image-preview:large","max-video-preview":"max-video-preview:-1"},"canonical":"https:\/\/salmosbiblicos.com.br\/index.php\/2026\/03\/28\/natal-o-misterio-da-encarnacao-e-a-luz-eterna-do-verbo\/","og_locale":"pt_BR","og_type":"article","og_title":"Natal: O Mist\u00e9rio da Encarna\u00e7\u00e3o e a Luz Eterna do Verbo - Salmos B\u00edblicos","og_description":"## A Profundidade do Natal: Uma Reflex\u00e3o sobre a Palavra que se Fez Carne O Natal, como o conhecemos, \u00e9 a celebra\u00e7\u00e3o do nascimento de Jesus. Mas, se investigarmos mais a fundo, descobrimos que o verdadeiro significado do Natal transcende a simples data comemorativa. Celebramos o momento da **encarna\u00e7\u00e3o do Verbo**, a manifesta\u00e7\u00e3o de Deus [&hellip;]","og_url":"https:\/\/salmosbiblicos.com.br\/index.php\/2026\/03\/28\/natal-o-misterio-da-encarnacao-e-a-luz-eterna-do-verbo\/","og_site_name":"Salmos B\u00edblicos","article_published_time":"2026-03-28T18:14:39+00:00","author":"alextreh@gmail.com","twitter_card":"summary_large_image","twitter_misc":{"Escrito por":"alextreh@gmail.com","Est. tempo de leitura":"3 minutos"},"schema":{"@context":"https:\/\/schema.org","@graph":[{"@type":"Article","@id":"https:\/\/salmosbiblicos.com.br\/index.php\/2026\/03\/28\/natal-o-misterio-da-encarnacao-e-a-luz-eterna-do-verbo\/#article","isPartOf":{"@id":"https:\/\/salmosbiblicos.com.br\/index.php\/2026\/03\/28\/natal-o-misterio-da-encarnacao-e-a-luz-eterna-do-verbo\/"},"author":{"name":"alextreh@gmail.com","@id":"https:\/\/salmosbiblicos.com.br\/#\/schema\/person\/30586d0fb3f3a46b78a3414fc39cc975"},"headline":"Natal: O Mist\u00e9rio da Encarna\u00e7\u00e3o e a Luz Eterna do Verbo","datePublished":"2026-03-28T18:14:39+00:00","mainEntityOfPage":{"@id":"https:\/\/salmosbiblicos.com.br\/index.php\/2026\/03\/28\/natal-o-misterio-da-encarnacao-e-a-luz-eterna-do-verbo\/"},"wordCount":588,"articleSection":["Reflex\u00e3o"],"inLanguage":"pt-BR"},{"@type":"WebPage","@id":"https:\/\/salmosbiblicos.com.br\/index.php\/2026\/03\/28\/natal-o-misterio-da-encarnacao-e-a-luz-eterna-do-verbo\/","url":"https:\/\/salmosbiblicos.com.br\/index.php\/2026\/03\/28\/natal-o-misterio-da-encarnacao-e-a-luz-eterna-do-verbo\/","name":"Natal: O Mist\u00e9rio da Encarna\u00e7\u00e3o e a Luz Eterna do Verbo - Salmos B\u00edblicos","isPartOf":{"@id":"https:\/\/salmosbiblicos.com.br\/#website"},"datePublished":"2026-03-28T18:14:39+00:00","author":{"@id":"https:\/\/salmosbiblicos.com.br\/#\/schema\/person\/30586d0fb3f3a46b78a3414fc39cc975"},"breadcrumb":{"@id":"https:\/\/salmosbiblicos.com.br\/index.php\/2026\/03\/28\/natal-o-misterio-da-encarnacao-e-a-luz-eterna-do-verbo\/#breadcrumb"},"inLanguage":"pt-BR","potentialAction":[{"@type":"ReadAction","target":["https:\/\/salmosbiblicos.com.br\/index.php\/2026\/03\/28\/natal-o-misterio-da-encarnacao-e-a-luz-eterna-do-verbo\/"]}]},{"@type":"BreadcrumbList","@id":"https:\/\/salmosbiblicos.com.br\/index.php\/2026\/03\/28\/natal-o-misterio-da-encarnacao-e-a-luz-eterna-do-verbo\/#breadcrumb","itemListElement":[{"@type":"ListItem","position":1,"name":"Home","item":"https:\/\/salmosbiblicos.com.br\/"},{"@type":"ListItem","position":2,"name":"Natal: O Mist\u00e9rio da Encarna\u00e7\u00e3o e a Luz Eterna do Verbo"}]},{"@type":"WebSite","@id":"https:\/\/salmosbiblicos.com.br\/#website","url":"https:\/\/salmosbiblicos.com.br\/","name":"Salmos B\u00edblicos","description":"Uma e-Livraria com e-Books novos para voc\u00ea refletir.","potentialAction":[{"@type":"SearchAction","target":{"@type":"EntryPoint","urlTemplate":"https:\/\/salmosbiblicos.com.br\/?s={search_term_string}"},"query-input":{"@type":"PropertyValueSpecification","valueRequired":true,"valueName":"search_term_string"}}],"inLanguage":"pt-BR"},{"@type":"Person","@id":"https:\/\/salmosbiblicos.com.br\/#\/schema\/person\/30586d0fb3f3a46b78a3414fc39cc975","name":"alextreh@gmail.com","image":{"@type":"ImageObject","inLanguage":"pt-BR","@id":"https:\/\/secure.gravatar.com\/avatar\/7cf84d31f581ec97b887c1039d478a7c293086896c84951a86753fb2c2af7527?s=96&d=mm&r=g","url":"https:\/\/secure.gravatar.com\/avatar\/7cf84d31f581ec97b887c1039d478a7c293086896c84951a86753fb2c2af7527?s=96&d=mm&r=g","contentUrl":"https:\/\/secure.gravatar.com\/avatar\/7cf84d31f581ec97b887c1039d478a7c293086896c84951a86753fb2c2af7527?s=96&d=mm&r=g","caption":"alextreh@gmail.com"},"sameAs":["http:\/\/salmosbiblicos.com.br"],"url":"https:\/\/salmosbiblicos.com.br\/index.php\/author\/alextrehgmail-com\/"}]}},"_links":{"self":[{"href":"https:\/\/salmosbiblicos.com.br\/index.php\/wp-json\/wp\/v2\/posts\/5586","targetHints":{"allow":["GET"]}}],"collection":[{"href":"https:\/\/salmosbiblicos.com.br\/index.php\/wp-json\/wp\/v2\/posts"}],"about":[{"href":"https:\/\/salmosbiblicos.com.br\/index.php\/wp-json\/wp\/v2\/types\/post"}],"author":[{"embeddable":true,"href":"https:\/\/salmosbiblicos.com.br\/index.php\/wp-json\/wp\/v2\/users\/1"}],"replies":[{"embeddable":true,"href":"https:\/\/salmosbiblicos.com.br\/index.php\/wp-json\/wp\/v2\/comments?post=5586"}],"version-history":[{"count":1,"href":"https:\/\/salmosbiblicos.com.br\/index.php\/wp-json\/wp\/v2\/posts\/5586\/revisions"}],"predecessor-version":[{"id":5587,"href":"https:\/\/salmosbiblicos.com.br\/index.php\/wp-json\/wp\/v2\/posts\/5586\/revisions\/5587"}],"wp:attachment":[{"href":"https:\/\/salmosbiblicos.com.br\/index.php\/wp-json\/wp\/v2\/media?parent=5586"}],"wp:term":[{"taxonomy":"category","embeddable":true,"href":"https:\/\/salmosbiblicos.com.br\/index.php\/wp-json\/wp\/v2\/categories?post=5586"},{"taxonomy":"post_tag","embeddable":true,"href":"https:\/\/salmosbiblicos.com.br\/index.php\/wp-json\/wp\/v2\/tags?post=5586"}],"curies":[{"name":"wp","href":"https:\/\/api.w.org\/{rel}","templated":true}]}}