{"id":5590,"date":"2026-03-28T15:28:18","date_gmt":"2026-03-28T18:28:18","guid":{"rendered":"https:\/\/salmosbiblicos.com.br\/?p=5590"},"modified":"2026-03-28T15:28:18","modified_gmt":"2026-03-28T18:28:18","slug":"joao-batista-e-jesus-paralelos-entre-luz-e-proposito","status":"publish","type":"post","link":"https:\/\/salmosbiblicos.com.br\/index.php\/2026\/03\/28\/joao-batista-e-jesus-paralelos-entre-luz-e-proposito\/","title":{"rendered":"Jo\u00e3o Batista e Jesus: Paralelos entre Luz e Prop\u00f3sito"},"content":{"rendered":"<p>## A Luz e o Sol: Contemplando os Paralelos entre Jo\u00e3o e Jesus<\/p>\n<p>A vida humana, em sua jornada, muitas vezes nos coloca diante de figuras que iluminam o caminho, que nos inspiram a buscar o que \u00e9 puro e verdadeiro. E, em nossa f\u00e9, encontramos exemplos not\u00e1veis, como os de Jo\u00e3o Batista e Jesus Cristo, cujas vidas, embora distintas, se entrela\u00e7am em uma dan\u00e7a de prop\u00f3sito e revela\u00e7\u00e3o.<\/p>\n<p>### O Chamado e o Nome<\/p>\n<p>A narrativa de Lucas nos apresenta a Isabel, no leito senil, aben\u00e7oada com a d\u00e1diva de um filho. Um nascimento t\u00e3o inesperado, uma gra\u00e7a t\u00e3o grande, que a alegria transbordava entre seus vizinhos e familiares. Ao quererem nome\u00e1-lo conforme a tradi\u00e7\u00e3o, Zacarias, o pai, recebeu a firme convic\u00e7\u00e3o divina: &#8220;Jo\u00e3o ser\u00e1 o seu nome.&#8221; Um nome que ressoaria com significado, um pren\u00fancio do papel que aquele menino desempenharia na hist\u00f3ria da salva\u00e7\u00e3o.<\/p>\n<p>### O Profeta e o Senhor<\/p>\n<p>Santa Gort\u00e9sia, com sua sabedoria, nos ensina que Jo\u00e3o Batista \u00e9 a \u00faltima voz prof\u00e9tica do Antigo Testamento, o elo que nos conecta ao Novo. Nasceu da esterilidade de Isabel, sinal da interven\u00e7\u00e3o divina, e foi consagrado ao Esp\u00edrito Santo desde o ventre materno.  J\u00e1 Maria, a jovem e humilde, deu \u00e0 luz o pr\u00f3prio Senhor dos Anjos.<\/p>\n<p>A filha de Aar\u00e3o trouxe \u00e0 luz a voz que clamava no deserto, preparando o caminho para a mudan\u00e7a. Maria, a filha de Davi, dera luz ao Sol da Justi\u00e7a, dissipando as trevas da desordem e do pecado. Aquele que batizava com \u00e1gua anunciava a quem batizaria com fogo e com o Esp\u00edrito Santo.<\/p>\n<p>### O Batismo e a Expia\u00e7\u00e3o<\/p>\n<p>Jo\u00e3o Batista, com seu minist\u00e9rio de batismo, convidava ao arrependimento, ao perd\u00e3o dos pecados. Um chamado \u00e0 convers\u00e3o, \u00e0 renova\u00e7\u00e3o interior. Mas Jesus Cristo, que Maria nos deu \u00e0 luz, veio para remover o pecado, para nos reconciliar com Deus de forma definitiva. Ele \u00e9 o purificador, o que limpa as terras de toda impureza.<\/p>\n<p>Jo\u00e3o, que anunciava a chegada do Messias, insistia em sua humildade: \u201cEle deve crescer e eu diminuir.\u201d Ele compreendia sua miss\u00e3o, que era servir como ponte, preparando o terreno para a vinda do Rei. <\/p>\n<p>### A Luz que Proclama o Sol<\/p>\n<p>Jo\u00e3o Batista, cheio do Esp\u00edrito Santo, proclamava sobre aquele que, por sua vez, daria o Esp\u00edrito para todos aqueles que creem. Jesus n\u00e3o apenas \u00e9 cheio do Esp\u00edrito Santo, mas \u00e9 a fonte daquele Esp\u00edrito, oferecendo-o a quem se entrega a Ele.<\/p>\n<p>Assim como o sacerdote anuncia com a trombeta aquele que vir\u00e1 com a resson\u00e2ncia divina, Jo\u00e3o proclama o Verbo. Aquele que viu a pomba, s\u00edmbolo da gra\u00e7a divina, anuncia aquele sobre quem a pomba repousou, confirmando sua identidade e miss\u00e3o.<\/p>\n<p>### A Humildade do Servidor<\/p>\n<p>Jo\u00e3o Batista, ao perceber a grandiosidade de Jesus, exclama: &#8220;Eu n\u00e3o sou o Messias.&#8221;  Em suas palavras, reconhecemos a humildade do verdadeiro servidor, aquele que se entrega para que o outro cres\u00e7a e brilhe. Ele sabe que seu papel \u00e9 anunciar o Rei, n\u00e3o ser o pr\u00f3prio Rei.<\/p>\n<p>Que possamos, em nossas vidas, como Jo\u00e3o Batista, reconhecer a grandeza de nosso Senhor Jesus Cristo. Que possamos exalt\u00e1-lo e proclam\u00e1-lo como nosso Deus, o eterno Sol da Justi\u00e7a que ilumina o caminho para a salva\u00e7\u00e3o.<\/p>\n<p>**Que o Teu Deus seja Jesus Cristo.**<\/p>\n","protected":false},"excerpt":{"rendered":"<p>## A Luz e o Sol: Contemplando os Paralelos entre Jo\u00e3o e Jesus A vida humana, em sua jornada, muitas vezes nos coloca diante de figuras que iluminam o caminho, que nos inspiram a buscar o que \u00e9 puro e verdadeiro. E, em nossa f\u00e9, encontramos exemplos not\u00e1veis, como os de Jo\u00e3o Batista e Jesus [&hellip;]<\/p>\n","protected":false},"author":1,"featured_media":0,"comment_status":"closed","ping_status":"open","sticky":false,"template":"","format":"standard","meta":{"footnotes":""},"categories":[14],"tags":[],"class_list":["post-5590","post","type-post","status-publish","format-standard","hentry","category-reflexao"],"yoast_head":"<!-- This site is optimized with the Yoast SEO plugin v27.2 - https:\/\/yoast.com\/product\/yoast-seo-wordpress\/ -->\n<title>Jo\u00e3o Batista e Jesus: Paralelos entre Luz e Prop\u00f3sito - Salmos B\u00edblicos<\/title>\n<meta name=\"robots\" content=\"index, follow, max-snippet:-1, max-image-preview:large, max-video-preview:-1\" \/>\n<link rel=\"canonical\" href=\"https:\/\/salmosbiblicos.com.br\/index.php\/2026\/03\/28\/joao-batista-e-jesus-paralelos-entre-luz-e-proposito\/\" \/>\n<meta property=\"og:locale\" content=\"pt_BR\" \/>\n<meta property=\"og:type\" content=\"article\" \/>\n<meta property=\"og:title\" content=\"Jo\u00e3o Batista e Jesus: Paralelos entre Luz e Prop\u00f3sito - Salmos B\u00edblicos\" \/>\n<meta property=\"og:description\" content=\"## A Luz e o Sol: Contemplando os Paralelos entre Jo\u00e3o e Jesus A vida humana, em sua jornada, muitas vezes nos coloca diante de figuras que iluminam o caminho, que nos inspiram a buscar o que \u00e9 puro e verdadeiro. E, em nossa f\u00e9, encontramos exemplos not\u00e1veis, como os de Jo\u00e3o Batista e Jesus [&hellip;]\" \/>\n<meta property=\"og:url\" content=\"https:\/\/salmosbiblicos.com.br\/index.php\/2026\/03\/28\/joao-batista-e-jesus-paralelos-entre-luz-e-proposito\/\" \/>\n<meta property=\"og:site_name\" content=\"Salmos B\u00edblicos\" \/>\n<meta property=\"article:published_time\" content=\"2026-03-28T18:28:18+00:00\" \/>\n<meta name=\"author\" content=\"alextreh@gmail.com\" \/>\n<meta name=\"twitter:card\" content=\"summary_large_image\" \/>\n<meta name=\"twitter:label1\" content=\"Escrito por\" \/>\n\t<meta name=\"twitter:data1\" content=\"alextreh@gmail.com\" \/>\n\t<meta name=\"twitter:label2\" content=\"Est. tempo de leitura\" \/>\n\t<meta name=\"twitter:data2\" content=\"3 minutos\" \/>\n<script type=\"application\/ld+json\" class=\"yoast-schema-graph\">{\"@context\":\"https:\/\/schema.org\",\"@graph\":[{\"@type\":\"Article\",\"@id\":\"https:\/\/salmosbiblicos.com.br\/index.php\/2026\/03\/28\/joao-batista-e-jesus-paralelos-entre-luz-e-proposito\/#article\",\"isPartOf\":{\"@id\":\"https:\/\/salmosbiblicos.com.br\/index.php\/2026\/03\/28\/joao-batista-e-jesus-paralelos-entre-luz-e-proposito\/\"},\"author\":{\"name\":\"alextreh@gmail.com\",\"@id\":\"https:\/\/salmosbiblicos.com.br\/#\/schema\/person\/30586d0fb3f3a46b78a3414fc39cc975\"},\"headline\":\"Jo\u00e3o Batista e Jesus: Paralelos entre Luz e Prop\u00f3sito\",\"datePublished\":\"2026-03-28T18:28:18+00:00\",\"mainEntityOfPage\":{\"@id\":\"https:\/\/salmosbiblicos.com.br\/index.php\/2026\/03\/28\/joao-batista-e-jesus-paralelos-entre-luz-e-proposito\/\"},\"wordCount\":597,\"articleSection\":[\"Reflex\u00e3o\"],\"inLanguage\":\"pt-BR\"},{\"@type\":\"WebPage\",\"@id\":\"https:\/\/salmosbiblicos.com.br\/index.php\/2026\/03\/28\/joao-batista-e-jesus-paralelos-entre-luz-e-proposito\/\",\"url\":\"https:\/\/salmosbiblicos.com.br\/index.php\/2026\/03\/28\/joao-batista-e-jesus-paralelos-entre-luz-e-proposito\/\",\"name\":\"Jo\u00e3o Batista e Jesus: Paralelos entre Luz e Prop\u00f3sito - Salmos B\u00edblicos\",\"isPartOf\":{\"@id\":\"https:\/\/salmosbiblicos.com.br\/#website\"},\"datePublished\":\"2026-03-28T18:28:18+00:00\",\"author\":{\"@id\":\"https:\/\/salmosbiblicos.com.br\/#\/schema\/person\/30586d0fb3f3a46b78a3414fc39cc975\"},\"breadcrumb\":{\"@id\":\"https:\/\/salmosbiblicos.com.br\/index.php\/2026\/03\/28\/joao-batista-e-jesus-paralelos-entre-luz-e-proposito\/#breadcrumb\"},\"inLanguage\":\"pt-BR\",\"potentialAction\":[{\"@type\":\"ReadAction\",\"target\":[\"https:\/\/salmosbiblicos.com.br\/index.php\/2026\/03\/28\/joao-batista-e-jesus-paralelos-entre-luz-e-proposito\/\"]}]},{\"@type\":\"BreadcrumbList\",\"@id\":\"https:\/\/salmosbiblicos.com.br\/index.php\/2026\/03\/28\/joao-batista-e-jesus-paralelos-entre-luz-e-proposito\/#breadcrumb\",\"itemListElement\":[{\"@type\":\"ListItem\",\"position\":1,\"name\":\"Home\",\"item\":\"https:\/\/salmosbiblicos.com.br\/\"},{\"@type\":\"ListItem\",\"position\":2,\"name\":\"Jo\u00e3o Batista e Jesus: Paralelos entre Luz e Prop\u00f3sito\"}]},{\"@type\":\"WebSite\",\"@id\":\"https:\/\/salmosbiblicos.com.br\/#website\",\"url\":\"https:\/\/salmosbiblicos.com.br\/\",\"name\":\"Salmos B\u00edblicos\",\"description\":\"Uma e-Livraria com e-Books novos para voc\u00ea refletir.\",\"potentialAction\":[{\"@type\":\"SearchAction\",\"target\":{\"@type\":\"EntryPoint\",\"urlTemplate\":\"https:\/\/salmosbiblicos.com.br\/?s={search_term_string}\"},\"query-input\":{\"@type\":\"PropertyValueSpecification\",\"valueRequired\":true,\"valueName\":\"search_term_string\"}}],\"inLanguage\":\"pt-BR\"},{\"@type\":\"Person\",\"@id\":\"https:\/\/salmosbiblicos.com.br\/#\/schema\/person\/30586d0fb3f3a46b78a3414fc39cc975\",\"name\":\"alextreh@gmail.com\",\"image\":{\"@type\":\"ImageObject\",\"inLanguage\":\"pt-BR\",\"@id\":\"https:\/\/secure.gravatar.com\/avatar\/7cf84d31f581ec97b887c1039d478a7c293086896c84951a86753fb2c2af7527?s=96&d=mm&r=g\",\"url\":\"https:\/\/secure.gravatar.com\/avatar\/7cf84d31f581ec97b887c1039d478a7c293086896c84951a86753fb2c2af7527?s=96&d=mm&r=g\",\"contentUrl\":\"https:\/\/secure.gravatar.com\/avatar\/7cf84d31f581ec97b887c1039d478a7c293086896c84951a86753fb2c2af7527?s=96&d=mm&r=g\",\"caption\":\"alextreh@gmail.com\"},\"sameAs\":[\"http:\/\/salmosbiblicos.com.br\"],\"url\":\"https:\/\/salmosbiblicos.com.br\/index.php\/author\/alextrehgmail-com\/\"}]}<\/script>\n<!-- \/ Yoast SEO plugin. -->","yoast_head_json":{"title":"Jo\u00e3o Batista e Jesus: Paralelos entre Luz e Prop\u00f3sito - Salmos B\u00edblicos","robots":{"index":"index","follow":"follow","max-snippet":"max-snippet:-1","max-image-preview":"max-image-preview:large","max-video-preview":"max-video-preview:-1"},"canonical":"https:\/\/salmosbiblicos.com.br\/index.php\/2026\/03\/28\/joao-batista-e-jesus-paralelos-entre-luz-e-proposito\/","og_locale":"pt_BR","og_type":"article","og_title":"Jo\u00e3o Batista e Jesus: Paralelos entre Luz e Prop\u00f3sito - Salmos B\u00edblicos","og_description":"## A Luz e o Sol: Contemplando os Paralelos entre Jo\u00e3o e Jesus A vida humana, em sua jornada, muitas vezes nos coloca diante de figuras que iluminam o caminho, que nos inspiram a buscar o que \u00e9 puro e verdadeiro. E, em nossa f\u00e9, encontramos exemplos not\u00e1veis, como os de Jo\u00e3o Batista e Jesus [&hellip;]","og_url":"https:\/\/salmosbiblicos.com.br\/index.php\/2026\/03\/28\/joao-batista-e-jesus-paralelos-entre-luz-e-proposito\/","og_site_name":"Salmos B\u00edblicos","article_published_time":"2026-03-28T18:28:18+00:00","author":"alextreh@gmail.com","twitter_card":"summary_large_image","twitter_misc":{"Escrito por":"alextreh@gmail.com","Est. tempo de leitura":"3 minutos"},"schema":{"@context":"https:\/\/schema.org","@graph":[{"@type":"Article","@id":"https:\/\/salmosbiblicos.com.br\/index.php\/2026\/03\/28\/joao-batista-e-jesus-paralelos-entre-luz-e-proposito\/#article","isPartOf":{"@id":"https:\/\/salmosbiblicos.com.br\/index.php\/2026\/03\/28\/joao-batista-e-jesus-paralelos-entre-luz-e-proposito\/"},"author":{"name":"alextreh@gmail.com","@id":"https:\/\/salmosbiblicos.com.br\/#\/schema\/person\/30586d0fb3f3a46b78a3414fc39cc975"},"headline":"Jo\u00e3o Batista e Jesus: Paralelos entre Luz e Prop\u00f3sito","datePublished":"2026-03-28T18:28:18+00:00","mainEntityOfPage":{"@id":"https:\/\/salmosbiblicos.com.br\/index.php\/2026\/03\/28\/joao-batista-e-jesus-paralelos-entre-luz-e-proposito\/"},"wordCount":597,"articleSection":["Reflex\u00e3o"],"inLanguage":"pt-BR"},{"@type":"WebPage","@id":"https:\/\/salmosbiblicos.com.br\/index.php\/2026\/03\/28\/joao-batista-e-jesus-paralelos-entre-luz-e-proposito\/","url":"https:\/\/salmosbiblicos.com.br\/index.php\/2026\/03\/28\/joao-batista-e-jesus-paralelos-entre-luz-e-proposito\/","name":"Jo\u00e3o Batista e Jesus: Paralelos entre Luz e Prop\u00f3sito - Salmos B\u00edblicos","isPartOf":{"@id":"https:\/\/salmosbiblicos.com.br\/#website"},"datePublished":"2026-03-28T18:28:18+00:00","author":{"@id":"https:\/\/salmosbiblicos.com.br\/#\/schema\/person\/30586d0fb3f3a46b78a3414fc39cc975"},"breadcrumb":{"@id":"https:\/\/salmosbiblicos.com.br\/index.php\/2026\/03\/28\/joao-batista-e-jesus-paralelos-entre-luz-e-proposito\/#breadcrumb"},"inLanguage":"pt-BR","potentialAction":[{"@type":"ReadAction","target":["https:\/\/salmosbiblicos.com.br\/index.php\/2026\/03\/28\/joao-batista-e-jesus-paralelos-entre-luz-e-proposito\/"]}]},{"@type":"BreadcrumbList","@id":"https:\/\/salmosbiblicos.com.br\/index.php\/2026\/03\/28\/joao-batista-e-jesus-paralelos-entre-luz-e-proposito\/#breadcrumb","itemListElement":[{"@type":"ListItem","position":1,"name":"Home","item":"https:\/\/salmosbiblicos.com.br\/"},{"@type":"ListItem","position":2,"name":"Jo\u00e3o Batista e Jesus: Paralelos entre Luz e Prop\u00f3sito"}]},{"@type":"WebSite","@id":"https:\/\/salmosbiblicos.com.br\/#website","url":"https:\/\/salmosbiblicos.com.br\/","name":"Salmos B\u00edblicos","description":"Uma e-Livraria com e-Books novos para voc\u00ea refletir.","potentialAction":[{"@type":"SearchAction","target":{"@type":"EntryPoint","urlTemplate":"https:\/\/salmosbiblicos.com.br\/?s={search_term_string}"},"query-input":{"@type":"PropertyValueSpecification","valueRequired":true,"valueName":"search_term_string"}}],"inLanguage":"pt-BR"},{"@type":"Person","@id":"https:\/\/salmosbiblicos.com.br\/#\/schema\/person\/30586d0fb3f3a46b78a3414fc39cc975","name":"alextreh@gmail.com","image":{"@type":"ImageObject","inLanguage":"pt-BR","@id":"https:\/\/secure.gravatar.com\/avatar\/7cf84d31f581ec97b887c1039d478a7c293086896c84951a86753fb2c2af7527?s=96&d=mm&r=g","url":"https:\/\/secure.gravatar.com\/avatar\/7cf84d31f581ec97b887c1039d478a7c293086896c84951a86753fb2c2af7527?s=96&d=mm&r=g","contentUrl":"https:\/\/secure.gravatar.com\/avatar\/7cf84d31f581ec97b887c1039d478a7c293086896c84951a86753fb2c2af7527?s=96&d=mm&r=g","caption":"alextreh@gmail.com"},"sameAs":["http:\/\/salmosbiblicos.com.br"],"url":"https:\/\/salmosbiblicos.com.br\/index.php\/author\/alextrehgmail-com\/"}]}},"_links":{"self":[{"href":"https:\/\/salmosbiblicos.com.br\/index.php\/wp-json\/wp\/v2\/posts\/5590","targetHints":{"allow":["GET"]}}],"collection":[{"href":"https:\/\/salmosbiblicos.com.br\/index.php\/wp-json\/wp\/v2\/posts"}],"about":[{"href":"https:\/\/salmosbiblicos.com.br\/index.php\/wp-json\/wp\/v2\/types\/post"}],"author":[{"embeddable":true,"href":"https:\/\/salmosbiblicos.com.br\/index.php\/wp-json\/wp\/v2\/users\/1"}],"replies":[{"embeddable":true,"href":"https:\/\/salmosbiblicos.com.br\/index.php\/wp-json\/wp\/v2\/comments?post=5590"}],"version-history":[{"count":1,"href":"https:\/\/salmosbiblicos.com.br\/index.php\/wp-json\/wp\/v2\/posts\/5590\/revisions"}],"predecessor-version":[{"id":5591,"href":"https:\/\/salmosbiblicos.com.br\/index.php\/wp-json\/wp\/v2\/posts\/5590\/revisions\/5591"}],"wp:attachment":[{"href":"https:\/\/salmosbiblicos.com.br\/index.php\/wp-json\/wp\/v2\/media?parent=5590"}],"wp:term":[{"taxonomy":"category","embeddable":true,"href":"https:\/\/salmosbiblicos.com.br\/index.php\/wp-json\/wp\/v2\/categories?post=5590"},{"taxonomy":"post_tag","embeddable":true,"href":"https:\/\/salmosbiblicos.com.br\/index.php\/wp-json\/wp\/v2\/tags?post=5590"}],"curies":[{"name":"wp","href":"https:\/\/api.w.org\/{rel}","templated":true}]}}