{"id":5604,"date":"2026-03-28T16:16:24","date_gmt":"2026-03-28T19:16:24","guid":{"rendered":"https:\/\/salmosbiblicos.com.br\/?p=5604"},"modified":"2026-03-28T16:16:24","modified_gmt":"2026-03-28T19:16:24","slug":"acoes-valem-mais-reflexoes-sobre-palavras-e-verdadeiro-servico","status":"publish","type":"post","link":"https:\/\/salmosbiblicos.com.br\/index.php\/2026\/03\/28\/acoes-valem-mais-reflexoes-sobre-palavras-e-verdadeiro-servico\/","title":{"rendered":"A\u00e7\u00f5es Valem Mais: Reflex\u00f5es Sobre Palavras e Verdadeiro Servi\u00e7o"},"content":{"rendered":"<p>## A Discrep\u00e2ncia entre Palavras e A\u00e7\u00f5es<\/p>\n<p>Quantas vezes nos deparamos com a contradi\u00e7\u00e3o de algu\u00e9m que profere verdades profundas, mas n\u00e3o as encarna em sua pr\u00f3pria vida? Essa disson\u00e2ncia, essa dist\u00e2ncia entre o que se diz e o que se vive, pode gerar desconforto e at\u00e9 mesmo desilus\u00e3o. Mas como encarar essa realidade com a sabedoria e a esperan\u00e7a que nos s\u00e3o concedidas?<\/p>\n<p>### A Par\u00e1bola do Filho Pr\u00f3digo<\/p>\n<p>Jesus nos apresenta uma par\u00e1bola simples, por\u00e9m reveladora. Um pai, paciente e misericordioso, pede a cada um de seus filhos que trabalhem na vinha. Um filho responde com rebeldia, mas depois cede. O outro, aparentemente obediente, concorda, mas n\u00e3o cumpre sua palavra. A pergunta central: **quem fez a vontade do pai?** A resposta \u00e9 clara: aquele que, apesar de um in\u00edcio hesitante, finalmente se disp\u00f4s a servir.<\/p>\n<p>A li\u00e7\u00e3o que emerge \u00e9 poderosa: a verdadeira obedi\u00eancia n\u00e3o reside na mera concord\u00e2ncia, mas na a\u00e7\u00e3o concreta, na viv\u00eancia da verdade.<\/p>\n<p>### A Luz do Prega\u00e7\u00e3o e a Import\u00e2ncia da Autenticidade<\/p>\n<p>Consideremos aqueles que nos guiam, aqueles que compartilham conosco o caminho da justi\u00e7a. A quest\u00e3o que se imp\u00f5e \u00e9: **que relev\u00e2ncia tem o modo de vida do pregador para o aluno?** N\u00e3o devemos nos iludir. A vida do orador, por mais exemplar que possa parecer, n\u00e3o deve nos cegar para a verdade que ele transmite. O benef\u00edcio da mensagem recai sobre aquele que a ouve e a acolhe, mesmo que o mensageiro n\u00e3o seja perfeito.<\/p>\n<p>Contudo, a autenticidade \u00e9 crucial. A vida do pregador, embora n\u00e3o seja o foco principal, deve refletir a verdade que ele professa. **Se ele vive mal, a responsabilidade \u00e9 dele.** A verdade que ele compartilha o edifica, mas o erro que ele comete o condena.<\/p>\n<p>### A Convers\u00e3o dos Marginalizados<\/p>\n<p>O texto nos lembra que, mesmo aqueles que vivem \u00e0 margem da sociedade, aqueles que foram considerados perdidos, podem encontrar o caminho da f\u00e9 e da reden\u00e7\u00e3o. Publicanos e prostitutas, figuras marginalizadas e desprezadas, aceitaram a mensagem de justi\u00e7a e se converteram. E assim, **eles nos preceder\u00e3o no Reino de Deus.**<\/p>\n<p>Que reflex\u00e3o amarga para aqueles que se julgam virtuosos, mas se recusam a se abrir \u00e0 verdade! A verdadeira justi\u00e7a n\u00e3o se encontra na perfei\u00e7\u00e3o, mas na convers\u00e3o, no arrependimento e na busca constante pela verdade.<\/p>\n<p>### Um Chamado \u00e0 Abertura e \u00e0 Miseric\u00f3rdia<\/p>\n<p>Que possamos, a cada dia, abrir nossos cora\u00e7\u00f5es \u00e0 verdade de Deus, mesmo quando ela nos confronta. Que possamos acolher a mensagem, mesmo que a seja transmitida por m\u00e3os imperfeitas. **Que a miseric\u00f3rdia e a compaix\u00e3o guiem nossos passos.**<\/p>\n<p>A convers\u00e3o \u00e9 sempre poss\u00edvel. O arrependimento \u00e9 sempre bem-vindo. E a gra\u00e7a de Deus, inesgot\u00e1vel, nos estende a m\u00e3o para nos levantar, nos purificar e nos conduzir ao caminho da vida.<\/p>\n<p>Que possamos viver a verdade que professamos, para que nossas palavras e nossas a\u00e7\u00f5es se tornem um s\u00f3, um testemunho de amor e de esperan\u00e7a para o mundo.<\/p>\n","protected":false},"excerpt":{"rendered":"<p>## A Discrep\u00e2ncia entre Palavras e A\u00e7\u00f5es Quantas vezes nos deparamos com a contradi\u00e7\u00e3o de algu\u00e9m que profere verdades profundas, mas n\u00e3o as encarna em sua pr\u00f3pria vida? Essa disson\u00e2ncia, essa dist\u00e2ncia entre o que se diz e o que se vive, pode gerar desconforto e at\u00e9 mesmo desilus\u00e3o. Mas como encarar essa realidade com [&hellip;]<\/p>\n","protected":false},"author":1,"featured_media":0,"comment_status":"closed","ping_status":"open","sticky":false,"template":"","format":"standard","meta":{"footnotes":""},"categories":[14],"tags":[],"class_list":["post-5604","post","type-post","status-publish","format-standard","hentry","category-reflexao"],"yoast_head":"<!-- This site is optimized with the Yoast SEO plugin v27.2 - https:\/\/yoast.com\/product\/yoast-seo-wordpress\/ -->\n<title>A\u00e7\u00f5es Valem Mais: Reflex\u00f5es Sobre Palavras e Verdadeiro Servi\u00e7o - Salmos B\u00edblicos<\/title>\n<meta name=\"robots\" content=\"index, follow, max-snippet:-1, max-image-preview:large, max-video-preview:-1\" \/>\n<link rel=\"canonical\" href=\"https:\/\/salmosbiblicos.com.br\/index.php\/2026\/03\/28\/acoes-valem-mais-reflexoes-sobre-palavras-e-verdadeiro-servico\/\" \/>\n<meta property=\"og:locale\" content=\"pt_BR\" \/>\n<meta property=\"og:type\" content=\"article\" \/>\n<meta property=\"og:title\" content=\"A\u00e7\u00f5es Valem Mais: Reflex\u00f5es Sobre Palavras e Verdadeiro Servi\u00e7o - Salmos B\u00edblicos\" \/>\n<meta property=\"og:description\" content=\"## A Discrep\u00e2ncia entre Palavras e A\u00e7\u00f5es Quantas vezes nos deparamos com a contradi\u00e7\u00e3o de algu\u00e9m que profere verdades profundas, mas n\u00e3o as encarna em sua pr\u00f3pria vida? Essa disson\u00e2ncia, essa dist\u00e2ncia entre o que se diz e o que se vive, pode gerar desconforto e at\u00e9 mesmo desilus\u00e3o. Mas como encarar essa realidade com [&hellip;]\" \/>\n<meta property=\"og:url\" content=\"https:\/\/salmosbiblicos.com.br\/index.php\/2026\/03\/28\/acoes-valem-mais-reflexoes-sobre-palavras-e-verdadeiro-servico\/\" \/>\n<meta property=\"og:site_name\" content=\"Salmos B\u00edblicos\" \/>\n<meta property=\"article:published_time\" content=\"2026-03-28T19:16:24+00:00\" \/>\n<meta name=\"author\" content=\"alextreh@gmail.com\" \/>\n<meta name=\"twitter:card\" content=\"summary_large_image\" \/>\n<meta name=\"twitter:label1\" content=\"Escrito por\" \/>\n\t<meta name=\"twitter:data1\" content=\"alextreh@gmail.com\" \/>\n\t<meta name=\"twitter:label2\" content=\"Est. tempo de leitura\" \/>\n\t<meta name=\"twitter:data2\" content=\"3 minutos\" \/>\n<script type=\"application\/ld+json\" class=\"yoast-schema-graph\">{\"@context\":\"https:\/\/schema.org\",\"@graph\":[{\"@type\":\"Article\",\"@id\":\"https:\/\/salmosbiblicos.com.br\/index.php\/2026\/03\/28\/acoes-valem-mais-reflexoes-sobre-palavras-e-verdadeiro-servico\/#article\",\"isPartOf\":{\"@id\":\"https:\/\/salmosbiblicos.com.br\/index.php\/2026\/03\/28\/acoes-valem-mais-reflexoes-sobre-palavras-e-verdadeiro-servico\/\"},\"author\":{\"name\":\"alextreh@gmail.com\",\"@id\":\"https:\/\/salmosbiblicos.com.br\/#\/schema\/person\/30586d0fb3f3a46b78a3414fc39cc975\"},\"headline\":\"A\u00e7\u00f5es Valem Mais: Reflex\u00f5es Sobre Palavras e Verdadeiro Servi\u00e7o\",\"datePublished\":\"2026-03-28T19:16:24+00:00\",\"mainEntityOfPage\":{\"@id\":\"https:\/\/salmosbiblicos.com.br\/index.php\/2026\/03\/28\/acoes-valem-mais-reflexoes-sobre-palavras-e-verdadeiro-servico\/\"},\"wordCount\":539,\"articleSection\":[\"Reflex\u00e3o\"],\"inLanguage\":\"pt-BR\"},{\"@type\":\"WebPage\",\"@id\":\"https:\/\/salmosbiblicos.com.br\/index.php\/2026\/03\/28\/acoes-valem-mais-reflexoes-sobre-palavras-e-verdadeiro-servico\/\",\"url\":\"https:\/\/salmosbiblicos.com.br\/index.php\/2026\/03\/28\/acoes-valem-mais-reflexoes-sobre-palavras-e-verdadeiro-servico\/\",\"name\":\"A\u00e7\u00f5es Valem Mais: Reflex\u00f5es Sobre Palavras e Verdadeiro Servi\u00e7o - Salmos B\u00edblicos\",\"isPartOf\":{\"@id\":\"https:\/\/salmosbiblicos.com.br\/#website\"},\"datePublished\":\"2026-03-28T19:16:24+00:00\",\"author\":{\"@id\":\"https:\/\/salmosbiblicos.com.br\/#\/schema\/person\/30586d0fb3f3a46b78a3414fc39cc975\"},\"breadcrumb\":{\"@id\":\"https:\/\/salmosbiblicos.com.br\/index.php\/2026\/03\/28\/acoes-valem-mais-reflexoes-sobre-palavras-e-verdadeiro-servico\/#breadcrumb\"},\"inLanguage\":\"pt-BR\",\"potentialAction\":[{\"@type\":\"ReadAction\",\"target\":[\"https:\/\/salmosbiblicos.com.br\/index.php\/2026\/03\/28\/acoes-valem-mais-reflexoes-sobre-palavras-e-verdadeiro-servico\/\"]}]},{\"@type\":\"BreadcrumbList\",\"@id\":\"https:\/\/salmosbiblicos.com.br\/index.php\/2026\/03\/28\/acoes-valem-mais-reflexoes-sobre-palavras-e-verdadeiro-servico\/#breadcrumb\",\"itemListElement\":[{\"@type\":\"ListItem\",\"position\":1,\"name\":\"Home\",\"item\":\"https:\/\/salmosbiblicos.com.br\/\"},{\"@type\":\"ListItem\",\"position\":2,\"name\":\"A\u00e7\u00f5es Valem Mais: Reflex\u00f5es Sobre Palavras e Verdadeiro Servi\u00e7o\"}]},{\"@type\":\"WebSite\",\"@id\":\"https:\/\/salmosbiblicos.com.br\/#website\",\"url\":\"https:\/\/salmosbiblicos.com.br\/\",\"name\":\"Salmos B\u00edblicos\",\"description\":\"Uma e-Livraria com e-Books novos para voc\u00ea refletir.\",\"potentialAction\":[{\"@type\":\"SearchAction\",\"target\":{\"@type\":\"EntryPoint\",\"urlTemplate\":\"https:\/\/salmosbiblicos.com.br\/?s={search_term_string}\"},\"query-input\":{\"@type\":\"PropertyValueSpecification\",\"valueRequired\":true,\"valueName\":\"search_term_string\"}}],\"inLanguage\":\"pt-BR\"},{\"@type\":\"Person\",\"@id\":\"https:\/\/salmosbiblicos.com.br\/#\/schema\/person\/30586d0fb3f3a46b78a3414fc39cc975\",\"name\":\"alextreh@gmail.com\",\"image\":{\"@type\":\"ImageObject\",\"inLanguage\":\"pt-BR\",\"@id\":\"https:\/\/secure.gravatar.com\/avatar\/7cf84d31f581ec97b887c1039d478a7c293086896c84951a86753fb2c2af7527?s=96&d=mm&r=g\",\"url\":\"https:\/\/secure.gravatar.com\/avatar\/7cf84d31f581ec97b887c1039d478a7c293086896c84951a86753fb2c2af7527?s=96&d=mm&r=g\",\"contentUrl\":\"https:\/\/secure.gravatar.com\/avatar\/7cf84d31f581ec97b887c1039d478a7c293086896c84951a86753fb2c2af7527?s=96&d=mm&r=g\",\"caption\":\"alextreh@gmail.com\"},\"sameAs\":[\"http:\/\/salmosbiblicos.com.br\"],\"url\":\"https:\/\/salmosbiblicos.com.br\/index.php\/author\/alextrehgmail-com\/\"}]}<\/script>\n<!-- \/ Yoast SEO plugin. -->","yoast_head_json":{"title":"A\u00e7\u00f5es Valem Mais: Reflex\u00f5es Sobre Palavras e Verdadeiro Servi\u00e7o - Salmos B\u00edblicos","robots":{"index":"index","follow":"follow","max-snippet":"max-snippet:-1","max-image-preview":"max-image-preview:large","max-video-preview":"max-video-preview:-1"},"canonical":"https:\/\/salmosbiblicos.com.br\/index.php\/2026\/03\/28\/acoes-valem-mais-reflexoes-sobre-palavras-e-verdadeiro-servico\/","og_locale":"pt_BR","og_type":"article","og_title":"A\u00e7\u00f5es Valem Mais: Reflex\u00f5es Sobre Palavras e Verdadeiro Servi\u00e7o - Salmos B\u00edblicos","og_description":"## A Discrep\u00e2ncia entre Palavras e A\u00e7\u00f5es Quantas vezes nos deparamos com a contradi\u00e7\u00e3o de algu\u00e9m que profere verdades profundas, mas n\u00e3o as encarna em sua pr\u00f3pria vida? Essa disson\u00e2ncia, essa dist\u00e2ncia entre o que se diz e o que se vive, pode gerar desconforto e at\u00e9 mesmo desilus\u00e3o. Mas como encarar essa realidade com [&hellip;]","og_url":"https:\/\/salmosbiblicos.com.br\/index.php\/2026\/03\/28\/acoes-valem-mais-reflexoes-sobre-palavras-e-verdadeiro-servico\/","og_site_name":"Salmos B\u00edblicos","article_published_time":"2026-03-28T19:16:24+00:00","author":"alextreh@gmail.com","twitter_card":"summary_large_image","twitter_misc":{"Escrito por":"alextreh@gmail.com","Est. tempo de leitura":"3 minutos"},"schema":{"@context":"https:\/\/schema.org","@graph":[{"@type":"Article","@id":"https:\/\/salmosbiblicos.com.br\/index.php\/2026\/03\/28\/acoes-valem-mais-reflexoes-sobre-palavras-e-verdadeiro-servico\/#article","isPartOf":{"@id":"https:\/\/salmosbiblicos.com.br\/index.php\/2026\/03\/28\/acoes-valem-mais-reflexoes-sobre-palavras-e-verdadeiro-servico\/"},"author":{"name":"alextreh@gmail.com","@id":"https:\/\/salmosbiblicos.com.br\/#\/schema\/person\/30586d0fb3f3a46b78a3414fc39cc975"},"headline":"A\u00e7\u00f5es Valem Mais: Reflex\u00f5es Sobre Palavras e Verdadeiro Servi\u00e7o","datePublished":"2026-03-28T19:16:24+00:00","mainEntityOfPage":{"@id":"https:\/\/salmosbiblicos.com.br\/index.php\/2026\/03\/28\/acoes-valem-mais-reflexoes-sobre-palavras-e-verdadeiro-servico\/"},"wordCount":539,"articleSection":["Reflex\u00e3o"],"inLanguage":"pt-BR"},{"@type":"WebPage","@id":"https:\/\/salmosbiblicos.com.br\/index.php\/2026\/03\/28\/acoes-valem-mais-reflexoes-sobre-palavras-e-verdadeiro-servico\/","url":"https:\/\/salmosbiblicos.com.br\/index.php\/2026\/03\/28\/acoes-valem-mais-reflexoes-sobre-palavras-e-verdadeiro-servico\/","name":"A\u00e7\u00f5es Valem Mais: Reflex\u00f5es Sobre Palavras e Verdadeiro Servi\u00e7o - Salmos B\u00edblicos","isPartOf":{"@id":"https:\/\/salmosbiblicos.com.br\/#website"},"datePublished":"2026-03-28T19:16:24+00:00","author":{"@id":"https:\/\/salmosbiblicos.com.br\/#\/schema\/person\/30586d0fb3f3a46b78a3414fc39cc975"},"breadcrumb":{"@id":"https:\/\/salmosbiblicos.com.br\/index.php\/2026\/03\/28\/acoes-valem-mais-reflexoes-sobre-palavras-e-verdadeiro-servico\/#breadcrumb"},"inLanguage":"pt-BR","potentialAction":[{"@type":"ReadAction","target":["https:\/\/salmosbiblicos.com.br\/index.php\/2026\/03\/28\/acoes-valem-mais-reflexoes-sobre-palavras-e-verdadeiro-servico\/"]}]},{"@type":"BreadcrumbList","@id":"https:\/\/salmosbiblicos.com.br\/index.php\/2026\/03\/28\/acoes-valem-mais-reflexoes-sobre-palavras-e-verdadeiro-servico\/#breadcrumb","itemListElement":[{"@type":"ListItem","position":1,"name":"Home","item":"https:\/\/salmosbiblicos.com.br\/"},{"@type":"ListItem","position":2,"name":"A\u00e7\u00f5es Valem Mais: Reflex\u00f5es Sobre Palavras e Verdadeiro Servi\u00e7o"}]},{"@type":"WebSite","@id":"https:\/\/salmosbiblicos.com.br\/#website","url":"https:\/\/salmosbiblicos.com.br\/","name":"Salmos B\u00edblicos","description":"Uma e-Livraria com e-Books novos para voc\u00ea refletir.","potentialAction":[{"@type":"SearchAction","target":{"@type":"EntryPoint","urlTemplate":"https:\/\/salmosbiblicos.com.br\/?s={search_term_string}"},"query-input":{"@type":"PropertyValueSpecification","valueRequired":true,"valueName":"search_term_string"}}],"inLanguage":"pt-BR"},{"@type":"Person","@id":"https:\/\/salmosbiblicos.com.br\/#\/schema\/person\/30586d0fb3f3a46b78a3414fc39cc975","name":"alextreh@gmail.com","image":{"@type":"ImageObject","inLanguage":"pt-BR","@id":"https:\/\/secure.gravatar.com\/avatar\/7cf84d31f581ec97b887c1039d478a7c293086896c84951a86753fb2c2af7527?s=96&d=mm&r=g","url":"https:\/\/secure.gravatar.com\/avatar\/7cf84d31f581ec97b887c1039d478a7c293086896c84951a86753fb2c2af7527?s=96&d=mm&r=g","contentUrl":"https:\/\/secure.gravatar.com\/avatar\/7cf84d31f581ec97b887c1039d478a7c293086896c84951a86753fb2c2af7527?s=96&d=mm&r=g","caption":"alextreh@gmail.com"},"sameAs":["http:\/\/salmosbiblicos.com.br"],"url":"https:\/\/salmosbiblicos.com.br\/index.php\/author\/alextrehgmail-com\/"}]}},"_links":{"self":[{"href":"https:\/\/salmosbiblicos.com.br\/index.php\/wp-json\/wp\/v2\/posts\/5604","targetHints":{"allow":["GET"]}}],"collection":[{"href":"https:\/\/salmosbiblicos.com.br\/index.php\/wp-json\/wp\/v2\/posts"}],"about":[{"href":"https:\/\/salmosbiblicos.com.br\/index.php\/wp-json\/wp\/v2\/types\/post"}],"author":[{"embeddable":true,"href":"https:\/\/salmosbiblicos.com.br\/index.php\/wp-json\/wp\/v2\/users\/1"}],"replies":[{"embeddable":true,"href":"https:\/\/salmosbiblicos.com.br\/index.php\/wp-json\/wp\/v2\/comments?post=5604"}],"version-history":[{"count":1,"href":"https:\/\/salmosbiblicos.com.br\/index.php\/wp-json\/wp\/v2\/posts\/5604\/revisions"}],"predecessor-version":[{"id":5605,"href":"https:\/\/salmosbiblicos.com.br\/index.php\/wp-json\/wp\/v2\/posts\/5604\/revisions\/5605"}],"wp:attachment":[{"href":"https:\/\/salmosbiblicos.com.br\/index.php\/wp-json\/wp\/v2\/media?parent=5604"}],"wp:term":[{"taxonomy":"category","embeddable":true,"href":"https:\/\/salmosbiblicos.com.br\/index.php\/wp-json\/wp\/v2\/categories?post=5604"},{"taxonomy":"post_tag","embeddable":true,"href":"https:\/\/salmosbiblicos.com.br\/index.php\/wp-json\/wp\/v2\/tags?post=5604"}],"curies":[{"name":"wp","href":"https:\/\/api.w.org\/{rel}","templated":true}]}}