{"id":5626,"date":"2026-03-28T17:31:39","date_gmt":"2026-03-28T20:31:39","guid":{"rendered":"https:\/\/salmosbiblicos.com.br\/?p=5626"},"modified":"2026-03-28T17:31:39","modified_gmt":"2026-03-28T20:31:39","slug":"fe-antes-da-visao-reflexao-sobre-a-essencia-da-crenca","status":"publish","type":"post","link":"https:\/\/salmosbiblicos.com.br\/index.php\/2026\/03\/28\/fe-antes-da-visao-reflexao-sobre-a-essencia-da-crenca\/","title":{"rendered":"F\u00e9 Antes da Vis\u00e3o: Reflex\u00e3o Sobre a Ess\u00eancia da Cren\u00e7a"},"content":{"rendered":"<p>## A Ess\u00eancia da F\u00e9: Uma Reflex\u00e3o Sobre a Vis\u00e3o Interior<\/p>\n<p>Quantas vezes nos orgulhamos da nossa f\u00e9, atribuindo-a a b\u00ean\u00e7\u00e3os e milagres que experimentamos? Acreditamos que a gra\u00e7a divina se manifesta em nossas vidas, e essa experi\u00eancia alimenta nossa cren\u00e7a. Mas ser\u00e1 que a verdadeira f\u00e9 se sustenta apenas naquilo que recebemos? Ser\u00e1 que a nossa vis\u00e3o de Deus depende do que Ele nos concede?<\/p>\n<p>Hoje, convido-vos a refletir sobre a profunda verdade que emerge das Escrituras, especialmente na passagem de Mateus, cap\u00edtulo 9, vers\u00edculos 27 a 31. A hist\u00f3ria dos cegos que buscaram a cura de Jesus nos oferece uma li\u00e7\u00e3o essencial sobre a natureza da f\u00e9.<\/p>\n<p>### A F\u00e9 que Precede a Vis\u00e3o<\/p>\n<p>Imagine a cena: dois homens cegos, movidos por um profundo anseio, seguem Jesus, clamando por aux\u00edlio. Quando Jesus lhes pergunta se eles acreditam que Ele pode cur\u00e1-los, eles respondem com f\u00e9: &#8220;Sim, Senhor!&#8221;. E ent\u00e3o, a cura se manifesta: \u201cEnt\u00e3o Jesus tocou nos olhos deles dizendo, fa\u00e7a-se conforme a voz a f\u00e9. E os olhos deles se abriram\u201d.<\/p>\n<p>**A li\u00e7\u00e3o aqui \u00e9 poderosa: a vis\u00e3o surgiu da f\u00e9, e n\u00e3o o contr\u00e1rio.** N\u00e3o foi a cura que gerou a cren\u00e7a, mas a cren\u00e7a que possibilitou a cura. Os cegos n\u00e3o enxergavam, estavam em trevas, mas a f\u00e9 em Jesus foi a luz que os guiou para a clareza.<\/p>\n<p>\u00c9 crucial compreendermos que a f\u00e9 n\u00e3o \u00e9 fruto da sa\u00fade ou da prosperidade. A sa\u00fade pode ser um dom, mas a f\u00e9 \u00e9 um tesouro que reside em nossos cora\u00e7\u00f5es, independentemente das circunst\u00e2ncias. **A verdadeira f\u00e9 se manifesta naqueles que, mesmo na adversidade, perseveram na esperan\u00e7a.**<\/p>\n<p>### A F\u00e9 dos que Sofrem<\/p>\n<p>Quantas vezes ouvimos a frase: &#8220;Se Deus me curar, ent\u00e3o eu criarei&#8221;? Essa afirma\u00e7\u00e3o revela uma compreens\u00e3o distorcida da f\u00e9. A f\u00e9 n\u00e3o se baseia em trocas ou condi\u00e7\u00f5es. Aquele que espera a cura para ent\u00e3o crer, limita a grandeza de Deus.<\/p>\n<p>**Aquele que sofre, que se encontra em meio \u00e0 escurid\u00e3o, pode possuir uma f\u00e9 mais profunda do que aqueles que desfrutam de conforto e bem-estar.** A f\u00e9 dos que n\u00e3o enxergam, dos que n\u00e3o t\u00eam sa\u00fade, dos que enfrentam a prova\u00e7\u00e3o, \u00e9 um testemunho vibrante da confian\u00e7a em Deus.<\/p>\n<p>### A Certeza do Invis\u00edvel<\/p>\n<p>O ap\u00f3stolo Paulo, em sua carta aos Hebreus (cap\u00edtulo 11, vers\u00edculo 1), nos recorda: &#8220;A f\u00e9 \u00e9 a certeza de coisas que n\u00e3o se veem, a prova de realidades que n\u00e3o aparecem&#8221;. A f\u00e9 \u00e9 a convic\u00e7\u00e3o profunda de que, mesmo quando a nossa vis\u00e3o \u00e9 limitada, a gra\u00e7a divina \u00e9 infinita.<\/p>\n<p>**A f\u00e9 nos permite acreditar em Jesus, mesmo quando Ele n\u00e3o nos concede os resultados imediatos que almejamos.** \u00c9 crer Nele mesmo quando a doen\u00e7a persiste, mesmo quando a falta de emprego nos aflige, mesmo quando a ang\u00fastia nos envolve.<\/p>\n<p>### Entregando a Nossa Confian\u00e7a<\/p>\n<p>Jesus nos ensina: \u201cRespondeu-lhe Jesus \u00e0 obra de Deus a esta, que creiais naquele que Ele enviou\u201d. O nosso papel \u00e9 crer, \u00e9 confiar. **O resto, Ele far\u00e1.** Deixemos que a nossa f\u00e9 seja a funda\u00e7\u00e3o sobre a qual as b\u00ean\u00e7\u00e3os s\u00e3o constru\u00eddas.<\/p>\n<p>Que possamos nos lembrar: a f\u00e9 precede a vis\u00e3o, a esperan\u00e7a precede a realiza\u00e7\u00e3o, a confian\u00e7a precede a manifesta\u00e7\u00e3o. \u201cFa\u00e7a-se conforme a voz a f\u00e9\u201d.<\/p>\n<p>***<\/p>\n<p>Que a nossa busca por uma f\u00e9 inabal\u00e1vel nos fortale\u00e7a e nos guie em nosso caminho.<\/p>\n","protected":false},"excerpt":{"rendered":"<p>## A Ess\u00eancia da F\u00e9: Uma Reflex\u00e3o Sobre a Vis\u00e3o Interior Quantas vezes nos orgulhamos da nossa f\u00e9, atribuindo-a a b\u00ean\u00e7\u00e3os e milagres que experimentamos? Acreditamos que a gra\u00e7a divina se manifesta em nossas vidas, e essa experi\u00eancia alimenta nossa cren\u00e7a. Mas ser\u00e1 que a verdadeira f\u00e9 se sustenta apenas naquilo que recebemos? Ser\u00e1 que [&hellip;]<\/p>\n","protected":false},"author":1,"featured_media":0,"comment_status":"closed","ping_status":"open","sticky":false,"template":"","format":"standard","meta":{"footnotes":""},"categories":[14],"tags":[],"class_list":["post-5626","post","type-post","status-publish","format-standard","hentry","category-reflexao"],"yoast_head":"<!-- This site is optimized with the Yoast SEO plugin v27.2 - https:\/\/yoast.com\/product\/yoast-seo-wordpress\/ -->\n<title>F\u00e9 Antes da Vis\u00e3o: Reflex\u00e3o Sobre a Ess\u00eancia da Cren\u00e7a - Salmos B\u00edblicos<\/title>\n<meta name=\"robots\" content=\"index, follow, max-snippet:-1, max-image-preview:large, max-video-preview:-1\" \/>\n<link rel=\"canonical\" href=\"https:\/\/salmosbiblicos.com.br\/index.php\/2026\/03\/28\/fe-antes-da-visao-reflexao-sobre-a-essencia-da-crenca\/\" \/>\n<meta property=\"og:locale\" content=\"pt_BR\" \/>\n<meta property=\"og:type\" content=\"article\" \/>\n<meta property=\"og:title\" content=\"F\u00e9 Antes da Vis\u00e3o: Reflex\u00e3o Sobre a Ess\u00eancia da Cren\u00e7a - Salmos B\u00edblicos\" \/>\n<meta property=\"og:description\" content=\"## A Ess\u00eancia da F\u00e9: Uma Reflex\u00e3o Sobre a Vis\u00e3o Interior Quantas vezes nos orgulhamos da nossa f\u00e9, atribuindo-a a b\u00ean\u00e7\u00e3os e milagres que experimentamos? Acreditamos que a gra\u00e7a divina se manifesta em nossas vidas, e essa experi\u00eancia alimenta nossa cren\u00e7a. Mas ser\u00e1 que a verdadeira f\u00e9 se sustenta apenas naquilo que recebemos? Ser\u00e1 que [&hellip;]\" \/>\n<meta property=\"og:url\" content=\"https:\/\/salmosbiblicos.com.br\/index.php\/2026\/03\/28\/fe-antes-da-visao-reflexao-sobre-a-essencia-da-crenca\/\" \/>\n<meta property=\"og:site_name\" content=\"Salmos B\u00edblicos\" \/>\n<meta property=\"article:published_time\" content=\"2026-03-28T20:31:39+00:00\" \/>\n<meta name=\"author\" content=\"alextreh@gmail.com\" \/>\n<meta name=\"twitter:card\" content=\"summary_large_image\" \/>\n<meta name=\"twitter:label1\" content=\"Escrito por\" \/>\n\t<meta name=\"twitter:data1\" content=\"alextreh@gmail.com\" \/>\n\t<meta name=\"twitter:label2\" content=\"Est. tempo de leitura\" \/>\n\t<meta name=\"twitter:data2\" content=\"3 minutos\" \/>\n<script type=\"application\/ld+json\" class=\"yoast-schema-graph\">{\"@context\":\"https:\/\/schema.org\",\"@graph\":[{\"@type\":\"Article\",\"@id\":\"https:\/\/salmosbiblicos.com.br\/index.php\/2026\/03\/28\/fe-antes-da-visao-reflexao-sobre-a-essencia-da-crenca\/#article\",\"isPartOf\":{\"@id\":\"https:\/\/salmosbiblicos.com.br\/index.php\/2026\/03\/28\/fe-antes-da-visao-reflexao-sobre-a-essencia-da-crenca\/\"},\"author\":{\"name\":\"alextreh@gmail.com\",\"@id\":\"https:\/\/salmosbiblicos.com.br\/#\/schema\/person\/30586d0fb3f3a46b78a3414fc39cc975\"},\"headline\":\"F\u00e9 Antes da Vis\u00e3o: Reflex\u00e3o Sobre a Ess\u00eancia da Cren\u00e7a\",\"datePublished\":\"2026-03-28T20:31:39+00:00\",\"mainEntityOfPage\":{\"@id\":\"https:\/\/salmosbiblicos.com.br\/index.php\/2026\/03\/28\/fe-antes-da-visao-reflexao-sobre-a-essencia-da-crenca\/\"},\"wordCount\":616,\"articleSection\":[\"Reflex\u00e3o\"],\"inLanguage\":\"pt-BR\"},{\"@type\":\"WebPage\",\"@id\":\"https:\/\/salmosbiblicos.com.br\/index.php\/2026\/03\/28\/fe-antes-da-visao-reflexao-sobre-a-essencia-da-crenca\/\",\"url\":\"https:\/\/salmosbiblicos.com.br\/index.php\/2026\/03\/28\/fe-antes-da-visao-reflexao-sobre-a-essencia-da-crenca\/\",\"name\":\"F\u00e9 Antes da Vis\u00e3o: Reflex\u00e3o Sobre a Ess\u00eancia da Cren\u00e7a - Salmos B\u00edblicos\",\"isPartOf\":{\"@id\":\"https:\/\/salmosbiblicos.com.br\/#website\"},\"datePublished\":\"2026-03-28T20:31:39+00:00\",\"author\":{\"@id\":\"https:\/\/salmosbiblicos.com.br\/#\/schema\/person\/30586d0fb3f3a46b78a3414fc39cc975\"},\"breadcrumb\":{\"@id\":\"https:\/\/salmosbiblicos.com.br\/index.php\/2026\/03\/28\/fe-antes-da-visao-reflexao-sobre-a-essencia-da-crenca\/#breadcrumb\"},\"inLanguage\":\"pt-BR\",\"potentialAction\":[{\"@type\":\"ReadAction\",\"target\":[\"https:\/\/salmosbiblicos.com.br\/index.php\/2026\/03\/28\/fe-antes-da-visao-reflexao-sobre-a-essencia-da-crenca\/\"]}]},{\"@type\":\"BreadcrumbList\",\"@id\":\"https:\/\/salmosbiblicos.com.br\/index.php\/2026\/03\/28\/fe-antes-da-visao-reflexao-sobre-a-essencia-da-crenca\/#breadcrumb\",\"itemListElement\":[{\"@type\":\"ListItem\",\"position\":1,\"name\":\"Home\",\"item\":\"https:\/\/salmosbiblicos.com.br\/\"},{\"@type\":\"ListItem\",\"position\":2,\"name\":\"F\u00e9 Antes da Vis\u00e3o: Reflex\u00e3o Sobre a Ess\u00eancia da Cren\u00e7a\"}]},{\"@type\":\"WebSite\",\"@id\":\"https:\/\/salmosbiblicos.com.br\/#website\",\"url\":\"https:\/\/salmosbiblicos.com.br\/\",\"name\":\"Salmos B\u00edblicos\",\"description\":\"Uma e-Livraria com e-Books novos para voc\u00ea refletir.\",\"potentialAction\":[{\"@type\":\"SearchAction\",\"target\":{\"@type\":\"EntryPoint\",\"urlTemplate\":\"https:\/\/salmosbiblicos.com.br\/?s={search_term_string}\"},\"query-input\":{\"@type\":\"PropertyValueSpecification\",\"valueRequired\":true,\"valueName\":\"search_term_string\"}}],\"inLanguage\":\"pt-BR\"},{\"@type\":\"Person\",\"@id\":\"https:\/\/salmosbiblicos.com.br\/#\/schema\/person\/30586d0fb3f3a46b78a3414fc39cc975\",\"name\":\"alextreh@gmail.com\",\"image\":{\"@type\":\"ImageObject\",\"inLanguage\":\"pt-BR\",\"@id\":\"https:\/\/secure.gravatar.com\/avatar\/7cf84d31f581ec97b887c1039d478a7c293086896c84951a86753fb2c2af7527?s=96&d=mm&r=g\",\"url\":\"https:\/\/secure.gravatar.com\/avatar\/7cf84d31f581ec97b887c1039d478a7c293086896c84951a86753fb2c2af7527?s=96&d=mm&r=g\",\"contentUrl\":\"https:\/\/secure.gravatar.com\/avatar\/7cf84d31f581ec97b887c1039d478a7c293086896c84951a86753fb2c2af7527?s=96&d=mm&r=g\",\"caption\":\"alextreh@gmail.com\"},\"sameAs\":[\"http:\/\/salmosbiblicos.com.br\"],\"url\":\"https:\/\/salmosbiblicos.com.br\/index.php\/author\/alextrehgmail-com\/\"}]}<\/script>\n<!-- \/ Yoast SEO plugin. -->","yoast_head_json":{"title":"F\u00e9 Antes da Vis\u00e3o: Reflex\u00e3o Sobre a Ess\u00eancia da Cren\u00e7a - Salmos B\u00edblicos","robots":{"index":"index","follow":"follow","max-snippet":"max-snippet:-1","max-image-preview":"max-image-preview:large","max-video-preview":"max-video-preview:-1"},"canonical":"https:\/\/salmosbiblicos.com.br\/index.php\/2026\/03\/28\/fe-antes-da-visao-reflexao-sobre-a-essencia-da-crenca\/","og_locale":"pt_BR","og_type":"article","og_title":"F\u00e9 Antes da Vis\u00e3o: Reflex\u00e3o Sobre a Ess\u00eancia da Cren\u00e7a - Salmos B\u00edblicos","og_description":"## A Ess\u00eancia da F\u00e9: Uma Reflex\u00e3o Sobre a Vis\u00e3o Interior Quantas vezes nos orgulhamos da nossa f\u00e9, atribuindo-a a b\u00ean\u00e7\u00e3os e milagres que experimentamos? Acreditamos que a gra\u00e7a divina se manifesta em nossas vidas, e essa experi\u00eancia alimenta nossa cren\u00e7a. Mas ser\u00e1 que a verdadeira f\u00e9 se sustenta apenas naquilo que recebemos? Ser\u00e1 que [&hellip;]","og_url":"https:\/\/salmosbiblicos.com.br\/index.php\/2026\/03\/28\/fe-antes-da-visao-reflexao-sobre-a-essencia-da-crenca\/","og_site_name":"Salmos B\u00edblicos","article_published_time":"2026-03-28T20:31:39+00:00","author":"alextreh@gmail.com","twitter_card":"summary_large_image","twitter_misc":{"Escrito por":"alextreh@gmail.com","Est. tempo de leitura":"3 minutos"},"schema":{"@context":"https:\/\/schema.org","@graph":[{"@type":"Article","@id":"https:\/\/salmosbiblicos.com.br\/index.php\/2026\/03\/28\/fe-antes-da-visao-reflexao-sobre-a-essencia-da-crenca\/#article","isPartOf":{"@id":"https:\/\/salmosbiblicos.com.br\/index.php\/2026\/03\/28\/fe-antes-da-visao-reflexao-sobre-a-essencia-da-crenca\/"},"author":{"name":"alextreh@gmail.com","@id":"https:\/\/salmosbiblicos.com.br\/#\/schema\/person\/30586d0fb3f3a46b78a3414fc39cc975"},"headline":"F\u00e9 Antes da Vis\u00e3o: Reflex\u00e3o Sobre a Ess\u00eancia da Cren\u00e7a","datePublished":"2026-03-28T20:31:39+00:00","mainEntityOfPage":{"@id":"https:\/\/salmosbiblicos.com.br\/index.php\/2026\/03\/28\/fe-antes-da-visao-reflexao-sobre-a-essencia-da-crenca\/"},"wordCount":616,"articleSection":["Reflex\u00e3o"],"inLanguage":"pt-BR"},{"@type":"WebPage","@id":"https:\/\/salmosbiblicos.com.br\/index.php\/2026\/03\/28\/fe-antes-da-visao-reflexao-sobre-a-essencia-da-crenca\/","url":"https:\/\/salmosbiblicos.com.br\/index.php\/2026\/03\/28\/fe-antes-da-visao-reflexao-sobre-a-essencia-da-crenca\/","name":"F\u00e9 Antes da Vis\u00e3o: Reflex\u00e3o Sobre a Ess\u00eancia da Cren\u00e7a - Salmos B\u00edblicos","isPartOf":{"@id":"https:\/\/salmosbiblicos.com.br\/#website"},"datePublished":"2026-03-28T20:31:39+00:00","author":{"@id":"https:\/\/salmosbiblicos.com.br\/#\/schema\/person\/30586d0fb3f3a46b78a3414fc39cc975"},"breadcrumb":{"@id":"https:\/\/salmosbiblicos.com.br\/index.php\/2026\/03\/28\/fe-antes-da-visao-reflexao-sobre-a-essencia-da-crenca\/#breadcrumb"},"inLanguage":"pt-BR","potentialAction":[{"@type":"ReadAction","target":["https:\/\/salmosbiblicos.com.br\/index.php\/2026\/03\/28\/fe-antes-da-visao-reflexao-sobre-a-essencia-da-crenca\/"]}]},{"@type":"BreadcrumbList","@id":"https:\/\/salmosbiblicos.com.br\/index.php\/2026\/03\/28\/fe-antes-da-visao-reflexao-sobre-a-essencia-da-crenca\/#breadcrumb","itemListElement":[{"@type":"ListItem","position":1,"name":"Home","item":"https:\/\/salmosbiblicos.com.br\/"},{"@type":"ListItem","position":2,"name":"F\u00e9 Antes da Vis\u00e3o: Reflex\u00e3o Sobre a Ess\u00eancia da Cren\u00e7a"}]},{"@type":"WebSite","@id":"https:\/\/salmosbiblicos.com.br\/#website","url":"https:\/\/salmosbiblicos.com.br\/","name":"Salmos B\u00edblicos","description":"Uma e-Livraria com e-Books novos para voc\u00ea refletir.","potentialAction":[{"@type":"SearchAction","target":{"@type":"EntryPoint","urlTemplate":"https:\/\/salmosbiblicos.com.br\/?s={search_term_string}"},"query-input":{"@type":"PropertyValueSpecification","valueRequired":true,"valueName":"search_term_string"}}],"inLanguage":"pt-BR"},{"@type":"Person","@id":"https:\/\/salmosbiblicos.com.br\/#\/schema\/person\/30586d0fb3f3a46b78a3414fc39cc975","name":"alextreh@gmail.com","image":{"@type":"ImageObject","inLanguage":"pt-BR","@id":"https:\/\/secure.gravatar.com\/avatar\/7cf84d31f581ec97b887c1039d478a7c293086896c84951a86753fb2c2af7527?s=96&d=mm&r=g","url":"https:\/\/secure.gravatar.com\/avatar\/7cf84d31f581ec97b887c1039d478a7c293086896c84951a86753fb2c2af7527?s=96&d=mm&r=g","contentUrl":"https:\/\/secure.gravatar.com\/avatar\/7cf84d31f581ec97b887c1039d478a7c293086896c84951a86753fb2c2af7527?s=96&d=mm&r=g","caption":"alextreh@gmail.com"},"sameAs":["http:\/\/salmosbiblicos.com.br"],"url":"https:\/\/salmosbiblicos.com.br\/index.php\/author\/alextrehgmail-com\/"}]}},"_links":{"self":[{"href":"https:\/\/salmosbiblicos.com.br\/index.php\/wp-json\/wp\/v2\/posts\/5626","targetHints":{"allow":["GET"]}}],"collection":[{"href":"https:\/\/salmosbiblicos.com.br\/index.php\/wp-json\/wp\/v2\/posts"}],"about":[{"href":"https:\/\/salmosbiblicos.com.br\/index.php\/wp-json\/wp\/v2\/types\/post"}],"author":[{"embeddable":true,"href":"https:\/\/salmosbiblicos.com.br\/index.php\/wp-json\/wp\/v2\/users\/1"}],"replies":[{"embeddable":true,"href":"https:\/\/salmosbiblicos.com.br\/index.php\/wp-json\/wp\/v2\/comments?post=5626"}],"version-history":[{"count":1,"href":"https:\/\/salmosbiblicos.com.br\/index.php\/wp-json\/wp\/v2\/posts\/5626\/revisions"}],"predecessor-version":[{"id":5627,"href":"https:\/\/salmosbiblicos.com.br\/index.php\/wp-json\/wp\/v2\/posts\/5626\/revisions\/5627"}],"wp:attachment":[{"href":"https:\/\/salmosbiblicos.com.br\/index.php\/wp-json\/wp\/v2\/media?parent=5626"}],"wp:term":[{"taxonomy":"category","embeddable":true,"href":"https:\/\/salmosbiblicos.com.br\/index.php\/wp-json\/wp\/v2\/categories?post=5626"},{"taxonomy":"post_tag","embeddable":true,"href":"https:\/\/salmosbiblicos.com.br\/index.php\/wp-json\/wp\/v2\/tags?post=5626"}],"curies":[{"name":"wp","href":"https:\/\/api.w.org\/{rel}","templated":true}]}}