{"id":5630,"date":"2026-03-28T17:45:21","date_gmt":"2026-03-28T20:45:21","guid":{"rendered":"https:\/\/salmosbiblicos.com.br\/?p=5630"},"modified":"2026-03-28T17:45:21","modified_gmt":"2026-03-28T20:45:21","slug":"milagre-da-fome-jesus-multiplica-paes-e-fortalece-a-fe","status":"publish","type":"post","link":"https:\/\/salmosbiblicos.com.br\/index.php\/2026\/03\/28\/milagre-da-fome-jesus-multiplica-paes-e-fortalece-a-fe\/","title":{"rendered":"Milagre da Fome: Jesus Multiplica P\u00e3es e Fortalece a F\u00e9"},"content":{"rendered":"<p>## A Abund\u00e2ncia da Divina Provid\u00eancia<\/p>\n<p>H\u00e1 uma beleza singular em contemplar a fragilidade humana, a complexidade das nossas necessidades. Vemos, em nossos dias, a busca incessante por seguran\u00e7a, por sustento, por bem-estar. Mas, por vezes, essa busca nos afasta da fonte de toda a provid\u00eancia, do olhar compassivo que nos acolhe em nossa vulnerabilidade.<\/p>\n<p>### A Compaix\u00e3o que Cura e Sustenta<\/p>\n<p>Em um tempo distante, em terras long\u00ednquas, Jesus, em sua infinita bondade, retirou-se para um lugar de sil\u00eancio e contempla\u00e7\u00e3o. No entanto, a not\u00edcia da sua presen\u00e7a e do seu poder de cura atraiu uma multid\u00e3o faminta por esperan\u00e7a. Coxos, aleijados, cegos e mudos foram trazidos, buscando al\u00edvio para o seu sofrimento. E Jesus, com sua divina compaix\u00e3o, estendeu suas m\u00e3os e curou a todos.<\/p>\n<p>O relato \u00e9 impressionante, como um vislumbre do para\u00edso na terra. Os mudos encontraram a voz, os aleijados recuperaram a mobilidade, os cegos voltaram a enxergar.  **A alegria era palp\u00e1vel, a f\u00e9 se manifestava em adora\u00e7\u00e3o.**  E, em meio a esta celebra\u00e7\u00e3o, uma preocupa\u00e7\u00e3o se manifesta: a fome.<\/p>\n<p>### A Li\u00e7\u00e3o da F\u00e9 e da Confian\u00e7a<\/p>\n<p>A multid\u00e3o, que j\u00e1 havia permanecido por tr\u00eas dias sob a sua prote\u00e7\u00e3o, n\u00e3o tinha provis\u00f5es para se alimentar. A preocupa\u00e7\u00e3o dos disc\u00edpulos era natural: como saciar a fome de tantos, em um deserto desprovido de recursos? Mas Jesus, com sua infinita sabedoria, os instou a confiar.<\/p>\n<p>\u201cQuantos p\u00e3es voc\u00eas t\u00eam?\u201d \u2013 perguntou Ele. A resposta, um modesto n\u00famero sete e alguns peixinhos, era pequena diante da necessidade. Mas, nas m\u00e3os de Deus, a pequenez se transforma em abund\u00e2ncia. **A f\u00e9 nos ensina que o imposs\u00edvel \u00e9 apenas um convite \u00e0 confian\u00e7a.**<\/p>\n<p>### O Milagre da Multiplica\u00e7\u00e3o e a Esperan\u00e7a que Transborda<\/p>\n<p>Jesus, ent\u00e3o, tomou os p\u00e3es e os peixes, elevou-os em ora\u00e7\u00e3o e os distribuiu aos disc\u00edpulos. Aquele pequeno gesto se transformou em um milagre de propor\u00e7\u00f5es inimagin\u00e1veis. A multid\u00e3o, outrora faminta, comeu at\u00e9 se fartar, e ainda restou comida para encher sete cestos!<\/p>\n<p>Este \u00e9 o sinal que nos revela a for\u00e7a da provid\u00eancia divina. **N\u00e3o nos privemos da f\u00e9, pois \u00e9 ela que nos conecta \u00e0 abund\u00e2ncia do amor de Deus.**  Diante de nossas necessidades, que possamos lembrar que Ele j\u00e1 providenciou.<\/p>\n<p>### A Prioridade do Reino e a Abund\u00e2ncia que Segue<\/p>\n<p>Em seus ensinamentos, Jesus nos convida a n\u00e3o nos preocuparmos com as necessidades materiais. Ele nos lembra que as aves do c\u00e9u, desprovidas de preocupa\u00e7\u00f5es terrenas, s\u00e3o alimentadas pelo Pai celestial. **A vida \u00e9 mais do que alimento e vestes.**<\/p>\n<p>E para aqueles que buscam em primeiro lugar o reino de Deus e a sua justi\u00e7a, todas as outras coisas ser\u00e3o acrescentadas. N\u00e3o se trata de negligenciar as necessidades do mundo, mas de manter a perspectiva correta: o reino de Deus \u00e9 a prioridade, e a provis\u00e3o vem em acr\u00e9scimo.<\/p>\n<p>### A Confian\u00e7a na Divina Provid\u00eancia<\/p>\n<p>Que possamos, em todos os momentos, confiar em Deus, entregando a Ele todas as nossas preocupa\u00e7\u00f5es. Ele cuida de n\u00f3s, mais do que podemos imaginar. Que a li\u00e7\u00e3o da multiplica\u00e7\u00e3o dos p\u00e3es e dos peixes permane\u00e7a em nossos cora\u00e7\u00f5es, um lembrete constante da sua infinita miseric\u00f3rdia e da sua promessa de nunca nos abandonar. **Confie, pois Ele est\u00e1 cuidando de voc\u00ea.**<\/p>\n","protected":false},"excerpt":{"rendered":"<p>## A Abund\u00e2ncia da Divina Provid\u00eancia H\u00e1 uma beleza singular em contemplar a fragilidade humana, a complexidade das nossas necessidades. Vemos, em nossos dias, a busca incessante por seguran\u00e7a, por sustento, por bem-estar. Mas, por vezes, essa busca nos afasta da fonte de toda a provid\u00eancia, do olhar compassivo que nos acolhe em nossa vulnerabilidade. [&hellip;]<\/p>\n","protected":false},"author":1,"featured_media":0,"comment_status":"closed","ping_status":"open","sticky":false,"template":"","format":"standard","meta":{"footnotes":""},"categories":[14],"tags":[],"class_list":["post-5630","post","type-post","status-publish","format-standard","hentry","category-reflexao"],"yoast_head":"<!-- This site is optimized with the Yoast SEO plugin v27.2 - https:\/\/yoast.com\/product\/yoast-seo-wordpress\/ -->\n<title>Milagre da Fome: Jesus Multiplica P\u00e3es e Fortalece a F\u00e9 - Salmos B\u00edblicos<\/title>\n<meta name=\"robots\" content=\"index, follow, max-snippet:-1, max-image-preview:large, max-video-preview:-1\" \/>\n<link rel=\"canonical\" href=\"https:\/\/salmosbiblicos.com.br\/index.php\/2026\/03\/28\/milagre-da-fome-jesus-multiplica-paes-e-fortalece-a-fe\/\" \/>\n<meta property=\"og:locale\" content=\"pt_BR\" \/>\n<meta property=\"og:type\" content=\"article\" \/>\n<meta property=\"og:title\" content=\"Milagre da Fome: Jesus Multiplica P\u00e3es e Fortalece a F\u00e9 - Salmos B\u00edblicos\" \/>\n<meta property=\"og:description\" content=\"## A Abund\u00e2ncia da Divina Provid\u00eancia H\u00e1 uma beleza singular em contemplar a fragilidade humana, a complexidade das nossas necessidades. Vemos, em nossos dias, a busca incessante por seguran\u00e7a, por sustento, por bem-estar. Mas, por vezes, essa busca nos afasta da fonte de toda a provid\u00eancia, do olhar compassivo que nos acolhe em nossa vulnerabilidade. [&hellip;]\" \/>\n<meta property=\"og:url\" content=\"https:\/\/salmosbiblicos.com.br\/index.php\/2026\/03\/28\/milagre-da-fome-jesus-multiplica-paes-e-fortalece-a-fe\/\" \/>\n<meta property=\"og:site_name\" content=\"Salmos B\u00edblicos\" \/>\n<meta property=\"article:published_time\" content=\"2026-03-28T20:45:21+00:00\" \/>\n<meta name=\"author\" content=\"alextreh@gmail.com\" \/>\n<meta name=\"twitter:card\" content=\"summary_large_image\" \/>\n<meta name=\"twitter:label1\" content=\"Escrito por\" \/>\n\t<meta name=\"twitter:data1\" content=\"alextreh@gmail.com\" \/>\n\t<meta name=\"twitter:label2\" content=\"Est. tempo de leitura\" \/>\n\t<meta name=\"twitter:data2\" content=\"3 minutos\" \/>\n<script type=\"application\/ld+json\" class=\"yoast-schema-graph\">{\"@context\":\"https:\/\/schema.org\",\"@graph\":[{\"@type\":\"Article\",\"@id\":\"https:\/\/salmosbiblicos.com.br\/index.php\/2026\/03\/28\/milagre-da-fome-jesus-multiplica-paes-e-fortalece-a-fe\/#article\",\"isPartOf\":{\"@id\":\"https:\/\/salmosbiblicos.com.br\/index.php\/2026\/03\/28\/milagre-da-fome-jesus-multiplica-paes-e-fortalece-a-fe\/\"},\"author\":{\"name\":\"alextreh@gmail.com\",\"@id\":\"https:\/\/salmosbiblicos.com.br\/#\/schema\/person\/30586d0fb3f3a46b78a3414fc39cc975\"},\"headline\":\"Milagre da Fome: Jesus Multiplica P\u00e3es e Fortalece a F\u00e9\",\"datePublished\":\"2026-03-28T20:45:21+00:00\",\"mainEntityOfPage\":{\"@id\":\"https:\/\/salmosbiblicos.com.br\/index.php\/2026\/03\/28\/milagre-da-fome-jesus-multiplica-paes-e-fortalece-a-fe\/\"},\"wordCount\":601,\"articleSection\":[\"Reflex\u00e3o\"],\"inLanguage\":\"pt-BR\"},{\"@type\":\"WebPage\",\"@id\":\"https:\/\/salmosbiblicos.com.br\/index.php\/2026\/03\/28\/milagre-da-fome-jesus-multiplica-paes-e-fortalece-a-fe\/\",\"url\":\"https:\/\/salmosbiblicos.com.br\/index.php\/2026\/03\/28\/milagre-da-fome-jesus-multiplica-paes-e-fortalece-a-fe\/\",\"name\":\"Milagre da Fome: Jesus Multiplica P\u00e3es e Fortalece a F\u00e9 - Salmos B\u00edblicos\",\"isPartOf\":{\"@id\":\"https:\/\/salmosbiblicos.com.br\/#website\"},\"datePublished\":\"2026-03-28T20:45:21+00:00\",\"author\":{\"@id\":\"https:\/\/salmosbiblicos.com.br\/#\/schema\/person\/30586d0fb3f3a46b78a3414fc39cc975\"},\"breadcrumb\":{\"@id\":\"https:\/\/salmosbiblicos.com.br\/index.php\/2026\/03\/28\/milagre-da-fome-jesus-multiplica-paes-e-fortalece-a-fe\/#breadcrumb\"},\"inLanguage\":\"pt-BR\",\"potentialAction\":[{\"@type\":\"ReadAction\",\"target\":[\"https:\/\/salmosbiblicos.com.br\/index.php\/2026\/03\/28\/milagre-da-fome-jesus-multiplica-paes-e-fortalece-a-fe\/\"]}]},{\"@type\":\"BreadcrumbList\",\"@id\":\"https:\/\/salmosbiblicos.com.br\/index.php\/2026\/03\/28\/milagre-da-fome-jesus-multiplica-paes-e-fortalece-a-fe\/#breadcrumb\",\"itemListElement\":[{\"@type\":\"ListItem\",\"position\":1,\"name\":\"Home\",\"item\":\"https:\/\/salmosbiblicos.com.br\/\"},{\"@type\":\"ListItem\",\"position\":2,\"name\":\"Milagre da Fome: Jesus Multiplica P\u00e3es e Fortalece a F\u00e9\"}]},{\"@type\":\"WebSite\",\"@id\":\"https:\/\/salmosbiblicos.com.br\/#website\",\"url\":\"https:\/\/salmosbiblicos.com.br\/\",\"name\":\"Salmos B\u00edblicos\",\"description\":\"Uma e-Livraria com e-Books novos para voc\u00ea refletir.\",\"potentialAction\":[{\"@type\":\"SearchAction\",\"target\":{\"@type\":\"EntryPoint\",\"urlTemplate\":\"https:\/\/salmosbiblicos.com.br\/?s={search_term_string}\"},\"query-input\":{\"@type\":\"PropertyValueSpecification\",\"valueRequired\":true,\"valueName\":\"search_term_string\"}}],\"inLanguage\":\"pt-BR\"},{\"@type\":\"Person\",\"@id\":\"https:\/\/salmosbiblicos.com.br\/#\/schema\/person\/30586d0fb3f3a46b78a3414fc39cc975\",\"name\":\"alextreh@gmail.com\",\"image\":{\"@type\":\"ImageObject\",\"inLanguage\":\"pt-BR\",\"@id\":\"https:\/\/secure.gravatar.com\/avatar\/7cf84d31f581ec97b887c1039d478a7c293086896c84951a86753fb2c2af7527?s=96&d=mm&r=g\",\"url\":\"https:\/\/secure.gravatar.com\/avatar\/7cf84d31f581ec97b887c1039d478a7c293086896c84951a86753fb2c2af7527?s=96&d=mm&r=g\",\"contentUrl\":\"https:\/\/secure.gravatar.com\/avatar\/7cf84d31f581ec97b887c1039d478a7c293086896c84951a86753fb2c2af7527?s=96&d=mm&r=g\",\"caption\":\"alextreh@gmail.com\"},\"sameAs\":[\"http:\/\/salmosbiblicos.com.br\"],\"url\":\"https:\/\/salmosbiblicos.com.br\/index.php\/author\/alextrehgmail-com\/\"}]}<\/script>\n<!-- \/ Yoast SEO plugin. -->","yoast_head_json":{"title":"Milagre da Fome: Jesus Multiplica P\u00e3es e Fortalece a F\u00e9 - Salmos B\u00edblicos","robots":{"index":"index","follow":"follow","max-snippet":"max-snippet:-1","max-image-preview":"max-image-preview:large","max-video-preview":"max-video-preview:-1"},"canonical":"https:\/\/salmosbiblicos.com.br\/index.php\/2026\/03\/28\/milagre-da-fome-jesus-multiplica-paes-e-fortalece-a-fe\/","og_locale":"pt_BR","og_type":"article","og_title":"Milagre da Fome: Jesus Multiplica P\u00e3es e Fortalece a F\u00e9 - Salmos B\u00edblicos","og_description":"## A Abund\u00e2ncia da Divina Provid\u00eancia H\u00e1 uma beleza singular em contemplar a fragilidade humana, a complexidade das nossas necessidades. Vemos, em nossos dias, a busca incessante por seguran\u00e7a, por sustento, por bem-estar. Mas, por vezes, essa busca nos afasta da fonte de toda a provid\u00eancia, do olhar compassivo que nos acolhe em nossa vulnerabilidade. [&hellip;]","og_url":"https:\/\/salmosbiblicos.com.br\/index.php\/2026\/03\/28\/milagre-da-fome-jesus-multiplica-paes-e-fortalece-a-fe\/","og_site_name":"Salmos B\u00edblicos","article_published_time":"2026-03-28T20:45:21+00:00","author":"alextreh@gmail.com","twitter_card":"summary_large_image","twitter_misc":{"Escrito por":"alextreh@gmail.com","Est. tempo de leitura":"3 minutos"},"schema":{"@context":"https:\/\/schema.org","@graph":[{"@type":"Article","@id":"https:\/\/salmosbiblicos.com.br\/index.php\/2026\/03\/28\/milagre-da-fome-jesus-multiplica-paes-e-fortalece-a-fe\/#article","isPartOf":{"@id":"https:\/\/salmosbiblicos.com.br\/index.php\/2026\/03\/28\/milagre-da-fome-jesus-multiplica-paes-e-fortalece-a-fe\/"},"author":{"name":"alextreh@gmail.com","@id":"https:\/\/salmosbiblicos.com.br\/#\/schema\/person\/30586d0fb3f3a46b78a3414fc39cc975"},"headline":"Milagre da Fome: Jesus Multiplica P\u00e3es e Fortalece a F\u00e9","datePublished":"2026-03-28T20:45:21+00:00","mainEntityOfPage":{"@id":"https:\/\/salmosbiblicos.com.br\/index.php\/2026\/03\/28\/milagre-da-fome-jesus-multiplica-paes-e-fortalece-a-fe\/"},"wordCount":601,"articleSection":["Reflex\u00e3o"],"inLanguage":"pt-BR"},{"@type":"WebPage","@id":"https:\/\/salmosbiblicos.com.br\/index.php\/2026\/03\/28\/milagre-da-fome-jesus-multiplica-paes-e-fortalece-a-fe\/","url":"https:\/\/salmosbiblicos.com.br\/index.php\/2026\/03\/28\/milagre-da-fome-jesus-multiplica-paes-e-fortalece-a-fe\/","name":"Milagre da Fome: Jesus Multiplica P\u00e3es e Fortalece a F\u00e9 - Salmos B\u00edblicos","isPartOf":{"@id":"https:\/\/salmosbiblicos.com.br\/#website"},"datePublished":"2026-03-28T20:45:21+00:00","author":{"@id":"https:\/\/salmosbiblicos.com.br\/#\/schema\/person\/30586d0fb3f3a46b78a3414fc39cc975"},"breadcrumb":{"@id":"https:\/\/salmosbiblicos.com.br\/index.php\/2026\/03\/28\/milagre-da-fome-jesus-multiplica-paes-e-fortalece-a-fe\/#breadcrumb"},"inLanguage":"pt-BR","potentialAction":[{"@type":"ReadAction","target":["https:\/\/salmosbiblicos.com.br\/index.php\/2026\/03\/28\/milagre-da-fome-jesus-multiplica-paes-e-fortalece-a-fe\/"]}]},{"@type":"BreadcrumbList","@id":"https:\/\/salmosbiblicos.com.br\/index.php\/2026\/03\/28\/milagre-da-fome-jesus-multiplica-paes-e-fortalece-a-fe\/#breadcrumb","itemListElement":[{"@type":"ListItem","position":1,"name":"Home","item":"https:\/\/salmosbiblicos.com.br\/"},{"@type":"ListItem","position":2,"name":"Milagre da Fome: Jesus Multiplica P\u00e3es e Fortalece a F\u00e9"}]},{"@type":"WebSite","@id":"https:\/\/salmosbiblicos.com.br\/#website","url":"https:\/\/salmosbiblicos.com.br\/","name":"Salmos B\u00edblicos","description":"Uma e-Livraria com e-Books novos para voc\u00ea refletir.","potentialAction":[{"@type":"SearchAction","target":{"@type":"EntryPoint","urlTemplate":"https:\/\/salmosbiblicos.com.br\/?s={search_term_string}"},"query-input":{"@type":"PropertyValueSpecification","valueRequired":true,"valueName":"search_term_string"}}],"inLanguage":"pt-BR"},{"@type":"Person","@id":"https:\/\/salmosbiblicos.com.br\/#\/schema\/person\/30586d0fb3f3a46b78a3414fc39cc975","name":"alextreh@gmail.com","image":{"@type":"ImageObject","inLanguage":"pt-BR","@id":"https:\/\/secure.gravatar.com\/avatar\/7cf84d31f581ec97b887c1039d478a7c293086896c84951a86753fb2c2af7527?s=96&d=mm&r=g","url":"https:\/\/secure.gravatar.com\/avatar\/7cf84d31f581ec97b887c1039d478a7c293086896c84951a86753fb2c2af7527?s=96&d=mm&r=g","contentUrl":"https:\/\/secure.gravatar.com\/avatar\/7cf84d31f581ec97b887c1039d478a7c293086896c84951a86753fb2c2af7527?s=96&d=mm&r=g","caption":"alextreh@gmail.com"},"sameAs":["http:\/\/salmosbiblicos.com.br"],"url":"https:\/\/salmosbiblicos.com.br\/index.php\/author\/alextrehgmail-com\/"}]}},"_links":{"self":[{"href":"https:\/\/salmosbiblicos.com.br\/index.php\/wp-json\/wp\/v2\/posts\/5630","targetHints":{"allow":["GET"]}}],"collection":[{"href":"https:\/\/salmosbiblicos.com.br\/index.php\/wp-json\/wp\/v2\/posts"}],"about":[{"href":"https:\/\/salmosbiblicos.com.br\/index.php\/wp-json\/wp\/v2\/types\/post"}],"author":[{"embeddable":true,"href":"https:\/\/salmosbiblicos.com.br\/index.php\/wp-json\/wp\/v2\/users\/1"}],"replies":[{"embeddable":true,"href":"https:\/\/salmosbiblicos.com.br\/index.php\/wp-json\/wp\/v2\/comments?post=5630"}],"version-history":[{"count":1,"href":"https:\/\/salmosbiblicos.com.br\/index.php\/wp-json\/wp\/v2\/posts\/5630\/revisions"}],"predecessor-version":[{"id":5631,"href":"https:\/\/salmosbiblicos.com.br\/index.php\/wp-json\/wp\/v2\/posts\/5630\/revisions\/5631"}],"wp:attachment":[{"href":"https:\/\/salmosbiblicos.com.br\/index.php\/wp-json\/wp\/v2\/media?parent=5630"}],"wp:term":[{"taxonomy":"category","embeddable":true,"href":"https:\/\/salmosbiblicos.com.br\/index.php\/wp-json\/wp\/v2\/categories?post=5630"},{"taxonomy":"post_tag","embeddable":true,"href":"https:\/\/salmosbiblicos.com.br\/index.php\/wp-json\/wp\/v2\/tags?post=5630"}],"curies":[{"name":"wp","href":"https:\/\/api.w.org\/{rel}","templated":true}]}}