{"id":5634,"date":"2026-03-28T17:59:17","date_gmt":"2026-03-28T20:59:17","guid":{"rendered":"https:\/\/salmosbiblicos.com.br\/?p=5634"},"modified":"2026-03-28T17:59:17","modified_gmt":"2026-03-28T20:59:17","slug":"casa-do-coracao-encontre-paz-e-fe-no-intimo-da-alma","status":"publish","type":"post","link":"https:\/\/salmosbiblicos.com.br\/index.php\/2026\/03\/28\/casa-do-coracao-encontre-paz-e-fe-no-intimo-da-alma\/","title":{"rendered":"Casa do Cora\u00e7\u00e3o: Encontre Paz e F\u00e9 no Intimo da Alma"},"content":{"rendered":"<p>## A Casa do Cora\u00e7\u00e3o: Um Ref\u00fagio para a F\u00e9<\/p>\n<p>Quantas vezes buscamos conforto e seguran\u00e7a nas paredes que nos protegem do mundo exterior? A casa f\u00edsica, o lar que constru\u00edmos, \u00e9 um lugar importante. Mas existe uma morada muito mais profunda, um ref\u00fagio que transcende o espa\u00e7o f\u00edsico: a casa do cora\u00e7\u00e3o. \u00c9 ali, no \u00edntimo de nossa alma, que a verdadeira paz e a presen\u00e7a divina encontram guarida.<\/p>\n<p>### A F\u00e9 do Centuri\u00e3o<\/p>\n<p>A hist\u00f3ria de um oficial romano, narrada em Mateus 8, nos revela uma li\u00e7\u00e3o poderosa sobre a f\u00e9 e a humildade. Diante de Jesus, ele suplica pela cura de seu servo, aflito com uma terr\u00edvel doen\u00e7a. **Sua f\u00e9 era t\u00e3o grande que ele n\u00e3o se sentia digno de que o pr\u00f3prio Jesus entrasse em sua casa.**<\/p>\n<p>&#8220;Uma s\u00f3 palavra e meu servo ser\u00e1 curado&#8221;, ele declara, demonstrando uma confian\u00e7a profunda e, ao mesmo tempo, uma consci\u00eancia da pr\u00f3pria pequenez.<\/p>\n<p>### A Humildade que Abre Portas<\/p>\n<p>Um ensinamento profundo de Santa Agostinho nos ilumina: **&#8221;Ao ver-se indigno, ele se mostrou digno de que Cristo viesse.&#8221;**  Quando nos reconhecemos como humildes, abrimos espa\u00e7o para a gra\u00e7a divina. Um cora\u00e7\u00e3o orgulhoso se fecha para a luz, acreditando ser autossuficiente.<\/p>\n<p>Quantos de n\u00f3s, em meio \u00e0s dificuldades, pensam que podem resolver tudo sozinhos?  Negamos a necessidade de aux\u00edlio, construindo muralhas de independ\u00eancia que impedem a presen\u00e7a do Senhor.<\/p>\n<p>### O Desejo de Jesus<\/p>\n<p>Jesus anseia por morar em nosso cora\u00e7\u00e3o. N\u00e3o se trata apenas de frequentar templos ou seguir rituais; trata-se de acolher o amor e a miseric\u00f3rdia divina em nosso interior. Da mesma forma que o profeta Ezequiel desejava ardentemente a presen\u00e7a de Deus, Jesus busca a intimidade com cada um de n\u00f3s.<\/p>\n<p>Para Ele, **a verdadeira morada n\u00e3o \u00e9 a casa f\u00edsica, mas a casa do cora\u00e7\u00e3o.**<\/p>\n<p>### Abrindo a Porta Interior<\/p>\n<p>Assim como Jesus visitou muitas casas, mas nem sempre conseguiu entrar nos cora\u00e7\u00f5es, convidamos a reflex\u00e3o: estamos dispostos a abrir a porta de nossa alma para Ele?<\/p>\n<p>Sim\u00e3o, o fariseu orgulhoso, ofereceu a Jesus um lugar em sua casa, mas o Mestre n\u00e3o encontrou abrigo em seu cora\u00e7\u00e3o. A verdadeira comunh\u00e3o exige humildade e entrega.<\/p>\n<p>### Um Convite \u00e0 Esperan\u00e7a<\/p>\n<p>A mensagem do Apocalipse ressoa em nossos ouvidos: &#8220;Eis que estou \u00e0 porta e bato. Se algu\u00e9m ouvir a minha voz e me abrir a porta, eu entrarei em sua casa e cearmos juntos&#8221;.<\/p>\n<p>Que possamos, com fervor, invocar a gra\u00e7a divina: &#8220;Jesus, d\u00e1-me a humildade para que o Senhor possa entrar na casa do meu cora\u00e7\u00e3o&#8221;.  Que a f\u00e9 do centuri\u00e3o inspire nossa jornada, nos guiando para a morada eterna em Deus.<\/p>\n<p>Que a paz, que excede todo o entendimento, esteja com cada um de voc\u00eas. Am\u00e9m.<\/p>\n","protected":false},"excerpt":{"rendered":"<p>## A Casa do Cora\u00e7\u00e3o: Um Ref\u00fagio para a F\u00e9 Quantas vezes buscamos conforto e seguran\u00e7a nas paredes que nos protegem do mundo exterior? A casa f\u00edsica, o lar que constru\u00edmos, \u00e9 um lugar importante. Mas existe uma morada muito mais profunda, um ref\u00fagio que transcende o espa\u00e7o f\u00edsico: a casa do cora\u00e7\u00e3o. \u00c9 ali, [&hellip;]<\/p>\n","protected":false},"author":1,"featured_media":0,"comment_status":"closed","ping_status":"open","sticky":false,"template":"","format":"standard","meta":{"footnotes":""},"categories":[14],"tags":[],"class_list":["post-5634","post","type-post","status-publish","format-standard","hentry","category-reflexao"],"yoast_head":"<!-- This site is optimized with the Yoast SEO plugin v27.2 - https:\/\/yoast.com\/product\/yoast-seo-wordpress\/ -->\n<title>Casa do Cora\u00e7\u00e3o: Encontre Paz e F\u00e9 no Intimo da Alma - Salmos B\u00edblicos<\/title>\n<meta name=\"robots\" content=\"index, follow, max-snippet:-1, max-image-preview:large, max-video-preview:-1\" \/>\n<link rel=\"canonical\" href=\"https:\/\/salmosbiblicos.com.br\/index.php\/2026\/03\/28\/casa-do-coracao-encontre-paz-e-fe-no-intimo-da-alma\/\" \/>\n<meta property=\"og:locale\" content=\"pt_BR\" \/>\n<meta property=\"og:type\" content=\"article\" \/>\n<meta property=\"og:title\" content=\"Casa do Cora\u00e7\u00e3o: Encontre Paz e F\u00e9 no Intimo da Alma - Salmos B\u00edblicos\" \/>\n<meta property=\"og:description\" content=\"## A Casa do Cora\u00e7\u00e3o: Um Ref\u00fagio para a F\u00e9 Quantas vezes buscamos conforto e seguran\u00e7a nas paredes que nos protegem do mundo exterior? A casa f\u00edsica, o lar que constru\u00edmos, \u00e9 um lugar importante. Mas existe uma morada muito mais profunda, um ref\u00fagio que transcende o espa\u00e7o f\u00edsico: a casa do cora\u00e7\u00e3o. \u00c9 ali, [&hellip;]\" \/>\n<meta property=\"og:url\" content=\"https:\/\/salmosbiblicos.com.br\/index.php\/2026\/03\/28\/casa-do-coracao-encontre-paz-e-fe-no-intimo-da-alma\/\" \/>\n<meta property=\"og:site_name\" content=\"Salmos B\u00edblicos\" \/>\n<meta property=\"article:published_time\" content=\"2026-03-28T20:59:17+00:00\" \/>\n<meta name=\"author\" content=\"alextreh@gmail.com\" \/>\n<meta name=\"twitter:card\" content=\"summary_large_image\" \/>\n<meta name=\"twitter:label1\" content=\"Escrito por\" \/>\n\t<meta name=\"twitter:data1\" content=\"alextreh@gmail.com\" \/>\n\t<meta name=\"twitter:label2\" content=\"Est. tempo de leitura\" \/>\n\t<meta name=\"twitter:data2\" content=\"2 minutos\" \/>\n<script type=\"application\/ld+json\" class=\"yoast-schema-graph\">{\"@context\":\"https:\/\/schema.org\",\"@graph\":[{\"@type\":\"Article\",\"@id\":\"https:\/\/salmosbiblicos.com.br\/index.php\/2026\/03\/28\/casa-do-coracao-encontre-paz-e-fe-no-intimo-da-alma\/#article\",\"isPartOf\":{\"@id\":\"https:\/\/salmosbiblicos.com.br\/index.php\/2026\/03\/28\/casa-do-coracao-encontre-paz-e-fe-no-intimo-da-alma\/\"},\"author\":{\"name\":\"alextreh@gmail.com\",\"@id\":\"https:\/\/salmosbiblicos.com.br\/#\/schema\/person\/30586d0fb3f3a46b78a3414fc39cc975\"},\"headline\":\"Casa do Cora\u00e7\u00e3o: Encontre Paz e F\u00e9 no Intimo da Alma\",\"datePublished\":\"2026-03-28T20:59:17+00:00\",\"mainEntityOfPage\":{\"@id\":\"https:\/\/salmosbiblicos.com.br\/index.php\/2026\/03\/28\/casa-do-coracao-encontre-paz-e-fe-no-intimo-da-alma\/\"},\"wordCount\":503,\"articleSection\":[\"Reflex\u00e3o\"],\"inLanguage\":\"pt-BR\"},{\"@type\":\"WebPage\",\"@id\":\"https:\/\/salmosbiblicos.com.br\/index.php\/2026\/03\/28\/casa-do-coracao-encontre-paz-e-fe-no-intimo-da-alma\/\",\"url\":\"https:\/\/salmosbiblicos.com.br\/index.php\/2026\/03\/28\/casa-do-coracao-encontre-paz-e-fe-no-intimo-da-alma\/\",\"name\":\"Casa do Cora\u00e7\u00e3o: Encontre Paz e F\u00e9 no Intimo da Alma - Salmos B\u00edblicos\",\"isPartOf\":{\"@id\":\"https:\/\/salmosbiblicos.com.br\/#website\"},\"datePublished\":\"2026-03-28T20:59:17+00:00\",\"author\":{\"@id\":\"https:\/\/salmosbiblicos.com.br\/#\/schema\/person\/30586d0fb3f3a46b78a3414fc39cc975\"},\"breadcrumb\":{\"@id\":\"https:\/\/salmosbiblicos.com.br\/index.php\/2026\/03\/28\/casa-do-coracao-encontre-paz-e-fe-no-intimo-da-alma\/#breadcrumb\"},\"inLanguage\":\"pt-BR\",\"potentialAction\":[{\"@type\":\"ReadAction\",\"target\":[\"https:\/\/salmosbiblicos.com.br\/index.php\/2026\/03\/28\/casa-do-coracao-encontre-paz-e-fe-no-intimo-da-alma\/\"]}]},{\"@type\":\"BreadcrumbList\",\"@id\":\"https:\/\/salmosbiblicos.com.br\/index.php\/2026\/03\/28\/casa-do-coracao-encontre-paz-e-fe-no-intimo-da-alma\/#breadcrumb\",\"itemListElement\":[{\"@type\":\"ListItem\",\"position\":1,\"name\":\"Home\",\"item\":\"https:\/\/salmosbiblicos.com.br\/\"},{\"@type\":\"ListItem\",\"position\":2,\"name\":\"Casa do Cora\u00e7\u00e3o: Encontre Paz e F\u00e9 no Intimo da Alma\"}]},{\"@type\":\"WebSite\",\"@id\":\"https:\/\/salmosbiblicos.com.br\/#website\",\"url\":\"https:\/\/salmosbiblicos.com.br\/\",\"name\":\"Salmos B\u00edblicos\",\"description\":\"Uma e-Livraria com e-Books novos para voc\u00ea refletir.\",\"potentialAction\":[{\"@type\":\"SearchAction\",\"target\":{\"@type\":\"EntryPoint\",\"urlTemplate\":\"https:\/\/salmosbiblicos.com.br\/?s={search_term_string}\"},\"query-input\":{\"@type\":\"PropertyValueSpecification\",\"valueRequired\":true,\"valueName\":\"search_term_string\"}}],\"inLanguage\":\"pt-BR\"},{\"@type\":\"Person\",\"@id\":\"https:\/\/salmosbiblicos.com.br\/#\/schema\/person\/30586d0fb3f3a46b78a3414fc39cc975\",\"name\":\"alextreh@gmail.com\",\"image\":{\"@type\":\"ImageObject\",\"inLanguage\":\"pt-BR\",\"@id\":\"https:\/\/secure.gravatar.com\/avatar\/7cf84d31f581ec97b887c1039d478a7c293086896c84951a86753fb2c2af7527?s=96&d=mm&r=g\",\"url\":\"https:\/\/secure.gravatar.com\/avatar\/7cf84d31f581ec97b887c1039d478a7c293086896c84951a86753fb2c2af7527?s=96&d=mm&r=g\",\"contentUrl\":\"https:\/\/secure.gravatar.com\/avatar\/7cf84d31f581ec97b887c1039d478a7c293086896c84951a86753fb2c2af7527?s=96&d=mm&r=g\",\"caption\":\"alextreh@gmail.com\"},\"sameAs\":[\"http:\/\/salmosbiblicos.com.br\"],\"url\":\"https:\/\/salmosbiblicos.com.br\/index.php\/author\/alextrehgmail-com\/\"}]}<\/script>\n<!-- \/ Yoast SEO plugin. -->","yoast_head_json":{"title":"Casa do Cora\u00e7\u00e3o: Encontre Paz e F\u00e9 no Intimo da Alma - Salmos B\u00edblicos","robots":{"index":"index","follow":"follow","max-snippet":"max-snippet:-1","max-image-preview":"max-image-preview:large","max-video-preview":"max-video-preview:-1"},"canonical":"https:\/\/salmosbiblicos.com.br\/index.php\/2026\/03\/28\/casa-do-coracao-encontre-paz-e-fe-no-intimo-da-alma\/","og_locale":"pt_BR","og_type":"article","og_title":"Casa do Cora\u00e7\u00e3o: Encontre Paz e F\u00e9 no Intimo da Alma - Salmos B\u00edblicos","og_description":"## A Casa do Cora\u00e7\u00e3o: Um Ref\u00fagio para a F\u00e9 Quantas vezes buscamos conforto e seguran\u00e7a nas paredes que nos protegem do mundo exterior? A casa f\u00edsica, o lar que constru\u00edmos, \u00e9 um lugar importante. Mas existe uma morada muito mais profunda, um ref\u00fagio que transcende o espa\u00e7o f\u00edsico: a casa do cora\u00e7\u00e3o. \u00c9 ali, [&hellip;]","og_url":"https:\/\/salmosbiblicos.com.br\/index.php\/2026\/03\/28\/casa-do-coracao-encontre-paz-e-fe-no-intimo-da-alma\/","og_site_name":"Salmos B\u00edblicos","article_published_time":"2026-03-28T20:59:17+00:00","author":"alextreh@gmail.com","twitter_card":"summary_large_image","twitter_misc":{"Escrito por":"alextreh@gmail.com","Est. tempo de leitura":"2 minutos"},"schema":{"@context":"https:\/\/schema.org","@graph":[{"@type":"Article","@id":"https:\/\/salmosbiblicos.com.br\/index.php\/2026\/03\/28\/casa-do-coracao-encontre-paz-e-fe-no-intimo-da-alma\/#article","isPartOf":{"@id":"https:\/\/salmosbiblicos.com.br\/index.php\/2026\/03\/28\/casa-do-coracao-encontre-paz-e-fe-no-intimo-da-alma\/"},"author":{"name":"alextreh@gmail.com","@id":"https:\/\/salmosbiblicos.com.br\/#\/schema\/person\/30586d0fb3f3a46b78a3414fc39cc975"},"headline":"Casa do Cora\u00e7\u00e3o: Encontre Paz e F\u00e9 no Intimo da Alma","datePublished":"2026-03-28T20:59:17+00:00","mainEntityOfPage":{"@id":"https:\/\/salmosbiblicos.com.br\/index.php\/2026\/03\/28\/casa-do-coracao-encontre-paz-e-fe-no-intimo-da-alma\/"},"wordCount":503,"articleSection":["Reflex\u00e3o"],"inLanguage":"pt-BR"},{"@type":"WebPage","@id":"https:\/\/salmosbiblicos.com.br\/index.php\/2026\/03\/28\/casa-do-coracao-encontre-paz-e-fe-no-intimo-da-alma\/","url":"https:\/\/salmosbiblicos.com.br\/index.php\/2026\/03\/28\/casa-do-coracao-encontre-paz-e-fe-no-intimo-da-alma\/","name":"Casa do Cora\u00e7\u00e3o: Encontre Paz e F\u00e9 no Intimo da Alma - Salmos B\u00edblicos","isPartOf":{"@id":"https:\/\/salmosbiblicos.com.br\/#website"},"datePublished":"2026-03-28T20:59:17+00:00","author":{"@id":"https:\/\/salmosbiblicos.com.br\/#\/schema\/person\/30586d0fb3f3a46b78a3414fc39cc975"},"breadcrumb":{"@id":"https:\/\/salmosbiblicos.com.br\/index.php\/2026\/03\/28\/casa-do-coracao-encontre-paz-e-fe-no-intimo-da-alma\/#breadcrumb"},"inLanguage":"pt-BR","potentialAction":[{"@type":"ReadAction","target":["https:\/\/salmosbiblicos.com.br\/index.php\/2026\/03\/28\/casa-do-coracao-encontre-paz-e-fe-no-intimo-da-alma\/"]}]},{"@type":"BreadcrumbList","@id":"https:\/\/salmosbiblicos.com.br\/index.php\/2026\/03\/28\/casa-do-coracao-encontre-paz-e-fe-no-intimo-da-alma\/#breadcrumb","itemListElement":[{"@type":"ListItem","position":1,"name":"Home","item":"https:\/\/salmosbiblicos.com.br\/"},{"@type":"ListItem","position":2,"name":"Casa do Cora\u00e7\u00e3o: Encontre Paz e F\u00e9 no Intimo da Alma"}]},{"@type":"WebSite","@id":"https:\/\/salmosbiblicos.com.br\/#website","url":"https:\/\/salmosbiblicos.com.br\/","name":"Salmos B\u00edblicos","description":"Uma e-Livraria com e-Books novos para voc\u00ea refletir.","potentialAction":[{"@type":"SearchAction","target":{"@type":"EntryPoint","urlTemplate":"https:\/\/salmosbiblicos.com.br\/?s={search_term_string}"},"query-input":{"@type":"PropertyValueSpecification","valueRequired":true,"valueName":"search_term_string"}}],"inLanguage":"pt-BR"},{"@type":"Person","@id":"https:\/\/salmosbiblicos.com.br\/#\/schema\/person\/30586d0fb3f3a46b78a3414fc39cc975","name":"alextreh@gmail.com","image":{"@type":"ImageObject","inLanguage":"pt-BR","@id":"https:\/\/secure.gravatar.com\/avatar\/7cf84d31f581ec97b887c1039d478a7c293086896c84951a86753fb2c2af7527?s=96&d=mm&r=g","url":"https:\/\/secure.gravatar.com\/avatar\/7cf84d31f581ec97b887c1039d478a7c293086896c84951a86753fb2c2af7527?s=96&d=mm&r=g","contentUrl":"https:\/\/secure.gravatar.com\/avatar\/7cf84d31f581ec97b887c1039d478a7c293086896c84951a86753fb2c2af7527?s=96&d=mm&r=g","caption":"alextreh@gmail.com"},"sameAs":["http:\/\/salmosbiblicos.com.br"],"url":"https:\/\/salmosbiblicos.com.br\/index.php\/author\/alextrehgmail-com\/"}]}},"_links":{"self":[{"href":"https:\/\/salmosbiblicos.com.br\/index.php\/wp-json\/wp\/v2\/posts\/5634","targetHints":{"allow":["GET"]}}],"collection":[{"href":"https:\/\/salmosbiblicos.com.br\/index.php\/wp-json\/wp\/v2\/posts"}],"about":[{"href":"https:\/\/salmosbiblicos.com.br\/index.php\/wp-json\/wp\/v2\/types\/post"}],"author":[{"embeddable":true,"href":"https:\/\/salmosbiblicos.com.br\/index.php\/wp-json\/wp\/v2\/users\/1"}],"replies":[{"embeddable":true,"href":"https:\/\/salmosbiblicos.com.br\/index.php\/wp-json\/wp\/v2\/comments?post=5634"}],"version-history":[{"count":1,"href":"https:\/\/salmosbiblicos.com.br\/index.php\/wp-json\/wp\/v2\/posts\/5634\/revisions"}],"predecessor-version":[{"id":5635,"href":"https:\/\/salmosbiblicos.com.br\/index.php\/wp-json\/wp\/v2\/posts\/5634\/revisions\/5635"}],"wp:attachment":[{"href":"https:\/\/salmosbiblicos.com.br\/index.php\/wp-json\/wp\/v2\/media?parent=5634"}],"wp:term":[{"taxonomy":"category","embeddable":true,"href":"https:\/\/salmosbiblicos.com.br\/index.php\/wp-json\/wp\/v2\/categories?post=5634"},{"taxonomy":"post_tag","embeddable":true,"href":"https:\/\/salmosbiblicos.com.br\/index.php\/wp-json\/wp\/v2\/tags?post=5634"}],"curies":[{"name":"wp","href":"https:\/\/api.w.org\/{rel}","templated":true}]}}