{"id":5642,"date":"2026-03-28T18:26:32","date_gmt":"2026-03-28T21:26:32","guid":{"rendered":"https:\/\/salmosbiblicos.com.br\/?p=5642"},"modified":"2026-03-28T18:26:32","modified_gmt":"2026-03-28T21:26:32","slug":"sinais-do-apocalipse-fe-e-esperanca-em-tempos-de-crise","status":"publish","type":"post","link":"https:\/\/salmosbiblicos.com.br\/index.php\/2026\/03\/28\/sinais-do-apocalipse-fe-e-esperanca-em-tempos-de-crise\/","title":{"rendered":"Sinais do Apocalipse: F\u00e9 e Esperan\u00e7a em Tempos de Crise"},"content":{"rendered":"<p>## A Esperan\u00e7a em Meio \u00e0 Tempestade<\/p>\n<p>A Palavra nos fala de um tempo de prova\u00e7\u00e3o, um tempo em que a ang\u00fastia e o temor se espalhar\u00e3o sobre a Terra. As Escrituras anunciam sinais no c\u00e9u, o tremor da Terra, o desespero das na\u00e7\u00f5es. Um cen\u00e1rio de calamidade, de sofrimento e de persegui\u00e7\u00e3o. Uma leitura que pode gerar apreens\u00e3o, mas que, em sua ess\u00eancia, nos convida a um profundo exame de f\u00e9.<\/p>\n<p>### A Realidade do Presente e o Apelo \u00e0 Vigil\u00e2ncia<\/p>\n<p>\u00c9 inevit\u00e1vel sentir o peso das palavras que nos s\u00e3o apresentadas: a destrui\u00e7\u00e3o, a viol\u00eancia, a pris\u00e3o, o medo. Uma imagem forte que nos lembra da fragilidade da exist\u00eancia e da inevitabilidade do sofrimento. **O mundo, por vezes, se mostra um lugar de dor e incerteza.**<\/p>\n<p>Contudo, a Palavra n\u00e3o nos deixa \u00f3rf\u00e3os diante da tempestade. N\u00e3o nos abandona \u00e0 escurid\u00e3o. H\u00e1, em meio a essa premoni\u00e7\u00e3o, um raio de esperan\u00e7a, uma luz que ilumina o caminho.<\/p>\n<p>### O Filho do Homem e a Promessa da Transforma\u00e7\u00e3o<\/p>\n<p>&#8220;Ent\u00e3o, eles ver\u00e3o o Filho do Homem vindo numa nuvem, com grande poder e gl\u00f3ria.&#8221; Esta \u00e9 a promessa. Em meio ao caos, em meio \u00e0 ang\u00fastia, em meio ao medo, **o olhar se volta para o horizonte em busca daquele que vir\u00e1 para nos libertar.**<\/p>\n<p>A primeira vinda de Jesus foi marcada pela humildade, pela discri\u00e7\u00e3o, pela simplicidade. Um nascimento em Bel\u00e9m, longe dos holofotes, quase ignorado pelo mundo. Mas a sua segunda vinda ser\u00e1 diferente. Ser\u00e3o manifestados o seu poder e a sua gl\u00f3ria, revelando a sua divindade.<\/p>\n<p>### Um Novo C\u00e9u, Uma Nova Terra<\/p>\n<p>A promessa \u00e9 de renova\u00e7\u00e3o. Um mundo transformado, onde o luto ser\u00e1 eliminado, onde a morte perder\u00e1 o seu poder, onde a dor e as l\u00e1grimas ser\u00e3o apenas mem\u00f3rias. **Um tempo de restaura\u00e7\u00e3o, de paz e de alegria eterna.**<\/p>\n<p>*   A cria\u00e7\u00e3o ser\u00e1 refeita.<br \/>*   A natureza humana ser\u00e1 restaurada.<br \/>*   Os mortos ressuscitar\u00e3o.<br \/>*   Nosso corpo terreno ser\u00e1 transformado em um corpo glorioso, semelhante ao de Cristo.<\/p>\n<p>### Levantemos as Cabe\u00e7as e Ansiemos a Transforma\u00e7\u00e3o<\/p>\n<p>Diante da adversidade, diante do sofrimento, diante do medo, a Palavra nos exorta: &#8220;Levantem e ergam suas cabe\u00e7as, pois a nossa liberta\u00e7\u00e3o est\u00e1 pr\u00f3xima.&#8221; **N\u00e3o nos permitamos ser consumidos pelo desespero.** Que a esperan\u00e7a, a f\u00e9 e a perseveran\u00e7a sejam os pilares que sustentam os nossos passos.<\/p>\n<p>Ansiemos o dia da volta de Jesus, o dia em que a transforma\u00e7\u00e3o se tornar\u00e1 realidade. Um dia em que a cria\u00e7\u00e3o inteira ser\u00e1 renovada e a justi\u00e7a e a paz reinar\u00e3o para sempre. Um dia em que a promessa feita em Lucas, cap\u00edtulo 21, vers\u00edculos 20 a 28, ser\u00e1 cumprida na sua plenitude.<\/p>\n<p>Que a nossa alma se eleve em ora\u00e7\u00e3o, em gratid\u00e3o e em expectativa. E que possamos, com fervor, exclamar: &#8220;Quando meu Jesus voltar, ele vai transformar todas as coisas para melhor!&#8221;<\/p>\n","protected":false},"excerpt":{"rendered":"<p>## A Esperan\u00e7a em Meio \u00e0 Tempestade A Palavra nos fala de um tempo de prova\u00e7\u00e3o, um tempo em que a ang\u00fastia e o temor se espalhar\u00e3o sobre a Terra. As Escrituras anunciam sinais no c\u00e9u, o tremor da Terra, o desespero das na\u00e7\u00f5es. Um cen\u00e1rio de calamidade, de sofrimento e de persegui\u00e7\u00e3o. Uma leitura [&hellip;]<\/p>\n","protected":false},"author":1,"featured_media":0,"comment_status":"closed","ping_status":"open","sticky":false,"template":"","format":"standard","meta":{"footnotes":""},"categories":[14],"tags":[],"class_list":["post-5642","post","type-post","status-publish","format-standard","hentry","category-reflexao"],"yoast_head":"<!-- This site is optimized with the Yoast SEO plugin v27.2 - https:\/\/yoast.com\/product\/yoast-seo-wordpress\/ -->\n<title>Sinais do Apocalipse: F\u00e9 e Esperan\u00e7a em Tempos de Crise - Salmos B\u00edblicos<\/title>\n<meta name=\"robots\" content=\"index, follow, max-snippet:-1, max-image-preview:large, max-video-preview:-1\" \/>\n<link rel=\"canonical\" href=\"https:\/\/salmosbiblicos.com.br\/index.php\/2026\/03\/28\/sinais-do-apocalipse-fe-e-esperanca-em-tempos-de-crise\/\" \/>\n<meta property=\"og:locale\" content=\"pt_BR\" \/>\n<meta property=\"og:type\" content=\"article\" \/>\n<meta property=\"og:title\" content=\"Sinais do Apocalipse: F\u00e9 e Esperan\u00e7a em Tempos de Crise - Salmos B\u00edblicos\" \/>\n<meta property=\"og:description\" content=\"## A Esperan\u00e7a em Meio \u00e0 Tempestade A Palavra nos fala de um tempo de prova\u00e7\u00e3o, um tempo em que a ang\u00fastia e o temor se espalhar\u00e3o sobre a Terra. As Escrituras anunciam sinais no c\u00e9u, o tremor da Terra, o desespero das na\u00e7\u00f5es. Um cen\u00e1rio de calamidade, de sofrimento e de persegui\u00e7\u00e3o. Uma leitura [&hellip;]\" \/>\n<meta property=\"og:url\" content=\"https:\/\/salmosbiblicos.com.br\/index.php\/2026\/03\/28\/sinais-do-apocalipse-fe-e-esperanca-em-tempos-de-crise\/\" \/>\n<meta property=\"og:site_name\" content=\"Salmos B\u00edblicos\" \/>\n<meta property=\"article:published_time\" content=\"2026-03-28T21:26:32+00:00\" \/>\n<meta name=\"author\" content=\"alextreh@gmail.com\" \/>\n<meta name=\"twitter:card\" content=\"summary_large_image\" \/>\n<meta name=\"twitter:label1\" content=\"Escrito por\" \/>\n\t<meta name=\"twitter:data1\" content=\"alextreh@gmail.com\" \/>\n\t<meta name=\"twitter:label2\" content=\"Est. tempo de leitura\" \/>\n\t<meta name=\"twitter:data2\" content=\"3 minutos\" \/>\n<script type=\"application\/ld+json\" class=\"yoast-schema-graph\">{\"@context\":\"https:\/\/schema.org\",\"@graph\":[{\"@type\":\"Article\",\"@id\":\"https:\/\/salmosbiblicos.com.br\/index.php\/2026\/03\/28\/sinais-do-apocalipse-fe-e-esperanca-em-tempos-de-crise\/#article\",\"isPartOf\":{\"@id\":\"https:\/\/salmosbiblicos.com.br\/index.php\/2026\/03\/28\/sinais-do-apocalipse-fe-e-esperanca-em-tempos-de-crise\/\"},\"author\":{\"name\":\"alextreh@gmail.com\",\"@id\":\"https:\/\/salmosbiblicos.com.br\/#\/schema\/person\/30586d0fb3f3a46b78a3414fc39cc975\"},\"headline\":\"Sinais do Apocalipse: F\u00e9 e Esperan\u00e7a em Tempos de Crise\",\"datePublished\":\"2026-03-28T21:26:32+00:00\",\"mainEntityOfPage\":{\"@id\":\"https:\/\/salmosbiblicos.com.br\/index.php\/2026\/03\/28\/sinais-do-apocalipse-fe-e-esperanca-em-tempos-de-crise\/\"},\"wordCount\":522,\"articleSection\":[\"Reflex\u00e3o\"],\"inLanguage\":\"pt-BR\"},{\"@type\":\"WebPage\",\"@id\":\"https:\/\/salmosbiblicos.com.br\/index.php\/2026\/03\/28\/sinais-do-apocalipse-fe-e-esperanca-em-tempos-de-crise\/\",\"url\":\"https:\/\/salmosbiblicos.com.br\/index.php\/2026\/03\/28\/sinais-do-apocalipse-fe-e-esperanca-em-tempos-de-crise\/\",\"name\":\"Sinais do Apocalipse: F\u00e9 e Esperan\u00e7a em Tempos de Crise - Salmos B\u00edblicos\",\"isPartOf\":{\"@id\":\"https:\/\/salmosbiblicos.com.br\/#website\"},\"datePublished\":\"2026-03-28T21:26:32+00:00\",\"author\":{\"@id\":\"https:\/\/salmosbiblicos.com.br\/#\/schema\/person\/30586d0fb3f3a46b78a3414fc39cc975\"},\"breadcrumb\":{\"@id\":\"https:\/\/salmosbiblicos.com.br\/index.php\/2026\/03\/28\/sinais-do-apocalipse-fe-e-esperanca-em-tempos-de-crise\/#breadcrumb\"},\"inLanguage\":\"pt-BR\",\"potentialAction\":[{\"@type\":\"ReadAction\",\"target\":[\"https:\/\/salmosbiblicos.com.br\/index.php\/2026\/03\/28\/sinais-do-apocalipse-fe-e-esperanca-em-tempos-de-crise\/\"]}]},{\"@type\":\"BreadcrumbList\",\"@id\":\"https:\/\/salmosbiblicos.com.br\/index.php\/2026\/03\/28\/sinais-do-apocalipse-fe-e-esperanca-em-tempos-de-crise\/#breadcrumb\",\"itemListElement\":[{\"@type\":\"ListItem\",\"position\":1,\"name\":\"Home\",\"item\":\"https:\/\/salmosbiblicos.com.br\/\"},{\"@type\":\"ListItem\",\"position\":2,\"name\":\"Sinais do Apocalipse: F\u00e9 e Esperan\u00e7a em Tempos de Crise\"}]},{\"@type\":\"WebSite\",\"@id\":\"https:\/\/salmosbiblicos.com.br\/#website\",\"url\":\"https:\/\/salmosbiblicos.com.br\/\",\"name\":\"Salmos B\u00edblicos\",\"description\":\"Uma e-Livraria com e-Books novos para voc\u00ea refletir.\",\"potentialAction\":[{\"@type\":\"SearchAction\",\"target\":{\"@type\":\"EntryPoint\",\"urlTemplate\":\"https:\/\/salmosbiblicos.com.br\/?s={search_term_string}\"},\"query-input\":{\"@type\":\"PropertyValueSpecification\",\"valueRequired\":true,\"valueName\":\"search_term_string\"}}],\"inLanguage\":\"pt-BR\"},{\"@type\":\"Person\",\"@id\":\"https:\/\/salmosbiblicos.com.br\/#\/schema\/person\/30586d0fb3f3a46b78a3414fc39cc975\",\"name\":\"alextreh@gmail.com\",\"image\":{\"@type\":\"ImageObject\",\"inLanguage\":\"pt-BR\",\"@id\":\"https:\/\/secure.gravatar.com\/avatar\/7cf84d31f581ec97b887c1039d478a7c293086896c84951a86753fb2c2af7527?s=96&d=mm&r=g\",\"url\":\"https:\/\/secure.gravatar.com\/avatar\/7cf84d31f581ec97b887c1039d478a7c293086896c84951a86753fb2c2af7527?s=96&d=mm&r=g\",\"contentUrl\":\"https:\/\/secure.gravatar.com\/avatar\/7cf84d31f581ec97b887c1039d478a7c293086896c84951a86753fb2c2af7527?s=96&d=mm&r=g\",\"caption\":\"alextreh@gmail.com\"},\"sameAs\":[\"http:\/\/salmosbiblicos.com.br\"],\"url\":\"https:\/\/salmosbiblicos.com.br\/index.php\/author\/alextrehgmail-com\/\"}]}<\/script>\n<!-- \/ Yoast SEO plugin. -->","yoast_head_json":{"title":"Sinais do Apocalipse: F\u00e9 e Esperan\u00e7a em Tempos de Crise - Salmos B\u00edblicos","robots":{"index":"index","follow":"follow","max-snippet":"max-snippet:-1","max-image-preview":"max-image-preview:large","max-video-preview":"max-video-preview:-1"},"canonical":"https:\/\/salmosbiblicos.com.br\/index.php\/2026\/03\/28\/sinais-do-apocalipse-fe-e-esperanca-em-tempos-de-crise\/","og_locale":"pt_BR","og_type":"article","og_title":"Sinais do Apocalipse: F\u00e9 e Esperan\u00e7a em Tempos de Crise - Salmos B\u00edblicos","og_description":"## A Esperan\u00e7a em Meio \u00e0 Tempestade A Palavra nos fala de um tempo de prova\u00e7\u00e3o, um tempo em que a ang\u00fastia e o temor se espalhar\u00e3o sobre a Terra. As Escrituras anunciam sinais no c\u00e9u, o tremor da Terra, o desespero das na\u00e7\u00f5es. Um cen\u00e1rio de calamidade, de sofrimento e de persegui\u00e7\u00e3o. Uma leitura [&hellip;]","og_url":"https:\/\/salmosbiblicos.com.br\/index.php\/2026\/03\/28\/sinais-do-apocalipse-fe-e-esperanca-em-tempos-de-crise\/","og_site_name":"Salmos B\u00edblicos","article_published_time":"2026-03-28T21:26:32+00:00","author":"alextreh@gmail.com","twitter_card":"summary_large_image","twitter_misc":{"Escrito por":"alextreh@gmail.com","Est. tempo de leitura":"3 minutos"},"schema":{"@context":"https:\/\/schema.org","@graph":[{"@type":"Article","@id":"https:\/\/salmosbiblicos.com.br\/index.php\/2026\/03\/28\/sinais-do-apocalipse-fe-e-esperanca-em-tempos-de-crise\/#article","isPartOf":{"@id":"https:\/\/salmosbiblicos.com.br\/index.php\/2026\/03\/28\/sinais-do-apocalipse-fe-e-esperanca-em-tempos-de-crise\/"},"author":{"name":"alextreh@gmail.com","@id":"https:\/\/salmosbiblicos.com.br\/#\/schema\/person\/30586d0fb3f3a46b78a3414fc39cc975"},"headline":"Sinais do Apocalipse: F\u00e9 e Esperan\u00e7a em Tempos de Crise","datePublished":"2026-03-28T21:26:32+00:00","mainEntityOfPage":{"@id":"https:\/\/salmosbiblicos.com.br\/index.php\/2026\/03\/28\/sinais-do-apocalipse-fe-e-esperanca-em-tempos-de-crise\/"},"wordCount":522,"articleSection":["Reflex\u00e3o"],"inLanguage":"pt-BR"},{"@type":"WebPage","@id":"https:\/\/salmosbiblicos.com.br\/index.php\/2026\/03\/28\/sinais-do-apocalipse-fe-e-esperanca-em-tempos-de-crise\/","url":"https:\/\/salmosbiblicos.com.br\/index.php\/2026\/03\/28\/sinais-do-apocalipse-fe-e-esperanca-em-tempos-de-crise\/","name":"Sinais do Apocalipse: F\u00e9 e Esperan\u00e7a em Tempos de Crise - Salmos B\u00edblicos","isPartOf":{"@id":"https:\/\/salmosbiblicos.com.br\/#website"},"datePublished":"2026-03-28T21:26:32+00:00","author":{"@id":"https:\/\/salmosbiblicos.com.br\/#\/schema\/person\/30586d0fb3f3a46b78a3414fc39cc975"},"breadcrumb":{"@id":"https:\/\/salmosbiblicos.com.br\/index.php\/2026\/03\/28\/sinais-do-apocalipse-fe-e-esperanca-em-tempos-de-crise\/#breadcrumb"},"inLanguage":"pt-BR","potentialAction":[{"@type":"ReadAction","target":["https:\/\/salmosbiblicos.com.br\/index.php\/2026\/03\/28\/sinais-do-apocalipse-fe-e-esperanca-em-tempos-de-crise\/"]}]},{"@type":"BreadcrumbList","@id":"https:\/\/salmosbiblicos.com.br\/index.php\/2026\/03\/28\/sinais-do-apocalipse-fe-e-esperanca-em-tempos-de-crise\/#breadcrumb","itemListElement":[{"@type":"ListItem","position":1,"name":"Home","item":"https:\/\/salmosbiblicos.com.br\/"},{"@type":"ListItem","position":2,"name":"Sinais do Apocalipse: F\u00e9 e Esperan\u00e7a em Tempos de Crise"}]},{"@type":"WebSite","@id":"https:\/\/salmosbiblicos.com.br\/#website","url":"https:\/\/salmosbiblicos.com.br\/","name":"Salmos B\u00edblicos","description":"Uma e-Livraria com e-Books novos para voc\u00ea refletir.","potentialAction":[{"@type":"SearchAction","target":{"@type":"EntryPoint","urlTemplate":"https:\/\/salmosbiblicos.com.br\/?s={search_term_string}"},"query-input":{"@type":"PropertyValueSpecification","valueRequired":true,"valueName":"search_term_string"}}],"inLanguage":"pt-BR"},{"@type":"Person","@id":"https:\/\/salmosbiblicos.com.br\/#\/schema\/person\/30586d0fb3f3a46b78a3414fc39cc975","name":"alextreh@gmail.com","image":{"@type":"ImageObject","inLanguage":"pt-BR","@id":"https:\/\/secure.gravatar.com\/avatar\/7cf84d31f581ec97b887c1039d478a7c293086896c84951a86753fb2c2af7527?s=96&d=mm&r=g","url":"https:\/\/secure.gravatar.com\/avatar\/7cf84d31f581ec97b887c1039d478a7c293086896c84951a86753fb2c2af7527?s=96&d=mm&r=g","contentUrl":"https:\/\/secure.gravatar.com\/avatar\/7cf84d31f581ec97b887c1039d478a7c293086896c84951a86753fb2c2af7527?s=96&d=mm&r=g","caption":"alextreh@gmail.com"},"sameAs":["http:\/\/salmosbiblicos.com.br"],"url":"https:\/\/salmosbiblicos.com.br\/index.php\/author\/alextrehgmail-com\/"}]}},"_links":{"self":[{"href":"https:\/\/salmosbiblicos.com.br\/index.php\/wp-json\/wp\/v2\/posts\/5642","targetHints":{"allow":["GET"]}}],"collection":[{"href":"https:\/\/salmosbiblicos.com.br\/index.php\/wp-json\/wp\/v2\/posts"}],"about":[{"href":"https:\/\/salmosbiblicos.com.br\/index.php\/wp-json\/wp\/v2\/types\/post"}],"author":[{"embeddable":true,"href":"https:\/\/salmosbiblicos.com.br\/index.php\/wp-json\/wp\/v2\/users\/1"}],"replies":[{"embeddable":true,"href":"https:\/\/salmosbiblicos.com.br\/index.php\/wp-json\/wp\/v2\/comments?post=5642"}],"version-history":[{"count":1,"href":"https:\/\/salmosbiblicos.com.br\/index.php\/wp-json\/wp\/v2\/posts\/5642\/revisions"}],"predecessor-version":[{"id":5643,"href":"https:\/\/salmosbiblicos.com.br\/index.php\/wp-json\/wp\/v2\/posts\/5642\/revisions\/5643"}],"wp:attachment":[{"href":"https:\/\/salmosbiblicos.com.br\/index.php\/wp-json\/wp\/v2\/media?parent=5642"}],"wp:term":[{"taxonomy":"category","embeddable":true,"href":"https:\/\/salmosbiblicos.com.br\/index.php\/wp-json\/wp\/v2\/categories?post=5642"},{"taxonomy":"post_tag","embeddable":true,"href":"https:\/\/salmosbiblicos.com.br\/index.php\/wp-json\/wp\/v2\/tags?post=5642"}],"curies":[{"name":"wp","href":"https:\/\/api.w.org\/{rel}","templated":true}]}}