{"id":5668,"date":"2026-03-28T19:54:49","date_gmt":"2026-03-28T22:54:49","guid":{"rendered":"https:\/\/salmosbiblicos.com.br\/?p=5668"},"modified":"2026-03-28T19:54:49","modified_gmt":"2026-03-28T22:54:49","slug":"esteja-pronto-reflexoes-sobre-vigilancia-e-o-dia-do-senhor","status":"publish","type":"post","link":"https:\/\/salmosbiblicos.com.br\/index.php\/2026\/03\/28\/esteja-pronto-reflexoes-sobre-vigilancia-e-o-dia-do-senhor\/","title":{"rendered":"Esteja Pronto: Reflex\u00f5es sobre Vigil\u00e2ncia e o Dia do Senhor"},"content":{"rendered":"<p>## A Urg\u00eancia da Vigil\u00e2ncia: Preparando o Cora\u00e7\u00e3o para o Dia do Senhor<\/p>\n<p>Quantas vezes nos deixamos levar pela rotina, imersos nas preocupa\u00e7\u00f5es do cotidiano, esquecendo-nos do prop\u00f3sito maior que reside em nossos cora\u00e7\u00f5es? A vida, em sua constante pressa, pode nos afastar da verdadeira ess\u00eancia da f\u00e9, do reconhecimento da brevidade da exist\u00eancia. Precisamos, em meio ao turbilh\u00e3o, cultivar a vigil\u00e2ncia, a prontid\u00e3o para o dia que n\u00e3o sabemos quando vir\u00e1.<\/p>\n<p>### A Sombra do Passado: Li\u00e7\u00f5es dos Dias de No\u00e9 e L\u00f3<\/p>\n<p>As Escrituras nos alertam, com a for\u00e7a de um trov\u00e3o, atrav\u00e9s do exemplo dos que viveram antes de n\u00f3s. Assim como nos dias de No\u00e9 e L\u00f3, a humanidade se entregou aos prazeres terrenos, \u00e0s atividades mundanas, ignorando os sinais que prenunciavam um ju\u00edzo iminente. **&#8221;Eles comiam, bebiam, casavam-se e se davam em casamento at\u00e9 o dia em que No\u00e9 entrou na arca.&#8221;**<\/p>\n<p>No\u00e9 entrou na arca enquanto o mundo seguia em sua celebra\u00e7\u00e3o superficial. A destrui\u00e7\u00e3o chegou de forma repentina, um dil\u00favio que varreu a terra, levando consigo aqueles que estavam alheios \u00e0 verdade. Da mesma forma, L\u00f3 e sua fam\u00edlia foram poupados da destrui\u00e7\u00e3o de Sodoma e Gomorra, mas sua filha, presa \u00e0 incredulidade, foi consumida pelas chamas.<\/p>\n<p>### A Prontid\u00e3o: Um Chamado a Cada Um<\/p>\n<p>A pergunta que ressoa em nossos cora\u00e7\u00f5es \u00e9: estamos preparados? Vivemos com a consci\u00eancia de que, a qualquer momento, o Senhor pode nos chamar? Ou nos deixamos enganar pela falsa seguran\u00e7a do mundo, adiando a reflex\u00e3o, o arrependimento, a busca por uma vida mais pr\u00f3xima de Deus?<\/p>\n<p>**&#8221;Nesse dia quem estiver no terra\u00e7o n\u00e3o deixe para tr\u00e1s os bens que est\u00e3o em sua casa e quem estiver nos campos n\u00e3o volte para tr\u00e1s.&#8221;** A mensagem \u00e9 clara: a vida \u00e9 passageira e a busca por riquezas materiais \u00e9 v\u00e3 se negligenciamos o que realmente importa \u2013 a salva\u00e7\u00e3o da alma.<\/p>\n<p>### A Revela\u00e7\u00e3o: Um Mist\u00e9rio que nos Desafia<\/p>\n<p>O retorno de Cristo \u00e9 um mist\u00e9rio, um evento que ocorrer\u00e1 quando menos esperamos. Assim como o julgamento veio de forma inesperada para aqueles que viveram nos dias de No\u00e9 e L\u00f3, Ele vir\u00e1 para julgar a humanidade. **&#8221;Nossa terra, onde estiver o cad\u00e1ver, a\u00ed se reunir\u00e3o os abutres.&#8221;**  O ju\u00edzo n\u00e3o ser\u00e1 um evento distante, mas sim um momento de confronto com a pr\u00f3pria consci\u00eancia, uma avalia\u00e7\u00e3o de nossas a\u00e7\u00f5es perante Deus.<\/p>\n<p>### A Doutrina: Um Caminho de Arrependimento e F\u00e9<\/p>\n<p>A Palavra nos convida a um constante estado de vigil\u00e2ncia, a uma profunda reflex\u00e3o sobre nossas vidas. **&#8221;Lembra-te de como recebestes estes ensinamentos, observa e arrepende-te.&#8221;** A penit\u00eancia, o reconhecimento de nossos erros e a busca pelo perd\u00e3o s\u00e3o o caminho que nos leva \u00e0 reconcilia\u00e7\u00e3o com Deus.<\/p>\n<p>### A Contempla\u00e7\u00e3o: Uma Responsabilidade Individual<\/p>\n<p>Cada um de n\u00f3s prestar\u00e1 contas de si mesmo perante o Tribunal de Deus. N\u00e3o podemos adiar a busca pela verdade, o abandono dos v\u00edcios, a pr\u00e1tica da caridade. **&#8221;Todos averemos de comparecer diante do tribunal de Deus.&#8221;** A prepara\u00e7\u00e3o para esse dia n\u00e3o \u00e9 uma tarefa que podemos delegar a outros, mas sim uma jornada individual, que exige compromisso, perseveran\u00e7a e f\u00e9 inabal\u00e1vel.<\/p>\n<p>Que possamos, a partir de agora, viver com a consci\u00eancia da brevidade da vida, com a esperan\u00e7a do encontro com o Senhor, e com a certeza de que, ao nos prepararmos para o dia do ju\u00edzo, estamos nos preparando para a vida eterna.<\/p>\n","protected":false},"excerpt":{"rendered":"<p>## A Urg\u00eancia da Vigil\u00e2ncia: Preparando o Cora\u00e7\u00e3o para o Dia do Senhor Quantas vezes nos deixamos levar pela rotina, imersos nas preocupa\u00e7\u00f5es do cotidiano, esquecendo-nos do prop\u00f3sito maior que reside em nossos cora\u00e7\u00f5es? A vida, em sua constante pressa, pode nos afastar da verdadeira ess\u00eancia da f\u00e9, do reconhecimento da brevidade da exist\u00eancia. Precisamos, [&hellip;]<\/p>\n","protected":false},"author":1,"featured_media":0,"comment_status":"closed","ping_status":"open","sticky":false,"template":"","format":"standard","meta":{"footnotes":""},"categories":[14],"tags":[],"class_list":["post-5668","post","type-post","status-publish","format-standard","hentry","category-reflexao"],"yoast_head":"<!-- This site is optimized with the Yoast SEO plugin v27.2 - https:\/\/yoast.com\/product\/yoast-seo-wordpress\/ -->\n<title>Esteja Pronto: Reflex\u00f5es sobre Vigil\u00e2ncia e o Dia do Senhor - Salmos B\u00edblicos<\/title>\n<meta name=\"robots\" content=\"index, follow, max-snippet:-1, max-image-preview:large, max-video-preview:-1\" \/>\n<link rel=\"canonical\" href=\"https:\/\/salmosbiblicos.com.br\/index.php\/2026\/03\/28\/esteja-pronto-reflexoes-sobre-vigilancia-e-o-dia-do-senhor\/\" \/>\n<meta property=\"og:locale\" content=\"pt_BR\" \/>\n<meta property=\"og:type\" content=\"article\" \/>\n<meta property=\"og:title\" content=\"Esteja Pronto: Reflex\u00f5es sobre Vigil\u00e2ncia e o Dia do Senhor - Salmos B\u00edblicos\" \/>\n<meta property=\"og:description\" content=\"## A Urg\u00eancia da Vigil\u00e2ncia: Preparando o Cora\u00e7\u00e3o para o Dia do Senhor Quantas vezes nos deixamos levar pela rotina, imersos nas preocupa\u00e7\u00f5es do cotidiano, esquecendo-nos do prop\u00f3sito maior que reside em nossos cora\u00e7\u00f5es? A vida, em sua constante pressa, pode nos afastar da verdadeira ess\u00eancia da f\u00e9, do reconhecimento da brevidade da exist\u00eancia. Precisamos, [&hellip;]\" \/>\n<meta property=\"og:url\" content=\"https:\/\/salmosbiblicos.com.br\/index.php\/2026\/03\/28\/esteja-pronto-reflexoes-sobre-vigilancia-e-o-dia-do-senhor\/\" \/>\n<meta property=\"og:site_name\" content=\"Salmos B\u00edblicos\" \/>\n<meta property=\"article:published_time\" content=\"2026-03-28T22:54:49+00:00\" \/>\n<meta name=\"author\" content=\"alextreh@gmail.com\" \/>\n<meta name=\"twitter:card\" content=\"summary_large_image\" \/>\n<meta name=\"twitter:label1\" content=\"Escrito por\" \/>\n\t<meta name=\"twitter:data1\" content=\"alextreh@gmail.com\" \/>\n\t<meta name=\"twitter:label2\" content=\"Est. tempo de leitura\" \/>\n\t<meta name=\"twitter:data2\" content=\"3 minutos\" \/>\n<script type=\"application\/ld+json\" class=\"yoast-schema-graph\">{\"@context\":\"https:\/\/schema.org\",\"@graph\":[{\"@type\":\"Article\",\"@id\":\"https:\/\/salmosbiblicos.com.br\/index.php\/2026\/03\/28\/esteja-pronto-reflexoes-sobre-vigilancia-e-o-dia-do-senhor\/#article\",\"isPartOf\":{\"@id\":\"https:\/\/salmosbiblicos.com.br\/index.php\/2026\/03\/28\/esteja-pronto-reflexoes-sobre-vigilancia-e-o-dia-do-senhor\/\"},\"author\":{\"name\":\"alextreh@gmail.com\",\"@id\":\"https:\/\/salmosbiblicos.com.br\/#\/schema\/person\/30586d0fb3f3a46b78a3414fc39cc975\"},\"headline\":\"Esteja Pronto: Reflex\u00f5es sobre Vigil\u00e2ncia e o Dia do Senhor\",\"datePublished\":\"2026-03-28T22:54:49+00:00\",\"mainEntityOfPage\":{\"@id\":\"https:\/\/salmosbiblicos.com.br\/index.php\/2026\/03\/28\/esteja-pronto-reflexoes-sobre-vigilancia-e-o-dia-do-senhor\/\"},\"wordCount\":624,\"articleSection\":[\"Reflex\u00e3o\"],\"inLanguage\":\"pt-BR\"},{\"@type\":\"WebPage\",\"@id\":\"https:\/\/salmosbiblicos.com.br\/index.php\/2026\/03\/28\/esteja-pronto-reflexoes-sobre-vigilancia-e-o-dia-do-senhor\/\",\"url\":\"https:\/\/salmosbiblicos.com.br\/index.php\/2026\/03\/28\/esteja-pronto-reflexoes-sobre-vigilancia-e-o-dia-do-senhor\/\",\"name\":\"Esteja Pronto: Reflex\u00f5es sobre Vigil\u00e2ncia e o Dia do Senhor - Salmos B\u00edblicos\",\"isPartOf\":{\"@id\":\"https:\/\/salmosbiblicos.com.br\/#website\"},\"datePublished\":\"2026-03-28T22:54:49+00:00\",\"author\":{\"@id\":\"https:\/\/salmosbiblicos.com.br\/#\/schema\/person\/30586d0fb3f3a46b78a3414fc39cc975\"},\"breadcrumb\":{\"@id\":\"https:\/\/salmosbiblicos.com.br\/index.php\/2026\/03\/28\/esteja-pronto-reflexoes-sobre-vigilancia-e-o-dia-do-senhor\/#breadcrumb\"},\"inLanguage\":\"pt-BR\",\"potentialAction\":[{\"@type\":\"ReadAction\",\"target\":[\"https:\/\/salmosbiblicos.com.br\/index.php\/2026\/03\/28\/esteja-pronto-reflexoes-sobre-vigilancia-e-o-dia-do-senhor\/\"]}]},{\"@type\":\"BreadcrumbList\",\"@id\":\"https:\/\/salmosbiblicos.com.br\/index.php\/2026\/03\/28\/esteja-pronto-reflexoes-sobre-vigilancia-e-o-dia-do-senhor\/#breadcrumb\",\"itemListElement\":[{\"@type\":\"ListItem\",\"position\":1,\"name\":\"Home\",\"item\":\"https:\/\/salmosbiblicos.com.br\/\"},{\"@type\":\"ListItem\",\"position\":2,\"name\":\"Esteja Pronto: Reflex\u00f5es sobre Vigil\u00e2ncia e o Dia do Senhor\"}]},{\"@type\":\"WebSite\",\"@id\":\"https:\/\/salmosbiblicos.com.br\/#website\",\"url\":\"https:\/\/salmosbiblicos.com.br\/\",\"name\":\"Salmos B\u00edblicos\",\"description\":\"Uma e-Livraria com e-Books novos para voc\u00ea refletir.\",\"potentialAction\":[{\"@type\":\"SearchAction\",\"target\":{\"@type\":\"EntryPoint\",\"urlTemplate\":\"https:\/\/salmosbiblicos.com.br\/?s={search_term_string}\"},\"query-input\":{\"@type\":\"PropertyValueSpecification\",\"valueRequired\":true,\"valueName\":\"search_term_string\"}}],\"inLanguage\":\"pt-BR\"},{\"@type\":\"Person\",\"@id\":\"https:\/\/salmosbiblicos.com.br\/#\/schema\/person\/30586d0fb3f3a46b78a3414fc39cc975\",\"name\":\"alextreh@gmail.com\",\"image\":{\"@type\":\"ImageObject\",\"inLanguage\":\"pt-BR\",\"@id\":\"https:\/\/secure.gravatar.com\/avatar\/7cf84d31f581ec97b887c1039d478a7c293086896c84951a86753fb2c2af7527?s=96&d=mm&r=g\",\"url\":\"https:\/\/secure.gravatar.com\/avatar\/7cf84d31f581ec97b887c1039d478a7c293086896c84951a86753fb2c2af7527?s=96&d=mm&r=g\",\"contentUrl\":\"https:\/\/secure.gravatar.com\/avatar\/7cf84d31f581ec97b887c1039d478a7c293086896c84951a86753fb2c2af7527?s=96&d=mm&r=g\",\"caption\":\"alextreh@gmail.com\"},\"sameAs\":[\"http:\/\/salmosbiblicos.com.br\"],\"url\":\"https:\/\/salmosbiblicos.com.br\/index.php\/author\/alextrehgmail-com\/\"}]}<\/script>\n<!-- \/ Yoast SEO plugin. -->","yoast_head_json":{"title":"Esteja Pronto: Reflex\u00f5es sobre Vigil\u00e2ncia e o Dia do Senhor - Salmos B\u00edblicos","robots":{"index":"index","follow":"follow","max-snippet":"max-snippet:-1","max-image-preview":"max-image-preview:large","max-video-preview":"max-video-preview:-1"},"canonical":"https:\/\/salmosbiblicos.com.br\/index.php\/2026\/03\/28\/esteja-pronto-reflexoes-sobre-vigilancia-e-o-dia-do-senhor\/","og_locale":"pt_BR","og_type":"article","og_title":"Esteja Pronto: Reflex\u00f5es sobre Vigil\u00e2ncia e o Dia do Senhor - Salmos B\u00edblicos","og_description":"## A Urg\u00eancia da Vigil\u00e2ncia: Preparando o Cora\u00e7\u00e3o para o Dia do Senhor Quantas vezes nos deixamos levar pela rotina, imersos nas preocupa\u00e7\u00f5es do cotidiano, esquecendo-nos do prop\u00f3sito maior que reside em nossos cora\u00e7\u00f5es? A vida, em sua constante pressa, pode nos afastar da verdadeira ess\u00eancia da f\u00e9, do reconhecimento da brevidade da exist\u00eancia. Precisamos, [&hellip;]","og_url":"https:\/\/salmosbiblicos.com.br\/index.php\/2026\/03\/28\/esteja-pronto-reflexoes-sobre-vigilancia-e-o-dia-do-senhor\/","og_site_name":"Salmos B\u00edblicos","article_published_time":"2026-03-28T22:54:49+00:00","author":"alextreh@gmail.com","twitter_card":"summary_large_image","twitter_misc":{"Escrito por":"alextreh@gmail.com","Est. tempo de leitura":"3 minutos"},"schema":{"@context":"https:\/\/schema.org","@graph":[{"@type":"Article","@id":"https:\/\/salmosbiblicos.com.br\/index.php\/2026\/03\/28\/esteja-pronto-reflexoes-sobre-vigilancia-e-o-dia-do-senhor\/#article","isPartOf":{"@id":"https:\/\/salmosbiblicos.com.br\/index.php\/2026\/03\/28\/esteja-pronto-reflexoes-sobre-vigilancia-e-o-dia-do-senhor\/"},"author":{"name":"alextreh@gmail.com","@id":"https:\/\/salmosbiblicos.com.br\/#\/schema\/person\/30586d0fb3f3a46b78a3414fc39cc975"},"headline":"Esteja Pronto: Reflex\u00f5es sobre Vigil\u00e2ncia e o Dia do Senhor","datePublished":"2026-03-28T22:54:49+00:00","mainEntityOfPage":{"@id":"https:\/\/salmosbiblicos.com.br\/index.php\/2026\/03\/28\/esteja-pronto-reflexoes-sobre-vigilancia-e-o-dia-do-senhor\/"},"wordCount":624,"articleSection":["Reflex\u00e3o"],"inLanguage":"pt-BR"},{"@type":"WebPage","@id":"https:\/\/salmosbiblicos.com.br\/index.php\/2026\/03\/28\/esteja-pronto-reflexoes-sobre-vigilancia-e-o-dia-do-senhor\/","url":"https:\/\/salmosbiblicos.com.br\/index.php\/2026\/03\/28\/esteja-pronto-reflexoes-sobre-vigilancia-e-o-dia-do-senhor\/","name":"Esteja Pronto: Reflex\u00f5es sobre Vigil\u00e2ncia e o Dia do Senhor - Salmos B\u00edblicos","isPartOf":{"@id":"https:\/\/salmosbiblicos.com.br\/#website"},"datePublished":"2026-03-28T22:54:49+00:00","author":{"@id":"https:\/\/salmosbiblicos.com.br\/#\/schema\/person\/30586d0fb3f3a46b78a3414fc39cc975"},"breadcrumb":{"@id":"https:\/\/salmosbiblicos.com.br\/index.php\/2026\/03\/28\/esteja-pronto-reflexoes-sobre-vigilancia-e-o-dia-do-senhor\/#breadcrumb"},"inLanguage":"pt-BR","potentialAction":[{"@type":"ReadAction","target":["https:\/\/salmosbiblicos.com.br\/index.php\/2026\/03\/28\/esteja-pronto-reflexoes-sobre-vigilancia-e-o-dia-do-senhor\/"]}]},{"@type":"BreadcrumbList","@id":"https:\/\/salmosbiblicos.com.br\/index.php\/2026\/03\/28\/esteja-pronto-reflexoes-sobre-vigilancia-e-o-dia-do-senhor\/#breadcrumb","itemListElement":[{"@type":"ListItem","position":1,"name":"Home","item":"https:\/\/salmosbiblicos.com.br\/"},{"@type":"ListItem","position":2,"name":"Esteja Pronto: Reflex\u00f5es sobre Vigil\u00e2ncia e o Dia do Senhor"}]},{"@type":"WebSite","@id":"https:\/\/salmosbiblicos.com.br\/#website","url":"https:\/\/salmosbiblicos.com.br\/","name":"Salmos B\u00edblicos","description":"Uma e-Livraria com e-Books novos para voc\u00ea refletir.","potentialAction":[{"@type":"SearchAction","target":{"@type":"EntryPoint","urlTemplate":"https:\/\/salmosbiblicos.com.br\/?s={search_term_string}"},"query-input":{"@type":"PropertyValueSpecification","valueRequired":true,"valueName":"search_term_string"}}],"inLanguage":"pt-BR"},{"@type":"Person","@id":"https:\/\/salmosbiblicos.com.br\/#\/schema\/person\/30586d0fb3f3a46b78a3414fc39cc975","name":"alextreh@gmail.com","image":{"@type":"ImageObject","inLanguage":"pt-BR","@id":"https:\/\/secure.gravatar.com\/avatar\/7cf84d31f581ec97b887c1039d478a7c293086896c84951a86753fb2c2af7527?s=96&d=mm&r=g","url":"https:\/\/secure.gravatar.com\/avatar\/7cf84d31f581ec97b887c1039d478a7c293086896c84951a86753fb2c2af7527?s=96&d=mm&r=g","contentUrl":"https:\/\/secure.gravatar.com\/avatar\/7cf84d31f581ec97b887c1039d478a7c293086896c84951a86753fb2c2af7527?s=96&d=mm&r=g","caption":"alextreh@gmail.com"},"sameAs":["http:\/\/salmosbiblicos.com.br"],"url":"https:\/\/salmosbiblicos.com.br\/index.php\/author\/alextrehgmail-com\/"}]}},"_links":{"self":[{"href":"https:\/\/salmosbiblicos.com.br\/index.php\/wp-json\/wp\/v2\/posts\/5668","targetHints":{"allow":["GET"]}}],"collection":[{"href":"https:\/\/salmosbiblicos.com.br\/index.php\/wp-json\/wp\/v2\/posts"}],"about":[{"href":"https:\/\/salmosbiblicos.com.br\/index.php\/wp-json\/wp\/v2\/types\/post"}],"author":[{"embeddable":true,"href":"https:\/\/salmosbiblicos.com.br\/index.php\/wp-json\/wp\/v2\/users\/1"}],"replies":[{"embeddable":true,"href":"https:\/\/salmosbiblicos.com.br\/index.php\/wp-json\/wp\/v2\/comments?post=5668"}],"version-history":[{"count":1,"href":"https:\/\/salmosbiblicos.com.br\/index.php\/wp-json\/wp\/v2\/posts\/5668\/revisions"}],"predecessor-version":[{"id":5669,"href":"https:\/\/salmosbiblicos.com.br\/index.php\/wp-json\/wp\/v2\/posts\/5668\/revisions\/5669"}],"wp:attachment":[{"href":"https:\/\/salmosbiblicos.com.br\/index.php\/wp-json\/wp\/v2\/media?parent=5668"}],"wp:term":[{"taxonomy":"category","embeddable":true,"href":"https:\/\/salmosbiblicos.com.br\/index.php\/wp-json\/wp\/v2\/categories?post=5668"},{"taxonomy":"post_tag","embeddable":true,"href":"https:\/\/salmosbiblicos.com.br\/index.php\/wp-json\/wp\/v2\/tags?post=5668"}],"curies":[{"name":"wp","href":"https:\/\/api.w.org\/{rel}","templated":true}]}}