{"id":5680,"date":"2026-03-28T20:36:00","date_gmt":"2026-03-28T23:36:00","guid":{"rendered":"https:\/\/salmosbiblicos.com.br\/?p=5680"},"modified":"2026-03-28T20:36:00","modified_gmt":"2026-03-28T23:36:00","slug":"escolher-entre-deus-e-o-mundo-uma-reflexao-essencial","status":"publish","type":"post","link":"https:\/\/salmosbiblicos.com.br\/index.php\/2026\/03\/28\/escolher-entre-deus-e-o-mundo-uma-reflexao-essencial\/","title":{"rendered":"Escolher entre Deus e o Mundo: Uma Reflex\u00e3o Essencial"},"content":{"rendered":"<p>## A Escolha Inevit\u00e1vel: Deus ou o Mundo?<\/p>\n<p>A vida nos apresenta a um caminho, uma encruzilhada que exige uma decis\u00e3o fundamental: a escolha entre Deus e o mundo. \u00c9 um convite \u00e0 reflex\u00e3o sobre nossos valores, nossas prioridades e o verdadeiro objeto do nosso amor. Pois, em \u00faltima inst\u00e2ncia, essa \u00e9 a escolha que definir\u00e1 nosso destino.<\/p>\n<p>### A Armadilha da Dupla Fidelidade<\/p>\n<p>Muitos almejam a ilus\u00e3o de conciliar ambos os caminhos, buscando o favor do mundo sem renunciar \u00e0 gra\u00e7a divina. Mas a Palavra nos adverte com clareza: essa \u00e9 uma impossibilidade. N\u00e3o se pode dividir a alma entre dois senhores, pois um ser\u00e1 odiado e o outro amado, um ser\u00e1 defendido e o outro desprezado.<\/p>\n<p>### A S\u00e1tira dos Fariseus<\/p>\n<p>Observamos, na hist\u00f3ria, a atitude dos fariseus, que, amigos do dinheiro e dos prazeres mundanos, zombaram das palavras de Jesus. Sua busca por aprova\u00e7\u00e3o humana os cegou para a verdade, revelando a dist\u00e2ncia entre as apar\u00eancias e a justi\u00e7a aos olhos de Deus.<\/p>\n<p>### A Humilde Ren\u00fancia<\/p>\n<p>O ap\u00f3stolo nos lembra: &#8220;Ningu\u00e9m pode servir a dois senhores.&#8221; O mundo, com suas promessas de riqueza e poder, nos seduz com a ilus\u00e3o de felicidade passageira. Mas o verdadeiro tesouro reside na fidelidade a Deus, na ren\u00fancia aos prazeres ef\u00eameros e na busca pela eternidade.<\/p>\n<p>### A Ess\u00eancia da Vida Mundana<\/p>\n<p>O que, ent\u00e3o, define a vida mundana que nos \u00e9 apresentada como alternativa? \u00c9 a sede insaci\u00e1vel por poder, a busca incessante por prazeres carnais, a vaidade e a ambi\u00e7\u00e3o desmedida. \u00c9 um ciclo vicioso de insatisfa\u00e7\u00e3o, que nos afasta da verdadeira fonte de alegria e paz.<\/p>\n<p>### O Caminho da Transforma\u00e7\u00e3o<\/p>\n<p>Para aqueles que escolhem o caminho de Cristo, a ren\u00fancia se torna um ato de amor. \u00c9 abrir m\u00e3o do ego\u00edsmo, da vaidade e das ambi\u00e7\u00f5es terrenas, para abra\u00e7ar a humildade, a compaix\u00e3o e a busca pela verdade. \u00c9 permitir que o Esp\u00edrito Santo nos transforme, renovando nosso esp\u00edrito para que possamos discernir a vontade de Deus.<\/p>\n<p>### Os Perigos do Amor ao Mundo<\/p>\n<p>A Escritura nos adverte: &#8220;N\u00e3o h\u00e1 amor de Deus no cora\u00e7\u00e3o daqueles que amam o mundo.&#8221; Pois tudo o que existe no mundo \u2013 a lux\u00faria, a cobi\u00e7a, a soberba \u2013 n\u00e3o prov\u00e9m do Pai, mas do mundo. Essas paix\u00f5es passageiras nos desviam da nossa voca\u00e7\u00e3o, nos prendem \u00e0s ilus\u00f5es terrenas e nos afastam da presen\u00e7a divina.<\/p>\n<p>### A Busca pela Perfei\u00e7\u00e3o<\/p>\n<p>N\u00e3o se conformemos, portanto, com os padr\u00f5es deste mundo. N\u00e3o nos deixemos influenciar pelas modas passageiras, pelas opini\u00f5es ef\u00eameras e pelos valores relativistas. Que a nossa vida seja um testemunho de f\u00e9, um reflexo da luz divina que habita em n\u00f3s.<\/p>\n<p>### Uma Escolha Di\u00e1ria<\/p>\n<p>Que a reflex\u00e3o de hoje nos inspire a fazer uma escolha consciente, di\u00e1ria: escolher a Deus, renunciar ao mundo e buscar a transforma\u00e7\u00e3o interior. Que possamos viver neste mundo, mas com o cora\u00e7\u00e3o voltado para o c\u00e9u, discernindo o que \u00e9 bom, agrad\u00e1vel e perfeito aos olhos de Deus.<\/p>\n<p>Em nome do Pai, do Filho e do Esp\u00edrito Santo. Am\u00e9m.<\/p>\n","protected":false},"excerpt":{"rendered":"<p>## A Escolha Inevit\u00e1vel: Deus ou o Mundo? A vida nos apresenta a um caminho, uma encruzilhada que exige uma decis\u00e3o fundamental: a escolha entre Deus e o mundo. \u00c9 um convite \u00e0 reflex\u00e3o sobre nossos valores, nossas prioridades e o verdadeiro objeto do nosso amor. Pois, em \u00faltima inst\u00e2ncia, essa \u00e9 a escolha que [&hellip;]<\/p>\n","protected":false},"author":1,"featured_media":0,"comment_status":"closed","ping_status":"open","sticky":false,"template":"","format":"standard","meta":{"footnotes":""},"categories":[14],"tags":[],"class_list":["post-5680","post","type-post","status-publish","format-standard","hentry","category-reflexao"],"yoast_head":"<!-- This site is optimized with the Yoast SEO plugin v27.2 - https:\/\/yoast.com\/product\/yoast-seo-wordpress\/ -->\n<title>Escolher entre Deus e o Mundo: Uma Reflex\u00e3o Essencial - Salmos B\u00edblicos<\/title>\n<meta name=\"robots\" content=\"index, follow, max-snippet:-1, max-image-preview:large, max-video-preview:-1\" \/>\n<link rel=\"canonical\" href=\"http:\/\/salmosbiblicos.com.br\/index.php\/2026\/03\/28\/escolher-entre-deus-e-o-mundo-uma-reflexao-essencial\/\" \/>\n<meta property=\"og:locale\" content=\"pt_BR\" \/>\n<meta property=\"og:type\" content=\"article\" \/>\n<meta property=\"og:title\" content=\"Escolher entre Deus e o Mundo: Uma Reflex\u00e3o Essencial - Salmos B\u00edblicos\" \/>\n<meta property=\"og:description\" content=\"## A Escolha Inevit\u00e1vel: Deus ou o Mundo? A vida nos apresenta a um caminho, uma encruzilhada que exige uma decis\u00e3o fundamental: a escolha entre Deus e o mundo. \u00c9 um convite \u00e0 reflex\u00e3o sobre nossos valores, nossas prioridades e o verdadeiro objeto do nosso amor. Pois, em \u00faltima inst\u00e2ncia, essa \u00e9 a escolha que [&hellip;]\" \/>\n<meta property=\"og:url\" content=\"http:\/\/salmosbiblicos.com.br\/index.php\/2026\/03\/28\/escolher-entre-deus-e-o-mundo-uma-reflexao-essencial\/\" \/>\n<meta property=\"og:site_name\" content=\"Salmos B\u00edblicos\" \/>\n<meta property=\"article:published_time\" content=\"2026-03-28T23:36:00+00:00\" \/>\n<meta name=\"author\" content=\"alextreh@gmail.com\" \/>\n<meta name=\"twitter:card\" content=\"summary_large_image\" \/>\n<meta name=\"twitter:label1\" content=\"Escrito por\" \/>\n\t<meta name=\"twitter:data1\" content=\"alextreh@gmail.com\" \/>\n\t<meta name=\"twitter:label2\" content=\"Est. tempo de leitura\" \/>\n\t<meta name=\"twitter:data2\" content=\"3 minutos\" \/>\n<script type=\"application\/ld+json\" class=\"yoast-schema-graph\">{\"@context\":\"https:\/\/schema.org\",\"@graph\":[{\"@type\":\"Article\",\"@id\":\"http:\/\/salmosbiblicos.com.br\/index.php\/2026\/03\/28\/escolher-entre-deus-e-o-mundo-uma-reflexao-essencial\/#article\",\"isPartOf\":{\"@id\":\"http:\/\/salmosbiblicos.com.br\/index.php\/2026\/03\/28\/escolher-entre-deus-e-o-mundo-uma-reflexao-essencial\/\"},\"author\":{\"name\":\"alextreh@gmail.com\",\"@id\":\"https:\/\/salmosbiblicos.com.br\/#\/schema\/person\/30586d0fb3f3a46b78a3414fc39cc975\"},\"headline\":\"Escolher entre Deus e o Mundo: Uma Reflex\u00e3o Essencial\",\"datePublished\":\"2026-03-28T23:36:00+00:00\",\"mainEntityOfPage\":{\"@id\":\"http:\/\/salmosbiblicos.com.br\/index.php\/2026\/03\/28\/escolher-entre-deus-e-o-mundo-uma-reflexao-essencial\/\"},\"wordCount\":552,\"articleSection\":[\"Reflex\u00e3o\"],\"inLanguage\":\"pt-BR\"},{\"@type\":\"WebPage\",\"@id\":\"http:\/\/salmosbiblicos.com.br\/index.php\/2026\/03\/28\/escolher-entre-deus-e-o-mundo-uma-reflexao-essencial\/\",\"url\":\"http:\/\/salmosbiblicos.com.br\/index.php\/2026\/03\/28\/escolher-entre-deus-e-o-mundo-uma-reflexao-essencial\/\",\"name\":\"Escolher entre Deus e o Mundo: Uma Reflex\u00e3o Essencial - Salmos B\u00edblicos\",\"isPartOf\":{\"@id\":\"https:\/\/salmosbiblicos.com.br\/#website\"},\"datePublished\":\"2026-03-28T23:36:00+00:00\",\"author\":{\"@id\":\"https:\/\/salmosbiblicos.com.br\/#\/schema\/person\/30586d0fb3f3a46b78a3414fc39cc975\"},\"breadcrumb\":{\"@id\":\"http:\/\/salmosbiblicos.com.br\/index.php\/2026\/03\/28\/escolher-entre-deus-e-o-mundo-uma-reflexao-essencial\/#breadcrumb\"},\"inLanguage\":\"pt-BR\",\"potentialAction\":[{\"@type\":\"ReadAction\",\"target\":[\"http:\/\/salmosbiblicos.com.br\/index.php\/2026\/03\/28\/escolher-entre-deus-e-o-mundo-uma-reflexao-essencial\/\"]}]},{\"@type\":\"BreadcrumbList\",\"@id\":\"http:\/\/salmosbiblicos.com.br\/index.php\/2026\/03\/28\/escolher-entre-deus-e-o-mundo-uma-reflexao-essencial\/#breadcrumb\",\"itemListElement\":[{\"@type\":\"ListItem\",\"position\":1,\"name\":\"Home\",\"item\":\"https:\/\/salmosbiblicos.com.br\/\"},{\"@type\":\"ListItem\",\"position\":2,\"name\":\"Escolher entre Deus e o Mundo: Uma Reflex\u00e3o Essencial\"}]},{\"@type\":\"WebSite\",\"@id\":\"https:\/\/salmosbiblicos.com.br\/#website\",\"url\":\"https:\/\/salmosbiblicos.com.br\/\",\"name\":\"Salmos B\u00edblicos\",\"description\":\"Uma e-Livraria com e-Books novos para voc\u00ea refletir.\",\"potentialAction\":[{\"@type\":\"SearchAction\",\"target\":{\"@type\":\"EntryPoint\",\"urlTemplate\":\"https:\/\/salmosbiblicos.com.br\/?s={search_term_string}\"},\"query-input\":{\"@type\":\"PropertyValueSpecification\",\"valueRequired\":true,\"valueName\":\"search_term_string\"}}],\"inLanguage\":\"pt-BR\"},{\"@type\":\"Person\",\"@id\":\"https:\/\/salmosbiblicos.com.br\/#\/schema\/person\/30586d0fb3f3a46b78a3414fc39cc975\",\"name\":\"alextreh@gmail.com\",\"image\":{\"@type\":\"ImageObject\",\"inLanguage\":\"pt-BR\",\"@id\":\"https:\/\/secure.gravatar.com\/avatar\/7cf84d31f581ec97b887c1039d478a7c293086896c84951a86753fb2c2af7527?s=96&d=mm&r=g\",\"url\":\"https:\/\/secure.gravatar.com\/avatar\/7cf84d31f581ec97b887c1039d478a7c293086896c84951a86753fb2c2af7527?s=96&d=mm&r=g\",\"contentUrl\":\"https:\/\/secure.gravatar.com\/avatar\/7cf84d31f581ec97b887c1039d478a7c293086896c84951a86753fb2c2af7527?s=96&d=mm&r=g\",\"caption\":\"alextreh@gmail.com\"},\"sameAs\":[\"http:\/\/salmosbiblicos.com.br\"],\"url\":\"https:\/\/salmosbiblicos.com.br\/index.php\/author\/alextrehgmail-com\/\"}]}<\/script>\n<!-- \/ Yoast SEO plugin. -->","yoast_head_json":{"title":"Escolher entre Deus e o Mundo: Uma Reflex\u00e3o Essencial - Salmos B\u00edblicos","robots":{"index":"index","follow":"follow","max-snippet":"max-snippet:-1","max-image-preview":"max-image-preview:large","max-video-preview":"max-video-preview:-1"},"canonical":"http:\/\/salmosbiblicos.com.br\/index.php\/2026\/03\/28\/escolher-entre-deus-e-o-mundo-uma-reflexao-essencial\/","og_locale":"pt_BR","og_type":"article","og_title":"Escolher entre Deus e o Mundo: Uma Reflex\u00e3o Essencial - Salmos B\u00edblicos","og_description":"## A Escolha Inevit\u00e1vel: Deus ou o Mundo? A vida nos apresenta a um caminho, uma encruzilhada que exige uma decis\u00e3o fundamental: a escolha entre Deus e o mundo. \u00c9 um convite \u00e0 reflex\u00e3o sobre nossos valores, nossas prioridades e o verdadeiro objeto do nosso amor. Pois, em \u00faltima inst\u00e2ncia, essa \u00e9 a escolha que [&hellip;]","og_url":"http:\/\/salmosbiblicos.com.br\/index.php\/2026\/03\/28\/escolher-entre-deus-e-o-mundo-uma-reflexao-essencial\/","og_site_name":"Salmos B\u00edblicos","article_published_time":"2026-03-28T23:36:00+00:00","author":"alextreh@gmail.com","twitter_card":"summary_large_image","twitter_misc":{"Escrito por":"alextreh@gmail.com","Est. tempo de leitura":"3 minutos"},"schema":{"@context":"https:\/\/schema.org","@graph":[{"@type":"Article","@id":"http:\/\/salmosbiblicos.com.br\/index.php\/2026\/03\/28\/escolher-entre-deus-e-o-mundo-uma-reflexao-essencial\/#article","isPartOf":{"@id":"http:\/\/salmosbiblicos.com.br\/index.php\/2026\/03\/28\/escolher-entre-deus-e-o-mundo-uma-reflexao-essencial\/"},"author":{"name":"alextreh@gmail.com","@id":"https:\/\/salmosbiblicos.com.br\/#\/schema\/person\/30586d0fb3f3a46b78a3414fc39cc975"},"headline":"Escolher entre Deus e o Mundo: Uma Reflex\u00e3o Essencial","datePublished":"2026-03-28T23:36:00+00:00","mainEntityOfPage":{"@id":"http:\/\/salmosbiblicos.com.br\/index.php\/2026\/03\/28\/escolher-entre-deus-e-o-mundo-uma-reflexao-essencial\/"},"wordCount":552,"articleSection":["Reflex\u00e3o"],"inLanguage":"pt-BR"},{"@type":"WebPage","@id":"http:\/\/salmosbiblicos.com.br\/index.php\/2026\/03\/28\/escolher-entre-deus-e-o-mundo-uma-reflexao-essencial\/","url":"http:\/\/salmosbiblicos.com.br\/index.php\/2026\/03\/28\/escolher-entre-deus-e-o-mundo-uma-reflexao-essencial\/","name":"Escolher entre Deus e o Mundo: Uma Reflex\u00e3o Essencial - Salmos B\u00edblicos","isPartOf":{"@id":"https:\/\/salmosbiblicos.com.br\/#website"},"datePublished":"2026-03-28T23:36:00+00:00","author":{"@id":"https:\/\/salmosbiblicos.com.br\/#\/schema\/person\/30586d0fb3f3a46b78a3414fc39cc975"},"breadcrumb":{"@id":"http:\/\/salmosbiblicos.com.br\/index.php\/2026\/03\/28\/escolher-entre-deus-e-o-mundo-uma-reflexao-essencial\/#breadcrumb"},"inLanguage":"pt-BR","potentialAction":[{"@type":"ReadAction","target":["http:\/\/salmosbiblicos.com.br\/index.php\/2026\/03\/28\/escolher-entre-deus-e-o-mundo-uma-reflexao-essencial\/"]}]},{"@type":"BreadcrumbList","@id":"http:\/\/salmosbiblicos.com.br\/index.php\/2026\/03\/28\/escolher-entre-deus-e-o-mundo-uma-reflexao-essencial\/#breadcrumb","itemListElement":[{"@type":"ListItem","position":1,"name":"Home","item":"https:\/\/salmosbiblicos.com.br\/"},{"@type":"ListItem","position":2,"name":"Escolher entre Deus e o Mundo: Uma Reflex\u00e3o Essencial"}]},{"@type":"WebSite","@id":"https:\/\/salmosbiblicos.com.br\/#website","url":"https:\/\/salmosbiblicos.com.br\/","name":"Salmos B\u00edblicos","description":"Uma e-Livraria com e-Books novos para voc\u00ea refletir.","potentialAction":[{"@type":"SearchAction","target":{"@type":"EntryPoint","urlTemplate":"https:\/\/salmosbiblicos.com.br\/?s={search_term_string}"},"query-input":{"@type":"PropertyValueSpecification","valueRequired":true,"valueName":"search_term_string"}}],"inLanguage":"pt-BR"},{"@type":"Person","@id":"https:\/\/salmosbiblicos.com.br\/#\/schema\/person\/30586d0fb3f3a46b78a3414fc39cc975","name":"alextreh@gmail.com","image":{"@type":"ImageObject","inLanguage":"pt-BR","@id":"https:\/\/secure.gravatar.com\/avatar\/7cf84d31f581ec97b887c1039d478a7c293086896c84951a86753fb2c2af7527?s=96&d=mm&r=g","url":"https:\/\/secure.gravatar.com\/avatar\/7cf84d31f581ec97b887c1039d478a7c293086896c84951a86753fb2c2af7527?s=96&d=mm&r=g","contentUrl":"https:\/\/secure.gravatar.com\/avatar\/7cf84d31f581ec97b887c1039d478a7c293086896c84951a86753fb2c2af7527?s=96&d=mm&r=g","caption":"alextreh@gmail.com"},"sameAs":["http:\/\/salmosbiblicos.com.br"],"url":"https:\/\/salmosbiblicos.com.br\/index.php\/author\/alextrehgmail-com\/"}]}},"_links":{"self":[{"href":"https:\/\/salmosbiblicos.com.br\/index.php\/wp-json\/wp\/v2\/posts\/5680","targetHints":{"allow":["GET"]}}],"collection":[{"href":"https:\/\/salmosbiblicos.com.br\/index.php\/wp-json\/wp\/v2\/posts"}],"about":[{"href":"https:\/\/salmosbiblicos.com.br\/index.php\/wp-json\/wp\/v2\/types\/post"}],"author":[{"embeddable":true,"href":"https:\/\/salmosbiblicos.com.br\/index.php\/wp-json\/wp\/v2\/users\/1"}],"replies":[{"embeddable":true,"href":"https:\/\/salmosbiblicos.com.br\/index.php\/wp-json\/wp\/v2\/comments?post=5680"}],"version-history":[{"count":1,"href":"https:\/\/salmosbiblicos.com.br\/index.php\/wp-json\/wp\/v2\/posts\/5680\/revisions"}],"predecessor-version":[{"id":5681,"href":"https:\/\/salmosbiblicos.com.br\/index.php\/wp-json\/wp\/v2\/posts\/5680\/revisions\/5681"}],"wp:attachment":[{"href":"https:\/\/salmosbiblicos.com.br\/index.php\/wp-json\/wp\/v2\/media?parent=5680"}],"wp:term":[{"taxonomy":"category","embeddable":true,"href":"https:\/\/salmosbiblicos.com.br\/index.php\/wp-json\/wp\/v2\/categories?post=5680"},{"taxonomy":"post_tag","embeddable":true,"href":"https:\/\/salmosbiblicos.com.br\/index.php\/wp-json\/wp\/v2\/tags?post=5680"}],"curies":[{"name":"wp","href":"https:\/\/api.w.org\/{rel}","templated":true}]}}