{"id":5716,"date":"2026-03-28T22:44:25","date_gmt":"2026-03-29T01:44:25","guid":{"rendered":"https:\/\/salmosbiblicos.com.br\/?p=5716"},"modified":"2026-03-28T22:44:25","modified_gmt":"2026-03-29T01:44:25","slug":"bens-materiais-a-efemeridade-e-o-valor-da-virtude","status":"publish","type":"post","link":"https:\/\/salmosbiblicos.com.br\/index.php\/2026\/03\/28\/bens-materiais-a-efemeridade-e-o-valor-da-virtude\/","title":{"rendered":"Bens Materiais: A Efemeridade e o Valor da Virtude"},"content":{"rendered":"<p>## A Efemeridade dos Bens e a Perman\u00eancia da Virtude<\/p>\n<p>Quantas vezes nos perdemos na busca por aquilo que consideramos valioso? Corremos atr\u00e1s de posses, acumula\u00e7\u00f5es, buscando conforto e seguran\u00e7a em bens materiais. Mas, como nos recorda a Palavra, a morte \u00e9 um lembrete constante de que tudo que temos \u00e9 passageiro. E quando o v\u00e9u se fechar, o que realmente levaremos conosco?<\/p>\n<p>## A Armadilha da Gan\u00e2ncia<\/p>\n<p>Jesus, em Sua sabedoria, nos alerta contra a cobi\u00e7a e a gan\u00e2ncia. **&#8221;Cuidado contra todo tipo de gan\u00e2ncia, porque mesmo que algu\u00e9m tenha muitas coisas, a vida de um homem n\u00e3o consiste na abund\u00e2ncia de seus bens.&#8221;** A par\u00e1bola do homem rico, que acumulou riquezas e pensou em desfrut\u00e1-las, serve como um espelho para nossas pr\u00f3prias ambi\u00e7\u00f5es. Deus, em Sua infinita miseric\u00f3rdia, interrompe seus planos, lembrando-nos que a vida \u00e9 fr\u00e1gil e imprevista.<\/p>\n<p>## A Realidade da Morte<\/p>\n<p>A morte \u00e9 um destino inevit\u00e1vel, que alcan\u00e7a a todos, sem distin\u00e7\u00e3o. Riqueza e pobreza n\u00e3o nos poupam do dia em que seremos chamados a prestar contas. O que, ent\u00e3o, faremos com as coisas que acumulamos? A verdade \u00e9 que, no momento da partida, tudo que possu\u00edmos permanecer\u00e1 para tr\u00e1s, como um legado para outros.<\/p>\n<p>### O Que N\u00e3o \u00e9 Nosso<\/p>\n<p>S\u00e3o Ambrosio, em sua profunda sabedoria, nos ensina que **&#8221;acumula riqueza quando n\u00e3o sabe como a usar\u00e1, \u00e9 como aquele que tendo seus celeiros cheios, at\u00e9 transbordar da nova colheita, preparou dep\u00f3sitos para seus abbontantes frutos, sem saber para quem j\u00e1 juntar.&#8221;** As coisas deste mundo s\u00e3o tempor\u00e1rias, transit\u00f3rias.  Se n\u00e3o podemos lev\u00e1-las conosco, significam que elas n\u00e3o nos pertencem verdadeiramente.<\/p>\n<p>### A Companhia da Virtude<\/p>\n<p>Mas h\u00e1 algo que podemos levar para al\u00e9m deste mundo: a virtude. **&#8221;Somente a virtude \u00e9 companheira do morto.\u201d** As obras de caridade, a compaix\u00e3o, a f\u00e9 e a esperan\u00e7a s\u00e3o os tesouros que nos acompanham na jornada final. Elas s\u00e3o a guia para os c\u00e9us, a primeira das moradas.<\/p>\n<p>### A Recompensa das Boas A\u00e7\u00f5es<\/p>\n<p>Em Ecl\u00e9sias, somos lembrados de que a maior recompensa da vida n\u00e3o reside na posse de bens, mas na capacidade de desfrutar do descanso e da paz interior. E em 1 Tim\u00f3teo, a verdade \u00e9 inabal\u00e1vel: **&#8221;Nada trouxemos ao mundo como t\u00e3o pouco nada podemos levar.&#8221;** A \u00fanica heran\u00e7a que realmente importa \u00e9 aquela que constru\u00edmos com nossas a\u00e7\u00f5es, com a pr\u00e1tica do bem.<\/p>\n<p>### A Promessa de Apocalipse<\/p>\n<p>Em Apocalipse, a promessa \u00e9 clara: **&#8221;Felizes os mortos que morrem no Senhor, pois as suas obras os seguem.\u201d** Que possamos, ent\u00e3o, nos esfor\u00e7ar para que nossas obras sejam o legado que deixamos para as gera\u00e7\u00f5es futuras.<\/p>\n<p>Que possamos, enquanto houver tempo, dedicar nossas energias e recursos a causas nobres, a ajudar o pr\u00f3ximo, a buscar a Deus. Que as boas a\u00e7\u00f5es sejam nossas companhias, nosso guia e nossa eterna recompensa.  Pois, no final da jornada, o que realmente importa \u00e9 o que semeamos em cora\u00e7\u00f5es e o amor que compartilhamos.<\/p>\n","protected":false},"excerpt":{"rendered":"<p>## A Efemeridade dos Bens e a Perman\u00eancia da Virtude Quantas vezes nos perdemos na busca por aquilo que consideramos valioso? Corremos atr\u00e1s de posses, acumula\u00e7\u00f5es, buscando conforto e seguran\u00e7a em bens materiais. Mas, como nos recorda a Palavra, a morte \u00e9 um lembrete constante de que tudo que temos \u00e9 passageiro. E quando o [&hellip;]<\/p>\n","protected":false},"author":1,"featured_media":0,"comment_status":"closed","ping_status":"open","sticky":false,"template":"","format":"standard","meta":{"footnotes":""},"categories":[14],"tags":[],"class_list":["post-5716","post","type-post","status-publish","format-standard","hentry","category-reflexao"],"yoast_head":"<!-- This site is optimized with the Yoast SEO plugin v27.2 - https:\/\/yoast.com\/product\/yoast-seo-wordpress\/ -->\n<title>Bens Materiais: A Efemeridade e o Valor da Virtude - Salmos B\u00edblicos<\/title>\n<meta name=\"robots\" content=\"index, follow, max-snippet:-1, max-image-preview:large, max-video-preview:-1\" \/>\n<link rel=\"canonical\" href=\"https:\/\/salmosbiblicos.com.br\/index.php\/2026\/03\/28\/bens-materiais-a-efemeridade-e-o-valor-da-virtude\/\" \/>\n<meta property=\"og:locale\" content=\"pt_BR\" \/>\n<meta property=\"og:type\" content=\"article\" \/>\n<meta property=\"og:title\" content=\"Bens Materiais: A Efemeridade e o Valor da Virtude - Salmos B\u00edblicos\" \/>\n<meta property=\"og:description\" content=\"## A Efemeridade dos Bens e a Perman\u00eancia da Virtude Quantas vezes nos perdemos na busca por aquilo que consideramos valioso? Corremos atr\u00e1s de posses, acumula\u00e7\u00f5es, buscando conforto e seguran\u00e7a em bens materiais. Mas, como nos recorda a Palavra, a morte \u00e9 um lembrete constante de que tudo que temos \u00e9 passageiro. E quando o [&hellip;]\" \/>\n<meta property=\"og:url\" content=\"https:\/\/salmosbiblicos.com.br\/index.php\/2026\/03\/28\/bens-materiais-a-efemeridade-e-o-valor-da-virtude\/\" \/>\n<meta property=\"og:site_name\" content=\"Salmos B\u00edblicos\" \/>\n<meta property=\"article:published_time\" content=\"2026-03-29T01:44:25+00:00\" \/>\n<meta name=\"author\" content=\"alextreh@gmail.com\" \/>\n<meta name=\"twitter:card\" content=\"summary_large_image\" \/>\n<meta name=\"twitter:label1\" content=\"Escrito por\" \/>\n\t<meta name=\"twitter:data1\" content=\"alextreh@gmail.com\" \/>\n\t<meta name=\"twitter:label2\" content=\"Est. tempo de leitura\" \/>\n\t<meta name=\"twitter:data2\" content=\"3 minutos\" \/>\n<script type=\"application\/ld+json\" class=\"yoast-schema-graph\">{\"@context\":\"https:\/\/schema.org\",\"@graph\":[{\"@type\":\"Article\",\"@id\":\"https:\/\/salmosbiblicos.com.br\/index.php\/2026\/03\/28\/bens-materiais-a-efemeridade-e-o-valor-da-virtude\/#article\",\"isPartOf\":{\"@id\":\"https:\/\/salmosbiblicos.com.br\/index.php\/2026\/03\/28\/bens-materiais-a-efemeridade-e-o-valor-da-virtude\/\"},\"author\":{\"name\":\"alextreh@gmail.com\",\"@id\":\"https:\/\/salmosbiblicos.com.br\/#\/schema\/person\/30586d0fb3f3a46b78a3414fc39cc975\"},\"headline\":\"Bens Materiais: A Efemeridade e o Valor da Virtude\",\"datePublished\":\"2026-03-29T01:44:25+00:00\",\"mainEntityOfPage\":{\"@id\":\"https:\/\/salmosbiblicos.com.br\/index.php\/2026\/03\/28\/bens-materiais-a-efemeridade-e-o-valor-da-virtude\/\"},\"wordCount\":535,\"articleSection\":[\"Reflex\u00e3o\"],\"inLanguage\":\"pt-BR\"},{\"@type\":\"WebPage\",\"@id\":\"https:\/\/salmosbiblicos.com.br\/index.php\/2026\/03\/28\/bens-materiais-a-efemeridade-e-o-valor-da-virtude\/\",\"url\":\"https:\/\/salmosbiblicos.com.br\/index.php\/2026\/03\/28\/bens-materiais-a-efemeridade-e-o-valor-da-virtude\/\",\"name\":\"Bens Materiais: A Efemeridade e o Valor da Virtude - Salmos B\u00edblicos\",\"isPartOf\":{\"@id\":\"https:\/\/salmosbiblicos.com.br\/#website\"},\"datePublished\":\"2026-03-29T01:44:25+00:00\",\"author\":{\"@id\":\"https:\/\/salmosbiblicos.com.br\/#\/schema\/person\/30586d0fb3f3a46b78a3414fc39cc975\"},\"breadcrumb\":{\"@id\":\"https:\/\/salmosbiblicos.com.br\/index.php\/2026\/03\/28\/bens-materiais-a-efemeridade-e-o-valor-da-virtude\/#breadcrumb\"},\"inLanguage\":\"pt-BR\",\"potentialAction\":[{\"@type\":\"ReadAction\",\"target\":[\"https:\/\/salmosbiblicos.com.br\/index.php\/2026\/03\/28\/bens-materiais-a-efemeridade-e-o-valor-da-virtude\/\"]}]},{\"@type\":\"BreadcrumbList\",\"@id\":\"https:\/\/salmosbiblicos.com.br\/index.php\/2026\/03\/28\/bens-materiais-a-efemeridade-e-o-valor-da-virtude\/#breadcrumb\",\"itemListElement\":[{\"@type\":\"ListItem\",\"position\":1,\"name\":\"Home\",\"item\":\"https:\/\/salmosbiblicos.com.br\/\"},{\"@type\":\"ListItem\",\"position\":2,\"name\":\"Bens Materiais: A Efemeridade e o Valor da Virtude\"}]},{\"@type\":\"WebSite\",\"@id\":\"https:\/\/salmosbiblicos.com.br\/#website\",\"url\":\"https:\/\/salmosbiblicos.com.br\/\",\"name\":\"Salmos B\u00edblicos\",\"description\":\"Uma e-Livraria com e-Books novos para voc\u00ea refletir.\",\"potentialAction\":[{\"@type\":\"SearchAction\",\"target\":{\"@type\":\"EntryPoint\",\"urlTemplate\":\"https:\/\/salmosbiblicos.com.br\/?s={search_term_string}\"},\"query-input\":{\"@type\":\"PropertyValueSpecification\",\"valueRequired\":true,\"valueName\":\"search_term_string\"}}],\"inLanguage\":\"pt-BR\"},{\"@type\":\"Person\",\"@id\":\"https:\/\/salmosbiblicos.com.br\/#\/schema\/person\/30586d0fb3f3a46b78a3414fc39cc975\",\"name\":\"alextreh@gmail.com\",\"image\":{\"@type\":\"ImageObject\",\"inLanguage\":\"pt-BR\",\"@id\":\"https:\/\/secure.gravatar.com\/avatar\/7cf84d31f581ec97b887c1039d478a7c293086896c84951a86753fb2c2af7527?s=96&d=mm&r=g\",\"url\":\"https:\/\/secure.gravatar.com\/avatar\/7cf84d31f581ec97b887c1039d478a7c293086896c84951a86753fb2c2af7527?s=96&d=mm&r=g\",\"contentUrl\":\"https:\/\/secure.gravatar.com\/avatar\/7cf84d31f581ec97b887c1039d478a7c293086896c84951a86753fb2c2af7527?s=96&d=mm&r=g\",\"caption\":\"alextreh@gmail.com\"},\"sameAs\":[\"http:\/\/salmosbiblicos.com.br\"],\"url\":\"https:\/\/salmosbiblicos.com.br\/index.php\/author\/alextrehgmail-com\/\"}]}<\/script>\n<!-- \/ Yoast SEO plugin. -->","yoast_head_json":{"title":"Bens Materiais: A Efemeridade e o Valor da Virtude - Salmos B\u00edblicos","robots":{"index":"index","follow":"follow","max-snippet":"max-snippet:-1","max-image-preview":"max-image-preview:large","max-video-preview":"max-video-preview:-1"},"canonical":"https:\/\/salmosbiblicos.com.br\/index.php\/2026\/03\/28\/bens-materiais-a-efemeridade-e-o-valor-da-virtude\/","og_locale":"pt_BR","og_type":"article","og_title":"Bens Materiais: A Efemeridade e o Valor da Virtude - Salmos B\u00edblicos","og_description":"## A Efemeridade dos Bens e a Perman\u00eancia da Virtude Quantas vezes nos perdemos na busca por aquilo que consideramos valioso? Corremos atr\u00e1s de posses, acumula\u00e7\u00f5es, buscando conforto e seguran\u00e7a em bens materiais. Mas, como nos recorda a Palavra, a morte \u00e9 um lembrete constante de que tudo que temos \u00e9 passageiro. E quando o [&hellip;]","og_url":"https:\/\/salmosbiblicos.com.br\/index.php\/2026\/03\/28\/bens-materiais-a-efemeridade-e-o-valor-da-virtude\/","og_site_name":"Salmos B\u00edblicos","article_published_time":"2026-03-29T01:44:25+00:00","author":"alextreh@gmail.com","twitter_card":"summary_large_image","twitter_misc":{"Escrito por":"alextreh@gmail.com","Est. tempo de leitura":"3 minutos"},"schema":{"@context":"https:\/\/schema.org","@graph":[{"@type":"Article","@id":"https:\/\/salmosbiblicos.com.br\/index.php\/2026\/03\/28\/bens-materiais-a-efemeridade-e-o-valor-da-virtude\/#article","isPartOf":{"@id":"https:\/\/salmosbiblicos.com.br\/index.php\/2026\/03\/28\/bens-materiais-a-efemeridade-e-o-valor-da-virtude\/"},"author":{"name":"alextreh@gmail.com","@id":"https:\/\/salmosbiblicos.com.br\/#\/schema\/person\/30586d0fb3f3a46b78a3414fc39cc975"},"headline":"Bens Materiais: A Efemeridade e o Valor da Virtude","datePublished":"2026-03-29T01:44:25+00:00","mainEntityOfPage":{"@id":"https:\/\/salmosbiblicos.com.br\/index.php\/2026\/03\/28\/bens-materiais-a-efemeridade-e-o-valor-da-virtude\/"},"wordCount":535,"articleSection":["Reflex\u00e3o"],"inLanguage":"pt-BR"},{"@type":"WebPage","@id":"https:\/\/salmosbiblicos.com.br\/index.php\/2026\/03\/28\/bens-materiais-a-efemeridade-e-o-valor-da-virtude\/","url":"https:\/\/salmosbiblicos.com.br\/index.php\/2026\/03\/28\/bens-materiais-a-efemeridade-e-o-valor-da-virtude\/","name":"Bens Materiais: A Efemeridade e o Valor da Virtude - Salmos B\u00edblicos","isPartOf":{"@id":"https:\/\/salmosbiblicos.com.br\/#website"},"datePublished":"2026-03-29T01:44:25+00:00","author":{"@id":"https:\/\/salmosbiblicos.com.br\/#\/schema\/person\/30586d0fb3f3a46b78a3414fc39cc975"},"breadcrumb":{"@id":"https:\/\/salmosbiblicos.com.br\/index.php\/2026\/03\/28\/bens-materiais-a-efemeridade-e-o-valor-da-virtude\/#breadcrumb"},"inLanguage":"pt-BR","potentialAction":[{"@type":"ReadAction","target":["https:\/\/salmosbiblicos.com.br\/index.php\/2026\/03\/28\/bens-materiais-a-efemeridade-e-o-valor-da-virtude\/"]}]},{"@type":"BreadcrumbList","@id":"https:\/\/salmosbiblicos.com.br\/index.php\/2026\/03\/28\/bens-materiais-a-efemeridade-e-o-valor-da-virtude\/#breadcrumb","itemListElement":[{"@type":"ListItem","position":1,"name":"Home","item":"https:\/\/salmosbiblicos.com.br\/"},{"@type":"ListItem","position":2,"name":"Bens Materiais: A Efemeridade e o Valor da Virtude"}]},{"@type":"WebSite","@id":"https:\/\/salmosbiblicos.com.br\/#website","url":"https:\/\/salmosbiblicos.com.br\/","name":"Salmos B\u00edblicos","description":"Uma e-Livraria com e-Books novos para voc\u00ea refletir.","potentialAction":[{"@type":"SearchAction","target":{"@type":"EntryPoint","urlTemplate":"https:\/\/salmosbiblicos.com.br\/?s={search_term_string}"},"query-input":{"@type":"PropertyValueSpecification","valueRequired":true,"valueName":"search_term_string"}}],"inLanguage":"pt-BR"},{"@type":"Person","@id":"https:\/\/salmosbiblicos.com.br\/#\/schema\/person\/30586d0fb3f3a46b78a3414fc39cc975","name":"alextreh@gmail.com","image":{"@type":"ImageObject","inLanguage":"pt-BR","@id":"https:\/\/secure.gravatar.com\/avatar\/7cf84d31f581ec97b887c1039d478a7c293086896c84951a86753fb2c2af7527?s=96&d=mm&r=g","url":"https:\/\/secure.gravatar.com\/avatar\/7cf84d31f581ec97b887c1039d478a7c293086896c84951a86753fb2c2af7527?s=96&d=mm&r=g","contentUrl":"https:\/\/secure.gravatar.com\/avatar\/7cf84d31f581ec97b887c1039d478a7c293086896c84951a86753fb2c2af7527?s=96&d=mm&r=g","caption":"alextreh@gmail.com"},"sameAs":["http:\/\/salmosbiblicos.com.br"],"url":"https:\/\/salmosbiblicos.com.br\/index.php\/author\/alextrehgmail-com\/"}]}},"_links":{"self":[{"href":"https:\/\/salmosbiblicos.com.br\/index.php\/wp-json\/wp\/v2\/posts\/5716","targetHints":{"allow":["GET"]}}],"collection":[{"href":"https:\/\/salmosbiblicos.com.br\/index.php\/wp-json\/wp\/v2\/posts"}],"about":[{"href":"https:\/\/salmosbiblicos.com.br\/index.php\/wp-json\/wp\/v2\/types\/post"}],"author":[{"embeddable":true,"href":"https:\/\/salmosbiblicos.com.br\/index.php\/wp-json\/wp\/v2\/users\/1"}],"replies":[{"embeddable":true,"href":"https:\/\/salmosbiblicos.com.br\/index.php\/wp-json\/wp\/v2\/comments?post=5716"}],"version-history":[{"count":1,"href":"https:\/\/salmosbiblicos.com.br\/index.php\/wp-json\/wp\/v2\/posts\/5716\/revisions"}],"predecessor-version":[{"id":5717,"href":"https:\/\/salmosbiblicos.com.br\/index.php\/wp-json\/wp\/v2\/posts\/5716\/revisions\/5717"}],"wp:attachment":[{"href":"https:\/\/salmosbiblicos.com.br\/index.php\/wp-json\/wp\/v2\/media?parent=5716"}],"wp:term":[{"taxonomy":"category","embeddable":true,"href":"https:\/\/salmosbiblicos.com.br\/index.php\/wp-json\/wp\/v2\/categories?post=5716"},{"taxonomy":"post_tag","embeddable":true,"href":"https:\/\/salmosbiblicos.com.br\/index.php\/wp-json\/wp\/v2\/tags?post=5716"}],"curies":[{"name":"wp","href":"https:\/\/api.w.org\/{rel}","templated":true}]}}