{"id":5724,"date":"2026-03-28T23:12:05","date_gmt":"2026-03-29T02:12:05","guid":{"rendered":"https:\/\/salmosbiblicos.com.br\/?p=5724"},"modified":"2026-03-28T23:12:05","modified_gmt":"2026-03-29T02:12:05","slug":"pecado-original-compreenda-a-heranca-humana-e-a-busca-pela-luz","status":"publish","type":"post","link":"https:\/\/salmosbiblicos.com.br\/index.php\/2026\/03\/28\/pecado-original-compreenda-a-heranca-humana-e-a-busca-pela-luz\/","title":{"rendered":"Pecado Original: Compreenda a Heran\u00e7a Humana e a Busca pela Luz"},"content":{"rendered":"<p>## A Sombra e a Luz: Uma Reflex\u00e3o Sobre o Pecado Original<\/p>\n<p>A experi\u00eancia humana \u00e9 marcada por uma busca incessante, um anseio por algo que parece sempre fugir. Questionamos a justi\u00e7a do mundo, a origem do sofrimento, e por vezes, a nossa pr\u00f3pria exist\u00eancia. Por que, afinal, carregamos em n\u00f3s a marca de uma falha ancestral, algo que n\u00e3o fizemos, mas que, de alguma forma, nos acompanha desde o nascimento?<\/p>\n<p>### A Heran\u00e7a Comum<\/p>\n<p>Refletindo sobre a condi\u00e7\u00e3o humana, somos confrontados com a realidade do pecado original. Uma hist\u00f3ria antiga, transmitida de gera\u00e7\u00e3o em gera\u00e7\u00e3o, que nos fala da fragilidade da nossa natureza e da dist\u00e2ncia que nos separam da plenitude. **N\u00e3o se trata de uma culpa individual**, mas de uma condi\u00e7\u00e3o compartilhada, uma heran\u00e7a que recebemos como parte integrante do nosso ser.<\/p>\n<p>\u00c9 natural questionar a justi\u00e7a dessa situa\u00e7\u00e3o: &#8220;Por que eu, que n\u00e3o participei desse evento, devo sofrer as consequ\u00eancias?&#8221;. A resposta reside na profunda unidade do g\u00eanero humano. Somos um s\u00f3 corpo, unidos por la\u00e7os invis\u00edveis que transcendem o tempo e o espa\u00e7o. A queda, portanto, impactou a todos, tecendo uma sombra sobre a nossa exist\u00eancia.<\/p>\n<p>### A Priva\u00e7\u00e3o da Gl\u00f3ria<\/p>\n<p>O pecado original, como nos revela a Sagrada Escritura, n\u00e3o \u00e9 uma a\u00e7\u00e3o cometida por cada um de n\u00f3s, mas sim uma condi\u00e7\u00e3o de *priva\u00e7\u00e3o*. **Fomos privados da gl\u00f3ria de Deus**, da intimidade e da plenitude que seriam o nosso destino natural. Aquele para\u00edso perdido, a comunh\u00e3o perfeita com o Criador, tornou-se um sonho distante.<\/p>\n<p>Essa realidade pode gerar des\u00e2nimo e at\u00e9 mesmo revolta. No entanto, a mensagem da f\u00e9 n\u00e3o se limita \u00e0 constata\u00e7\u00e3o da nossa fragilidade. Ela nos oferece esperan\u00e7a, um caminho de volta para a luz.<\/p>\n<p>### A Gra\u00e7a Redentora<\/p>\n<p>A medida que nos aprofundamos nas Escrituras, encontramos a promessa de reden\u00e7\u00e3o. A gra\u00e7a de Deus, como um rio caudaloso, rompe as barreiras do pecado e nos oferece a possibilidade de uma nova vida.<\/p>\n<p>**Em Cristo, encontramos a oportunidade de ressurrei\u00e7\u00e3o**, de transcender a nossa condi\u00e7\u00e3o de falibilidade e experimentar a plenitude da gra\u00e7a divina. A obra redentora de Jesus n\u00e3o apenas apaga a d\u00edvida do pecado original, mas tamb\u00e9m nos concede uma gl\u00f3ria ainda maior, uma participa\u00e7\u00e3o na pr\u00f3pria divindade.<\/p>\n<p>### Um Mist\u00e9rio a Ser Compreendido<\/p>\n<p>A transmiss\u00e3o do pecado original \u00e9 um mist\u00e9rio profundo, que desafia a nossa capacidade de compreens\u00e3o plena. Reconhecemos, por\u00e9m, pela f\u00e9 que, ao ceder \u00e0 tenta\u00e7\u00e3o, nossos primeiros pais n\u00e3o apenas cometeram um pecado pessoal, mas tamb\u00e9m corromperam a natureza humana, transmitindo-a em um estado de fragilidade.<\/p>\n<p>Este estado de decaydio \u00e9 herdado por toda a humanidade, como uma condi\u00e7\u00e3o intr\u00ednseca \u00e0 nossa natureza. Contudo, este mist\u00e9rio n\u00e3o deve nos paralisar no desespero, mas impulsionar-nos a buscar cada vez mais a luz da f\u00e9 e a gra\u00e7a divina.<\/p>\n<p>### Um Chamado \u00e0 Esperan\u00e7a<\/p>\n<p>Que esta reflex\u00e3o nos inspire a contemplar a beleza e a profundidade do plano divino. Que possamos reconhecer a nossa fragilidade, mas tamb\u00e9m a nossa dignidade, como filhos de Deus, chamados \u00e0 santidade. **Cultivemos, em nossos cora\u00e7\u00f5es, a gratid\u00e3o pela gra\u00e7a redentora** e a esperan\u00e7a na promessa da vida eterna.<\/p>\n<p>Em cada desafio, em cada prova\u00e7\u00e3o, recordemos que a luz da f\u00e9 \u00e9 capaz de dissipar as sombras do pecado e nos guiar no caminho da salva\u00e7\u00e3o. Que a paz e a gra\u00e7a de Deus estejam com todos voc\u00eas.<\/p>\n","protected":false},"excerpt":{"rendered":"<p>## A Sombra e a Luz: Uma Reflex\u00e3o Sobre o Pecado Original A experi\u00eancia humana \u00e9 marcada por uma busca incessante, um anseio por algo que parece sempre fugir. Questionamos a justi\u00e7a do mundo, a origem do sofrimento, e por vezes, a nossa pr\u00f3pria exist\u00eancia. Por que, afinal, carregamos em n\u00f3s a marca de uma [&hellip;]<\/p>\n","protected":false},"author":1,"featured_media":0,"comment_status":"closed","ping_status":"open","sticky":false,"template":"","format":"standard","meta":{"footnotes":""},"categories":[14],"tags":[],"class_list":["post-5724","post","type-post","status-publish","format-standard","hentry","category-reflexao"],"yoast_head":"<!-- This site is optimized with the Yoast SEO plugin v27.2 - https:\/\/yoast.com\/product\/yoast-seo-wordpress\/ -->\n<title>Pecado Original: Compreenda a Heran\u00e7a Humana e a Busca pela Luz - Salmos B\u00edblicos<\/title>\n<meta name=\"robots\" content=\"index, follow, max-snippet:-1, max-image-preview:large, max-video-preview:-1\" \/>\n<link rel=\"canonical\" href=\"http:\/\/salmosbiblicos.com.br\/index.php\/2026\/03\/28\/pecado-original-compreenda-a-heranca-humana-e-a-busca-pela-luz\/\" \/>\n<meta property=\"og:locale\" content=\"pt_BR\" \/>\n<meta property=\"og:type\" content=\"article\" \/>\n<meta property=\"og:title\" content=\"Pecado Original: Compreenda a Heran\u00e7a Humana e a Busca pela Luz - Salmos B\u00edblicos\" \/>\n<meta property=\"og:description\" content=\"## A Sombra e a Luz: Uma Reflex\u00e3o Sobre o Pecado Original A experi\u00eancia humana \u00e9 marcada por uma busca incessante, um anseio por algo que parece sempre fugir. Questionamos a justi\u00e7a do mundo, a origem do sofrimento, e por vezes, a nossa pr\u00f3pria exist\u00eancia. Por que, afinal, carregamos em n\u00f3s a marca de uma [&hellip;]\" \/>\n<meta property=\"og:url\" content=\"http:\/\/salmosbiblicos.com.br\/index.php\/2026\/03\/28\/pecado-original-compreenda-a-heranca-humana-e-a-busca-pela-luz\/\" \/>\n<meta property=\"og:site_name\" content=\"Salmos B\u00edblicos\" \/>\n<meta property=\"article:published_time\" content=\"2026-03-29T02:12:05+00:00\" \/>\n<meta name=\"author\" content=\"alextreh@gmail.com\" \/>\n<meta name=\"twitter:card\" content=\"summary_large_image\" \/>\n<meta name=\"twitter:label1\" content=\"Escrito por\" \/>\n\t<meta name=\"twitter:data1\" content=\"alextreh@gmail.com\" \/>\n\t<meta name=\"twitter:label2\" content=\"Est. tempo de leitura\" \/>\n\t<meta name=\"twitter:data2\" content=\"3 minutos\" \/>\n<script type=\"application\/ld+json\" class=\"yoast-schema-graph\">{\"@context\":\"https:\/\/schema.org\",\"@graph\":[{\"@type\":\"Article\",\"@id\":\"http:\/\/salmosbiblicos.com.br\/index.php\/2026\/03\/28\/pecado-original-compreenda-a-heranca-humana-e-a-busca-pela-luz\/#article\",\"isPartOf\":{\"@id\":\"http:\/\/salmosbiblicos.com.br\/index.php\/2026\/03\/28\/pecado-original-compreenda-a-heranca-humana-e-a-busca-pela-luz\/\"},\"author\":{\"name\":\"alextreh@gmail.com\",\"@id\":\"https:\/\/salmosbiblicos.com.br\/#\/schema\/person\/30586d0fb3f3a46b78a3414fc39cc975\"},\"headline\":\"Pecado Original: Compreenda a Heran\u00e7a Humana e a Busca pela Luz\",\"datePublished\":\"2026-03-29T02:12:05+00:00\",\"mainEntityOfPage\":{\"@id\":\"http:\/\/salmosbiblicos.com.br\/index.php\/2026\/03\/28\/pecado-original-compreenda-a-heranca-humana-e-a-busca-pela-luz\/\"},\"wordCount\":627,\"articleSection\":[\"Reflex\u00e3o\"],\"inLanguage\":\"pt-BR\"},{\"@type\":\"WebPage\",\"@id\":\"http:\/\/salmosbiblicos.com.br\/index.php\/2026\/03\/28\/pecado-original-compreenda-a-heranca-humana-e-a-busca-pela-luz\/\",\"url\":\"http:\/\/salmosbiblicos.com.br\/index.php\/2026\/03\/28\/pecado-original-compreenda-a-heranca-humana-e-a-busca-pela-luz\/\",\"name\":\"Pecado Original: Compreenda a Heran\u00e7a Humana e a Busca pela Luz - Salmos B\u00edblicos\",\"isPartOf\":{\"@id\":\"https:\/\/salmosbiblicos.com.br\/#website\"},\"datePublished\":\"2026-03-29T02:12:05+00:00\",\"author\":{\"@id\":\"https:\/\/salmosbiblicos.com.br\/#\/schema\/person\/30586d0fb3f3a46b78a3414fc39cc975\"},\"breadcrumb\":{\"@id\":\"http:\/\/salmosbiblicos.com.br\/index.php\/2026\/03\/28\/pecado-original-compreenda-a-heranca-humana-e-a-busca-pela-luz\/#breadcrumb\"},\"inLanguage\":\"pt-BR\",\"potentialAction\":[{\"@type\":\"ReadAction\",\"target\":[\"http:\/\/salmosbiblicos.com.br\/index.php\/2026\/03\/28\/pecado-original-compreenda-a-heranca-humana-e-a-busca-pela-luz\/\"]}]},{\"@type\":\"BreadcrumbList\",\"@id\":\"http:\/\/salmosbiblicos.com.br\/index.php\/2026\/03\/28\/pecado-original-compreenda-a-heranca-humana-e-a-busca-pela-luz\/#breadcrumb\",\"itemListElement\":[{\"@type\":\"ListItem\",\"position\":1,\"name\":\"Home\",\"item\":\"https:\/\/salmosbiblicos.com.br\/\"},{\"@type\":\"ListItem\",\"position\":2,\"name\":\"Pecado Original: Compreenda a Heran\u00e7a Humana e a Busca pela Luz\"}]},{\"@type\":\"WebSite\",\"@id\":\"https:\/\/salmosbiblicos.com.br\/#website\",\"url\":\"https:\/\/salmosbiblicos.com.br\/\",\"name\":\"Salmos B\u00edblicos\",\"description\":\"Uma e-Livraria com e-Books novos para voc\u00ea refletir.\",\"potentialAction\":[{\"@type\":\"SearchAction\",\"target\":{\"@type\":\"EntryPoint\",\"urlTemplate\":\"https:\/\/salmosbiblicos.com.br\/?s={search_term_string}\"},\"query-input\":{\"@type\":\"PropertyValueSpecification\",\"valueRequired\":true,\"valueName\":\"search_term_string\"}}],\"inLanguage\":\"pt-BR\"},{\"@type\":\"Person\",\"@id\":\"https:\/\/salmosbiblicos.com.br\/#\/schema\/person\/30586d0fb3f3a46b78a3414fc39cc975\",\"name\":\"alextreh@gmail.com\",\"image\":{\"@type\":\"ImageObject\",\"inLanguage\":\"pt-BR\",\"@id\":\"https:\/\/secure.gravatar.com\/avatar\/7cf84d31f581ec97b887c1039d478a7c293086896c84951a86753fb2c2af7527?s=96&d=mm&r=g\",\"url\":\"https:\/\/secure.gravatar.com\/avatar\/7cf84d31f581ec97b887c1039d478a7c293086896c84951a86753fb2c2af7527?s=96&d=mm&r=g\",\"contentUrl\":\"https:\/\/secure.gravatar.com\/avatar\/7cf84d31f581ec97b887c1039d478a7c293086896c84951a86753fb2c2af7527?s=96&d=mm&r=g\",\"caption\":\"alextreh@gmail.com\"},\"sameAs\":[\"http:\/\/salmosbiblicos.com.br\"],\"url\":\"https:\/\/salmosbiblicos.com.br\/index.php\/author\/alextrehgmail-com\/\"}]}<\/script>\n<!-- \/ Yoast SEO plugin. -->","yoast_head_json":{"title":"Pecado Original: Compreenda a Heran\u00e7a Humana e a Busca pela Luz - Salmos B\u00edblicos","robots":{"index":"index","follow":"follow","max-snippet":"max-snippet:-1","max-image-preview":"max-image-preview:large","max-video-preview":"max-video-preview:-1"},"canonical":"http:\/\/salmosbiblicos.com.br\/index.php\/2026\/03\/28\/pecado-original-compreenda-a-heranca-humana-e-a-busca-pela-luz\/","og_locale":"pt_BR","og_type":"article","og_title":"Pecado Original: Compreenda a Heran\u00e7a Humana e a Busca pela Luz - Salmos B\u00edblicos","og_description":"## A Sombra e a Luz: Uma Reflex\u00e3o Sobre o Pecado Original A experi\u00eancia humana \u00e9 marcada por uma busca incessante, um anseio por algo que parece sempre fugir. Questionamos a justi\u00e7a do mundo, a origem do sofrimento, e por vezes, a nossa pr\u00f3pria exist\u00eancia. Por que, afinal, carregamos em n\u00f3s a marca de uma [&hellip;]","og_url":"http:\/\/salmosbiblicos.com.br\/index.php\/2026\/03\/28\/pecado-original-compreenda-a-heranca-humana-e-a-busca-pela-luz\/","og_site_name":"Salmos B\u00edblicos","article_published_time":"2026-03-29T02:12:05+00:00","author":"alextreh@gmail.com","twitter_card":"summary_large_image","twitter_misc":{"Escrito por":"alextreh@gmail.com","Est. tempo de leitura":"3 minutos"},"schema":{"@context":"https:\/\/schema.org","@graph":[{"@type":"Article","@id":"http:\/\/salmosbiblicos.com.br\/index.php\/2026\/03\/28\/pecado-original-compreenda-a-heranca-humana-e-a-busca-pela-luz\/#article","isPartOf":{"@id":"http:\/\/salmosbiblicos.com.br\/index.php\/2026\/03\/28\/pecado-original-compreenda-a-heranca-humana-e-a-busca-pela-luz\/"},"author":{"name":"alextreh@gmail.com","@id":"https:\/\/salmosbiblicos.com.br\/#\/schema\/person\/30586d0fb3f3a46b78a3414fc39cc975"},"headline":"Pecado Original: Compreenda a Heran\u00e7a Humana e a Busca pela Luz","datePublished":"2026-03-29T02:12:05+00:00","mainEntityOfPage":{"@id":"http:\/\/salmosbiblicos.com.br\/index.php\/2026\/03\/28\/pecado-original-compreenda-a-heranca-humana-e-a-busca-pela-luz\/"},"wordCount":627,"articleSection":["Reflex\u00e3o"],"inLanguage":"pt-BR"},{"@type":"WebPage","@id":"http:\/\/salmosbiblicos.com.br\/index.php\/2026\/03\/28\/pecado-original-compreenda-a-heranca-humana-e-a-busca-pela-luz\/","url":"http:\/\/salmosbiblicos.com.br\/index.php\/2026\/03\/28\/pecado-original-compreenda-a-heranca-humana-e-a-busca-pela-luz\/","name":"Pecado Original: Compreenda a Heran\u00e7a Humana e a Busca pela Luz - Salmos B\u00edblicos","isPartOf":{"@id":"https:\/\/salmosbiblicos.com.br\/#website"},"datePublished":"2026-03-29T02:12:05+00:00","author":{"@id":"https:\/\/salmosbiblicos.com.br\/#\/schema\/person\/30586d0fb3f3a46b78a3414fc39cc975"},"breadcrumb":{"@id":"http:\/\/salmosbiblicos.com.br\/index.php\/2026\/03\/28\/pecado-original-compreenda-a-heranca-humana-e-a-busca-pela-luz\/#breadcrumb"},"inLanguage":"pt-BR","potentialAction":[{"@type":"ReadAction","target":["http:\/\/salmosbiblicos.com.br\/index.php\/2026\/03\/28\/pecado-original-compreenda-a-heranca-humana-e-a-busca-pela-luz\/"]}]},{"@type":"BreadcrumbList","@id":"http:\/\/salmosbiblicos.com.br\/index.php\/2026\/03\/28\/pecado-original-compreenda-a-heranca-humana-e-a-busca-pela-luz\/#breadcrumb","itemListElement":[{"@type":"ListItem","position":1,"name":"Home","item":"https:\/\/salmosbiblicos.com.br\/"},{"@type":"ListItem","position":2,"name":"Pecado Original: Compreenda a Heran\u00e7a Humana e a Busca pela Luz"}]},{"@type":"WebSite","@id":"https:\/\/salmosbiblicos.com.br\/#website","url":"https:\/\/salmosbiblicos.com.br\/","name":"Salmos B\u00edblicos","description":"Uma e-Livraria com e-Books novos para voc\u00ea refletir.","potentialAction":[{"@type":"SearchAction","target":{"@type":"EntryPoint","urlTemplate":"https:\/\/salmosbiblicos.com.br\/?s={search_term_string}"},"query-input":{"@type":"PropertyValueSpecification","valueRequired":true,"valueName":"search_term_string"}}],"inLanguage":"pt-BR"},{"@type":"Person","@id":"https:\/\/salmosbiblicos.com.br\/#\/schema\/person\/30586d0fb3f3a46b78a3414fc39cc975","name":"alextreh@gmail.com","image":{"@type":"ImageObject","inLanguage":"pt-BR","@id":"https:\/\/secure.gravatar.com\/avatar\/7cf84d31f581ec97b887c1039d478a7c293086896c84951a86753fb2c2af7527?s=96&d=mm&r=g","url":"https:\/\/secure.gravatar.com\/avatar\/7cf84d31f581ec97b887c1039d478a7c293086896c84951a86753fb2c2af7527?s=96&d=mm&r=g","contentUrl":"https:\/\/secure.gravatar.com\/avatar\/7cf84d31f581ec97b887c1039d478a7c293086896c84951a86753fb2c2af7527?s=96&d=mm&r=g","caption":"alextreh@gmail.com"},"sameAs":["http:\/\/salmosbiblicos.com.br"],"url":"https:\/\/salmosbiblicos.com.br\/index.php\/author\/alextrehgmail-com\/"}]}},"_links":{"self":[{"href":"https:\/\/salmosbiblicos.com.br\/index.php\/wp-json\/wp\/v2\/posts\/5724","targetHints":{"allow":["GET"]}}],"collection":[{"href":"https:\/\/salmosbiblicos.com.br\/index.php\/wp-json\/wp\/v2\/posts"}],"about":[{"href":"https:\/\/salmosbiblicos.com.br\/index.php\/wp-json\/wp\/v2\/types\/post"}],"author":[{"embeddable":true,"href":"https:\/\/salmosbiblicos.com.br\/index.php\/wp-json\/wp\/v2\/users\/1"}],"replies":[{"embeddable":true,"href":"https:\/\/salmosbiblicos.com.br\/index.php\/wp-json\/wp\/v2\/comments?post=5724"}],"version-history":[{"count":1,"href":"https:\/\/salmosbiblicos.com.br\/index.php\/wp-json\/wp\/v2\/posts\/5724\/revisions"}],"predecessor-version":[{"id":5725,"href":"https:\/\/salmosbiblicos.com.br\/index.php\/wp-json\/wp\/v2\/posts\/5724\/revisions\/5725"}],"wp:attachment":[{"href":"https:\/\/salmosbiblicos.com.br\/index.php\/wp-json\/wp\/v2\/media?parent=5724"}],"wp:term":[{"taxonomy":"category","embeddable":true,"href":"https:\/\/salmosbiblicos.com.br\/index.php\/wp-json\/wp\/v2\/categories?post=5724"},{"taxonomy":"post_tag","embeddable":true,"href":"https:\/\/salmosbiblicos.com.br\/index.php\/wp-json\/wp\/v2\/tags?post=5724"}],"curies":[{"name":"wp","href":"https:\/\/api.w.org\/{rel}","templated":true}]}}