{"id":5744,"date":"2026-03-29T00:21:11","date_gmt":"2026-03-29T03:21:11","guid":{"rendered":"https:\/\/salmosbiblicos.com.br\/?p=5744"},"modified":"2026-03-29T00:21:11","modified_gmt":"2026-03-29T03:21:11","slug":"fuga-e-arrependimento-reflexoes-sobre-o-caminho-da-fe","status":"publish","type":"post","link":"https:\/\/salmosbiblicos.com.br\/index.php\/2026\/03\/29\/fuga-e-arrependimento-reflexoes-sobre-o-caminho-da-fe\/","title":{"rendered":"Fuga e Arrependimento: Reflex\u00f5es sobre o Caminho da F\u00e9"},"content":{"rendered":"<p>## A Sombra da Fuga e a Luz da Miseric\u00f3rdia<\/p>\n<p>Quantas vezes, em nossa jornada, ansiamos por um caminho mais f\u00e1cil, um atalho que nos afaste das responsabilidades e do chamado que ressoa em nosso \u00edntimo? O cora\u00e7\u00e3o humano, por vezes, busca ref\u00fagio na dist\u00e2ncia, na ilus\u00e3o de que a liberdade se encontra na aus\u00eancia de compromissos. Mas a verdade, como um eco eterno, revela que **foge-se de Deus, foge-se de si mesmo**.<\/p>\n<p>\u00c9 sobre esta busca incessante por um escape que nos convida a refletir. A hist\u00f3ria de Jonas nos apresenta um homem que, movido pelo medo e pela resist\u00eancia, tenta escapar da vontade divina. Ele embarca em uma jornada que o leva para longe, acreditando que poderia escapar da presen\u00e7a do Senhor. Mas a tempestade que se levanta, a amea\u00e7a que paira sobre o navio e, finalmente, o monstro das profundezas, s\u00e3o sinais claros de que **a fuga n\u00e3o \u00e9 a solu\u00e7\u00e3o**.<\/p>\n<p>### A Tempestade da Alma<\/p>\n<p>A ang\u00fastia dos marinheiros, em busca de uma explica\u00e7\u00e3o para a terr\u00edvel tempestade, ecoa em nossas pr\u00f3prias vidas. Quando nos afastamos do caminho que nos foi proposto, quando tentamos moldar a realidade de acordo com nossos pr\u00f3prios desejos, enfrentamos tempestades internas que amea\u00e7am nos destruir. O marinheiro, desesperado, apela ao Senhor, clamando por miseric\u00f3rdia e aux\u00edlio. Essa s\u00faplica, carregada de humildade e arrependimento, nos convida a reconhecer a nossa pr\u00f3pria fragilidade e a nossa depend\u00eancia da gra\u00e7a divina.<\/p>\n<p>**O que \u00e9 que nos afasta do amor de Deus?** Por que, tantas vezes, preferimos a escurid\u00e3o \u00e0 luz? A resposta, talvez, esteja na nossa pr\u00f3pria fragilidade, no nosso medo de enfrentar os desafios que a vida nos apresenta.<\/p>\n<p>### O Encontro na Escurid\u00e3o<\/p>\n<p>Jonas, lan\u00e7ado ao mar para acalmar a tempestade, encontra ref\u00fagio nas entranhas de um grande peixe. A escurid\u00e3o, a solid\u00e3o, a sensa\u00e7\u00e3o de abandono&#8230; S\u00e3o prova\u00e7\u00f5es que nos podem levar a questionar o nosso prop\u00f3sito, a nossa f\u00e9. Mas mesmo no mais profundo abismo, **Deus n\u00e3o nos abandona**. A sua miseric\u00f3rdia \u00e9 infinita, o seu amor incondicional.<\/p>\n<p>A passagem b\u00edblica de G\u00eanesis nos recorda a primeira fuga do homem, a tentativa de Ad\u00e3o e Eva de se esconder da presen\u00e7a divina. A busca por um lugar seguro, longe da responsabilidade e do chamado, \u00e9 um tema recorrente na hist\u00f3ria da humanidade. Mas Deus, em sua infinita bondade, n\u00e3o desiste de n\u00f3s. Ele nos procura, nos chama, nos oferece a sua m\u00e3o para nos reconduzir ao caminho.<\/p>\n<p>### A Gra\u00e7a que Persegue<\/p>\n<p>Assim como Deus n\u00e3o desistiu de Ad\u00e3o e Eva, n\u00e3o desistiu de Jonas, e n\u00e3o desistiu de Saulo de Tarso, que se tornou o Ap\u00f3stolo Paulo, Deus n\u00e3o desiste de n\u00f3s. A luz que irrompeu sobre Saulo, a voz que o chamou pelo nome, a transforma\u00e7\u00e3o que o libertou da escurid\u00e3o&#8230; S\u00e3o exemplos da **poderosa a\u00e7\u00e3o da gra\u00e7a divina**.<\/p>\n<p>Essa gra\u00e7a nos persegue, nos alcan\u00e7a nos momentos mais improv\u00e1veis, nos convida a reconhecer a nossa condi\u00e7\u00e3o de pecadores e a acolher a sua miseric\u00f3rdia. **A verdadeira liberdade n\u00e3o se encontra na fuga, mas na entrega, na confian\u00e7a, no amor**.<\/p>\n<p>### O Chamado \u00e0 Convers\u00e3o<\/p>\n<p>Que possamos, a partir de agora, refletir sobre as nossas pr\u00f3prias fugas, sobre os momentos em que nos afastamos do caminho que nos foi proposto. Que possamos reconhecer a nossa necessidade de Deus, a nossa depend\u00eancia do seu amor e da sua gra\u00e7a. Que possamos, enfim, abrir os nossos cora\u00e7\u00f5es para a luz divina e permitir que ela nos ilumine e nos guie.<\/p>\n<p>**Lembremos:** n\u00e3o podemos fugir do nosso Deus, do nosso Criador. Ele nos busca, nos chama, nos ama incondicionalmente. Que possamos responder ao seu chamado com um cora\u00e7\u00e3o aberto e uma vontade disposta.<\/p>\n","protected":false},"excerpt":{"rendered":"<p>## A Sombra da Fuga e a Luz da Miseric\u00f3rdia Quantas vezes, em nossa jornada, ansiamos por um caminho mais f\u00e1cil, um atalho que nos afaste das responsabilidades e do chamado que ressoa em nosso \u00edntimo? O cora\u00e7\u00e3o humano, por vezes, busca ref\u00fagio na dist\u00e2ncia, na ilus\u00e3o de que a liberdade se encontra na aus\u00eancia [&hellip;]<\/p>\n","protected":false},"author":1,"featured_media":0,"comment_status":"closed","ping_status":"open","sticky":false,"template":"","format":"standard","meta":{"footnotes":""},"categories":[14],"tags":[],"class_list":["post-5744","post","type-post","status-publish","format-standard","hentry","category-reflexao"],"yoast_head":"<!-- This site is optimized with the Yoast SEO plugin v27.2 - https:\/\/yoast.com\/product\/yoast-seo-wordpress\/ -->\n<title>Fuga e Arrependimento: Reflex\u00f5es sobre o Caminho da F\u00e9 - Salmos B\u00edblicos<\/title>\n<meta name=\"robots\" content=\"index, follow, max-snippet:-1, max-image-preview:large, max-video-preview:-1\" \/>\n<link rel=\"canonical\" href=\"https:\/\/salmosbiblicos.com.br\/index.php\/2026\/03\/29\/fuga-e-arrependimento-reflexoes-sobre-o-caminho-da-fe\/\" \/>\n<meta property=\"og:locale\" content=\"pt_BR\" \/>\n<meta property=\"og:type\" content=\"article\" \/>\n<meta property=\"og:title\" content=\"Fuga e Arrependimento: Reflex\u00f5es sobre o Caminho da F\u00e9 - Salmos B\u00edblicos\" \/>\n<meta property=\"og:description\" content=\"## A Sombra da Fuga e a Luz da Miseric\u00f3rdia Quantas vezes, em nossa jornada, ansiamos por um caminho mais f\u00e1cil, um atalho que nos afaste das responsabilidades e do chamado que ressoa em nosso \u00edntimo? O cora\u00e7\u00e3o humano, por vezes, busca ref\u00fagio na dist\u00e2ncia, na ilus\u00e3o de que a liberdade se encontra na aus\u00eancia [&hellip;]\" \/>\n<meta property=\"og:url\" content=\"https:\/\/salmosbiblicos.com.br\/index.php\/2026\/03\/29\/fuga-e-arrependimento-reflexoes-sobre-o-caminho-da-fe\/\" \/>\n<meta property=\"og:site_name\" content=\"Salmos B\u00edblicos\" \/>\n<meta property=\"article:published_time\" content=\"2026-03-29T03:21:11+00:00\" \/>\n<meta name=\"author\" content=\"alextreh@gmail.com\" \/>\n<meta name=\"twitter:card\" content=\"summary_large_image\" \/>\n<meta name=\"twitter:label1\" content=\"Escrito por\" \/>\n\t<meta name=\"twitter:data1\" content=\"alextreh@gmail.com\" \/>\n\t<meta name=\"twitter:label2\" content=\"Est. tempo de leitura\" \/>\n\t<meta name=\"twitter:data2\" content=\"3 minutos\" \/>\n<script type=\"application\/ld+json\" class=\"yoast-schema-graph\">{\"@context\":\"https:\/\/schema.org\",\"@graph\":[{\"@type\":\"Article\",\"@id\":\"https:\/\/salmosbiblicos.com.br\/index.php\/2026\/03\/29\/fuga-e-arrependimento-reflexoes-sobre-o-caminho-da-fe\/#article\",\"isPartOf\":{\"@id\":\"https:\/\/salmosbiblicos.com.br\/index.php\/2026\/03\/29\/fuga-e-arrependimento-reflexoes-sobre-o-caminho-da-fe\/\"},\"author\":{\"name\":\"alextreh@gmail.com\",\"@id\":\"https:\/\/salmosbiblicos.com.br\/#\/schema\/person\/30586d0fb3f3a46b78a3414fc39cc975\"},\"headline\":\"Fuga e Arrependimento: Reflex\u00f5es sobre o Caminho da F\u00e9\",\"datePublished\":\"2026-03-29T03:21:11+00:00\",\"mainEntityOfPage\":{\"@id\":\"https:\/\/salmosbiblicos.com.br\/index.php\/2026\/03\/29\/fuga-e-arrependimento-reflexoes-sobre-o-caminho-da-fe\/\"},\"wordCount\":683,\"articleSection\":[\"Reflex\u00e3o\"],\"inLanguage\":\"pt-BR\"},{\"@type\":\"WebPage\",\"@id\":\"https:\/\/salmosbiblicos.com.br\/index.php\/2026\/03\/29\/fuga-e-arrependimento-reflexoes-sobre-o-caminho-da-fe\/\",\"url\":\"https:\/\/salmosbiblicos.com.br\/index.php\/2026\/03\/29\/fuga-e-arrependimento-reflexoes-sobre-o-caminho-da-fe\/\",\"name\":\"Fuga e Arrependimento: Reflex\u00f5es sobre o Caminho da F\u00e9 - Salmos B\u00edblicos\",\"isPartOf\":{\"@id\":\"https:\/\/salmosbiblicos.com.br\/#website\"},\"datePublished\":\"2026-03-29T03:21:11+00:00\",\"author\":{\"@id\":\"https:\/\/salmosbiblicos.com.br\/#\/schema\/person\/30586d0fb3f3a46b78a3414fc39cc975\"},\"breadcrumb\":{\"@id\":\"https:\/\/salmosbiblicos.com.br\/index.php\/2026\/03\/29\/fuga-e-arrependimento-reflexoes-sobre-o-caminho-da-fe\/#breadcrumb\"},\"inLanguage\":\"pt-BR\",\"potentialAction\":[{\"@type\":\"ReadAction\",\"target\":[\"https:\/\/salmosbiblicos.com.br\/index.php\/2026\/03\/29\/fuga-e-arrependimento-reflexoes-sobre-o-caminho-da-fe\/\"]}]},{\"@type\":\"BreadcrumbList\",\"@id\":\"https:\/\/salmosbiblicos.com.br\/index.php\/2026\/03\/29\/fuga-e-arrependimento-reflexoes-sobre-o-caminho-da-fe\/#breadcrumb\",\"itemListElement\":[{\"@type\":\"ListItem\",\"position\":1,\"name\":\"Home\",\"item\":\"https:\/\/salmosbiblicos.com.br\/\"},{\"@type\":\"ListItem\",\"position\":2,\"name\":\"Fuga e Arrependimento: Reflex\u00f5es sobre o Caminho da F\u00e9\"}]},{\"@type\":\"WebSite\",\"@id\":\"https:\/\/salmosbiblicos.com.br\/#website\",\"url\":\"https:\/\/salmosbiblicos.com.br\/\",\"name\":\"Salmos B\u00edblicos\",\"description\":\"Uma e-Livraria com e-Books novos para voc\u00ea refletir.\",\"potentialAction\":[{\"@type\":\"SearchAction\",\"target\":{\"@type\":\"EntryPoint\",\"urlTemplate\":\"https:\/\/salmosbiblicos.com.br\/?s={search_term_string}\"},\"query-input\":{\"@type\":\"PropertyValueSpecification\",\"valueRequired\":true,\"valueName\":\"search_term_string\"}}],\"inLanguage\":\"pt-BR\"},{\"@type\":\"Person\",\"@id\":\"https:\/\/salmosbiblicos.com.br\/#\/schema\/person\/30586d0fb3f3a46b78a3414fc39cc975\",\"name\":\"alextreh@gmail.com\",\"image\":{\"@type\":\"ImageObject\",\"inLanguage\":\"pt-BR\",\"@id\":\"https:\/\/secure.gravatar.com\/avatar\/7cf84d31f581ec97b887c1039d478a7c293086896c84951a86753fb2c2af7527?s=96&d=mm&r=g\",\"url\":\"https:\/\/secure.gravatar.com\/avatar\/7cf84d31f581ec97b887c1039d478a7c293086896c84951a86753fb2c2af7527?s=96&d=mm&r=g\",\"contentUrl\":\"https:\/\/secure.gravatar.com\/avatar\/7cf84d31f581ec97b887c1039d478a7c293086896c84951a86753fb2c2af7527?s=96&d=mm&r=g\",\"caption\":\"alextreh@gmail.com\"},\"sameAs\":[\"http:\/\/salmosbiblicos.com.br\"],\"url\":\"https:\/\/salmosbiblicos.com.br\/index.php\/author\/alextrehgmail-com\/\"}]}<\/script>\n<!-- \/ Yoast SEO plugin. -->","yoast_head_json":{"title":"Fuga e Arrependimento: Reflex\u00f5es sobre o Caminho da F\u00e9 - Salmos B\u00edblicos","robots":{"index":"index","follow":"follow","max-snippet":"max-snippet:-1","max-image-preview":"max-image-preview:large","max-video-preview":"max-video-preview:-1"},"canonical":"https:\/\/salmosbiblicos.com.br\/index.php\/2026\/03\/29\/fuga-e-arrependimento-reflexoes-sobre-o-caminho-da-fe\/","og_locale":"pt_BR","og_type":"article","og_title":"Fuga e Arrependimento: Reflex\u00f5es sobre o Caminho da F\u00e9 - Salmos B\u00edblicos","og_description":"## A Sombra da Fuga e a Luz da Miseric\u00f3rdia Quantas vezes, em nossa jornada, ansiamos por um caminho mais f\u00e1cil, um atalho que nos afaste das responsabilidades e do chamado que ressoa em nosso \u00edntimo? O cora\u00e7\u00e3o humano, por vezes, busca ref\u00fagio na dist\u00e2ncia, na ilus\u00e3o de que a liberdade se encontra na aus\u00eancia [&hellip;]","og_url":"https:\/\/salmosbiblicos.com.br\/index.php\/2026\/03\/29\/fuga-e-arrependimento-reflexoes-sobre-o-caminho-da-fe\/","og_site_name":"Salmos B\u00edblicos","article_published_time":"2026-03-29T03:21:11+00:00","author":"alextreh@gmail.com","twitter_card":"summary_large_image","twitter_misc":{"Escrito por":"alextreh@gmail.com","Est. tempo de leitura":"3 minutos"},"schema":{"@context":"https:\/\/schema.org","@graph":[{"@type":"Article","@id":"https:\/\/salmosbiblicos.com.br\/index.php\/2026\/03\/29\/fuga-e-arrependimento-reflexoes-sobre-o-caminho-da-fe\/#article","isPartOf":{"@id":"https:\/\/salmosbiblicos.com.br\/index.php\/2026\/03\/29\/fuga-e-arrependimento-reflexoes-sobre-o-caminho-da-fe\/"},"author":{"name":"alextreh@gmail.com","@id":"https:\/\/salmosbiblicos.com.br\/#\/schema\/person\/30586d0fb3f3a46b78a3414fc39cc975"},"headline":"Fuga e Arrependimento: Reflex\u00f5es sobre o Caminho da F\u00e9","datePublished":"2026-03-29T03:21:11+00:00","mainEntityOfPage":{"@id":"https:\/\/salmosbiblicos.com.br\/index.php\/2026\/03\/29\/fuga-e-arrependimento-reflexoes-sobre-o-caminho-da-fe\/"},"wordCount":683,"articleSection":["Reflex\u00e3o"],"inLanguage":"pt-BR"},{"@type":"WebPage","@id":"https:\/\/salmosbiblicos.com.br\/index.php\/2026\/03\/29\/fuga-e-arrependimento-reflexoes-sobre-o-caminho-da-fe\/","url":"https:\/\/salmosbiblicos.com.br\/index.php\/2026\/03\/29\/fuga-e-arrependimento-reflexoes-sobre-o-caminho-da-fe\/","name":"Fuga e Arrependimento: Reflex\u00f5es sobre o Caminho da F\u00e9 - Salmos B\u00edblicos","isPartOf":{"@id":"https:\/\/salmosbiblicos.com.br\/#website"},"datePublished":"2026-03-29T03:21:11+00:00","author":{"@id":"https:\/\/salmosbiblicos.com.br\/#\/schema\/person\/30586d0fb3f3a46b78a3414fc39cc975"},"breadcrumb":{"@id":"https:\/\/salmosbiblicos.com.br\/index.php\/2026\/03\/29\/fuga-e-arrependimento-reflexoes-sobre-o-caminho-da-fe\/#breadcrumb"},"inLanguage":"pt-BR","potentialAction":[{"@type":"ReadAction","target":["https:\/\/salmosbiblicos.com.br\/index.php\/2026\/03\/29\/fuga-e-arrependimento-reflexoes-sobre-o-caminho-da-fe\/"]}]},{"@type":"BreadcrumbList","@id":"https:\/\/salmosbiblicos.com.br\/index.php\/2026\/03\/29\/fuga-e-arrependimento-reflexoes-sobre-o-caminho-da-fe\/#breadcrumb","itemListElement":[{"@type":"ListItem","position":1,"name":"Home","item":"https:\/\/salmosbiblicos.com.br\/"},{"@type":"ListItem","position":2,"name":"Fuga e Arrependimento: Reflex\u00f5es sobre o Caminho da F\u00e9"}]},{"@type":"WebSite","@id":"https:\/\/salmosbiblicos.com.br\/#website","url":"https:\/\/salmosbiblicos.com.br\/","name":"Salmos B\u00edblicos","description":"Uma e-Livraria com e-Books novos para voc\u00ea refletir.","potentialAction":[{"@type":"SearchAction","target":{"@type":"EntryPoint","urlTemplate":"https:\/\/salmosbiblicos.com.br\/?s={search_term_string}"},"query-input":{"@type":"PropertyValueSpecification","valueRequired":true,"valueName":"search_term_string"}}],"inLanguage":"pt-BR"},{"@type":"Person","@id":"https:\/\/salmosbiblicos.com.br\/#\/schema\/person\/30586d0fb3f3a46b78a3414fc39cc975","name":"alextreh@gmail.com","image":{"@type":"ImageObject","inLanguage":"pt-BR","@id":"https:\/\/secure.gravatar.com\/avatar\/7cf84d31f581ec97b887c1039d478a7c293086896c84951a86753fb2c2af7527?s=96&d=mm&r=g","url":"https:\/\/secure.gravatar.com\/avatar\/7cf84d31f581ec97b887c1039d478a7c293086896c84951a86753fb2c2af7527?s=96&d=mm&r=g","contentUrl":"https:\/\/secure.gravatar.com\/avatar\/7cf84d31f581ec97b887c1039d478a7c293086896c84951a86753fb2c2af7527?s=96&d=mm&r=g","caption":"alextreh@gmail.com"},"sameAs":["http:\/\/salmosbiblicos.com.br"],"url":"https:\/\/salmosbiblicos.com.br\/index.php\/author\/alextrehgmail-com\/"}]}},"_links":{"self":[{"href":"https:\/\/salmosbiblicos.com.br\/index.php\/wp-json\/wp\/v2\/posts\/5744","targetHints":{"allow":["GET"]}}],"collection":[{"href":"https:\/\/salmosbiblicos.com.br\/index.php\/wp-json\/wp\/v2\/posts"}],"about":[{"href":"https:\/\/salmosbiblicos.com.br\/index.php\/wp-json\/wp\/v2\/types\/post"}],"author":[{"embeddable":true,"href":"https:\/\/salmosbiblicos.com.br\/index.php\/wp-json\/wp\/v2\/users\/1"}],"replies":[{"embeddable":true,"href":"https:\/\/salmosbiblicos.com.br\/index.php\/wp-json\/wp\/v2\/comments?post=5744"}],"version-history":[{"count":1,"href":"https:\/\/salmosbiblicos.com.br\/index.php\/wp-json\/wp\/v2\/posts\/5744\/revisions"}],"predecessor-version":[{"id":5745,"href":"https:\/\/salmosbiblicos.com.br\/index.php\/wp-json\/wp\/v2\/posts\/5744\/revisions\/5745"}],"wp:attachment":[{"href":"https:\/\/salmosbiblicos.com.br\/index.php\/wp-json\/wp\/v2\/media?parent=5744"}],"wp:term":[{"taxonomy":"category","embeddable":true,"href":"https:\/\/salmosbiblicos.com.br\/index.php\/wp-json\/wp\/v2\/categories?post=5744"},{"taxonomy":"post_tag","embeddable":true,"href":"https:\/\/salmosbiblicos.com.br\/index.php\/wp-json\/wp\/v2\/tags?post=5744"}],"curies":[{"name":"wp","href":"https:\/\/api.w.org\/{rel}","templated":true}]}}