{"id":5782,"date":"2026-03-29T02:30:32","date_gmt":"2026-03-29T05:30:32","guid":{"rendered":"https:\/\/salmosbiblicos.com.br\/?p=5782"},"modified":"2026-03-29T02:30:32","modified_gmt":"2026-03-29T05:30:32","slug":"igreja-fundamento-da-verdade-em-tempos-de-incerteza","status":"publish","type":"post","link":"https:\/\/salmosbiblicos.com.br\/index.php\/2026\/03\/29\/igreja-fundamento-da-verdade-em-tempos-de-incerteza\/","title":{"rendered":"Igreja: Fundamento da Verdade em Tempos de Incerteza"},"content":{"rendered":"<p>## A Igreja: Coluna e Fundamento da Verdade<\/p>\n<p>\u00c9 not\u00e1vel como, em tempos de incerteza, a busca por alicerces s\u00f3lidos se torna ainda mais premente. Assim como uma casa necessita de funda\u00e7\u00f5es robustas para resistir \u00e0s tempestades, a alma humana anseia por uma verdade inabal\u00e1vel em que possa confiar. A Escritura nos oferece uma resposta clara e consoladora: a igreja \u00e9 a coluna e o fundamento da verdade.<\/p>\n<p>### A Ess\u00eancia da Verdade em Cristo<\/p>\n<p>O que significa essa afirma\u00e7\u00e3o poderosa? A verdade, como nos revela Jesus, \u00e9 Ele mesmo. **&#8221;Eu sou o caminho, a verdade e a vida&#8221;** (Jo\u00e3o 14:6). Em Cristo, a mentira e o engano s\u00e3o desfeitos, pois Ele \u00e9 a personifica\u00e7\u00e3o da divindade pura e imut\u00e1vel. Como, ent\u00e3o, poderia Ele estabelecer algo sen\u00e3o a verdade?<\/p>\n<p>Jesus, ao confiar em Pedro, disse: **&#8221;Tu \u00e9s Pedro, e sobre esta pedra edificarei a minha igreja&#8221;** (Mateus 16:18).  Esta pedra n\u00e3o \u00e9 uma pessoa, mas sim a rocha da verdade em que a igreja \u00e9 constru\u00edda \u2013 Cristo Jesus.  A igreja, portanto, n\u00e3o \u00e9 um clube social, nem uma institui\u00e7\u00e3o sujeita a falhas humanas, mas sim um corpo espiritual que transmite a verdade revelada por Deus.<\/p>\n<p>### O Legado dos Ap\u00f3stolos<\/p>\n<p>A base desta edifica\u00e7\u00e3o \u00e9 a Doutrina dos Ap\u00f3stolos, aqueles que caminharam e aprenderam diretamente com Jesus.  **&#8221;Edificada sobre o fundamento dos ap\u00f3stolos e profetas, tendo por pedra angular o pr\u00f3prio Cristo Jesus&#8221;** (Ef\u00e9sios 2:20).  A fidelidade a essa Doutrina \u00e9 o que distingue a igreja verdadeira da mera imita\u00e7\u00e3o. Ela \u00e9 o fio condutor que nos conecta ao minist\u00e9rio de Cristo.<\/p>\n<p>A igreja, ao perseverar na Doutrina dos Ap\u00f3stolos, na comunh\u00e3o, no sacramento e na ora\u00e7\u00e3o, reflete a ess\u00eancia do corpo de Cristo, que \u00e9 guiado por Ele.  Assim como o corpo segue a cabe\u00e7a, a igreja deve seguir a Cristo, pois **&#8221;tudo que ligare sobre a Terra ser\u00e1 ligado no c\u00e9u e tudo que desligare sobre a Terra ser\u00e1 tamb\u00e9m desligado no c\u00e9u&#8221;** (Mateus 18:18).<\/p>\n<p>### Uma Igreja Al\u00e9m dos Homens<\/p>\n<p>\u00c9 importante frisar que a igreja n\u00e3o reside na perfei\u00e7\u00e3o dos seus membros, mas na verdade que ela proclama.  A igreja \u00e9 a doutrina dos ap\u00f3stolos, \u00e9 a revela\u00e7\u00e3o de Cristo, e n\u00e3o a impecabilidade dos homens que a servem. A igreja, como corpo de Cristo, n\u00e3o pode errar, pois **&#8221;se Cristo \u00e9 o cabe\u00e7a da igreja, a igreja n\u00e3o pode errar&#8221;**.<\/p>\n<p>Lembre-se, o corpo segue a cabe\u00e7a. Se a cabe\u00e7a guia para a verdade, o corpo, em unidade, seguir\u00e1 esse caminho.<\/p>\n<p>### A Promessa da Perman\u00eancia<\/p>\n<p>Portanto, que possamos reafirmar com convic\u00e7\u00e3o: **\u201cA minha igreja \u00e9 o fundamento da verdade&#8221;**.  Que a confian\u00e7a na Palavra de Deus nos fortale\u00e7a, e que a uni\u00e3o \u00e0 igreja verdadeira nos sustente na jornada da f\u00e9. Que a certeza de que a igreja \u00e9 coluna e fundamento da verdade nos inspire a vivermos de acordo com os ensinamentos divinos.<\/p>\n<p>Que a gra\u00e7a e a paz de Deus estejam com todos n\u00f3s.<\/p>\n","protected":false},"excerpt":{"rendered":"<p>## A Igreja: Coluna e Fundamento da Verdade \u00c9 not\u00e1vel como, em tempos de incerteza, a busca por alicerces s\u00f3lidos se torna ainda mais premente. Assim como uma casa necessita de funda\u00e7\u00f5es robustas para resistir \u00e0s tempestades, a alma humana anseia por uma verdade inabal\u00e1vel em que possa confiar. A Escritura nos oferece uma resposta [&hellip;]<\/p>\n","protected":false},"author":1,"featured_media":0,"comment_status":"closed","ping_status":"open","sticky":false,"template":"","format":"standard","meta":{"footnotes":""},"categories":[14],"tags":[],"class_list":["post-5782","post","type-post","status-publish","format-standard","hentry","category-reflexao"],"yoast_head":"<!-- This site is optimized with the Yoast SEO plugin v27.2 - https:\/\/yoast.com\/product\/yoast-seo-wordpress\/ -->\n<title>Igreja: Fundamento da Verdade em Tempos de Incerteza - Salmos B\u00edblicos<\/title>\n<meta name=\"robots\" content=\"index, follow, max-snippet:-1, max-image-preview:large, max-video-preview:-1\" \/>\n<link rel=\"canonical\" href=\"https:\/\/salmosbiblicos.com.br\/index.php\/2026\/03\/29\/igreja-fundamento-da-verdade-em-tempos-de-incerteza\/\" \/>\n<meta property=\"og:locale\" content=\"pt_BR\" \/>\n<meta property=\"og:type\" content=\"article\" \/>\n<meta property=\"og:title\" content=\"Igreja: Fundamento da Verdade em Tempos de Incerteza - Salmos B\u00edblicos\" \/>\n<meta property=\"og:description\" content=\"## A Igreja: Coluna e Fundamento da Verdade \u00c9 not\u00e1vel como, em tempos de incerteza, a busca por alicerces s\u00f3lidos se torna ainda mais premente. Assim como uma casa necessita de funda\u00e7\u00f5es robustas para resistir \u00e0s tempestades, a alma humana anseia por uma verdade inabal\u00e1vel em que possa confiar. A Escritura nos oferece uma resposta [&hellip;]\" \/>\n<meta property=\"og:url\" content=\"https:\/\/salmosbiblicos.com.br\/index.php\/2026\/03\/29\/igreja-fundamento-da-verdade-em-tempos-de-incerteza\/\" \/>\n<meta property=\"og:site_name\" content=\"Salmos B\u00edblicos\" \/>\n<meta property=\"article:published_time\" content=\"2026-03-29T05:30:32+00:00\" \/>\n<meta name=\"author\" content=\"alextreh@gmail.com\" \/>\n<meta name=\"twitter:card\" content=\"summary_large_image\" \/>\n<meta name=\"twitter:label1\" content=\"Escrito por\" \/>\n\t<meta name=\"twitter:data1\" content=\"alextreh@gmail.com\" \/>\n\t<meta name=\"twitter:label2\" content=\"Est. tempo de leitura\" \/>\n\t<meta name=\"twitter:data2\" content=\"3 minutos\" \/>\n<script type=\"application\/ld+json\" class=\"yoast-schema-graph\">{\"@context\":\"https:\/\/schema.org\",\"@graph\":[{\"@type\":\"Article\",\"@id\":\"https:\/\/salmosbiblicos.com.br\/index.php\/2026\/03\/29\/igreja-fundamento-da-verdade-em-tempos-de-incerteza\/#article\",\"isPartOf\":{\"@id\":\"https:\/\/salmosbiblicos.com.br\/index.php\/2026\/03\/29\/igreja-fundamento-da-verdade-em-tempos-de-incerteza\/\"},\"author\":{\"name\":\"alextreh@gmail.com\",\"@id\":\"https:\/\/salmosbiblicos.com.br\/#\/schema\/person\/30586d0fb3f3a46b78a3414fc39cc975\"},\"headline\":\"Igreja: Fundamento da Verdade em Tempos de Incerteza\",\"datePublished\":\"2026-03-29T05:30:32+00:00\",\"mainEntityOfPage\":{\"@id\":\"https:\/\/salmosbiblicos.com.br\/index.php\/2026\/03\/29\/igreja-fundamento-da-verdade-em-tempos-de-incerteza\/\"},\"wordCount\":522,\"articleSection\":[\"Reflex\u00e3o\"],\"inLanguage\":\"pt-BR\"},{\"@type\":\"WebPage\",\"@id\":\"https:\/\/salmosbiblicos.com.br\/index.php\/2026\/03\/29\/igreja-fundamento-da-verdade-em-tempos-de-incerteza\/\",\"url\":\"https:\/\/salmosbiblicos.com.br\/index.php\/2026\/03\/29\/igreja-fundamento-da-verdade-em-tempos-de-incerteza\/\",\"name\":\"Igreja: Fundamento da Verdade em Tempos de Incerteza - Salmos B\u00edblicos\",\"isPartOf\":{\"@id\":\"https:\/\/salmosbiblicos.com.br\/#website\"},\"datePublished\":\"2026-03-29T05:30:32+00:00\",\"author\":{\"@id\":\"https:\/\/salmosbiblicos.com.br\/#\/schema\/person\/30586d0fb3f3a46b78a3414fc39cc975\"},\"breadcrumb\":{\"@id\":\"https:\/\/salmosbiblicos.com.br\/index.php\/2026\/03\/29\/igreja-fundamento-da-verdade-em-tempos-de-incerteza\/#breadcrumb\"},\"inLanguage\":\"pt-BR\",\"potentialAction\":[{\"@type\":\"ReadAction\",\"target\":[\"https:\/\/salmosbiblicos.com.br\/index.php\/2026\/03\/29\/igreja-fundamento-da-verdade-em-tempos-de-incerteza\/\"]}]},{\"@type\":\"BreadcrumbList\",\"@id\":\"https:\/\/salmosbiblicos.com.br\/index.php\/2026\/03\/29\/igreja-fundamento-da-verdade-em-tempos-de-incerteza\/#breadcrumb\",\"itemListElement\":[{\"@type\":\"ListItem\",\"position\":1,\"name\":\"Home\",\"item\":\"https:\/\/salmosbiblicos.com.br\/\"},{\"@type\":\"ListItem\",\"position\":2,\"name\":\"Igreja: Fundamento da Verdade em Tempos de Incerteza\"}]},{\"@type\":\"WebSite\",\"@id\":\"https:\/\/salmosbiblicos.com.br\/#website\",\"url\":\"https:\/\/salmosbiblicos.com.br\/\",\"name\":\"Salmos B\u00edblicos\",\"description\":\"Uma e-Livraria com e-Books novos para voc\u00ea refletir.\",\"potentialAction\":[{\"@type\":\"SearchAction\",\"target\":{\"@type\":\"EntryPoint\",\"urlTemplate\":\"https:\/\/salmosbiblicos.com.br\/?s={search_term_string}\"},\"query-input\":{\"@type\":\"PropertyValueSpecification\",\"valueRequired\":true,\"valueName\":\"search_term_string\"}}],\"inLanguage\":\"pt-BR\"},{\"@type\":\"Person\",\"@id\":\"https:\/\/salmosbiblicos.com.br\/#\/schema\/person\/30586d0fb3f3a46b78a3414fc39cc975\",\"name\":\"alextreh@gmail.com\",\"image\":{\"@type\":\"ImageObject\",\"inLanguage\":\"pt-BR\",\"@id\":\"https:\/\/secure.gravatar.com\/avatar\/7cf84d31f581ec97b887c1039d478a7c293086896c84951a86753fb2c2af7527?s=96&d=mm&r=g\",\"url\":\"https:\/\/secure.gravatar.com\/avatar\/7cf84d31f581ec97b887c1039d478a7c293086896c84951a86753fb2c2af7527?s=96&d=mm&r=g\",\"contentUrl\":\"https:\/\/secure.gravatar.com\/avatar\/7cf84d31f581ec97b887c1039d478a7c293086896c84951a86753fb2c2af7527?s=96&d=mm&r=g\",\"caption\":\"alextreh@gmail.com\"},\"sameAs\":[\"http:\/\/salmosbiblicos.com.br\"],\"url\":\"https:\/\/salmosbiblicos.com.br\/index.php\/author\/alextrehgmail-com\/\"}]}<\/script>\n<!-- \/ Yoast SEO plugin. -->","yoast_head_json":{"title":"Igreja: Fundamento da Verdade em Tempos de Incerteza - Salmos B\u00edblicos","robots":{"index":"index","follow":"follow","max-snippet":"max-snippet:-1","max-image-preview":"max-image-preview:large","max-video-preview":"max-video-preview:-1"},"canonical":"https:\/\/salmosbiblicos.com.br\/index.php\/2026\/03\/29\/igreja-fundamento-da-verdade-em-tempos-de-incerteza\/","og_locale":"pt_BR","og_type":"article","og_title":"Igreja: Fundamento da Verdade em Tempos de Incerteza - Salmos B\u00edblicos","og_description":"## A Igreja: Coluna e Fundamento da Verdade \u00c9 not\u00e1vel como, em tempos de incerteza, a busca por alicerces s\u00f3lidos se torna ainda mais premente. Assim como uma casa necessita de funda\u00e7\u00f5es robustas para resistir \u00e0s tempestades, a alma humana anseia por uma verdade inabal\u00e1vel em que possa confiar. A Escritura nos oferece uma resposta [&hellip;]","og_url":"https:\/\/salmosbiblicos.com.br\/index.php\/2026\/03\/29\/igreja-fundamento-da-verdade-em-tempos-de-incerteza\/","og_site_name":"Salmos B\u00edblicos","article_published_time":"2026-03-29T05:30:32+00:00","author":"alextreh@gmail.com","twitter_card":"summary_large_image","twitter_misc":{"Escrito por":"alextreh@gmail.com","Est. tempo de leitura":"3 minutos"},"schema":{"@context":"https:\/\/schema.org","@graph":[{"@type":"Article","@id":"https:\/\/salmosbiblicos.com.br\/index.php\/2026\/03\/29\/igreja-fundamento-da-verdade-em-tempos-de-incerteza\/#article","isPartOf":{"@id":"https:\/\/salmosbiblicos.com.br\/index.php\/2026\/03\/29\/igreja-fundamento-da-verdade-em-tempos-de-incerteza\/"},"author":{"name":"alextreh@gmail.com","@id":"https:\/\/salmosbiblicos.com.br\/#\/schema\/person\/30586d0fb3f3a46b78a3414fc39cc975"},"headline":"Igreja: Fundamento da Verdade em Tempos de Incerteza","datePublished":"2026-03-29T05:30:32+00:00","mainEntityOfPage":{"@id":"https:\/\/salmosbiblicos.com.br\/index.php\/2026\/03\/29\/igreja-fundamento-da-verdade-em-tempos-de-incerteza\/"},"wordCount":522,"articleSection":["Reflex\u00e3o"],"inLanguage":"pt-BR"},{"@type":"WebPage","@id":"https:\/\/salmosbiblicos.com.br\/index.php\/2026\/03\/29\/igreja-fundamento-da-verdade-em-tempos-de-incerteza\/","url":"https:\/\/salmosbiblicos.com.br\/index.php\/2026\/03\/29\/igreja-fundamento-da-verdade-em-tempos-de-incerteza\/","name":"Igreja: Fundamento da Verdade em Tempos de Incerteza - Salmos B\u00edblicos","isPartOf":{"@id":"https:\/\/salmosbiblicos.com.br\/#website"},"datePublished":"2026-03-29T05:30:32+00:00","author":{"@id":"https:\/\/salmosbiblicos.com.br\/#\/schema\/person\/30586d0fb3f3a46b78a3414fc39cc975"},"breadcrumb":{"@id":"https:\/\/salmosbiblicos.com.br\/index.php\/2026\/03\/29\/igreja-fundamento-da-verdade-em-tempos-de-incerteza\/#breadcrumb"},"inLanguage":"pt-BR","potentialAction":[{"@type":"ReadAction","target":["https:\/\/salmosbiblicos.com.br\/index.php\/2026\/03\/29\/igreja-fundamento-da-verdade-em-tempos-de-incerteza\/"]}]},{"@type":"BreadcrumbList","@id":"https:\/\/salmosbiblicos.com.br\/index.php\/2026\/03\/29\/igreja-fundamento-da-verdade-em-tempos-de-incerteza\/#breadcrumb","itemListElement":[{"@type":"ListItem","position":1,"name":"Home","item":"https:\/\/salmosbiblicos.com.br\/"},{"@type":"ListItem","position":2,"name":"Igreja: Fundamento da Verdade em Tempos de Incerteza"}]},{"@type":"WebSite","@id":"https:\/\/salmosbiblicos.com.br\/#website","url":"https:\/\/salmosbiblicos.com.br\/","name":"Salmos B\u00edblicos","description":"Uma e-Livraria com e-Books novos para voc\u00ea refletir.","potentialAction":[{"@type":"SearchAction","target":{"@type":"EntryPoint","urlTemplate":"https:\/\/salmosbiblicos.com.br\/?s={search_term_string}"},"query-input":{"@type":"PropertyValueSpecification","valueRequired":true,"valueName":"search_term_string"}}],"inLanguage":"pt-BR"},{"@type":"Person","@id":"https:\/\/salmosbiblicos.com.br\/#\/schema\/person\/30586d0fb3f3a46b78a3414fc39cc975","name":"alextreh@gmail.com","image":{"@type":"ImageObject","inLanguage":"pt-BR","@id":"https:\/\/secure.gravatar.com\/avatar\/7cf84d31f581ec97b887c1039d478a7c293086896c84951a86753fb2c2af7527?s=96&d=mm&r=g","url":"https:\/\/secure.gravatar.com\/avatar\/7cf84d31f581ec97b887c1039d478a7c293086896c84951a86753fb2c2af7527?s=96&d=mm&r=g","contentUrl":"https:\/\/secure.gravatar.com\/avatar\/7cf84d31f581ec97b887c1039d478a7c293086896c84951a86753fb2c2af7527?s=96&d=mm&r=g","caption":"alextreh@gmail.com"},"sameAs":["http:\/\/salmosbiblicos.com.br"],"url":"https:\/\/salmosbiblicos.com.br\/index.php\/author\/alextrehgmail-com\/"}]}},"_links":{"self":[{"href":"https:\/\/salmosbiblicos.com.br\/index.php\/wp-json\/wp\/v2\/posts\/5782","targetHints":{"allow":["GET"]}}],"collection":[{"href":"https:\/\/salmosbiblicos.com.br\/index.php\/wp-json\/wp\/v2\/posts"}],"about":[{"href":"https:\/\/salmosbiblicos.com.br\/index.php\/wp-json\/wp\/v2\/types\/post"}],"author":[{"embeddable":true,"href":"https:\/\/salmosbiblicos.com.br\/index.php\/wp-json\/wp\/v2\/users\/1"}],"replies":[{"embeddable":true,"href":"https:\/\/salmosbiblicos.com.br\/index.php\/wp-json\/wp\/v2\/comments?post=5782"}],"version-history":[{"count":1,"href":"https:\/\/salmosbiblicos.com.br\/index.php\/wp-json\/wp\/v2\/posts\/5782\/revisions"}],"predecessor-version":[{"id":5783,"href":"https:\/\/salmosbiblicos.com.br\/index.php\/wp-json\/wp\/v2\/posts\/5782\/revisions\/5783"}],"wp:attachment":[{"href":"https:\/\/salmosbiblicos.com.br\/index.php\/wp-json\/wp\/v2\/media?parent=5782"}],"wp:term":[{"taxonomy":"category","embeddable":true,"href":"https:\/\/salmosbiblicos.com.br\/index.php\/wp-json\/wp\/v2\/categories?post=5782"},{"taxonomy":"post_tag","embeddable":true,"href":"https:\/\/salmosbiblicos.com.br\/index.php\/wp-json\/wp\/v2\/tags?post=5782"}],"curies":[{"name":"wp","href":"https:\/\/api.w.org\/{rel}","templated":true}]}}