{"id":5792,"date":"2026-03-29T03:04:24","date_gmt":"2026-03-29T06:04:24","guid":{"rendered":"https:\/\/salmosbiblicos.com.br\/?p=5792"},"modified":"2026-03-29T03:04:24","modified_gmt":"2026-03-29T06:04:24","slug":"canticos-e-fe-a-musica-como-oracao-do-coracao","status":"publish","type":"post","link":"https:\/\/salmosbiblicos.com.br\/index.php\/2026\/03\/29\/canticos-e-fe-a-musica-como-oracao-do-coracao\/","title":{"rendered":"C\u00e2nticos e F\u00e9: A M\u00fasica como Ora\u00e7\u00e3o do Cora\u00e7\u00e3o"},"content":{"rendered":"<p>## A Melodia da Alma: Cantando a Deus do Fundo do Cora\u00e7\u00e3o<\/p>\n<p>H\u00e1 uma beleza singular na ora\u00e7\u00e3o que se eleva em can\u00e7\u00e3o. Quem canta, reza duas vezes. A melodia transcende as palavras, carregando a alma em dire\u00e7\u00e3o ao divino. A m\u00fasica, quando dedicada a Deus, n\u00e3o \u00e9 apenas um som, mas uma oferta, uma declara\u00e7\u00e3o de f\u00e9, uma manifesta\u00e7\u00e3o do amor.<\/p>\n<p>### A Voca\u00e7\u00e3o \u00e0 Alegria<\/p>\n<p>A Palavra nos convida a manifestar nossa alegria ao Senhor, a aclam\u00e1-Lo como nosso ref\u00fagio. Que seja com salmos, hinos e c\u00e2nticos espirituais, a celebra\u00e7\u00e3o deve ecoar do fundo do cora\u00e7\u00e3o. **&#8221;Apresentem-lhe monog\u00e9neas dele com louvores e cantemulas alegres canticos.&#8221;** Este \u00e9 um chamado \u00e0 alegria, \u00e0 express\u00e3o vibrante da nossa devo\u00e7\u00e3o.<\/p>\n<p>### Um Cora\u00e7\u00e3o em Harmonia<\/p>\n<p>N\u00e3o basta entoar melodias; o canto deve emanar do \u00edntimo do ser. A m\u00fasica do mundo pode ser agrad\u00e1vel aos ouvidos, mas a m\u00fasica para Deus deve tocar a alma. A m\u00fasica do mundo muitas vezes se limita ao ritmo e \u00e0 forma, mas a m\u00fasica para Deus exige sinceridade e fervor.<\/p>\n<p>**&#8221;Do fundo dos vossos cora\u00e7\u00f5es, cantar a Deus, salmos, hinos e canticos espirituais.&#8221;** Que a melodia que ecoa em vossa casa, em vossas vidas, seja um testemunho de santidade e exalta\u00e7\u00e3o ao Senhor. Que os seus filhos e as pessoas ao vosso redor se inspirem em um canto puro, que eleve as almas e que evite a frivolidade e a superficialidade que abundam no mundo.<\/p>\n<p>### A Pureza do Canto<\/p>\n<p>Refletimos sobre o tipo de m\u00fasica que permeia nossos cora\u00e7\u00f5es e lares. \u00c9 m\u00fasica que eleva, que inspira, que direciona para a luz? Ou, porventura, somos influenciados por cantos sensuais, profanos, que nos afastam da presen\u00e7a divina? A Palavra \u00e9 clara: **&#8221;Na tua boca n\u00e3o deveria haver cantos carnais.&#8221;**<\/p>\n<p>### A Profundidade dos Salmos<\/p>\n<p>Cultivemos o costume de recitar os salmos, pois eles s\u00e3o a express\u00e3o da alma em can\u00e7\u00e3o. **&#8221;Recitar entre v\u00f3s salmos e hinos e canticos espirituais.&#8221;** A pr\u00e1tica di\u00e1ria de contemplar os salmos nos conecta com a sabedoria dos antigos e nos inspira a expressar a nossa f\u00e9 em forma de melodia.<\/p>\n<p>### A Vit\u00f3ria em Canto<\/p>\n<p>No Apocalipse, encontramos uma vis\u00e3o poderosa: **&#8221;Cantavam um c\u00e2ntico novo dizendo: Tu \u00e9s digno de receber o livro e de abrir-lhe os selos, porque foste estimulado e redimiste para Deus ao pre\u00e7o do teu sangue, homens de toda tribo, l\u00edngua, povo e na\u00e7\u00e3o.&#8221;** Que a nossa voz se una a essa multid\u00e3o celestial, em um coro de louvor eterno.<\/p>\n<p>### Uma Oferta de Louvor<\/p>\n<p>Que a m\u00fasica que saia dos nossos l\u00e1bios seja um canto novo, uma declara\u00e7\u00e3o de amor, um testemunho de f\u00e9. Que ela seja uma oferenda de louvor ao Senhor, um alimento para a alma, um b\u00e1lsamo para o cora\u00e7\u00e3o ferido.<\/p>\n<p>Que possamos, com sinceridade e fervor, afirmar: \u201cDa minha boca saiam canticos espirituais em louvor ao Senhor.\u201d Que a melodia da nossa alma ecoe para sempre em gratid\u00e3o e adora\u00e7\u00e3o.<\/p>\n","protected":false},"excerpt":{"rendered":"<p>## A Melodia da Alma: Cantando a Deus do Fundo do Cora\u00e7\u00e3o H\u00e1 uma beleza singular na ora\u00e7\u00e3o que se eleva em can\u00e7\u00e3o. Quem canta, reza duas vezes. A melodia transcende as palavras, carregando a alma em dire\u00e7\u00e3o ao divino. A m\u00fasica, quando dedicada a Deus, n\u00e3o \u00e9 apenas um som, mas uma oferta, uma [&hellip;]<\/p>\n","protected":false},"author":1,"featured_media":0,"comment_status":"closed","ping_status":"open","sticky":false,"template":"","format":"standard","meta":{"footnotes":""},"categories":[14],"tags":[],"class_list":["post-5792","post","type-post","status-publish","format-standard","hentry","category-reflexao"],"yoast_head":"<!-- This site is optimized with the Yoast SEO plugin v27.2 - https:\/\/yoast.com\/product\/yoast-seo-wordpress\/ -->\n<title>C\u00e2nticos e F\u00e9: A M\u00fasica como Ora\u00e7\u00e3o do Cora\u00e7\u00e3o - Salmos B\u00edblicos<\/title>\n<meta name=\"robots\" content=\"index, follow, max-snippet:-1, max-image-preview:large, max-video-preview:-1\" \/>\n<link rel=\"canonical\" href=\"https:\/\/salmosbiblicos.com.br\/index.php\/2026\/03\/29\/canticos-e-fe-a-musica-como-oracao-do-coracao\/\" \/>\n<meta property=\"og:locale\" content=\"pt_BR\" \/>\n<meta property=\"og:type\" content=\"article\" \/>\n<meta property=\"og:title\" content=\"C\u00e2nticos e F\u00e9: A M\u00fasica como Ora\u00e7\u00e3o do Cora\u00e7\u00e3o - Salmos B\u00edblicos\" \/>\n<meta property=\"og:description\" content=\"## A Melodia da Alma: Cantando a Deus do Fundo do Cora\u00e7\u00e3o H\u00e1 uma beleza singular na ora\u00e7\u00e3o que se eleva em can\u00e7\u00e3o. Quem canta, reza duas vezes. A melodia transcende as palavras, carregando a alma em dire\u00e7\u00e3o ao divino. A m\u00fasica, quando dedicada a Deus, n\u00e3o \u00e9 apenas um som, mas uma oferta, uma [&hellip;]\" \/>\n<meta property=\"og:url\" content=\"https:\/\/salmosbiblicos.com.br\/index.php\/2026\/03\/29\/canticos-e-fe-a-musica-como-oracao-do-coracao\/\" \/>\n<meta property=\"og:site_name\" content=\"Salmos B\u00edblicos\" \/>\n<meta property=\"article:published_time\" content=\"2026-03-29T06:04:24+00:00\" \/>\n<meta name=\"author\" content=\"alextreh@gmail.com\" \/>\n<meta name=\"twitter:card\" content=\"summary_large_image\" \/>\n<meta name=\"twitter:label1\" content=\"Escrito por\" \/>\n\t<meta name=\"twitter:data1\" content=\"alextreh@gmail.com\" \/>\n\t<meta name=\"twitter:label2\" content=\"Est. tempo de leitura\" \/>\n\t<meta name=\"twitter:data2\" content=\"3 minutos\" \/>\n<script type=\"application\/ld+json\" class=\"yoast-schema-graph\">{\"@context\":\"https:\/\/schema.org\",\"@graph\":[{\"@type\":\"Article\",\"@id\":\"https:\/\/salmosbiblicos.com.br\/index.php\/2026\/03\/29\/canticos-e-fe-a-musica-como-oracao-do-coracao\/#article\",\"isPartOf\":{\"@id\":\"https:\/\/salmosbiblicos.com.br\/index.php\/2026\/03\/29\/canticos-e-fe-a-musica-como-oracao-do-coracao\/\"},\"author\":{\"name\":\"alextreh@gmail.com\",\"@id\":\"https:\/\/salmosbiblicos.com.br\/#\/schema\/person\/30586d0fb3f3a46b78a3414fc39cc975\"},\"headline\":\"C\u00e2nticos e F\u00e9: A M\u00fasica como Ora\u00e7\u00e3o do Cora\u00e7\u00e3o\",\"datePublished\":\"2026-03-29T06:04:24+00:00\",\"mainEntityOfPage\":{\"@id\":\"https:\/\/salmosbiblicos.com.br\/index.php\/2026\/03\/29\/canticos-e-fe-a-musica-como-oracao-do-coracao\/\"},\"wordCount\":539,\"articleSection\":[\"Reflex\u00e3o\"],\"inLanguage\":\"pt-BR\"},{\"@type\":\"WebPage\",\"@id\":\"https:\/\/salmosbiblicos.com.br\/index.php\/2026\/03\/29\/canticos-e-fe-a-musica-como-oracao-do-coracao\/\",\"url\":\"https:\/\/salmosbiblicos.com.br\/index.php\/2026\/03\/29\/canticos-e-fe-a-musica-como-oracao-do-coracao\/\",\"name\":\"C\u00e2nticos e F\u00e9: A M\u00fasica como Ora\u00e7\u00e3o do Cora\u00e7\u00e3o - Salmos B\u00edblicos\",\"isPartOf\":{\"@id\":\"https:\/\/salmosbiblicos.com.br\/#website\"},\"datePublished\":\"2026-03-29T06:04:24+00:00\",\"author\":{\"@id\":\"https:\/\/salmosbiblicos.com.br\/#\/schema\/person\/30586d0fb3f3a46b78a3414fc39cc975\"},\"breadcrumb\":{\"@id\":\"https:\/\/salmosbiblicos.com.br\/index.php\/2026\/03\/29\/canticos-e-fe-a-musica-como-oracao-do-coracao\/#breadcrumb\"},\"inLanguage\":\"pt-BR\",\"potentialAction\":[{\"@type\":\"ReadAction\",\"target\":[\"https:\/\/salmosbiblicos.com.br\/index.php\/2026\/03\/29\/canticos-e-fe-a-musica-como-oracao-do-coracao\/\"]}]},{\"@type\":\"BreadcrumbList\",\"@id\":\"https:\/\/salmosbiblicos.com.br\/index.php\/2026\/03\/29\/canticos-e-fe-a-musica-como-oracao-do-coracao\/#breadcrumb\",\"itemListElement\":[{\"@type\":\"ListItem\",\"position\":1,\"name\":\"Home\",\"item\":\"https:\/\/salmosbiblicos.com.br\/\"},{\"@type\":\"ListItem\",\"position\":2,\"name\":\"C\u00e2nticos e F\u00e9: A M\u00fasica como Ora\u00e7\u00e3o do Cora\u00e7\u00e3o\"}]},{\"@type\":\"WebSite\",\"@id\":\"https:\/\/salmosbiblicos.com.br\/#website\",\"url\":\"https:\/\/salmosbiblicos.com.br\/\",\"name\":\"Salmos B\u00edblicos\",\"description\":\"Uma e-Livraria com e-Books novos para voc\u00ea refletir.\",\"potentialAction\":[{\"@type\":\"SearchAction\",\"target\":{\"@type\":\"EntryPoint\",\"urlTemplate\":\"https:\/\/salmosbiblicos.com.br\/?s={search_term_string}\"},\"query-input\":{\"@type\":\"PropertyValueSpecification\",\"valueRequired\":true,\"valueName\":\"search_term_string\"}}],\"inLanguage\":\"pt-BR\"},{\"@type\":\"Person\",\"@id\":\"https:\/\/salmosbiblicos.com.br\/#\/schema\/person\/30586d0fb3f3a46b78a3414fc39cc975\",\"name\":\"alextreh@gmail.com\",\"image\":{\"@type\":\"ImageObject\",\"inLanguage\":\"pt-BR\",\"@id\":\"https:\/\/secure.gravatar.com\/avatar\/7cf84d31f581ec97b887c1039d478a7c293086896c84951a86753fb2c2af7527?s=96&d=mm&r=g\",\"url\":\"https:\/\/secure.gravatar.com\/avatar\/7cf84d31f581ec97b887c1039d478a7c293086896c84951a86753fb2c2af7527?s=96&d=mm&r=g\",\"contentUrl\":\"https:\/\/secure.gravatar.com\/avatar\/7cf84d31f581ec97b887c1039d478a7c293086896c84951a86753fb2c2af7527?s=96&d=mm&r=g\",\"caption\":\"alextreh@gmail.com\"},\"sameAs\":[\"http:\/\/salmosbiblicos.com.br\"],\"url\":\"https:\/\/salmosbiblicos.com.br\/index.php\/author\/alextrehgmail-com\/\"}]}<\/script>\n<!-- \/ Yoast SEO plugin. -->","yoast_head_json":{"title":"C\u00e2nticos e F\u00e9: A M\u00fasica como Ora\u00e7\u00e3o do Cora\u00e7\u00e3o - Salmos B\u00edblicos","robots":{"index":"index","follow":"follow","max-snippet":"max-snippet:-1","max-image-preview":"max-image-preview:large","max-video-preview":"max-video-preview:-1"},"canonical":"https:\/\/salmosbiblicos.com.br\/index.php\/2026\/03\/29\/canticos-e-fe-a-musica-como-oracao-do-coracao\/","og_locale":"pt_BR","og_type":"article","og_title":"C\u00e2nticos e F\u00e9: A M\u00fasica como Ora\u00e7\u00e3o do Cora\u00e7\u00e3o - Salmos B\u00edblicos","og_description":"## A Melodia da Alma: Cantando a Deus do Fundo do Cora\u00e7\u00e3o H\u00e1 uma beleza singular na ora\u00e7\u00e3o que se eleva em can\u00e7\u00e3o. Quem canta, reza duas vezes. A melodia transcende as palavras, carregando a alma em dire\u00e7\u00e3o ao divino. A m\u00fasica, quando dedicada a Deus, n\u00e3o \u00e9 apenas um som, mas uma oferta, uma [&hellip;]","og_url":"https:\/\/salmosbiblicos.com.br\/index.php\/2026\/03\/29\/canticos-e-fe-a-musica-como-oracao-do-coracao\/","og_site_name":"Salmos B\u00edblicos","article_published_time":"2026-03-29T06:04:24+00:00","author":"alextreh@gmail.com","twitter_card":"summary_large_image","twitter_misc":{"Escrito por":"alextreh@gmail.com","Est. tempo de leitura":"3 minutos"},"schema":{"@context":"https:\/\/schema.org","@graph":[{"@type":"Article","@id":"https:\/\/salmosbiblicos.com.br\/index.php\/2026\/03\/29\/canticos-e-fe-a-musica-como-oracao-do-coracao\/#article","isPartOf":{"@id":"https:\/\/salmosbiblicos.com.br\/index.php\/2026\/03\/29\/canticos-e-fe-a-musica-como-oracao-do-coracao\/"},"author":{"name":"alextreh@gmail.com","@id":"https:\/\/salmosbiblicos.com.br\/#\/schema\/person\/30586d0fb3f3a46b78a3414fc39cc975"},"headline":"C\u00e2nticos e F\u00e9: A M\u00fasica como Ora\u00e7\u00e3o do Cora\u00e7\u00e3o","datePublished":"2026-03-29T06:04:24+00:00","mainEntityOfPage":{"@id":"https:\/\/salmosbiblicos.com.br\/index.php\/2026\/03\/29\/canticos-e-fe-a-musica-como-oracao-do-coracao\/"},"wordCount":539,"articleSection":["Reflex\u00e3o"],"inLanguage":"pt-BR"},{"@type":"WebPage","@id":"https:\/\/salmosbiblicos.com.br\/index.php\/2026\/03\/29\/canticos-e-fe-a-musica-como-oracao-do-coracao\/","url":"https:\/\/salmosbiblicos.com.br\/index.php\/2026\/03\/29\/canticos-e-fe-a-musica-como-oracao-do-coracao\/","name":"C\u00e2nticos e F\u00e9: A M\u00fasica como Ora\u00e7\u00e3o do Cora\u00e7\u00e3o - Salmos B\u00edblicos","isPartOf":{"@id":"https:\/\/salmosbiblicos.com.br\/#website"},"datePublished":"2026-03-29T06:04:24+00:00","author":{"@id":"https:\/\/salmosbiblicos.com.br\/#\/schema\/person\/30586d0fb3f3a46b78a3414fc39cc975"},"breadcrumb":{"@id":"https:\/\/salmosbiblicos.com.br\/index.php\/2026\/03\/29\/canticos-e-fe-a-musica-como-oracao-do-coracao\/#breadcrumb"},"inLanguage":"pt-BR","potentialAction":[{"@type":"ReadAction","target":["https:\/\/salmosbiblicos.com.br\/index.php\/2026\/03\/29\/canticos-e-fe-a-musica-como-oracao-do-coracao\/"]}]},{"@type":"BreadcrumbList","@id":"https:\/\/salmosbiblicos.com.br\/index.php\/2026\/03\/29\/canticos-e-fe-a-musica-como-oracao-do-coracao\/#breadcrumb","itemListElement":[{"@type":"ListItem","position":1,"name":"Home","item":"https:\/\/salmosbiblicos.com.br\/"},{"@type":"ListItem","position":2,"name":"C\u00e2nticos e F\u00e9: A M\u00fasica como Ora\u00e7\u00e3o do Cora\u00e7\u00e3o"}]},{"@type":"WebSite","@id":"https:\/\/salmosbiblicos.com.br\/#website","url":"https:\/\/salmosbiblicos.com.br\/","name":"Salmos B\u00edblicos","description":"Uma e-Livraria com e-Books novos para voc\u00ea refletir.","potentialAction":[{"@type":"SearchAction","target":{"@type":"EntryPoint","urlTemplate":"https:\/\/salmosbiblicos.com.br\/?s={search_term_string}"},"query-input":{"@type":"PropertyValueSpecification","valueRequired":true,"valueName":"search_term_string"}}],"inLanguage":"pt-BR"},{"@type":"Person","@id":"https:\/\/salmosbiblicos.com.br\/#\/schema\/person\/30586d0fb3f3a46b78a3414fc39cc975","name":"alextreh@gmail.com","image":{"@type":"ImageObject","inLanguage":"pt-BR","@id":"https:\/\/secure.gravatar.com\/avatar\/7cf84d31f581ec97b887c1039d478a7c293086896c84951a86753fb2c2af7527?s=96&d=mm&r=g","url":"https:\/\/secure.gravatar.com\/avatar\/7cf84d31f581ec97b887c1039d478a7c293086896c84951a86753fb2c2af7527?s=96&d=mm&r=g","contentUrl":"https:\/\/secure.gravatar.com\/avatar\/7cf84d31f581ec97b887c1039d478a7c293086896c84951a86753fb2c2af7527?s=96&d=mm&r=g","caption":"alextreh@gmail.com"},"sameAs":["http:\/\/salmosbiblicos.com.br"],"url":"https:\/\/salmosbiblicos.com.br\/index.php\/author\/alextrehgmail-com\/"}]}},"_links":{"self":[{"href":"https:\/\/salmosbiblicos.com.br\/index.php\/wp-json\/wp\/v2\/posts\/5792","targetHints":{"allow":["GET"]}}],"collection":[{"href":"https:\/\/salmosbiblicos.com.br\/index.php\/wp-json\/wp\/v2\/posts"}],"about":[{"href":"https:\/\/salmosbiblicos.com.br\/index.php\/wp-json\/wp\/v2\/types\/post"}],"author":[{"embeddable":true,"href":"https:\/\/salmosbiblicos.com.br\/index.php\/wp-json\/wp\/v2\/users\/1"}],"replies":[{"embeddable":true,"href":"https:\/\/salmosbiblicos.com.br\/index.php\/wp-json\/wp\/v2\/comments?post=5792"}],"version-history":[{"count":1,"href":"https:\/\/salmosbiblicos.com.br\/index.php\/wp-json\/wp\/v2\/posts\/5792\/revisions"}],"predecessor-version":[{"id":5793,"href":"https:\/\/salmosbiblicos.com.br\/index.php\/wp-json\/wp\/v2\/posts\/5792\/revisions\/5793"}],"wp:attachment":[{"href":"https:\/\/salmosbiblicos.com.br\/index.php\/wp-json\/wp\/v2\/media?parent=5792"}],"wp:term":[{"taxonomy":"category","embeddable":true,"href":"https:\/\/salmosbiblicos.com.br\/index.php\/wp-json\/wp\/v2\/categories?post=5792"},{"taxonomy":"post_tag","embeddable":true,"href":"https:\/\/salmosbiblicos.com.br\/index.php\/wp-json\/wp\/v2\/tags?post=5792"}],"curies":[{"name":"wp","href":"https:\/\/api.w.org\/{rel}","templated":true}]}}