{"id":5806,"date":"2026-03-29T03:51:55","date_gmt":"2026-03-29T06:51:55","guid":{"rendered":"https:\/\/salmosbiblicos.com.br\/?p=5806"},"modified":"2026-03-29T03:51:55","modified_gmt":"2026-03-29T06:51:55","slug":"fe-em-tempos-dificeis-a-licao-da-barca-e-da-rede","status":"publish","type":"post","link":"https:\/\/salmosbiblicos.com.br\/index.php\/2026\/03\/29\/fe-em-tempos-dificeis-a-licao-da-barca-e-da-rede\/","title":{"rendered":"F\u00e9 em Tempos Dif\u00edceis: A Li\u00e7\u00e3o da Barca e da Rede"},"content":{"rendered":"<p>## A Barca, a Rede e o Chamado \u00e0 F\u00e9<\/p>\n<p>H\u00e1 momentos em nossas vidas em que nos sentimos exaustos, desanimados, como se tiv\u00e9ssemos esgotado todas as nossas for\u00e7as. A rotina nos consome, a incerteza nos assombra e a esperan\u00e7a parece distante. Mas o convite do Senhor permanece: **avan\u00e7a para \u00e1guas mais profundas.**<\/p>\n<p>### Um Lago de Esperan\u00e7a<\/p>\n<p>Imaginemos a cena: um lago calmo, a multid\u00e3o ansiosa, e um homem, Sim\u00e3o, pescador experiente, retornando do trabalho noturno com as m\u00e3os vazias. A vida no mar \u00e9 dura, e a falta de peixe sinaliza dificuldades. Mas ent\u00e3o, uma voz o convida a tentar mais uma vez, a lan\u00e7ar as redes em \u00e1guas desconhecidas.<\/p>\n<p>Sim\u00e3o, ciente de sua experi\u00eancia, expressa o desespero de quem j\u00e1 tentou de tudo: \u201cMestre, n\u00f3s trabalhamos a noite inteira e nada pescamos.\u201d No entanto, a f\u00e9 o move a obedecer: &#8220;Em aten\u00e7\u00e3o \u00e0 tua palavra, vou lan\u00e7ar as redes.&#8221;<\/p>\n<p>### A Abund\u00e2ncia da Gra\u00e7a<\/p>\n<p>O que acontece a seguir transcende a l\u00f3gica humana. As redes se enchem de uma quantidade extraordin\u00e1ria de peixes, a ponto de quase afundarem as barcas. Um evento t\u00e3o grandioso desperta no cora\u00e7\u00e3o de Sim\u00e3o um profundo temor. Diante da manifesta\u00e7\u00e3o do poder divino, ele se sente indigno: \u201cSenhor, afasta-te de mim porque sou um pecador.\u201d<\/p>\n<p>Esta rea\u00e7\u00e3o revela a humildade que precede a verdadeira f\u00e9. A percep\u00e7\u00e3o da pr\u00f3pria fragilidade, da pr\u00f3pria imperfei\u00e7\u00e3o, \u00e9 o primeiro passo para se abrir \u00e0 gra\u00e7a divina. **O medo n\u00e3o deve nos paralisar, mas nos aproximar da miseric\u00f3rdia.**<\/p>\n<p>### Uma Igreja em Movimento<\/p>\n<p>A li\u00e7\u00e3o que emerge desse relato \u00e9 profunda: **a barca representa a Igreja, o corpo de Cristo que se move no mundo.** As redes, instrumentos de pesca, simbolizam o Evangelho, a mensagem de amor e salva\u00e7\u00e3o que se propaga para todos os povos. E os peixes, as almas que s\u00e3o alcan\u00e7adas pelo amor redentor de Deus.<\/p>\n<p>A Igreja, assim como a barca de Sim\u00e3o, \u00e9 um instrumento para levar a esperan\u00e7a a um mundo sedento por f\u00e9. O Evangelho, como a rede lan\u00e7ada ao mar, \u00e9 a ferramenta que nos capacita a pescar almas, a levar a palavra de Deus a cora\u00e7\u00f5es necessitados.<\/p>\n<p>### O Chamado \u00e0 Convers\u00e3o<\/p>\n<p>O chamado de Jesus a Sim\u00e3o \u00e9 um chamado a todos n\u00f3s: **&#8221;n\u00e3o tenha as medo de hoje em diante, voc\u00ea ser\u00e1 a pescador de homens.&#8221;** Um chamado \u00e0 coragem, \u00e0 ousadia, \u00e0 entrega total. Deixamos para tr\u00e1s o que nos segura \u2013 a seguran\u00e7a do trabalho conhecido, as expectativas da vida mundana \u2013 para seguir o Senhor em dire\u00e7\u00e3o ao desconhecido.<\/p>\n<p>A prega\u00e7\u00e3o do Evangelho n\u00e3o \u00e9 uma atividade exclusiva de alguns escolhidos. \u00c9 um chamado que se estende a cada um de n\u00f3s, para que possamos compartilhar a alegria da f\u00e9, a esperan\u00e7a da vida eterna. **O Evangelho \u00e9 uma for\u00e7a vinda de Deus para a salva\u00e7\u00e3o de todo o que cr\u00ea.**<\/p>\n<p>### A Gra\u00e7a que Transforma<\/p>\n<p>N\u00e3o tema, portanto, ser pescado pelo Evangelho. Abrace a mensagem de esperan\u00e7a, deixe que a gra\u00e7a divina transforme seu cora\u00e7\u00e3o. Rejeite a impureza, a mal\u00edcia, a amargura, e receba com mansid\u00e3o a palavra de Deus, pois ela tem o poder de salvar sua alma.<\/p>\n<p>Que possamos nos entregar de corpo e alma \u00e0 miss\u00e3o de anunciar o Evangelho, de ser instrumentos de paz e de amor, de levar a luz de Cristo a um mundo mergulhado na escurid\u00e3o. Que possamos, a exemplo de Sim\u00e3o Pedro, **deixar tudo e seguir Jesus.**<\/p>\n","protected":false},"excerpt":{"rendered":"<p>## A Barca, a Rede e o Chamado \u00e0 F\u00e9 H\u00e1 momentos em nossas vidas em que nos sentimos exaustos, desanimados, como se tiv\u00e9ssemos esgotado todas as nossas for\u00e7as. A rotina nos consome, a incerteza nos assombra e a esperan\u00e7a parece distante. Mas o convite do Senhor permanece: **avan\u00e7a para \u00e1guas mais profundas.** ### Um [&hellip;]<\/p>\n","protected":false},"author":1,"featured_media":0,"comment_status":"closed","ping_status":"open","sticky":false,"template":"","format":"standard","meta":{"footnotes":""},"categories":[14],"tags":[],"class_list":["post-5806","post","type-post","status-publish","format-standard","hentry","category-reflexao"],"yoast_head":"<!-- This site is optimized with the Yoast SEO plugin v27.2 - https:\/\/yoast.com\/product\/yoast-seo-wordpress\/ -->\n<title>F\u00e9 em Tempos Dif\u00edceis: A Li\u00e7\u00e3o da Barca e da Rede - Salmos B\u00edblicos<\/title>\n<meta name=\"robots\" content=\"index, follow, max-snippet:-1, max-image-preview:large, max-video-preview:-1\" \/>\n<link rel=\"canonical\" href=\"https:\/\/salmosbiblicos.com.br\/index.php\/2026\/03\/29\/fe-em-tempos-dificeis-a-licao-da-barca-e-da-rede\/\" \/>\n<meta property=\"og:locale\" content=\"pt_BR\" \/>\n<meta property=\"og:type\" content=\"article\" \/>\n<meta property=\"og:title\" content=\"F\u00e9 em Tempos Dif\u00edceis: A Li\u00e7\u00e3o da Barca e da Rede - Salmos B\u00edblicos\" \/>\n<meta property=\"og:description\" content=\"## A Barca, a Rede e o Chamado \u00e0 F\u00e9 H\u00e1 momentos em nossas vidas em que nos sentimos exaustos, desanimados, como se tiv\u00e9ssemos esgotado todas as nossas for\u00e7as. A rotina nos consome, a incerteza nos assombra e a esperan\u00e7a parece distante. Mas o convite do Senhor permanece: **avan\u00e7a para \u00e1guas mais profundas.** ### Um [&hellip;]\" \/>\n<meta property=\"og:url\" content=\"https:\/\/salmosbiblicos.com.br\/index.php\/2026\/03\/29\/fe-em-tempos-dificeis-a-licao-da-barca-e-da-rede\/\" \/>\n<meta property=\"og:site_name\" content=\"Salmos B\u00edblicos\" \/>\n<meta property=\"article:published_time\" content=\"2026-03-29T06:51:55+00:00\" \/>\n<meta name=\"author\" content=\"alextreh@gmail.com\" \/>\n<meta name=\"twitter:card\" content=\"summary_large_image\" \/>\n<meta name=\"twitter:label1\" content=\"Escrito por\" \/>\n\t<meta name=\"twitter:data1\" content=\"alextreh@gmail.com\" \/>\n\t<meta name=\"twitter:label2\" content=\"Est. tempo de leitura\" \/>\n\t<meta name=\"twitter:data2\" content=\"3 minutos\" \/>\n<script type=\"application\/ld+json\" class=\"yoast-schema-graph\">{\"@context\":\"https:\/\/schema.org\",\"@graph\":[{\"@type\":\"Article\",\"@id\":\"https:\/\/salmosbiblicos.com.br\/index.php\/2026\/03\/29\/fe-em-tempos-dificeis-a-licao-da-barca-e-da-rede\/#article\",\"isPartOf\":{\"@id\":\"https:\/\/salmosbiblicos.com.br\/index.php\/2026\/03\/29\/fe-em-tempos-dificeis-a-licao-da-barca-e-da-rede\/\"},\"author\":{\"name\":\"alextreh@gmail.com\",\"@id\":\"https:\/\/salmosbiblicos.com.br\/#\/schema\/person\/30586d0fb3f3a46b78a3414fc39cc975\"},\"headline\":\"F\u00e9 em Tempos Dif\u00edceis: A Li\u00e7\u00e3o da Barca e da Rede\",\"datePublished\":\"2026-03-29T06:51:55+00:00\",\"mainEntityOfPage\":{\"@id\":\"https:\/\/salmosbiblicos.com.br\/index.php\/2026\/03\/29\/fe-em-tempos-dificeis-a-licao-da-barca-e-da-rede\/\"},\"wordCount\":624,\"articleSection\":[\"Reflex\u00e3o\"],\"inLanguage\":\"pt-BR\"},{\"@type\":\"WebPage\",\"@id\":\"https:\/\/salmosbiblicos.com.br\/index.php\/2026\/03\/29\/fe-em-tempos-dificeis-a-licao-da-barca-e-da-rede\/\",\"url\":\"https:\/\/salmosbiblicos.com.br\/index.php\/2026\/03\/29\/fe-em-tempos-dificeis-a-licao-da-barca-e-da-rede\/\",\"name\":\"F\u00e9 em Tempos Dif\u00edceis: A Li\u00e7\u00e3o da Barca e da Rede - Salmos B\u00edblicos\",\"isPartOf\":{\"@id\":\"https:\/\/salmosbiblicos.com.br\/#website\"},\"datePublished\":\"2026-03-29T06:51:55+00:00\",\"author\":{\"@id\":\"https:\/\/salmosbiblicos.com.br\/#\/schema\/person\/30586d0fb3f3a46b78a3414fc39cc975\"},\"breadcrumb\":{\"@id\":\"https:\/\/salmosbiblicos.com.br\/index.php\/2026\/03\/29\/fe-em-tempos-dificeis-a-licao-da-barca-e-da-rede\/#breadcrumb\"},\"inLanguage\":\"pt-BR\",\"potentialAction\":[{\"@type\":\"ReadAction\",\"target\":[\"https:\/\/salmosbiblicos.com.br\/index.php\/2026\/03\/29\/fe-em-tempos-dificeis-a-licao-da-barca-e-da-rede\/\"]}]},{\"@type\":\"BreadcrumbList\",\"@id\":\"https:\/\/salmosbiblicos.com.br\/index.php\/2026\/03\/29\/fe-em-tempos-dificeis-a-licao-da-barca-e-da-rede\/#breadcrumb\",\"itemListElement\":[{\"@type\":\"ListItem\",\"position\":1,\"name\":\"Home\",\"item\":\"https:\/\/salmosbiblicos.com.br\/\"},{\"@type\":\"ListItem\",\"position\":2,\"name\":\"F\u00e9 em Tempos Dif\u00edceis: A Li\u00e7\u00e3o da Barca e da Rede\"}]},{\"@type\":\"WebSite\",\"@id\":\"https:\/\/salmosbiblicos.com.br\/#website\",\"url\":\"https:\/\/salmosbiblicos.com.br\/\",\"name\":\"Salmos B\u00edblicos\",\"description\":\"Uma e-Livraria com e-Books novos para voc\u00ea refletir.\",\"potentialAction\":[{\"@type\":\"SearchAction\",\"target\":{\"@type\":\"EntryPoint\",\"urlTemplate\":\"https:\/\/salmosbiblicos.com.br\/?s={search_term_string}\"},\"query-input\":{\"@type\":\"PropertyValueSpecification\",\"valueRequired\":true,\"valueName\":\"search_term_string\"}}],\"inLanguage\":\"pt-BR\"},{\"@type\":\"Person\",\"@id\":\"https:\/\/salmosbiblicos.com.br\/#\/schema\/person\/30586d0fb3f3a46b78a3414fc39cc975\",\"name\":\"alextreh@gmail.com\",\"image\":{\"@type\":\"ImageObject\",\"inLanguage\":\"pt-BR\",\"@id\":\"https:\/\/secure.gravatar.com\/avatar\/7cf84d31f581ec97b887c1039d478a7c293086896c84951a86753fb2c2af7527?s=96&d=mm&r=g\",\"url\":\"https:\/\/secure.gravatar.com\/avatar\/7cf84d31f581ec97b887c1039d478a7c293086896c84951a86753fb2c2af7527?s=96&d=mm&r=g\",\"contentUrl\":\"https:\/\/secure.gravatar.com\/avatar\/7cf84d31f581ec97b887c1039d478a7c293086896c84951a86753fb2c2af7527?s=96&d=mm&r=g\",\"caption\":\"alextreh@gmail.com\"},\"sameAs\":[\"http:\/\/salmosbiblicos.com.br\"],\"url\":\"https:\/\/salmosbiblicos.com.br\/index.php\/author\/alextrehgmail-com\/\"}]}<\/script>\n<!-- \/ Yoast SEO plugin. -->","yoast_head_json":{"title":"F\u00e9 em Tempos Dif\u00edceis: A Li\u00e7\u00e3o da Barca e da Rede - Salmos B\u00edblicos","robots":{"index":"index","follow":"follow","max-snippet":"max-snippet:-1","max-image-preview":"max-image-preview:large","max-video-preview":"max-video-preview:-1"},"canonical":"https:\/\/salmosbiblicos.com.br\/index.php\/2026\/03\/29\/fe-em-tempos-dificeis-a-licao-da-barca-e-da-rede\/","og_locale":"pt_BR","og_type":"article","og_title":"F\u00e9 em Tempos Dif\u00edceis: A Li\u00e7\u00e3o da Barca e da Rede - Salmos B\u00edblicos","og_description":"## A Barca, a Rede e o Chamado \u00e0 F\u00e9 H\u00e1 momentos em nossas vidas em que nos sentimos exaustos, desanimados, como se tiv\u00e9ssemos esgotado todas as nossas for\u00e7as. A rotina nos consome, a incerteza nos assombra e a esperan\u00e7a parece distante. Mas o convite do Senhor permanece: **avan\u00e7a para \u00e1guas mais profundas.** ### Um [&hellip;]","og_url":"https:\/\/salmosbiblicos.com.br\/index.php\/2026\/03\/29\/fe-em-tempos-dificeis-a-licao-da-barca-e-da-rede\/","og_site_name":"Salmos B\u00edblicos","article_published_time":"2026-03-29T06:51:55+00:00","author":"alextreh@gmail.com","twitter_card":"summary_large_image","twitter_misc":{"Escrito por":"alextreh@gmail.com","Est. tempo de leitura":"3 minutos"},"schema":{"@context":"https:\/\/schema.org","@graph":[{"@type":"Article","@id":"https:\/\/salmosbiblicos.com.br\/index.php\/2026\/03\/29\/fe-em-tempos-dificeis-a-licao-da-barca-e-da-rede\/#article","isPartOf":{"@id":"https:\/\/salmosbiblicos.com.br\/index.php\/2026\/03\/29\/fe-em-tempos-dificeis-a-licao-da-barca-e-da-rede\/"},"author":{"name":"alextreh@gmail.com","@id":"https:\/\/salmosbiblicos.com.br\/#\/schema\/person\/30586d0fb3f3a46b78a3414fc39cc975"},"headline":"F\u00e9 em Tempos Dif\u00edceis: A Li\u00e7\u00e3o da Barca e da Rede","datePublished":"2026-03-29T06:51:55+00:00","mainEntityOfPage":{"@id":"https:\/\/salmosbiblicos.com.br\/index.php\/2026\/03\/29\/fe-em-tempos-dificeis-a-licao-da-barca-e-da-rede\/"},"wordCount":624,"articleSection":["Reflex\u00e3o"],"inLanguage":"pt-BR"},{"@type":"WebPage","@id":"https:\/\/salmosbiblicos.com.br\/index.php\/2026\/03\/29\/fe-em-tempos-dificeis-a-licao-da-barca-e-da-rede\/","url":"https:\/\/salmosbiblicos.com.br\/index.php\/2026\/03\/29\/fe-em-tempos-dificeis-a-licao-da-barca-e-da-rede\/","name":"F\u00e9 em Tempos Dif\u00edceis: A Li\u00e7\u00e3o da Barca e da Rede - Salmos B\u00edblicos","isPartOf":{"@id":"https:\/\/salmosbiblicos.com.br\/#website"},"datePublished":"2026-03-29T06:51:55+00:00","author":{"@id":"https:\/\/salmosbiblicos.com.br\/#\/schema\/person\/30586d0fb3f3a46b78a3414fc39cc975"},"breadcrumb":{"@id":"https:\/\/salmosbiblicos.com.br\/index.php\/2026\/03\/29\/fe-em-tempos-dificeis-a-licao-da-barca-e-da-rede\/#breadcrumb"},"inLanguage":"pt-BR","potentialAction":[{"@type":"ReadAction","target":["https:\/\/salmosbiblicos.com.br\/index.php\/2026\/03\/29\/fe-em-tempos-dificeis-a-licao-da-barca-e-da-rede\/"]}]},{"@type":"BreadcrumbList","@id":"https:\/\/salmosbiblicos.com.br\/index.php\/2026\/03\/29\/fe-em-tempos-dificeis-a-licao-da-barca-e-da-rede\/#breadcrumb","itemListElement":[{"@type":"ListItem","position":1,"name":"Home","item":"https:\/\/salmosbiblicos.com.br\/"},{"@type":"ListItem","position":2,"name":"F\u00e9 em Tempos Dif\u00edceis: A Li\u00e7\u00e3o da Barca e da Rede"}]},{"@type":"WebSite","@id":"https:\/\/salmosbiblicos.com.br\/#website","url":"https:\/\/salmosbiblicos.com.br\/","name":"Salmos B\u00edblicos","description":"Uma e-Livraria com e-Books novos para voc\u00ea refletir.","potentialAction":[{"@type":"SearchAction","target":{"@type":"EntryPoint","urlTemplate":"https:\/\/salmosbiblicos.com.br\/?s={search_term_string}"},"query-input":{"@type":"PropertyValueSpecification","valueRequired":true,"valueName":"search_term_string"}}],"inLanguage":"pt-BR"},{"@type":"Person","@id":"https:\/\/salmosbiblicos.com.br\/#\/schema\/person\/30586d0fb3f3a46b78a3414fc39cc975","name":"alextreh@gmail.com","image":{"@type":"ImageObject","inLanguage":"pt-BR","@id":"https:\/\/secure.gravatar.com\/avatar\/7cf84d31f581ec97b887c1039d478a7c293086896c84951a86753fb2c2af7527?s=96&d=mm&r=g","url":"https:\/\/secure.gravatar.com\/avatar\/7cf84d31f581ec97b887c1039d478a7c293086896c84951a86753fb2c2af7527?s=96&d=mm&r=g","contentUrl":"https:\/\/secure.gravatar.com\/avatar\/7cf84d31f581ec97b887c1039d478a7c293086896c84951a86753fb2c2af7527?s=96&d=mm&r=g","caption":"alextreh@gmail.com"},"sameAs":["http:\/\/salmosbiblicos.com.br"],"url":"https:\/\/salmosbiblicos.com.br\/index.php\/author\/alextrehgmail-com\/"}]}},"_links":{"self":[{"href":"https:\/\/salmosbiblicos.com.br\/index.php\/wp-json\/wp\/v2\/posts\/5806","targetHints":{"allow":["GET"]}}],"collection":[{"href":"https:\/\/salmosbiblicos.com.br\/index.php\/wp-json\/wp\/v2\/posts"}],"about":[{"href":"https:\/\/salmosbiblicos.com.br\/index.php\/wp-json\/wp\/v2\/types\/post"}],"author":[{"embeddable":true,"href":"https:\/\/salmosbiblicos.com.br\/index.php\/wp-json\/wp\/v2\/users\/1"}],"replies":[{"embeddable":true,"href":"https:\/\/salmosbiblicos.com.br\/index.php\/wp-json\/wp\/v2\/comments?post=5806"}],"version-history":[{"count":1,"href":"https:\/\/salmosbiblicos.com.br\/index.php\/wp-json\/wp\/v2\/posts\/5806\/revisions"}],"predecessor-version":[{"id":5807,"href":"https:\/\/salmosbiblicos.com.br\/index.php\/wp-json\/wp\/v2\/posts\/5806\/revisions\/5807"}],"wp:attachment":[{"href":"https:\/\/salmosbiblicos.com.br\/index.php\/wp-json\/wp\/v2\/media?parent=5806"}],"wp:term":[{"taxonomy":"category","embeddable":true,"href":"https:\/\/salmosbiblicos.com.br\/index.php\/wp-json\/wp\/v2\/categories?post=5806"},{"taxonomy":"post_tag","embeddable":true,"href":"https:\/\/salmosbiblicos.com.br\/index.php\/wp-json\/wp\/v2\/tags?post=5806"}],"curies":[{"name":"wp","href":"https:\/\/api.w.org\/{rel}","templated":true}]}}