{"id":5808,"date":"2026-03-29T03:58:45","date_gmt":"2026-03-29T06:58:45","guid":{"rendered":"https:\/\/salmosbiblicos.com.br\/?p=5808"},"modified":"2026-03-29T03:58:45","modified_gmt":"2026-03-29T06:58:45","slug":"cura-interior-encontre-a-forca-para-servir-e-amar","status":"publish","type":"post","link":"https:\/\/salmosbiblicos.com.br\/index.php\/2026\/03\/29\/cura-interior-encontre-a-forca-para-servir-e-amar\/","title":{"rendered":"Cura Interior: Encontre a For\u00e7a para Servir e Amar"},"content":{"rendered":"<p>## O Cora\u00e7\u00e3o Curado, a Vida a Servi\u00e7o<\/p>\n<p>A experi\u00eancia humana, em sua jornada, frequentemente nos confronta com a dor. A doen\u00e7a, a ang\u00fastia, a decep\u00e7\u00e3o \u2013 todos esses males podem nos acorrentar, impedindo-nos de florescer plenamente. Mas a esperan\u00e7a reside na promessa de cura, n\u00e3o apenas do corpo, mas, sobretudo, do esp\u00edrito. Pois a verdadeira beleza da vida reside na capacidade de estender a m\u00e3o ao pr\u00f3ximo, de servir com amor e compaix\u00e3o.<\/p>\n<p>### A Restaura\u00e7\u00e3o que Possibilita o Servi\u00e7o<\/p>\n<p>\u00c9 um paradoxo profundo: para servir verdadeiramente, precisamos ser curados. A fragilidade, a enfermidade, a ferida interior \u2013 tudo isso nos impede de oferecer o melhor de n\u00f3s mesmos ao mundo. Deus, em sua infinita sabedoria, compreende essa necessidade. Ele deseja nos restaurar para que possamos nos dedicar ao bem dos outros.<\/p>\n<p>O Evangelho nos apresenta cenas tocantes de cura e liberta\u00e7\u00e3o. Em uma casa, uma mulher afligida por febre \u00e9 tocada com amor e restaura-se, imediatamente disposta a servir. Os enfermos s\u00e3o levados a Jesus, e com um simples toque, recebem a sa\u00fade. Dem\u00f4nios s\u00e3o expulsos, demonstrando o poder da luz sobre as trevas. Mas, acima de tudo, essas curas n\u00e3o s\u00e3o apenas atos de miseric\u00f3rdia, mas um convite a um prop\u00f3sito maior: servir.<\/p>\n<p>### A Ferida de Pedro e a Cura do Amor<\/p>\n<p>Contemplemos a figura de um homem que, outrora, vacilou em sua f\u00e9, negando seu Senhor. Pedro, o rochedo sobre o qual a Igreja seria constru\u00edda, carregava em seu cora\u00e7\u00e3o uma ferida profunda. Ele n\u00e3o estava pronto para liderar, para inspirar, para servir. Necessitava de cura, de um amor que transcendesse sua fraqueza.<\/p>\n<p>E Jesus, com infinita paci\u00eancia e compreens\u00e3o, perguntou-lhe, repetidas vezes: &#8220;Sim\u00e3o, filho de Jo\u00e3o, amas-me?&#8221;. N\u00e3o era apenas uma quest\u00e3o de lealdade, mas uma oportunidade de reconcilia\u00e7\u00e3o, de restaura\u00e7\u00e3o da confian\u00e7a. Em cada &#8220;sim&#8221;, Pedro sentia a cura em sua alma, o fardo da culpa se dissipando, a for\u00e7a para servir renascendo em seu interior.<\/p>\n<p>### Servir com o Cora\u00e7\u00e3o Renovado<\/p>\n<p>A cura n\u00e3o \u00e9 um evento \u00fanico, mas um processo cont\u00ednuo. Assim como a sogra de Pedro precisou ser restaurada para poder servir, todos n\u00f3s enfrentamos desafios que exigem a interven\u00e7\u00e3o divina. Precisamos reconhecer nossas feridas, nossas fraquezas, nossas limita\u00e7\u00f5es, e abrir nossos cora\u00e7\u00f5es \u00e0 gra\u00e7a transformadora.<\/p>\n<p>Somos criados para o outro. A verdadeira felicidade n\u00e3o se encontra no ego\u00edsmo, na busca incessante por prazeres individuais, mas na alegria de fazer o bem, de aliviar o sofrimento, de compartilhar a esperan\u00e7a. Uma vida voltada para o outro \u00e9 uma vida plena, uma vida que ressoa com o prop\u00f3sito divino.<\/p>\n<p>### A Chamada \u00e0 Transforma\u00e7\u00e3o<\/p>\n<p>O ap\u00f3stolo Paulo, um fariseu endurecido, foi derrubado do cavalo e cego por uma luz ofuscante. Precisava ser curado, tanto f\u00edsica quanto espiritualmente. Ap\u00f3s receber a vis\u00e3o e o batismo, ele se transformou em um arauto fervoroso do Evangelho, proclamando a mensagem de Cristo com coragem e ousadia.<\/p>\n<p>Que possamos, ent\u00e3o, refletir sobre nossa pr\u00f3pria jornada. Que possamos identificar as \u00e1reas de nossa vida que precisam de cura, de restaura\u00e7\u00e3o, de transforma\u00e7\u00e3o. Que possamos declarar com f\u00e9: &#8220;Preciso ser curado para melhor servir&#8221;.<\/p>\n<p>Pois a cura nos liberta. A cura nos fortalece. A cura nos capacita a amar, a perdoar, a servir. E, ao servirmos, encontramos a verdadeira ess\u00eancia da vida, a plenitude do amor, a alegria do prop\u00f3sito.<\/p>\n","protected":false},"excerpt":{"rendered":"<p>## O Cora\u00e7\u00e3o Curado, a Vida a Servi\u00e7o A experi\u00eancia humana, em sua jornada, frequentemente nos confronta com a dor. A doen\u00e7a, a ang\u00fastia, a decep\u00e7\u00e3o \u2013 todos esses males podem nos acorrentar, impedindo-nos de florescer plenamente. Mas a esperan\u00e7a reside na promessa de cura, n\u00e3o apenas do corpo, mas, sobretudo, do esp\u00edrito. Pois a [&hellip;]<\/p>\n","protected":false},"author":1,"featured_media":0,"comment_status":"closed","ping_status":"open","sticky":false,"template":"","format":"standard","meta":{"footnotes":""},"categories":[14],"tags":[],"class_list":["post-5808","post","type-post","status-publish","format-standard","hentry","category-reflexao"],"yoast_head":"<!-- This site is optimized with the Yoast SEO plugin v27.2 - https:\/\/yoast.com\/product\/yoast-seo-wordpress\/ -->\n<title>Cura Interior: Encontre a For\u00e7a para Servir e Amar - Salmos B\u00edblicos<\/title>\n<meta name=\"robots\" content=\"index, follow, max-snippet:-1, max-image-preview:large, max-video-preview:-1\" \/>\n<link rel=\"canonical\" href=\"https:\/\/salmosbiblicos.com.br\/index.php\/2026\/03\/29\/cura-interior-encontre-a-forca-para-servir-e-amar\/\" \/>\n<meta property=\"og:locale\" content=\"pt_BR\" \/>\n<meta property=\"og:type\" content=\"article\" \/>\n<meta property=\"og:title\" content=\"Cura Interior: Encontre a For\u00e7a para Servir e Amar - Salmos B\u00edblicos\" \/>\n<meta property=\"og:description\" content=\"## O Cora\u00e7\u00e3o Curado, a Vida a Servi\u00e7o A experi\u00eancia humana, em sua jornada, frequentemente nos confronta com a dor. A doen\u00e7a, a ang\u00fastia, a decep\u00e7\u00e3o \u2013 todos esses males podem nos acorrentar, impedindo-nos de florescer plenamente. Mas a esperan\u00e7a reside na promessa de cura, n\u00e3o apenas do corpo, mas, sobretudo, do esp\u00edrito. Pois a [&hellip;]\" \/>\n<meta property=\"og:url\" content=\"https:\/\/salmosbiblicos.com.br\/index.php\/2026\/03\/29\/cura-interior-encontre-a-forca-para-servir-e-amar\/\" \/>\n<meta property=\"og:site_name\" content=\"Salmos B\u00edblicos\" \/>\n<meta property=\"article:published_time\" content=\"2026-03-29T06:58:45+00:00\" \/>\n<meta name=\"author\" content=\"alextreh@gmail.com\" \/>\n<meta name=\"twitter:card\" content=\"summary_large_image\" \/>\n<meta name=\"twitter:label1\" content=\"Escrito por\" \/>\n\t<meta name=\"twitter:data1\" content=\"alextreh@gmail.com\" \/>\n\t<meta name=\"twitter:label2\" content=\"Est. tempo de leitura\" \/>\n\t<meta name=\"twitter:data2\" content=\"3 minutos\" \/>\n<script type=\"application\/ld+json\" class=\"yoast-schema-graph\">{\"@context\":\"https:\/\/schema.org\",\"@graph\":[{\"@type\":\"Article\",\"@id\":\"https:\/\/salmosbiblicos.com.br\/index.php\/2026\/03\/29\/cura-interior-encontre-a-forca-para-servir-e-amar\/#article\",\"isPartOf\":{\"@id\":\"https:\/\/salmosbiblicos.com.br\/index.php\/2026\/03\/29\/cura-interior-encontre-a-forca-para-servir-e-amar\/\"},\"author\":{\"name\":\"alextreh@gmail.com\",\"@id\":\"https:\/\/salmosbiblicos.com.br\/#\/schema\/person\/30586d0fb3f3a46b78a3414fc39cc975\"},\"headline\":\"Cura Interior: Encontre a For\u00e7a para Servir e Amar\",\"datePublished\":\"2026-03-29T06:58:45+00:00\",\"mainEntityOfPage\":{\"@id\":\"https:\/\/salmosbiblicos.com.br\/index.php\/2026\/03\/29\/cura-interior-encontre-a-forca-para-servir-e-amar\/\"},\"wordCount\":609,\"articleSection\":[\"Reflex\u00e3o\"],\"inLanguage\":\"pt-BR\"},{\"@type\":\"WebPage\",\"@id\":\"https:\/\/salmosbiblicos.com.br\/index.php\/2026\/03\/29\/cura-interior-encontre-a-forca-para-servir-e-amar\/\",\"url\":\"https:\/\/salmosbiblicos.com.br\/index.php\/2026\/03\/29\/cura-interior-encontre-a-forca-para-servir-e-amar\/\",\"name\":\"Cura Interior: Encontre a For\u00e7a para Servir e Amar - Salmos B\u00edblicos\",\"isPartOf\":{\"@id\":\"https:\/\/salmosbiblicos.com.br\/#website\"},\"datePublished\":\"2026-03-29T06:58:45+00:00\",\"author\":{\"@id\":\"https:\/\/salmosbiblicos.com.br\/#\/schema\/person\/30586d0fb3f3a46b78a3414fc39cc975\"},\"breadcrumb\":{\"@id\":\"https:\/\/salmosbiblicos.com.br\/index.php\/2026\/03\/29\/cura-interior-encontre-a-forca-para-servir-e-amar\/#breadcrumb\"},\"inLanguage\":\"pt-BR\",\"potentialAction\":[{\"@type\":\"ReadAction\",\"target\":[\"https:\/\/salmosbiblicos.com.br\/index.php\/2026\/03\/29\/cura-interior-encontre-a-forca-para-servir-e-amar\/\"]}]},{\"@type\":\"BreadcrumbList\",\"@id\":\"https:\/\/salmosbiblicos.com.br\/index.php\/2026\/03\/29\/cura-interior-encontre-a-forca-para-servir-e-amar\/#breadcrumb\",\"itemListElement\":[{\"@type\":\"ListItem\",\"position\":1,\"name\":\"Home\",\"item\":\"https:\/\/salmosbiblicos.com.br\/\"},{\"@type\":\"ListItem\",\"position\":2,\"name\":\"Cura Interior: Encontre a For\u00e7a para Servir e Amar\"}]},{\"@type\":\"WebSite\",\"@id\":\"https:\/\/salmosbiblicos.com.br\/#website\",\"url\":\"https:\/\/salmosbiblicos.com.br\/\",\"name\":\"Salmos B\u00edblicos\",\"description\":\"Uma e-Livraria com e-Books novos para voc\u00ea refletir.\",\"potentialAction\":[{\"@type\":\"SearchAction\",\"target\":{\"@type\":\"EntryPoint\",\"urlTemplate\":\"https:\/\/salmosbiblicos.com.br\/?s={search_term_string}\"},\"query-input\":{\"@type\":\"PropertyValueSpecification\",\"valueRequired\":true,\"valueName\":\"search_term_string\"}}],\"inLanguage\":\"pt-BR\"},{\"@type\":\"Person\",\"@id\":\"https:\/\/salmosbiblicos.com.br\/#\/schema\/person\/30586d0fb3f3a46b78a3414fc39cc975\",\"name\":\"alextreh@gmail.com\",\"image\":{\"@type\":\"ImageObject\",\"inLanguage\":\"pt-BR\",\"@id\":\"https:\/\/secure.gravatar.com\/avatar\/7cf84d31f581ec97b887c1039d478a7c293086896c84951a86753fb2c2af7527?s=96&d=mm&r=g\",\"url\":\"https:\/\/secure.gravatar.com\/avatar\/7cf84d31f581ec97b887c1039d478a7c293086896c84951a86753fb2c2af7527?s=96&d=mm&r=g\",\"contentUrl\":\"https:\/\/secure.gravatar.com\/avatar\/7cf84d31f581ec97b887c1039d478a7c293086896c84951a86753fb2c2af7527?s=96&d=mm&r=g\",\"caption\":\"alextreh@gmail.com\"},\"sameAs\":[\"http:\/\/salmosbiblicos.com.br\"],\"url\":\"https:\/\/salmosbiblicos.com.br\/index.php\/author\/alextrehgmail-com\/\"}]}<\/script>\n<!-- \/ Yoast SEO plugin. -->","yoast_head_json":{"title":"Cura Interior: Encontre a For\u00e7a para Servir e Amar - Salmos B\u00edblicos","robots":{"index":"index","follow":"follow","max-snippet":"max-snippet:-1","max-image-preview":"max-image-preview:large","max-video-preview":"max-video-preview:-1"},"canonical":"https:\/\/salmosbiblicos.com.br\/index.php\/2026\/03\/29\/cura-interior-encontre-a-forca-para-servir-e-amar\/","og_locale":"pt_BR","og_type":"article","og_title":"Cura Interior: Encontre a For\u00e7a para Servir e Amar - Salmos B\u00edblicos","og_description":"## O Cora\u00e7\u00e3o Curado, a Vida a Servi\u00e7o A experi\u00eancia humana, em sua jornada, frequentemente nos confronta com a dor. A doen\u00e7a, a ang\u00fastia, a decep\u00e7\u00e3o \u2013 todos esses males podem nos acorrentar, impedindo-nos de florescer plenamente. Mas a esperan\u00e7a reside na promessa de cura, n\u00e3o apenas do corpo, mas, sobretudo, do esp\u00edrito. Pois a [&hellip;]","og_url":"https:\/\/salmosbiblicos.com.br\/index.php\/2026\/03\/29\/cura-interior-encontre-a-forca-para-servir-e-amar\/","og_site_name":"Salmos B\u00edblicos","article_published_time":"2026-03-29T06:58:45+00:00","author":"alextreh@gmail.com","twitter_card":"summary_large_image","twitter_misc":{"Escrito por":"alextreh@gmail.com","Est. tempo de leitura":"3 minutos"},"schema":{"@context":"https:\/\/schema.org","@graph":[{"@type":"Article","@id":"https:\/\/salmosbiblicos.com.br\/index.php\/2026\/03\/29\/cura-interior-encontre-a-forca-para-servir-e-amar\/#article","isPartOf":{"@id":"https:\/\/salmosbiblicos.com.br\/index.php\/2026\/03\/29\/cura-interior-encontre-a-forca-para-servir-e-amar\/"},"author":{"name":"alextreh@gmail.com","@id":"https:\/\/salmosbiblicos.com.br\/#\/schema\/person\/30586d0fb3f3a46b78a3414fc39cc975"},"headline":"Cura Interior: Encontre a For\u00e7a para Servir e Amar","datePublished":"2026-03-29T06:58:45+00:00","mainEntityOfPage":{"@id":"https:\/\/salmosbiblicos.com.br\/index.php\/2026\/03\/29\/cura-interior-encontre-a-forca-para-servir-e-amar\/"},"wordCount":609,"articleSection":["Reflex\u00e3o"],"inLanguage":"pt-BR"},{"@type":"WebPage","@id":"https:\/\/salmosbiblicos.com.br\/index.php\/2026\/03\/29\/cura-interior-encontre-a-forca-para-servir-e-amar\/","url":"https:\/\/salmosbiblicos.com.br\/index.php\/2026\/03\/29\/cura-interior-encontre-a-forca-para-servir-e-amar\/","name":"Cura Interior: Encontre a For\u00e7a para Servir e Amar - Salmos B\u00edblicos","isPartOf":{"@id":"https:\/\/salmosbiblicos.com.br\/#website"},"datePublished":"2026-03-29T06:58:45+00:00","author":{"@id":"https:\/\/salmosbiblicos.com.br\/#\/schema\/person\/30586d0fb3f3a46b78a3414fc39cc975"},"breadcrumb":{"@id":"https:\/\/salmosbiblicos.com.br\/index.php\/2026\/03\/29\/cura-interior-encontre-a-forca-para-servir-e-amar\/#breadcrumb"},"inLanguage":"pt-BR","potentialAction":[{"@type":"ReadAction","target":["https:\/\/salmosbiblicos.com.br\/index.php\/2026\/03\/29\/cura-interior-encontre-a-forca-para-servir-e-amar\/"]}]},{"@type":"BreadcrumbList","@id":"https:\/\/salmosbiblicos.com.br\/index.php\/2026\/03\/29\/cura-interior-encontre-a-forca-para-servir-e-amar\/#breadcrumb","itemListElement":[{"@type":"ListItem","position":1,"name":"Home","item":"https:\/\/salmosbiblicos.com.br\/"},{"@type":"ListItem","position":2,"name":"Cura Interior: Encontre a For\u00e7a para Servir e Amar"}]},{"@type":"WebSite","@id":"https:\/\/salmosbiblicos.com.br\/#website","url":"https:\/\/salmosbiblicos.com.br\/","name":"Salmos B\u00edblicos","description":"Uma e-Livraria com e-Books novos para voc\u00ea refletir.","potentialAction":[{"@type":"SearchAction","target":{"@type":"EntryPoint","urlTemplate":"https:\/\/salmosbiblicos.com.br\/?s={search_term_string}"},"query-input":{"@type":"PropertyValueSpecification","valueRequired":true,"valueName":"search_term_string"}}],"inLanguage":"pt-BR"},{"@type":"Person","@id":"https:\/\/salmosbiblicos.com.br\/#\/schema\/person\/30586d0fb3f3a46b78a3414fc39cc975","name":"alextreh@gmail.com","image":{"@type":"ImageObject","inLanguage":"pt-BR","@id":"https:\/\/secure.gravatar.com\/avatar\/7cf84d31f581ec97b887c1039d478a7c293086896c84951a86753fb2c2af7527?s=96&d=mm&r=g","url":"https:\/\/secure.gravatar.com\/avatar\/7cf84d31f581ec97b887c1039d478a7c293086896c84951a86753fb2c2af7527?s=96&d=mm&r=g","contentUrl":"https:\/\/secure.gravatar.com\/avatar\/7cf84d31f581ec97b887c1039d478a7c293086896c84951a86753fb2c2af7527?s=96&d=mm&r=g","caption":"alextreh@gmail.com"},"sameAs":["http:\/\/salmosbiblicos.com.br"],"url":"https:\/\/salmosbiblicos.com.br\/index.php\/author\/alextrehgmail-com\/"}]}},"_links":{"self":[{"href":"https:\/\/salmosbiblicos.com.br\/index.php\/wp-json\/wp\/v2\/posts\/5808","targetHints":{"allow":["GET"]}}],"collection":[{"href":"https:\/\/salmosbiblicos.com.br\/index.php\/wp-json\/wp\/v2\/posts"}],"about":[{"href":"https:\/\/salmosbiblicos.com.br\/index.php\/wp-json\/wp\/v2\/types\/post"}],"author":[{"embeddable":true,"href":"https:\/\/salmosbiblicos.com.br\/index.php\/wp-json\/wp\/v2\/users\/1"}],"replies":[{"embeddable":true,"href":"https:\/\/salmosbiblicos.com.br\/index.php\/wp-json\/wp\/v2\/comments?post=5808"}],"version-history":[{"count":1,"href":"https:\/\/salmosbiblicos.com.br\/index.php\/wp-json\/wp\/v2\/posts\/5808\/revisions"}],"predecessor-version":[{"id":5809,"href":"https:\/\/salmosbiblicos.com.br\/index.php\/wp-json\/wp\/v2\/posts\/5808\/revisions\/5809"}],"wp:attachment":[{"href":"https:\/\/salmosbiblicos.com.br\/index.php\/wp-json\/wp\/v2\/media?parent=5808"}],"wp:term":[{"taxonomy":"category","embeddable":true,"href":"https:\/\/salmosbiblicos.com.br\/index.php\/wp-json\/wp\/v2\/categories?post=5808"},{"taxonomy":"post_tag","embeddable":true,"href":"https:\/\/salmosbiblicos.com.br\/index.php\/wp-json\/wp\/v2\/tags?post=5808"}],"curies":[{"name":"wp","href":"https:\/\/api.w.org\/{rel}","templated":true}]}}