{"id":5860,"date":"2026-03-29T09:52:34","date_gmt":"2026-03-29T12:52:34","guid":{"rendered":"https:\/\/salmosbiblicos.com.br\/?p=5860"},"modified":"2026-03-29T09:52:34","modified_gmt":"2026-03-29T12:52:34","slug":"alma-imortal-reflexoes-sobre-a-efemeridade-do-mundo","status":"publish","type":"post","link":"https:\/\/salmosbiblicos.com.br\/index.php\/2026\/03\/29\/alma-imortal-reflexoes-sobre-a-efemeridade-do-mundo\/","title":{"rendered":"Alma Imortal: Reflex\u00f5es Sobre a Efemeridade do Mundo"},"content":{"rendered":"<p>## A Transitoriedade do Mundo, a Eternidade da Alma<\/p>\n<p>Existe uma verdade que ecoa em nosso \u00edntimo, uma constata\u00e7\u00e3o que, por vezes, nos escapa na correria do dia a dia: tudo que temos e conhecemos neste mundo \u00e9 passageiro. \u00c9 um sopro, um instante. E ainda assim, persistimos em nos apegarmos \u00e0s coisas ef\u00eameras, negligenciando o que verdadeiramente importa, o que nos define para al\u00e9m da exist\u00eancia terrena.<\/p>\n<p>### O Valor Inestim\u00e1vel da Alma<\/p>\n<p>O que \u00e9, ent\u00e3o, que nos move a buscar a aprova\u00e7\u00e3o, o reconhecimento, a posse material, quando sabemos, em nosso cora\u00e7\u00e3o, que tudo isso um dia desaparecer\u00e1? \u00c9 a ilus\u00e3o de que a felicidade se encontra na acumula\u00e7\u00e3o de bens, no reconhecimento mundano. Esquecemos que a verdadeira riqueza reside na eternidade da nossa alma.<\/p>\n<p>Jesus nos ensina, com clareza, a buscar o que perdura: &#8220;Se algu\u00e9m quer me seguir, renuncie a si mesmo&#8230; Pois quem quiser salvar a sua vida vai perder-la, e quem perder a sua vida por minha causa, vai encontr\u00e1-la.&#8221; Ganhar o mundo inteiro, sem uma vida interior nutrida pela f\u00e9, \u00e9 uma barganha despropositada. O que poder\u00edamos oferecer em troca da nossa alma, da nossa ess\u00eancia divina?<\/p>\n<p>### A Incompar\u00e1vel Imensid\u00e3o da F\u00e9<\/p>\n<p>N\u00e3o podemos comprar a Salva\u00e7\u00e3o. Ela n\u00e3o se encontra em tesouros terrenos, em ostenta\u00e7\u00e3o ou poder. A nossa alma j\u00e1 tem um valor inestim\u00e1vel, um pre\u00e7o pagado por Deus mesmo. E ela \u00e9 t\u00e3o preciosa que, por mais que juntemos todas as riquezas deste mundo, jamais seremos capazes de igualar seu valor.<\/p>\n<p>O ap\u00f3stolo Paulo, compreendendo a futilidade da busca por poder e reconhecimento, afirma: &#8220;Considerei tudo como perda, em compara\u00e7\u00e3o com o conhecimento de Jesus Cristo, meu Senhor&#8230; A fim de ganhar Cristo, e encontrar-me com Ele.&#8221; Ele desprezou o que antes considerava vantagens, porque a eternidade era sua \u00fanica preocupa\u00e7\u00e3o.<\/p>\n<p>### Desapego e Esperan\u00e7a<\/p>\n<p>N\u00e3o temamos renunciar ao mundo, aos seus encantos passageiros. A Palavra nos convida a n\u00e3o amar as coisas materiais, pois elas s\u00e3o transit\u00f3rias. Ao desapegarmos do que \u00e9 ef\u00eamero, abrimos espa\u00e7o para o que \u00e9 eterno. Ao renunciarmos ao mundo, encontramos um tesouro maior, a certeza da vida em Deus.<\/p>\n<p>Lembremos a s\u00e1bia instru\u00e7\u00e3o: &#8220;N\u00e3o h\u00e1 m\u00eas o mundo, nem as coisas do mundo.&#8221; Que essa constata\u00e7\u00e3o ressoe em nossos cora\u00e7\u00f5es, impulsionando-nos a buscar o que realmente importa. Que vivamos com a consci\u00eancia de que a nossa alma \u00e9 eterna, e que nossas a\u00e7\u00f5es reverberar\u00e3o para al\u00e9m deste breve instante.<\/p>\n<p>**Que possamos, ent\u00e3o, gravar em nossa mem\u00f3ria e compartilhar essa verdade:** O mundo \u00e9 tempor\u00e1rio. A minha alma \u00e9 eterna.<\/p>\n","protected":false},"excerpt":{"rendered":"<p>## A Transitoriedade do Mundo, a Eternidade da Alma Existe uma verdade que ecoa em nosso \u00edntimo, uma constata\u00e7\u00e3o que, por vezes, nos escapa na correria do dia a dia: tudo que temos e conhecemos neste mundo \u00e9 passageiro. \u00c9 um sopro, um instante. E ainda assim, persistimos em nos apegarmos \u00e0s coisas ef\u00eameras, negligenciando [&hellip;]<\/p>\n","protected":false},"author":1,"featured_media":0,"comment_status":"closed","ping_status":"open","sticky":false,"template":"","format":"standard","meta":{"footnotes":""},"categories":[14],"tags":[],"class_list":["post-5860","post","type-post","status-publish","format-standard","hentry","category-reflexao"],"yoast_head":"<!-- This site is optimized with the Yoast SEO plugin v27.2 - https:\/\/yoast.com\/product\/yoast-seo-wordpress\/ -->\n<title>Alma Imortal: Reflex\u00f5es Sobre a Efemeridade do Mundo - Salmos B\u00edblicos<\/title>\n<meta name=\"robots\" content=\"index, follow, max-snippet:-1, max-image-preview:large, max-video-preview:-1\" \/>\n<link rel=\"canonical\" href=\"https:\/\/salmosbiblicos.com.br\/index.php\/2026\/03\/29\/alma-imortal-reflexoes-sobre-a-efemeridade-do-mundo\/\" \/>\n<meta property=\"og:locale\" content=\"pt_BR\" \/>\n<meta property=\"og:type\" content=\"article\" \/>\n<meta property=\"og:title\" content=\"Alma Imortal: Reflex\u00f5es Sobre a Efemeridade do Mundo - Salmos B\u00edblicos\" \/>\n<meta property=\"og:description\" content=\"## A Transitoriedade do Mundo, a Eternidade da Alma Existe uma verdade que ecoa em nosso \u00edntimo, uma constata\u00e7\u00e3o que, por vezes, nos escapa na correria do dia a dia: tudo que temos e conhecemos neste mundo \u00e9 passageiro. \u00c9 um sopro, um instante. E ainda assim, persistimos em nos apegarmos \u00e0s coisas ef\u00eameras, negligenciando [&hellip;]\" \/>\n<meta property=\"og:url\" content=\"https:\/\/salmosbiblicos.com.br\/index.php\/2026\/03\/29\/alma-imortal-reflexoes-sobre-a-efemeridade-do-mundo\/\" \/>\n<meta property=\"og:site_name\" content=\"Salmos B\u00edblicos\" \/>\n<meta property=\"article:published_time\" content=\"2026-03-29T12:52:34+00:00\" \/>\n<meta name=\"author\" content=\"alextreh@gmail.com\" \/>\n<meta name=\"twitter:card\" content=\"summary_large_image\" \/>\n<meta name=\"twitter:label1\" content=\"Escrito por\" \/>\n\t<meta name=\"twitter:data1\" content=\"alextreh@gmail.com\" \/>\n\t<meta name=\"twitter:label2\" content=\"Est. tempo de leitura\" \/>\n\t<meta name=\"twitter:data2\" content=\"2 minutos\" \/>\n<script type=\"application\/ld+json\" class=\"yoast-schema-graph\">{\"@context\":\"https:\/\/schema.org\",\"@graph\":[{\"@type\":\"Article\",\"@id\":\"https:\/\/salmosbiblicos.com.br\/index.php\/2026\/03\/29\/alma-imortal-reflexoes-sobre-a-efemeridade-do-mundo\/#article\",\"isPartOf\":{\"@id\":\"https:\/\/salmosbiblicos.com.br\/index.php\/2026\/03\/29\/alma-imortal-reflexoes-sobre-a-efemeridade-do-mundo\/\"},\"author\":{\"name\":\"alextreh@gmail.com\",\"@id\":\"https:\/\/salmosbiblicos.com.br\/#\/schema\/person\/30586d0fb3f3a46b78a3414fc39cc975\"},\"headline\":\"Alma Imortal: Reflex\u00f5es Sobre a Efemeridade do Mundo\",\"datePublished\":\"2026-03-29T12:52:34+00:00\",\"mainEntityOfPage\":{\"@id\":\"https:\/\/salmosbiblicos.com.br\/index.php\/2026\/03\/29\/alma-imortal-reflexoes-sobre-a-efemeridade-do-mundo\/\"},\"wordCount\":467,\"articleSection\":[\"Reflex\u00e3o\"],\"inLanguage\":\"pt-BR\"},{\"@type\":\"WebPage\",\"@id\":\"https:\/\/salmosbiblicos.com.br\/index.php\/2026\/03\/29\/alma-imortal-reflexoes-sobre-a-efemeridade-do-mundo\/\",\"url\":\"https:\/\/salmosbiblicos.com.br\/index.php\/2026\/03\/29\/alma-imortal-reflexoes-sobre-a-efemeridade-do-mundo\/\",\"name\":\"Alma Imortal: Reflex\u00f5es Sobre a Efemeridade do Mundo - Salmos B\u00edblicos\",\"isPartOf\":{\"@id\":\"https:\/\/salmosbiblicos.com.br\/#website\"},\"datePublished\":\"2026-03-29T12:52:34+00:00\",\"author\":{\"@id\":\"https:\/\/salmosbiblicos.com.br\/#\/schema\/person\/30586d0fb3f3a46b78a3414fc39cc975\"},\"breadcrumb\":{\"@id\":\"https:\/\/salmosbiblicos.com.br\/index.php\/2026\/03\/29\/alma-imortal-reflexoes-sobre-a-efemeridade-do-mundo\/#breadcrumb\"},\"inLanguage\":\"pt-BR\",\"potentialAction\":[{\"@type\":\"ReadAction\",\"target\":[\"https:\/\/salmosbiblicos.com.br\/index.php\/2026\/03\/29\/alma-imortal-reflexoes-sobre-a-efemeridade-do-mundo\/\"]}]},{\"@type\":\"BreadcrumbList\",\"@id\":\"https:\/\/salmosbiblicos.com.br\/index.php\/2026\/03\/29\/alma-imortal-reflexoes-sobre-a-efemeridade-do-mundo\/#breadcrumb\",\"itemListElement\":[{\"@type\":\"ListItem\",\"position\":1,\"name\":\"Home\",\"item\":\"https:\/\/salmosbiblicos.com.br\/\"},{\"@type\":\"ListItem\",\"position\":2,\"name\":\"Alma Imortal: Reflex\u00f5es Sobre a Efemeridade do Mundo\"}]},{\"@type\":\"WebSite\",\"@id\":\"https:\/\/salmosbiblicos.com.br\/#website\",\"url\":\"https:\/\/salmosbiblicos.com.br\/\",\"name\":\"Salmos B\u00edblicos\",\"description\":\"Uma e-Livraria com e-Books novos para voc\u00ea refletir.\",\"potentialAction\":[{\"@type\":\"SearchAction\",\"target\":{\"@type\":\"EntryPoint\",\"urlTemplate\":\"https:\/\/salmosbiblicos.com.br\/?s={search_term_string}\"},\"query-input\":{\"@type\":\"PropertyValueSpecification\",\"valueRequired\":true,\"valueName\":\"search_term_string\"}}],\"inLanguage\":\"pt-BR\"},{\"@type\":\"Person\",\"@id\":\"https:\/\/salmosbiblicos.com.br\/#\/schema\/person\/30586d0fb3f3a46b78a3414fc39cc975\",\"name\":\"alextreh@gmail.com\",\"image\":{\"@type\":\"ImageObject\",\"inLanguage\":\"pt-BR\",\"@id\":\"https:\/\/secure.gravatar.com\/avatar\/7cf84d31f581ec97b887c1039d478a7c293086896c84951a86753fb2c2af7527?s=96&d=mm&r=g\",\"url\":\"https:\/\/secure.gravatar.com\/avatar\/7cf84d31f581ec97b887c1039d478a7c293086896c84951a86753fb2c2af7527?s=96&d=mm&r=g\",\"contentUrl\":\"https:\/\/secure.gravatar.com\/avatar\/7cf84d31f581ec97b887c1039d478a7c293086896c84951a86753fb2c2af7527?s=96&d=mm&r=g\",\"caption\":\"alextreh@gmail.com\"},\"sameAs\":[\"http:\/\/salmosbiblicos.com.br\"],\"url\":\"https:\/\/salmosbiblicos.com.br\/index.php\/author\/alextrehgmail-com\/\"}]}<\/script>\n<!-- \/ Yoast SEO plugin. -->","yoast_head_json":{"title":"Alma Imortal: Reflex\u00f5es Sobre a Efemeridade do Mundo - Salmos B\u00edblicos","robots":{"index":"index","follow":"follow","max-snippet":"max-snippet:-1","max-image-preview":"max-image-preview:large","max-video-preview":"max-video-preview:-1"},"canonical":"https:\/\/salmosbiblicos.com.br\/index.php\/2026\/03\/29\/alma-imortal-reflexoes-sobre-a-efemeridade-do-mundo\/","og_locale":"pt_BR","og_type":"article","og_title":"Alma Imortal: Reflex\u00f5es Sobre a Efemeridade do Mundo - Salmos B\u00edblicos","og_description":"## A Transitoriedade do Mundo, a Eternidade da Alma Existe uma verdade que ecoa em nosso \u00edntimo, uma constata\u00e7\u00e3o que, por vezes, nos escapa na correria do dia a dia: tudo que temos e conhecemos neste mundo \u00e9 passageiro. \u00c9 um sopro, um instante. E ainda assim, persistimos em nos apegarmos \u00e0s coisas ef\u00eameras, negligenciando [&hellip;]","og_url":"https:\/\/salmosbiblicos.com.br\/index.php\/2026\/03\/29\/alma-imortal-reflexoes-sobre-a-efemeridade-do-mundo\/","og_site_name":"Salmos B\u00edblicos","article_published_time":"2026-03-29T12:52:34+00:00","author":"alextreh@gmail.com","twitter_card":"summary_large_image","twitter_misc":{"Escrito por":"alextreh@gmail.com","Est. tempo de leitura":"2 minutos"},"schema":{"@context":"https:\/\/schema.org","@graph":[{"@type":"Article","@id":"https:\/\/salmosbiblicos.com.br\/index.php\/2026\/03\/29\/alma-imortal-reflexoes-sobre-a-efemeridade-do-mundo\/#article","isPartOf":{"@id":"https:\/\/salmosbiblicos.com.br\/index.php\/2026\/03\/29\/alma-imortal-reflexoes-sobre-a-efemeridade-do-mundo\/"},"author":{"name":"alextreh@gmail.com","@id":"https:\/\/salmosbiblicos.com.br\/#\/schema\/person\/30586d0fb3f3a46b78a3414fc39cc975"},"headline":"Alma Imortal: Reflex\u00f5es Sobre a Efemeridade do Mundo","datePublished":"2026-03-29T12:52:34+00:00","mainEntityOfPage":{"@id":"https:\/\/salmosbiblicos.com.br\/index.php\/2026\/03\/29\/alma-imortal-reflexoes-sobre-a-efemeridade-do-mundo\/"},"wordCount":467,"articleSection":["Reflex\u00e3o"],"inLanguage":"pt-BR"},{"@type":"WebPage","@id":"https:\/\/salmosbiblicos.com.br\/index.php\/2026\/03\/29\/alma-imortal-reflexoes-sobre-a-efemeridade-do-mundo\/","url":"https:\/\/salmosbiblicos.com.br\/index.php\/2026\/03\/29\/alma-imortal-reflexoes-sobre-a-efemeridade-do-mundo\/","name":"Alma Imortal: Reflex\u00f5es Sobre a Efemeridade do Mundo - Salmos B\u00edblicos","isPartOf":{"@id":"https:\/\/salmosbiblicos.com.br\/#website"},"datePublished":"2026-03-29T12:52:34+00:00","author":{"@id":"https:\/\/salmosbiblicos.com.br\/#\/schema\/person\/30586d0fb3f3a46b78a3414fc39cc975"},"breadcrumb":{"@id":"https:\/\/salmosbiblicos.com.br\/index.php\/2026\/03\/29\/alma-imortal-reflexoes-sobre-a-efemeridade-do-mundo\/#breadcrumb"},"inLanguage":"pt-BR","potentialAction":[{"@type":"ReadAction","target":["https:\/\/salmosbiblicos.com.br\/index.php\/2026\/03\/29\/alma-imortal-reflexoes-sobre-a-efemeridade-do-mundo\/"]}]},{"@type":"BreadcrumbList","@id":"https:\/\/salmosbiblicos.com.br\/index.php\/2026\/03\/29\/alma-imortal-reflexoes-sobre-a-efemeridade-do-mundo\/#breadcrumb","itemListElement":[{"@type":"ListItem","position":1,"name":"Home","item":"https:\/\/salmosbiblicos.com.br\/"},{"@type":"ListItem","position":2,"name":"Alma Imortal: Reflex\u00f5es Sobre a Efemeridade do Mundo"}]},{"@type":"WebSite","@id":"https:\/\/salmosbiblicos.com.br\/#website","url":"https:\/\/salmosbiblicos.com.br\/","name":"Salmos B\u00edblicos","description":"Uma e-Livraria com e-Books novos para voc\u00ea refletir.","potentialAction":[{"@type":"SearchAction","target":{"@type":"EntryPoint","urlTemplate":"https:\/\/salmosbiblicos.com.br\/?s={search_term_string}"},"query-input":{"@type":"PropertyValueSpecification","valueRequired":true,"valueName":"search_term_string"}}],"inLanguage":"pt-BR"},{"@type":"Person","@id":"https:\/\/salmosbiblicos.com.br\/#\/schema\/person\/30586d0fb3f3a46b78a3414fc39cc975","name":"alextreh@gmail.com","image":{"@type":"ImageObject","inLanguage":"pt-BR","@id":"https:\/\/secure.gravatar.com\/avatar\/7cf84d31f581ec97b887c1039d478a7c293086896c84951a86753fb2c2af7527?s=96&d=mm&r=g","url":"https:\/\/secure.gravatar.com\/avatar\/7cf84d31f581ec97b887c1039d478a7c293086896c84951a86753fb2c2af7527?s=96&d=mm&r=g","contentUrl":"https:\/\/secure.gravatar.com\/avatar\/7cf84d31f581ec97b887c1039d478a7c293086896c84951a86753fb2c2af7527?s=96&d=mm&r=g","caption":"alextreh@gmail.com"},"sameAs":["http:\/\/salmosbiblicos.com.br"],"url":"https:\/\/salmosbiblicos.com.br\/index.php\/author\/alextrehgmail-com\/"}]}},"_links":{"self":[{"href":"https:\/\/salmosbiblicos.com.br\/index.php\/wp-json\/wp\/v2\/posts\/5860","targetHints":{"allow":["GET"]}}],"collection":[{"href":"https:\/\/salmosbiblicos.com.br\/index.php\/wp-json\/wp\/v2\/posts"}],"about":[{"href":"https:\/\/salmosbiblicos.com.br\/index.php\/wp-json\/wp\/v2\/types\/post"}],"author":[{"embeddable":true,"href":"https:\/\/salmosbiblicos.com.br\/index.php\/wp-json\/wp\/v2\/users\/1"}],"replies":[{"embeddable":true,"href":"https:\/\/salmosbiblicos.com.br\/index.php\/wp-json\/wp\/v2\/comments?post=5860"}],"version-history":[{"count":1,"href":"https:\/\/salmosbiblicos.com.br\/index.php\/wp-json\/wp\/v2\/posts\/5860\/revisions"}],"predecessor-version":[{"id":5861,"href":"https:\/\/salmosbiblicos.com.br\/index.php\/wp-json\/wp\/v2\/posts\/5860\/revisions\/5861"}],"wp:attachment":[{"href":"https:\/\/salmosbiblicos.com.br\/index.php\/wp-json\/wp\/v2\/media?parent=5860"}],"wp:term":[{"taxonomy":"category","embeddable":true,"href":"https:\/\/salmosbiblicos.com.br\/index.php\/wp-json\/wp\/v2\/categories?post=5860"},{"taxonomy":"post_tag","embeddable":true,"href":"https:\/\/salmosbiblicos.com.br\/index.php\/wp-json\/wp\/v2\/tags?post=5860"}],"curies":[{"name":"wp","href":"https:\/\/api.w.org\/{rel}","templated":true}]}}