{"id":5864,"date":"2026-03-29T10:06:09","date_gmt":"2026-03-29T13:06:09","guid":{"rendered":"https:\/\/salmosbiblicos.com.br\/?p=5864"},"modified":"2026-03-29T10:06:09","modified_gmt":"2026-03-29T13:06:09","slug":"o-medo-da-gloria-quando-a-fe-encontra-o-misterio-divino","status":"publish","type":"post","link":"https:\/\/salmosbiblicos.com.br\/index.php\/2026\/03\/29\/o-medo-da-gloria-quando-a-fe-encontra-o-misterio-divino\/","title":{"rendered":"O Medo da Gl\u00f3ria: Quando a F\u00e9 Encontra o Mist\u00e9rio Divino"},"content":{"rendered":"<p>## A Sombra do Mist\u00e9rio Divino<\/p>\n<p>H\u00e1 algo inerente ao cora\u00e7\u00e3o humano que se curva diante do desconhecido, que se encolhe diante do imenso. E quando a presen\u00e7a de Deus se manifesta em toda a sua gl\u00f3ria, a rea\u00e7\u00e3o, por vezes, n\u00e3o \u00e9 de alegria e gratid\u00e3o, mas de temor. \u00c9 um temor saud\u00e1vel, um reconhecimento da nossa pequenez diante da vastid\u00e3o do divino.<\/p>\n<p>### Diante da Revela\u00e7\u00e3o<\/p>\n<p>Quantas vezes, ao longo da hist\u00f3ria, Deus se revelou \u00e0 humanidade, e o medo se apoderou dos cora\u00e7\u00f5es? Manifesta\u00e7\u00f5es poderosas, sinais sobrenaturais, vis\u00f5es celestiais \u2013 tudo isso pode gerar apreens\u00e3o, porque nos confronta com a nossa limita\u00e7\u00e3o. A mente humana, t\u00e3o apegada \u00e0 l\u00f3gica e \u00e0 raz\u00e3o, luta para compreender o que transcende a sua capacidade de entendimento.<\/p>\n<p>### A Transforma\u00e7\u00e3o na Montanha<\/p>\n<p>Na narrativa das escrituras, Jesus leva consigo seus disc\u00edpulos a uma montanha para ora\u00e7\u00e3o. E ali, em meio \u00e0 busca por comunh\u00e3o com o Pai, seu rosto se transfigura, sua vestimenta se torna resplandecente. A presen\u00e7a divina irradia de seu ser, e dois homens, que carregam a gl\u00f3ria do passado \u2013 Mois\u00e9s e Elias \u2013 aparecem para conversar com Ele sobre os sofrimentos que o aguardam em Jerusal\u00e9m.<\/p>\n<p>Pedro, em sua inoc\u00eancia, sugere a constru\u00e7\u00e3o de tr\u00eas tabern\u00e1culos \u2013 um para Jesus, outro para Mois\u00e9s e outro para Elias. Ele n\u00e3o compreendia a profundidade daquele momento, a import\u00e2ncia daquele encontro. Estava falando de uma forma que sua mente limitada conseguia conceber, mas que ia muito al\u00e9m da realidade.<\/p>\n<p>### A Nuvem da Presen\u00e7a<\/p>\n<p>De repente, uma nuvem envolve a cena, cobrindo os disc\u00edpulos com a sua sombra. E dentro daquela nuvem, a voz do Pai ressoa, proclamando Jesus como seu Filho amado, ordenando que ouvissem a sua palavra. Aquele momento, em si, \u00e9 uma lembran\u00e7a poderosa, ecoando a nuvem que guiou os filhos de Israel no deserto, a coluna de fogo que os iluminou na escurid\u00e3o.<\/p>\n<p>**A nuvem, em sua ess\u00eancia, representa a presen\u00e7a de Deus.** \u00c9 a manifesta\u00e7\u00e3o do divino em meio a n\u00f3s, um sinal de prote\u00e7\u00e3o e orienta\u00e7\u00e3o. E, ao entrarem na nuvem, os disc\u00edpulos sentiram o medo \u2013 n\u00e3o um medo paralisante, mas o temor reverencial diante do sagrado.<\/p>\n<p>### Um Legado de Mist\u00e9rio<\/p>\n<p>Essa experi\u00eancia nos convida a refletir sobre a nossa pr\u00f3pria rela\u00e7\u00e3o com o mist\u00e9rio. **Como reagimos quando Deus se manifesta em nossas vidas?** Nos permitimos ser envolvidos pela sua gra\u00e7a, ou nos afastamos com medo?<\/p>\n<p>Que possamos aprender com os disc\u00edpulos a abra\u00e7ar o desconhecido, a confiar na provid\u00eancia divina, a buscar a presen\u00e7a de Deus mesmo quando a nossa compreens\u00e3o falha. Que a nuvem da sua presen\u00e7a nos guie e nos proteja em todos os caminhos.<\/p>\n<p>**Lembre-se:**<\/p>\n<p>*   Deus se manifesta de maneiras surpreendentes.<br \/>*   O temor diante do divino \u00e9 um sinal de humildade.<br \/>*   A presen\u00e7a de Deus \u00e9 um ref\u00fagio seguro.<br \/>*   A nuvem da gra\u00e7a divina acompanha cada um de n\u00f3s.<\/p>\n<p>Que a busca pelos mist\u00e9rios de Deus seja uma jornada constante em suas vidas.<\/p>\n","protected":false},"excerpt":{"rendered":"<p>## A Sombra do Mist\u00e9rio Divino H\u00e1 algo inerente ao cora\u00e7\u00e3o humano que se curva diante do desconhecido, que se encolhe diante do imenso. E quando a presen\u00e7a de Deus se manifesta em toda a sua gl\u00f3ria, a rea\u00e7\u00e3o, por vezes, n\u00e3o \u00e9 de alegria e gratid\u00e3o, mas de temor. \u00c9 um temor saud\u00e1vel, um [&hellip;]<\/p>\n","protected":false},"author":1,"featured_media":0,"comment_status":"closed","ping_status":"open","sticky":false,"template":"","format":"standard","meta":{"footnotes":""},"categories":[14],"tags":[],"class_list":["post-5864","post","type-post","status-publish","format-standard","hentry","category-reflexao"],"yoast_head":"<!-- This site is optimized with the Yoast SEO plugin v27.2 - https:\/\/yoast.com\/product\/yoast-seo-wordpress\/ -->\n<title>O Medo da Gl\u00f3ria: Quando a F\u00e9 Encontra o Mist\u00e9rio Divino - Salmos B\u00edblicos<\/title>\n<meta name=\"robots\" content=\"index, follow, max-snippet:-1, max-image-preview:large, max-video-preview:-1\" \/>\n<link rel=\"canonical\" href=\"https:\/\/salmosbiblicos.com.br\/index.php\/2026\/03\/29\/o-medo-da-gloria-quando-a-fe-encontra-o-misterio-divino\/\" \/>\n<meta property=\"og:locale\" content=\"pt_BR\" \/>\n<meta property=\"og:type\" content=\"article\" \/>\n<meta property=\"og:title\" content=\"O Medo da Gl\u00f3ria: Quando a F\u00e9 Encontra o Mist\u00e9rio Divino - Salmos B\u00edblicos\" \/>\n<meta property=\"og:description\" content=\"## A Sombra do Mist\u00e9rio Divino H\u00e1 algo inerente ao cora\u00e7\u00e3o humano que se curva diante do desconhecido, que se encolhe diante do imenso. E quando a presen\u00e7a de Deus se manifesta em toda a sua gl\u00f3ria, a rea\u00e7\u00e3o, por vezes, n\u00e3o \u00e9 de alegria e gratid\u00e3o, mas de temor. \u00c9 um temor saud\u00e1vel, um [&hellip;]\" \/>\n<meta property=\"og:url\" content=\"https:\/\/salmosbiblicos.com.br\/index.php\/2026\/03\/29\/o-medo-da-gloria-quando-a-fe-encontra-o-misterio-divino\/\" \/>\n<meta property=\"og:site_name\" content=\"Salmos B\u00edblicos\" \/>\n<meta property=\"article:published_time\" content=\"2026-03-29T13:06:09+00:00\" \/>\n<meta name=\"author\" content=\"alextreh@gmail.com\" \/>\n<meta name=\"twitter:card\" content=\"summary_large_image\" \/>\n<meta name=\"twitter:label1\" content=\"Escrito por\" \/>\n\t<meta name=\"twitter:data1\" content=\"alextreh@gmail.com\" \/>\n\t<meta name=\"twitter:label2\" content=\"Est. tempo de leitura\" \/>\n\t<meta name=\"twitter:data2\" content=\"3 minutos\" \/>\n<script type=\"application\/ld+json\" class=\"yoast-schema-graph\">{\"@context\":\"https:\/\/schema.org\",\"@graph\":[{\"@type\":\"Article\",\"@id\":\"https:\/\/salmosbiblicos.com.br\/index.php\/2026\/03\/29\/o-medo-da-gloria-quando-a-fe-encontra-o-misterio-divino\/#article\",\"isPartOf\":{\"@id\":\"https:\/\/salmosbiblicos.com.br\/index.php\/2026\/03\/29\/o-medo-da-gloria-quando-a-fe-encontra-o-misterio-divino\/\"},\"author\":{\"name\":\"alextreh@gmail.com\",\"@id\":\"https:\/\/salmosbiblicos.com.br\/#\/schema\/person\/30586d0fb3f3a46b78a3414fc39cc975\"},\"headline\":\"O Medo da Gl\u00f3ria: Quando a F\u00e9 Encontra o Mist\u00e9rio Divino\",\"datePublished\":\"2026-03-29T13:06:09+00:00\",\"mainEntityOfPage\":{\"@id\":\"https:\/\/salmosbiblicos.com.br\/index.php\/2026\/03\/29\/o-medo-da-gloria-quando-a-fe-encontra-o-misterio-divino\/\"},\"wordCount\":552,\"articleSection\":[\"Reflex\u00e3o\"],\"inLanguage\":\"pt-BR\"},{\"@type\":\"WebPage\",\"@id\":\"https:\/\/salmosbiblicos.com.br\/index.php\/2026\/03\/29\/o-medo-da-gloria-quando-a-fe-encontra-o-misterio-divino\/\",\"url\":\"https:\/\/salmosbiblicos.com.br\/index.php\/2026\/03\/29\/o-medo-da-gloria-quando-a-fe-encontra-o-misterio-divino\/\",\"name\":\"O Medo da Gl\u00f3ria: Quando a F\u00e9 Encontra o Mist\u00e9rio Divino - Salmos B\u00edblicos\",\"isPartOf\":{\"@id\":\"https:\/\/salmosbiblicos.com.br\/#website\"},\"datePublished\":\"2026-03-29T13:06:09+00:00\",\"author\":{\"@id\":\"https:\/\/salmosbiblicos.com.br\/#\/schema\/person\/30586d0fb3f3a46b78a3414fc39cc975\"},\"breadcrumb\":{\"@id\":\"https:\/\/salmosbiblicos.com.br\/index.php\/2026\/03\/29\/o-medo-da-gloria-quando-a-fe-encontra-o-misterio-divino\/#breadcrumb\"},\"inLanguage\":\"pt-BR\",\"potentialAction\":[{\"@type\":\"ReadAction\",\"target\":[\"https:\/\/salmosbiblicos.com.br\/index.php\/2026\/03\/29\/o-medo-da-gloria-quando-a-fe-encontra-o-misterio-divino\/\"]}]},{\"@type\":\"BreadcrumbList\",\"@id\":\"https:\/\/salmosbiblicos.com.br\/index.php\/2026\/03\/29\/o-medo-da-gloria-quando-a-fe-encontra-o-misterio-divino\/#breadcrumb\",\"itemListElement\":[{\"@type\":\"ListItem\",\"position\":1,\"name\":\"Home\",\"item\":\"https:\/\/salmosbiblicos.com.br\/\"},{\"@type\":\"ListItem\",\"position\":2,\"name\":\"O Medo da Gl\u00f3ria: Quando a F\u00e9 Encontra o Mist\u00e9rio Divino\"}]},{\"@type\":\"WebSite\",\"@id\":\"https:\/\/salmosbiblicos.com.br\/#website\",\"url\":\"https:\/\/salmosbiblicos.com.br\/\",\"name\":\"Salmos B\u00edblicos\",\"description\":\"Uma e-Livraria com e-Books novos para voc\u00ea refletir.\",\"potentialAction\":[{\"@type\":\"SearchAction\",\"target\":{\"@type\":\"EntryPoint\",\"urlTemplate\":\"https:\/\/salmosbiblicos.com.br\/?s={search_term_string}\"},\"query-input\":{\"@type\":\"PropertyValueSpecification\",\"valueRequired\":true,\"valueName\":\"search_term_string\"}}],\"inLanguage\":\"pt-BR\"},{\"@type\":\"Person\",\"@id\":\"https:\/\/salmosbiblicos.com.br\/#\/schema\/person\/30586d0fb3f3a46b78a3414fc39cc975\",\"name\":\"alextreh@gmail.com\",\"image\":{\"@type\":\"ImageObject\",\"inLanguage\":\"pt-BR\",\"@id\":\"https:\/\/secure.gravatar.com\/avatar\/7cf84d31f581ec97b887c1039d478a7c293086896c84951a86753fb2c2af7527?s=96&d=mm&r=g\",\"url\":\"https:\/\/secure.gravatar.com\/avatar\/7cf84d31f581ec97b887c1039d478a7c293086896c84951a86753fb2c2af7527?s=96&d=mm&r=g\",\"contentUrl\":\"https:\/\/secure.gravatar.com\/avatar\/7cf84d31f581ec97b887c1039d478a7c293086896c84951a86753fb2c2af7527?s=96&d=mm&r=g\",\"caption\":\"alextreh@gmail.com\"},\"sameAs\":[\"http:\/\/salmosbiblicos.com.br\"],\"url\":\"https:\/\/salmosbiblicos.com.br\/index.php\/author\/alextrehgmail-com\/\"}]}<\/script>\n<!-- \/ Yoast SEO plugin. -->","yoast_head_json":{"title":"O Medo da Gl\u00f3ria: Quando a F\u00e9 Encontra o Mist\u00e9rio Divino - Salmos B\u00edblicos","robots":{"index":"index","follow":"follow","max-snippet":"max-snippet:-1","max-image-preview":"max-image-preview:large","max-video-preview":"max-video-preview:-1"},"canonical":"https:\/\/salmosbiblicos.com.br\/index.php\/2026\/03\/29\/o-medo-da-gloria-quando-a-fe-encontra-o-misterio-divino\/","og_locale":"pt_BR","og_type":"article","og_title":"O Medo da Gl\u00f3ria: Quando a F\u00e9 Encontra o Mist\u00e9rio Divino - Salmos B\u00edblicos","og_description":"## A Sombra do Mist\u00e9rio Divino H\u00e1 algo inerente ao cora\u00e7\u00e3o humano que se curva diante do desconhecido, que se encolhe diante do imenso. E quando a presen\u00e7a de Deus se manifesta em toda a sua gl\u00f3ria, a rea\u00e7\u00e3o, por vezes, n\u00e3o \u00e9 de alegria e gratid\u00e3o, mas de temor. \u00c9 um temor saud\u00e1vel, um [&hellip;]","og_url":"https:\/\/salmosbiblicos.com.br\/index.php\/2026\/03\/29\/o-medo-da-gloria-quando-a-fe-encontra-o-misterio-divino\/","og_site_name":"Salmos B\u00edblicos","article_published_time":"2026-03-29T13:06:09+00:00","author":"alextreh@gmail.com","twitter_card":"summary_large_image","twitter_misc":{"Escrito por":"alextreh@gmail.com","Est. tempo de leitura":"3 minutos"},"schema":{"@context":"https:\/\/schema.org","@graph":[{"@type":"Article","@id":"https:\/\/salmosbiblicos.com.br\/index.php\/2026\/03\/29\/o-medo-da-gloria-quando-a-fe-encontra-o-misterio-divino\/#article","isPartOf":{"@id":"https:\/\/salmosbiblicos.com.br\/index.php\/2026\/03\/29\/o-medo-da-gloria-quando-a-fe-encontra-o-misterio-divino\/"},"author":{"name":"alextreh@gmail.com","@id":"https:\/\/salmosbiblicos.com.br\/#\/schema\/person\/30586d0fb3f3a46b78a3414fc39cc975"},"headline":"O Medo da Gl\u00f3ria: Quando a F\u00e9 Encontra o Mist\u00e9rio Divino","datePublished":"2026-03-29T13:06:09+00:00","mainEntityOfPage":{"@id":"https:\/\/salmosbiblicos.com.br\/index.php\/2026\/03\/29\/o-medo-da-gloria-quando-a-fe-encontra-o-misterio-divino\/"},"wordCount":552,"articleSection":["Reflex\u00e3o"],"inLanguage":"pt-BR"},{"@type":"WebPage","@id":"https:\/\/salmosbiblicos.com.br\/index.php\/2026\/03\/29\/o-medo-da-gloria-quando-a-fe-encontra-o-misterio-divino\/","url":"https:\/\/salmosbiblicos.com.br\/index.php\/2026\/03\/29\/o-medo-da-gloria-quando-a-fe-encontra-o-misterio-divino\/","name":"O Medo da Gl\u00f3ria: Quando a F\u00e9 Encontra o Mist\u00e9rio Divino - Salmos B\u00edblicos","isPartOf":{"@id":"https:\/\/salmosbiblicos.com.br\/#website"},"datePublished":"2026-03-29T13:06:09+00:00","author":{"@id":"https:\/\/salmosbiblicos.com.br\/#\/schema\/person\/30586d0fb3f3a46b78a3414fc39cc975"},"breadcrumb":{"@id":"https:\/\/salmosbiblicos.com.br\/index.php\/2026\/03\/29\/o-medo-da-gloria-quando-a-fe-encontra-o-misterio-divino\/#breadcrumb"},"inLanguage":"pt-BR","potentialAction":[{"@type":"ReadAction","target":["https:\/\/salmosbiblicos.com.br\/index.php\/2026\/03\/29\/o-medo-da-gloria-quando-a-fe-encontra-o-misterio-divino\/"]}]},{"@type":"BreadcrumbList","@id":"https:\/\/salmosbiblicos.com.br\/index.php\/2026\/03\/29\/o-medo-da-gloria-quando-a-fe-encontra-o-misterio-divino\/#breadcrumb","itemListElement":[{"@type":"ListItem","position":1,"name":"Home","item":"https:\/\/salmosbiblicos.com.br\/"},{"@type":"ListItem","position":2,"name":"O Medo da Gl\u00f3ria: Quando a F\u00e9 Encontra o Mist\u00e9rio Divino"}]},{"@type":"WebSite","@id":"https:\/\/salmosbiblicos.com.br\/#website","url":"https:\/\/salmosbiblicos.com.br\/","name":"Salmos B\u00edblicos","description":"Uma e-Livraria com e-Books novos para voc\u00ea refletir.","potentialAction":[{"@type":"SearchAction","target":{"@type":"EntryPoint","urlTemplate":"https:\/\/salmosbiblicos.com.br\/?s={search_term_string}"},"query-input":{"@type":"PropertyValueSpecification","valueRequired":true,"valueName":"search_term_string"}}],"inLanguage":"pt-BR"},{"@type":"Person","@id":"https:\/\/salmosbiblicos.com.br\/#\/schema\/person\/30586d0fb3f3a46b78a3414fc39cc975","name":"alextreh@gmail.com","image":{"@type":"ImageObject","inLanguage":"pt-BR","@id":"https:\/\/secure.gravatar.com\/avatar\/7cf84d31f581ec97b887c1039d478a7c293086896c84951a86753fb2c2af7527?s=96&d=mm&r=g","url":"https:\/\/secure.gravatar.com\/avatar\/7cf84d31f581ec97b887c1039d478a7c293086896c84951a86753fb2c2af7527?s=96&d=mm&r=g","contentUrl":"https:\/\/secure.gravatar.com\/avatar\/7cf84d31f581ec97b887c1039d478a7c293086896c84951a86753fb2c2af7527?s=96&d=mm&r=g","caption":"alextreh@gmail.com"},"sameAs":["http:\/\/salmosbiblicos.com.br"],"url":"https:\/\/salmosbiblicos.com.br\/index.php\/author\/alextrehgmail-com\/"}]}},"_links":{"self":[{"href":"https:\/\/salmosbiblicos.com.br\/index.php\/wp-json\/wp\/v2\/posts\/5864","targetHints":{"allow":["GET"]}}],"collection":[{"href":"https:\/\/salmosbiblicos.com.br\/index.php\/wp-json\/wp\/v2\/posts"}],"about":[{"href":"https:\/\/salmosbiblicos.com.br\/index.php\/wp-json\/wp\/v2\/types\/post"}],"author":[{"embeddable":true,"href":"https:\/\/salmosbiblicos.com.br\/index.php\/wp-json\/wp\/v2\/users\/1"}],"replies":[{"embeddable":true,"href":"https:\/\/salmosbiblicos.com.br\/index.php\/wp-json\/wp\/v2\/comments?post=5864"}],"version-history":[{"count":1,"href":"https:\/\/salmosbiblicos.com.br\/index.php\/wp-json\/wp\/v2\/posts\/5864\/revisions"}],"predecessor-version":[{"id":5865,"href":"https:\/\/salmosbiblicos.com.br\/index.php\/wp-json\/wp\/v2\/posts\/5864\/revisions\/5865"}],"wp:attachment":[{"href":"https:\/\/salmosbiblicos.com.br\/index.php\/wp-json\/wp\/v2\/media?parent=5864"}],"wp:term":[{"taxonomy":"category","embeddable":true,"href":"https:\/\/salmosbiblicos.com.br\/index.php\/wp-json\/wp\/v2\/categories?post=5864"},{"taxonomy":"post_tag","embeddable":true,"href":"https:\/\/salmosbiblicos.com.br\/index.php\/wp-json\/wp\/v2\/tags?post=5864"}],"curies":[{"name":"wp","href":"https:\/\/api.w.org\/{rel}","templated":true}]}}