{"id":5868,"date":"2026-03-29T10:19:49","date_gmt":"2026-03-29T13:19:49","guid":{"rendered":"https:\/\/salmosbiblicos.com.br\/?p=5868"},"modified":"2026-03-29T10:19:49","modified_gmt":"2026-03-29T13:19:49","slug":"deserto-da-alma-encontre-paz-em-tempos-de-angustia","status":"publish","type":"post","link":"https:\/\/salmosbiblicos.com.br\/index.php\/2026\/03\/29\/deserto-da-alma-encontre-paz-em-tempos-de-angustia\/","title":{"rendered":"Deserto da Alma: Encontre Paz em Tempos de Ang\u00fastia"},"content":{"rendered":"<p>## Encontrando Al\u00edvio na Tempestade<\/p>\n<p>H\u00e1 momentos na jornada da vida em que a sensa\u00e7\u00e3o de peso se torna quase insuport\u00e1vel. O fardo da enfermidade, a ang\u00fastia familiar, as dificuldades que nos cercam \u2013 tudo pode parecer esmagador, impactando a sa\u00fade f\u00edsica e a serenidade da alma. N\u00e3o se iluda, a vida apresenta desafios, e \u00e9 natural que a alma anseie por repouso.<\/p>\n<p>### A Busca por Alento<\/p>\n<p>Imagine o povo de Israel, errante no deserto, lamentando a falta de sustento. A nostalgia pelo conforto do Egito, por alimentos simples como pepinos e cebolas, ressalta a ang\u00fastia diante da aridez do presente. \u201c**Quem nos dar\u00e1 a carne para comer?**\u201d. A lembran\u00e7a do passado, por mais simples que tenha sido, se torna um b\u00e1lsamo diante da incerteza.<\/p>\n<p>Eles se sentiam perdidos, sem sabor em sua exist\u00eancia. A falta de perspectiva, a monotonia, a sensa\u00e7\u00e3o de estar preso em um ciclo sem fim. A ang\u00fastia se manifestava em cada lar, em cada tenda, um grito silencioso por socorro.<\/p>\n<p>### A Import\u00e2ncia da Entrega<\/p>\n<p>Mois\u00e9s, confrontado com o desespero do seu povo, expressa a sua pr\u00f3pria exaust\u00e3o: &#8220;Eu j\u00e1 n\u00e3o posso suportar sozinho o peso de todo este povo\u201d. Um clamor desesperado, uma s\u00faplica por aux\u00edlio.<\/p>\n<p>Em momentos de prova\u00e7\u00e3o, quando o fardo parece insuport\u00e1vel, **a sabedoria reside em recorrer \u00e0 Fonte Infinita de For\u00e7a**. \u00c9 no di\u00e1logo com a Divindade que encontramos a paz que excede todo o entendimento, a for\u00e7a para perseverar.<\/p>\n<p>### Um Convite \u00e0 Renova\u00e7\u00e3o<\/p>\n<p>A hist\u00f3ria nos convida a uma reflex\u00e3o profunda: como podemos encontrar al\u00edvio em meio \u00e0 tempestade? A resposta reside na entrega, na busca por um tempo de recolhimento e conex\u00e3o com o sagrado.<\/p>\n<p>*   **Dedique um tempo \u00e0 ora\u00e7\u00e3o.** A comunica\u00e7\u00e3o com a Divindade acalma a alma e renova a esperan\u00e7a.<br \/>*   **Busque o sil\u00eancio interior.** Um momento de quietude permite que a voz da intui\u00e7\u00e3o seja ouvida.<br \/>*   **Compartilhe o seu fardo.** A solidariedade e a partilha com aqueles que amamos nos fortalece e nos lembra que n\u00e3o estamos sozinhos.<\/p>\n<p>### A Renova\u00e7\u00e3o Espiritual Atrav\u00e9s do Sacrif\u00edcio<\/p>\n<p>Em breve, um tempo especial se aproxima, um convite para uma jornada espiritual intensa. Um per\u00edodo de quarenta dias, dedicado a um anjo poderoso, um tempo de sacrif\u00edcio e ora\u00e7\u00e3o, onde **os nossos cora\u00e7\u00f5es se abrem para receber a gra\u00e7a divina.**<\/p>\n<p>\u00c9 um desafio que requer ren\u00fancia, disciplina e f\u00e9. Acordar nas primeiras horas da manh\u00e3, dedicar tempo \u00e0 ora\u00e7\u00e3o do ter\u00e7o, abrir m\u00e3o de confortos terrenos. Mas a recompensa ser\u00e1 incalcul\u00e1vel: uma maior proximidade com a Divindade, a certeza de estar caminhando no caminho certo, a experi\u00eancia da gra\u00e7a transformadora.<\/p>\n<p>### Encontrando For\u00e7a na Comunidade<\/p>\n<p>N\u00e3o se aventure sozinho nesta jornada. Convide outros a se juntarem a voc\u00ea, forme grupos de apoio, compartilhe a f\u00e9 e a esperan\u00e7a. **A uni\u00e3o faz a for\u00e7a, e a f\u00e9 se multiplica quando compartilhada.**<\/p>\n<p>Abrace este desafio com coragem e determina\u00e7\u00e3o, e permita que a experi\u00eancia de Francisco, a experi\u00eancia de Jesus no deserto, ilumine o seu caminho. Que, ao final dos quarenta dias, voc\u00ea possa olhar para tr\u00e1s e dizer: &#8220;Valeu a pena cada sacrif\u00edcio, cada l\u00e1grima, cada momento de ora\u00e7\u00e3o&#8221;.<\/p>\n","protected":false},"excerpt":{"rendered":"<p>## Encontrando Al\u00edvio na Tempestade H\u00e1 momentos na jornada da vida em que a sensa\u00e7\u00e3o de peso se torna quase insuport\u00e1vel. O fardo da enfermidade, a ang\u00fastia familiar, as dificuldades que nos cercam \u2013 tudo pode parecer esmagador, impactando a sa\u00fade f\u00edsica e a serenidade da alma. N\u00e3o se iluda, a vida apresenta desafios, e [&hellip;]<\/p>\n","protected":false},"author":1,"featured_media":0,"comment_status":"closed","ping_status":"open","sticky":false,"template":"","format":"standard","meta":{"footnotes":""},"categories":[14],"tags":[],"class_list":["post-5868","post","type-post","status-publish","format-standard","hentry","category-reflexao"],"yoast_head":"<!-- This site is optimized with the Yoast SEO plugin v27.2 - https:\/\/yoast.com\/product\/yoast-seo-wordpress\/ -->\n<title>Deserto da Alma: Encontre Paz em Tempos de Ang\u00fastia - Salmos B\u00edblicos<\/title>\n<meta name=\"robots\" content=\"index, follow, max-snippet:-1, max-image-preview:large, max-video-preview:-1\" \/>\n<link rel=\"canonical\" href=\"https:\/\/salmosbiblicos.com.br\/index.php\/2026\/03\/29\/deserto-da-alma-encontre-paz-em-tempos-de-angustia\/\" \/>\n<meta property=\"og:locale\" content=\"pt_BR\" \/>\n<meta property=\"og:type\" content=\"article\" \/>\n<meta property=\"og:title\" content=\"Deserto da Alma: Encontre Paz em Tempos de Ang\u00fastia - Salmos B\u00edblicos\" \/>\n<meta property=\"og:description\" content=\"## Encontrando Al\u00edvio na Tempestade H\u00e1 momentos na jornada da vida em que a sensa\u00e7\u00e3o de peso se torna quase insuport\u00e1vel. O fardo da enfermidade, a ang\u00fastia familiar, as dificuldades que nos cercam \u2013 tudo pode parecer esmagador, impactando a sa\u00fade f\u00edsica e a serenidade da alma. N\u00e3o se iluda, a vida apresenta desafios, e [&hellip;]\" \/>\n<meta property=\"og:url\" content=\"https:\/\/salmosbiblicos.com.br\/index.php\/2026\/03\/29\/deserto-da-alma-encontre-paz-em-tempos-de-angustia\/\" \/>\n<meta property=\"og:site_name\" content=\"Salmos B\u00edblicos\" \/>\n<meta property=\"article:published_time\" content=\"2026-03-29T13:19:49+00:00\" \/>\n<meta name=\"author\" content=\"alextreh@gmail.com\" \/>\n<meta name=\"twitter:card\" content=\"summary_large_image\" \/>\n<meta name=\"twitter:label1\" content=\"Escrito por\" \/>\n\t<meta name=\"twitter:data1\" content=\"alextreh@gmail.com\" \/>\n\t<meta name=\"twitter:label2\" content=\"Est. tempo de leitura\" \/>\n\t<meta name=\"twitter:data2\" content=\"3 minutos\" \/>\n<script type=\"application\/ld+json\" class=\"yoast-schema-graph\">{\"@context\":\"https:\/\/schema.org\",\"@graph\":[{\"@type\":\"Article\",\"@id\":\"https:\/\/salmosbiblicos.com.br\/index.php\/2026\/03\/29\/deserto-da-alma-encontre-paz-em-tempos-de-angustia\/#article\",\"isPartOf\":{\"@id\":\"https:\/\/salmosbiblicos.com.br\/index.php\/2026\/03\/29\/deserto-da-alma-encontre-paz-em-tempos-de-angustia\/\"},\"author\":{\"name\":\"alextreh@gmail.com\",\"@id\":\"https:\/\/salmosbiblicos.com.br\/#\/schema\/person\/30586d0fb3f3a46b78a3414fc39cc975\"},\"headline\":\"Deserto da Alma: Encontre Paz em Tempos de Ang\u00fastia\",\"datePublished\":\"2026-03-29T13:19:49+00:00\",\"mainEntityOfPage\":{\"@id\":\"https:\/\/salmosbiblicos.com.br\/index.php\/2026\/03\/29\/deserto-da-alma-encontre-paz-em-tempos-de-angustia\/\"},\"wordCount\":578,\"articleSection\":[\"Reflex\u00e3o\"],\"inLanguage\":\"pt-BR\"},{\"@type\":\"WebPage\",\"@id\":\"https:\/\/salmosbiblicos.com.br\/index.php\/2026\/03\/29\/deserto-da-alma-encontre-paz-em-tempos-de-angustia\/\",\"url\":\"https:\/\/salmosbiblicos.com.br\/index.php\/2026\/03\/29\/deserto-da-alma-encontre-paz-em-tempos-de-angustia\/\",\"name\":\"Deserto da Alma: Encontre Paz em Tempos de Ang\u00fastia - Salmos B\u00edblicos\",\"isPartOf\":{\"@id\":\"https:\/\/salmosbiblicos.com.br\/#website\"},\"datePublished\":\"2026-03-29T13:19:49+00:00\",\"author\":{\"@id\":\"https:\/\/salmosbiblicos.com.br\/#\/schema\/person\/30586d0fb3f3a46b78a3414fc39cc975\"},\"breadcrumb\":{\"@id\":\"https:\/\/salmosbiblicos.com.br\/index.php\/2026\/03\/29\/deserto-da-alma-encontre-paz-em-tempos-de-angustia\/#breadcrumb\"},\"inLanguage\":\"pt-BR\",\"potentialAction\":[{\"@type\":\"ReadAction\",\"target\":[\"https:\/\/salmosbiblicos.com.br\/index.php\/2026\/03\/29\/deserto-da-alma-encontre-paz-em-tempos-de-angustia\/\"]}]},{\"@type\":\"BreadcrumbList\",\"@id\":\"https:\/\/salmosbiblicos.com.br\/index.php\/2026\/03\/29\/deserto-da-alma-encontre-paz-em-tempos-de-angustia\/#breadcrumb\",\"itemListElement\":[{\"@type\":\"ListItem\",\"position\":1,\"name\":\"Home\",\"item\":\"https:\/\/salmosbiblicos.com.br\/\"},{\"@type\":\"ListItem\",\"position\":2,\"name\":\"Deserto da Alma: Encontre Paz em Tempos de Ang\u00fastia\"}]},{\"@type\":\"WebSite\",\"@id\":\"https:\/\/salmosbiblicos.com.br\/#website\",\"url\":\"https:\/\/salmosbiblicos.com.br\/\",\"name\":\"Salmos B\u00edblicos\",\"description\":\"Uma e-Livraria com e-Books novos para voc\u00ea refletir.\",\"potentialAction\":[{\"@type\":\"SearchAction\",\"target\":{\"@type\":\"EntryPoint\",\"urlTemplate\":\"https:\/\/salmosbiblicos.com.br\/?s={search_term_string}\"},\"query-input\":{\"@type\":\"PropertyValueSpecification\",\"valueRequired\":true,\"valueName\":\"search_term_string\"}}],\"inLanguage\":\"pt-BR\"},{\"@type\":\"Person\",\"@id\":\"https:\/\/salmosbiblicos.com.br\/#\/schema\/person\/30586d0fb3f3a46b78a3414fc39cc975\",\"name\":\"alextreh@gmail.com\",\"image\":{\"@type\":\"ImageObject\",\"inLanguage\":\"pt-BR\",\"@id\":\"https:\/\/secure.gravatar.com\/avatar\/7cf84d31f581ec97b887c1039d478a7c293086896c84951a86753fb2c2af7527?s=96&d=mm&r=g\",\"url\":\"https:\/\/secure.gravatar.com\/avatar\/7cf84d31f581ec97b887c1039d478a7c293086896c84951a86753fb2c2af7527?s=96&d=mm&r=g\",\"contentUrl\":\"https:\/\/secure.gravatar.com\/avatar\/7cf84d31f581ec97b887c1039d478a7c293086896c84951a86753fb2c2af7527?s=96&d=mm&r=g\",\"caption\":\"alextreh@gmail.com\"},\"sameAs\":[\"http:\/\/salmosbiblicos.com.br\"],\"url\":\"https:\/\/salmosbiblicos.com.br\/index.php\/author\/alextrehgmail-com\/\"}]}<\/script>\n<!-- \/ Yoast SEO plugin. -->","yoast_head_json":{"title":"Deserto da Alma: Encontre Paz em Tempos de Ang\u00fastia - Salmos B\u00edblicos","robots":{"index":"index","follow":"follow","max-snippet":"max-snippet:-1","max-image-preview":"max-image-preview:large","max-video-preview":"max-video-preview:-1"},"canonical":"https:\/\/salmosbiblicos.com.br\/index.php\/2026\/03\/29\/deserto-da-alma-encontre-paz-em-tempos-de-angustia\/","og_locale":"pt_BR","og_type":"article","og_title":"Deserto da Alma: Encontre Paz em Tempos de Ang\u00fastia - Salmos B\u00edblicos","og_description":"## Encontrando Al\u00edvio na Tempestade H\u00e1 momentos na jornada da vida em que a sensa\u00e7\u00e3o de peso se torna quase insuport\u00e1vel. O fardo da enfermidade, a ang\u00fastia familiar, as dificuldades que nos cercam \u2013 tudo pode parecer esmagador, impactando a sa\u00fade f\u00edsica e a serenidade da alma. N\u00e3o se iluda, a vida apresenta desafios, e [&hellip;]","og_url":"https:\/\/salmosbiblicos.com.br\/index.php\/2026\/03\/29\/deserto-da-alma-encontre-paz-em-tempos-de-angustia\/","og_site_name":"Salmos B\u00edblicos","article_published_time":"2026-03-29T13:19:49+00:00","author":"alextreh@gmail.com","twitter_card":"summary_large_image","twitter_misc":{"Escrito por":"alextreh@gmail.com","Est. tempo de leitura":"3 minutos"},"schema":{"@context":"https:\/\/schema.org","@graph":[{"@type":"Article","@id":"https:\/\/salmosbiblicos.com.br\/index.php\/2026\/03\/29\/deserto-da-alma-encontre-paz-em-tempos-de-angustia\/#article","isPartOf":{"@id":"https:\/\/salmosbiblicos.com.br\/index.php\/2026\/03\/29\/deserto-da-alma-encontre-paz-em-tempos-de-angustia\/"},"author":{"name":"alextreh@gmail.com","@id":"https:\/\/salmosbiblicos.com.br\/#\/schema\/person\/30586d0fb3f3a46b78a3414fc39cc975"},"headline":"Deserto da Alma: Encontre Paz em Tempos de Ang\u00fastia","datePublished":"2026-03-29T13:19:49+00:00","mainEntityOfPage":{"@id":"https:\/\/salmosbiblicos.com.br\/index.php\/2026\/03\/29\/deserto-da-alma-encontre-paz-em-tempos-de-angustia\/"},"wordCount":578,"articleSection":["Reflex\u00e3o"],"inLanguage":"pt-BR"},{"@type":"WebPage","@id":"https:\/\/salmosbiblicos.com.br\/index.php\/2026\/03\/29\/deserto-da-alma-encontre-paz-em-tempos-de-angustia\/","url":"https:\/\/salmosbiblicos.com.br\/index.php\/2026\/03\/29\/deserto-da-alma-encontre-paz-em-tempos-de-angustia\/","name":"Deserto da Alma: Encontre Paz em Tempos de Ang\u00fastia - Salmos B\u00edblicos","isPartOf":{"@id":"https:\/\/salmosbiblicos.com.br\/#website"},"datePublished":"2026-03-29T13:19:49+00:00","author":{"@id":"https:\/\/salmosbiblicos.com.br\/#\/schema\/person\/30586d0fb3f3a46b78a3414fc39cc975"},"breadcrumb":{"@id":"https:\/\/salmosbiblicos.com.br\/index.php\/2026\/03\/29\/deserto-da-alma-encontre-paz-em-tempos-de-angustia\/#breadcrumb"},"inLanguage":"pt-BR","potentialAction":[{"@type":"ReadAction","target":["https:\/\/salmosbiblicos.com.br\/index.php\/2026\/03\/29\/deserto-da-alma-encontre-paz-em-tempos-de-angustia\/"]}]},{"@type":"BreadcrumbList","@id":"https:\/\/salmosbiblicos.com.br\/index.php\/2026\/03\/29\/deserto-da-alma-encontre-paz-em-tempos-de-angustia\/#breadcrumb","itemListElement":[{"@type":"ListItem","position":1,"name":"Home","item":"https:\/\/salmosbiblicos.com.br\/"},{"@type":"ListItem","position":2,"name":"Deserto da Alma: Encontre Paz em Tempos de Ang\u00fastia"}]},{"@type":"WebSite","@id":"https:\/\/salmosbiblicos.com.br\/#website","url":"https:\/\/salmosbiblicos.com.br\/","name":"Salmos B\u00edblicos","description":"Uma e-Livraria com e-Books novos para voc\u00ea refletir.","potentialAction":[{"@type":"SearchAction","target":{"@type":"EntryPoint","urlTemplate":"https:\/\/salmosbiblicos.com.br\/?s={search_term_string}"},"query-input":{"@type":"PropertyValueSpecification","valueRequired":true,"valueName":"search_term_string"}}],"inLanguage":"pt-BR"},{"@type":"Person","@id":"https:\/\/salmosbiblicos.com.br\/#\/schema\/person\/30586d0fb3f3a46b78a3414fc39cc975","name":"alextreh@gmail.com","image":{"@type":"ImageObject","inLanguage":"pt-BR","@id":"https:\/\/secure.gravatar.com\/avatar\/7cf84d31f581ec97b887c1039d478a7c293086896c84951a86753fb2c2af7527?s=96&d=mm&r=g","url":"https:\/\/secure.gravatar.com\/avatar\/7cf84d31f581ec97b887c1039d478a7c293086896c84951a86753fb2c2af7527?s=96&d=mm&r=g","contentUrl":"https:\/\/secure.gravatar.com\/avatar\/7cf84d31f581ec97b887c1039d478a7c293086896c84951a86753fb2c2af7527?s=96&d=mm&r=g","caption":"alextreh@gmail.com"},"sameAs":["http:\/\/salmosbiblicos.com.br"],"url":"https:\/\/salmosbiblicos.com.br\/index.php\/author\/alextrehgmail-com\/"}]}},"_links":{"self":[{"href":"https:\/\/salmosbiblicos.com.br\/index.php\/wp-json\/wp\/v2\/posts\/5868","targetHints":{"allow":["GET"]}}],"collection":[{"href":"https:\/\/salmosbiblicos.com.br\/index.php\/wp-json\/wp\/v2\/posts"}],"about":[{"href":"https:\/\/salmosbiblicos.com.br\/index.php\/wp-json\/wp\/v2\/types\/post"}],"author":[{"embeddable":true,"href":"https:\/\/salmosbiblicos.com.br\/index.php\/wp-json\/wp\/v2\/users\/1"}],"replies":[{"embeddable":true,"href":"https:\/\/salmosbiblicos.com.br\/index.php\/wp-json\/wp\/v2\/comments?post=5868"}],"version-history":[{"count":1,"href":"https:\/\/salmosbiblicos.com.br\/index.php\/wp-json\/wp\/v2\/posts\/5868\/revisions"}],"predecessor-version":[{"id":5869,"href":"https:\/\/salmosbiblicos.com.br\/index.php\/wp-json\/wp\/v2\/posts\/5868\/revisions\/5869"}],"wp:attachment":[{"href":"https:\/\/salmosbiblicos.com.br\/index.php\/wp-json\/wp\/v2\/media?parent=5868"}],"wp:term":[{"taxonomy":"category","embeddable":true,"href":"https:\/\/salmosbiblicos.com.br\/index.php\/wp-json\/wp\/v2\/categories?post=5868"},{"taxonomy":"post_tag","embeddable":true,"href":"https:\/\/salmosbiblicos.com.br\/index.php\/wp-json\/wp\/v2\/tags?post=5868"}],"curies":[{"name":"wp","href":"https:\/\/api.w.org\/{rel}","templated":true}]}}