{"id":5872,"date":"2026-03-29T10:33:16","date_gmt":"2026-03-29T13:33:16","guid":{"rendered":"https:\/\/salmosbiblicos.com.br\/?p=5872"},"modified":"2026-03-29T10:33:16","modified_gmt":"2026-03-29T13:33:16","slug":"herodes-e-a-duvida-reflexoes-sobre-fe-e-incerteza","status":"publish","type":"post","link":"https:\/\/salmosbiblicos.com.br\/index.php\/2026\/03\/29\/herodes-e-a-duvida-reflexoes-sobre-fe-e-incerteza\/","title":{"rendered":"Herodes e a D\u00favida: Reflex\u00f5es Sobre F\u00e9 e Incerteza"},"content":{"rendered":"<p>## A Sombra da Confus\u00e3o e a Luz da Verdade<\/p>\n<p>Em tempos de incerteza e turbul\u00eancia, quando o mundo nos apresenta desafios que parecem intranspon\u00edveis, \u00e9 bom buscarmos a quietude do cora\u00e7\u00e3o e a sabedoria da f\u00e9. H\u00e1 figuras na hist\u00f3ria que, por suas a\u00e7\u00f5es, nos convidam \u00e0 reflex\u00e3o e ao autoexame. Uma dessas figuras \u00e9 Herodes, um nome que ressoa atrav\u00e9s dos s\u00e9culos, evocando um labirinto de intrigas, poder e, acima de tudo, confus\u00e3o.<\/p>\n<p>### O Peso da D\u00favida<\/p>\n<p>A hist\u00f3ria nos apresenta um homem atormentado pela d\u00favida. Um governante que, apesar de seu poder e influ\u00eancia, se encontra perdido em meio a boatos e especula\u00e7\u00f5es. &#8220;\u00c9 Jo\u00e3o Batista que ressuscitou?&#8221; Ele questiona, consumido pela incerteza. A verdade, que clamava por ser reconhecida, era abafada pelo medo e pela ambi\u00e7\u00e3o.<\/p>\n<p>**A verdadeira f\u00e9 se manifesta na clareza, na certeza do cora\u00e7\u00e3o que reconhece a presen\u00e7a divina.**<\/p>\n<p>A pris\u00e3o de Jo\u00e3o, a tr\u00e1gica execu\u00e7\u00e3o ordenada por Herodes, revelam a fragilidade humana diante da injusti\u00e7a e da manipula\u00e7\u00e3o. Um ato covarde, motivado pelo desejo de agradar uma mulher, ceifou a vida de um homem \u00edntegro, um profeta que ousou denunciar a verdade.<\/p>\n<p>### A Busca Frustrada<\/p>\n<p>Herodes, aquele que desejava ardentemente ver Jesus, revela uma busca equivocada. Ele esperava testemunhar milagres, ostentar o conhecimento de um homem que desafiava seu poder. Mas a verdade era mais profunda do que qualquer demonstra\u00e7\u00e3o superficial.<\/p>\n<p>A perplexidade de Herodes ecoa em nossos dias. Quantas vezes buscamos a verdade nos lugares errados, nos atalhos do sucesso e da aprova\u00e7\u00e3o, quando a resposta reside na simplicidade do amor e da f\u00e9? **A busca por Deus n\u00e3o se faz com curiosidade superficial, mas com um cora\u00e7\u00e3o humilde e aberto.**<\/p>\n<p>### A Coragem da Verdade<\/p>\n<p>Em face da amea\u00e7a, Jesus n\u00e3o se esconde. Diante de um homem t\u00e3o poderoso e cheio de incertezas, Ele responde com firmeza: &#8220;Eis que expulso dem\u00f4nios e fa\u00e7o curas hoje, amanh\u00e3 e ao terceiro dia terminaria minha obra&#8221;. Uma declara\u00e7\u00e3o de prop\u00f3sito, um testemunho de coragem que transcende o medo.<\/p>\n<p>**A verdadeira for\u00e7a n\u00e3o reside no poder terrena, mas na convic\u00e7\u00e3o da f\u00e9.**<\/p>\n<p>Jesus chama Herodes de &#8220;raposa&#8221;, um t\u00edtulo que revela a fragilidade e a ast\u00facia daqueles que se escondem nas sombras. Uma advert\u00eancia para aqueles que buscam a verdade em meio \u00e0 confus\u00e3o, que preferem a conveni\u00eancia \u00e0 justi\u00e7a.<\/p>\n<p>### O Espelho da Reflex\u00e3o<\/p>\n<p>A hist\u00f3ria de Herodes \u00e9 um espelho que nos convida a refletir sobre nossas pr\u00f3prias escolhas. Ser\u00e1 que estamos vivendo em um estado de confus\u00e3o, permitindo que o medo e a inseguran\u00e7a ditem nossas a\u00e7\u00f5es? Ser\u00e1 que estamos buscando a verdade nos lugares errados, ignorando a voz que clama em nosso interior?<\/p>\n<p>**N\u00e3o permitamos que a sombra da confus\u00e3o obscure\u00e7a a luz da verdade.**<\/p>\n<p>Que possamos aprender com os erros do passado, que a coragem de Jesus inspire nossas a\u00e7\u00f5es e que a clareza da f\u00e9 nos guie em nosso caminho. Que possamos nos desvencilhar das amarras do medo e da conveni\u00eancia, e que a verdade seja a b\u00fassola que nos orienta em dire\u00e7\u00e3o \u00e0 vida plena e significativa.<\/p>\n","protected":false},"excerpt":{"rendered":"<p>## A Sombra da Confus\u00e3o e a Luz da Verdade Em tempos de incerteza e turbul\u00eancia, quando o mundo nos apresenta desafios que parecem intranspon\u00edveis, \u00e9 bom buscarmos a quietude do cora\u00e7\u00e3o e a sabedoria da f\u00e9. H\u00e1 figuras na hist\u00f3ria que, por suas a\u00e7\u00f5es, nos convidam \u00e0 reflex\u00e3o e ao autoexame. Uma dessas figuras [&hellip;]<\/p>\n","protected":false},"author":1,"featured_media":0,"comment_status":"closed","ping_status":"open","sticky":false,"template":"","format":"standard","meta":{"footnotes":""},"categories":[14],"tags":[],"class_list":["post-5872","post","type-post","status-publish","format-standard","hentry","category-reflexao"],"yoast_head":"<!-- This site is optimized with the Yoast SEO plugin v27.2 - https:\/\/yoast.com\/product\/yoast-seo-wordpress\/ -->\n<title>Herodes e a D\u00favida: Reflex\u00f5es Sobre F\u00e9 e Incerteza - Salmos B\u00edblicos<\/title>\n<meta name=\"robots\" content=\"index, follow, max-snippet:-1, max-image-preview:large, max-video-preview:-1\" \/>\n<link rel=\"canonical\" href=\"https:\/\/salmosbiblicos.com.br\/index.php\/2026\/03\/29\/herodes-e-a-duvida-reflexoes-sobre-fe-e-incerteza\/\" \/>\n<meta property=\"og:locale\" content=\"pt_BR\" \/>\n<meta property=\"og:type\" content=\"article\" \/>\n<meta property=\"og:title\" content=\"Herodes e a D\u00favida: Reflex\u00f5es Sobre F\u00e9 e Incerteza - Salmos B\u00edblicos\" \/>\n<meta property=\"og:description\" content=\"## A Sombra da Confus\u00e3o e a Luz da Verdade Em tempos de incerteza e turbul\u00eancia, quando o mundo nos apresenta desafios que parecem intranspon\u00edveis, \u00e9 bom buscarmos a quietude do cora\u00e7\u00e3o e a sabedoria da f\u00e9. H\u00e1 figuras na hist\u00f3ria que, por suas a\u00e7\u00f5es, nos convidam \u00e0 reflex\u00e3o e ao autoexame. Uma dessas figuras [&hellip;]\" \/>\n<meta property=\"og:url\" content=\"https:\/\/salmosbiblicos.com.br\/index.php\/2026\/03\/29\/herodes-e-a-duvida-reflexoes-sobre-fe-e-incerteza\/\" \/>\n<meta property=\"og:site_name\" content=\"Salmos B\u00edblicos\" \/>\n<meta property=\"article:published_time\" content=\"2026-03-29T13:33:16+00:00\" \/>\n<meta name=\"author\" content=\"alextreh@gmail.com\" \/>\n<meta name=\"twitter:card\" content=\"summary_large_image\" \/>\n<meta name=\"twitter:label1\" content=\"Escrito por\" \/>\n\t<meta name=\"twitter:data1\" content=\"alextreh@gmail.com\" \/>\n\t<meta name=\"twitter:label2\" content=\"Est. tempo de leitura\" \/>\n\t<meta name=\"twitter:data2\" content=\"3 minutos\" \/>\n<script type=\"application\/ld+json\" class=\"yoast-schema-graph\">{\"@context\":\"https:\/\/schema.org\",\"@graph\":[{\"@type\":\"Article\",\"@id\":\"https:\/\/salmosbiblicos.com.br\/index.php\/2026\/03\/29\/herodes-e-a-duvida-reflexoes-sobre-fe-e-incerteza\/#article\",\"isPartOf\":{\"@id\":\"https:\/\/salmosbiblicos.com.br\/index.php\/2026\/03\/29\/herodes-e-a-duvida-reflexoes-sobre-fe-e-incerteza\/\"},\"author\":{\"name\":\"alextreh@gmail.com\",\"@id\":\"https:\/\/salmosbiblicos.com.br\/#\/schema\/person\/30586d0fb3f3a46b78a3414fc39cc975\"},\"headline\":\"Herodes e a D\u00favida: Reflex\u00f5es Sobre F\u00e9 e Incerteza\",\"datePublished\":\"2026-03-29T13:33:16+00:00\",\"mainEntityOfPage\":{\"@id\":\"https:\/\/salmosbiblicos.com.br\/index.php\/2026\/03\/29\/herodes-e-a-duvida-reflexoes-sobre-fe-e-incerteza\/\"},\"wordCount\":568,\"articleSection\":[\"Reflex\u00e3o\"],\"inLanguage\":\"pt-BR\"},{\"@type\":\"WebPage\",\"@id\":\"https:\/\/salmosbiblicos.com.br\/index.php\/2026\/03\/29\/herodes-e-a-duvida-reflexoes-sobre-fe-e-incerteza\/\",\"url\":\"https:\/\/salmosbiblicos.com.br\/index.php\/2026\/03\/29\/herodes-e-a-duvida-reflexoes-sobre-fe-e-incerteza\/\",\"name\":\"Herodes e a D\u00favida: Reflex\u00f5es Sobre F\u00e9 e Incerteza - Salmos B\u00edblicos\",\"isPartOf\":{\"@id\":\"https:\/\/salmosbiblicos.com.br\/#website\"},\"datePublished\":\"2026-03-29T13:33:16+00:00\",\"author\":{\"@id\":\"https:\/\/salmosbiblicos.com.br\/#\/schema\/person\/30586d0fb3f3a46b78a3414fc39cc975\"},\"breadcrumb\":{\"@id\":\"https:\/\/salmosbiblicos.com.br\/index.php\/2026\/03\/29\/herodes-e-a-duvida-reflexoes-sobre-fe-e-incerteza\/#breadcrumb\"},\"inLanguage\":\"pt-BR\",\"potentialAction\":[{\"@type\":\"ReadAction\",\"target\":[\"https:\/\/salmosbiblicos.com.br\/index.php\/2026\/03\/29\/herodes-e-a-duvida-reflexoes-sobre-fe-e-incerteza\/\"]}]},{\"@type\":\"BreadcrumbList\",\"@id\":\"https:\/\/salmosbiblicos.com.br\/index.php\/2026\/03\/29\/herodes-e-a-duvida-reflexoes-sobre-fe-e-incerteza\/#breadcrumb\",\"itemListElement\":[{\"@type\":\"ListItem\",\"position\":1,\"name\":\"Home\",\"item\":\"https:\/\/salmosbiblicos.com.br\/\"},{\"@type\":\"ListItem\",\"position\":2,\"name\":\"Herodes e a D\u00favida: Reflex\u00f5es Sobre F\u00e9 e Incerteza\"}]},{\"@type\":\"WebSite\",\"@id\":\"https:\/\/salmosbiblicos.com.br\/#website\",\"url\":\"https:\/\/salmosbiblicos.com.br\/\",\"name\":\"Salmos B\u00edblicos\",\"description\":\"Uma e-Livraria com e-Books novos para voc\u00ea refletir.\",\"potentialAction\":[{\"@type\":\"SearchAction\",\"target\":{\"@type\":\"EntryPoint\",\"urlTemplate\":\"https:\/\/salmosbiblicos.com.br\/?s={search_term_string}\"},\"query-input\":{\"@type\":\"PropertyValueSpecification\",\"valueRequired\":true,\"valueName\":\"search_term_string\"}}],\"inLanguage\":\"pt-BR\"},{\"@type\":\"Person\",\"@id\":\"https:\/\/salmosbiblicos.com.br\/#\/schema\/person\/30586d0fb3f3a46b78a3414fc39cc975\",\"name\":\"alextreh@gmail.com\",\"image\":{\"@type\":\"ImageObject\",\"inLanguage\":\"pt-BR\",\"@id\":\"https:\/\/secure.gravatar.com\/avatar\/7cf84d31f581ec97b887c1039d478a7c293086896c84951a86753fb2c2af7527?s=96&d=mm&r=g\",\"url\":\"https:\/\/secure.gravatar.com\/avatar\/7cf84d31f581ec97b887c1039d478a7c293086896c84951a86753fb2c2af7527?s=96&d=mm&r=g\",\"contentUrl\":\"https:\/\/secure.gravatar.com\/avatar\/7cf84d31f581ec97b887c1039d478a7c293086896c84951a86753fb2c2af7527?s=96&d=mm&r=g\",\"caption\":\"alextreh@gmail.com\"},\"sameAs\":[\"http:\/\/salmosbiblicos.com.br\"],\"url\":\"https:\/\/salmosbiblicos.com.br\/index.php\/author\/alextrehgmail-com\/\"}]}<\/script>\n<!-- \/ Yoast SEO plugin. -->","yoast_head_json":{"title":"Herodes e a D\u00favida: Reflex\u00f5es Sobre F\u00e9 e Incerteza - Salmos B\u00edblicos","robots":{"index":"index","follow":"follow","max-snippet":"max-snippet:-1","max-image-preview":"max-image-preview:large","max-video-preview":"max-video-preview:-1"},"canonical":"https:\/\/salmosbiblicos.com.br\/index.php\/2026\/03\/29\/herodes-e-a-duvida-reflexoes-sobre-fe-e-incerteza\/","og_locale":"pt_BR","og_type":"article","og_title":"Herodes e a D\u00favida: Reflex\u00f5es Sobre F\u00e9 e Incerteza - Salmos B\u00edblicos","og_description":"## A Sombra da Confus\u00e3o e a Luz da Verdade Em tempos de incerteza e turbul\u00eancia, quando o mundo nos apresenta desafios que parecem intranspon\u00edveis, \u00e9 bom buscarmos a quietude do cora\u00e7\u00e3o e a sabedoria da f\u00e9. H\u00e1 figuras na hist\u00f3ria que, por suas a\u00e7\u00f5es, nos convidam \u00e0 reflex\u00e3o e ao autoexame. Uma dessas figuras [&hellip;]","og_url":"https:\/\/salmosbiblicos.com.br\/index.php\/2026\/03\/29\/herodes-e-a-duvida-reflexoes-sobre-fe-e-incerteza\/","og_site_name":"Salmos B\u00edblicos","article_published_time":"2026-03-29T13:33:16+00:00","author":"alextreh@gmail.com","twitter_card":"summary_large_image","twitter_misc":{"Escrito por":"alextreh@gmail.com","Est. tempo de leitura":"3 minutos"},"schema":{"@context":"https:\/\/schema.org","@graph":[{"@type":"Article","@id":"https:\/\/salmosbiblicos.com.br\/index.php\/2026\/03\/29\/herodes-e-a-duvida-reflexoes-sobre-fe-e-incerteza\/#article","isPartOf":{"@id":"https:\/\/salmosbiblicos.com.br\/index.php\/2026\/03\/29\/herodes-e-a-duvida-reflexoes-sobre-fe-e-incerteza\/"},"author":{"name":"alextreh@gmail.com","@id":"https:\/\/salmosbiblicos.com.br\/#\/schema\/person\/30586d0fb3f3a46b78a3414fc39cc975"},"headline":"Herodes e a D\u00favida: Reflex\u00f5es Sobre F\u00e9 e Incerteza","datePublished":"2026-03-29T13:33:16+00:00","mainEntityOfPage":{"@id":"https:\/\/salmosbiblicos.com.br\/index.php\/2026\/03\/29\/herodes-e-a-duvida-reflexoes-sobre-fe-e-incerteza\/"},"wordCount":568,"articleSection":["Reflex\u00e3o"],"inLanguage":"pt-BR"},{"@type":"WebPage","@id":"https:\/\/salmosbiblicos.com.br\/index.php\/2026\/03\/29\/herodes-e-a-duvida-reflexoes-sobre-fe-e-incerteza\/","url":"https:\/\/salmosbiblicos.com.br\/index.php\/2026\/03\/29\/herodes-e-a-duvida-reflexoes-sobre-fe-e-incerteza\/","name":"Herodes e a D\u00favida: Reflex\u00f5es Sobre F\u00e9 e Incerteza - Salmos B\u00edblicos","isPartOf":{"@id":"https:\/\/salmosbiblicos.com.br\/#website"},"datePublished":"2026-03-29T13:33:16+00:00","author":{"@id":"https:\/\/salmosbiblicos.com.br\/#\/schema\/person\/30586d0fb3f3a46b78a3414fc39cc975"},"breadcrumb":{"@id":"https:\/\/salmosbiblicos.com.br\/index.php\/2026\/03\/29\/herodes-e-a-duvida-reflexoes-sobre-fe-e-incerteza\/#breadcrumb"},"inLanguage":"pt-BR","potentialAction":[{"@type":"ReadAction","target":["https:\/\/salmosbiblicos.com.br\/index.php\/2026\/03\/29\/herodes-e-a-duvida-reflexoes-sobre-fe-e-incerteza\/"]}]},{"@type":"BreadcrumbList","@id":"https:\/\/salmosbiblicos.com.br\/index.php\/2026\/03\/29\/herodes-e-a-duvida-reflexoes-sobre-fe-e-incerteza\/#breadcrumb","itemListElement":[{"@type":"ListItem","position":1,"name":"Home","item":"https:\/\/salmosbiblicos.com.br\/"},{"@type":"ListItem","position":2,"name":"Herodes e a D\u00favida: Reflex\u00f5es Sobre F\u00e9 e Incerteza"}]},{"@type":"WebSite","@id":"https:\/\/salmosbiblicos.com.br\/#website","url":"https:\/\/salmosbiblicos.com.br\/","name":"Salmos B\u00edblicos","description":"Uma e-Livraria com e-Books novos para voc\u00ea refletir.","potentialAction":[{"@type":"SearchAction","target":{"@type":"EntryPoint","urlTemplate":"https:\/\/salmosbiblicos.com.br\/?s={search_term_string}"},"query-input":{"@type":"PropertyValueSpecification","valueRequired":true,"valueName":"search_term_string"}}],"inLanguage":"pt-BR"},{"@type":"Person","@id":"https:\/\/salmosbiblicos.com.br\/#\/schema\/person\/30586d0fb3f3a46b78a3414fc39cc975","name":"alextreh@gmail.com","image":{"@type":"ImageObject","inLanguage":"pt-BR","@id":"https:\/\/secure.gravatar.com\/avatar\/7cf84d31f581ec97b887c1039d478a7c293086896c84951a86753fb2c2af7527?s=96&d=mm&r=g","url":"https:\/\/secure.gravatar.com\/avatar\/7cf84d31f581ec97b887c1039d478a7c293086896c84951a86753fb2c2af7527?s=96&d=mm&r=g","contentUrl":"https:\/\/secure.gravatar.com\/avatar\/7cf84d31f581ec97b887c1039d478a7c293086896c84951a86753fb2c2af7527?s=96&d=mm&r=g","caption":"alextreh@gmail.com"},"sameAs":["http:\/\/salmosbiblicos.com.br"],"url":"https:\/\/salmosbiblicos.com.br\/index.php\/author\/alextrehgmail-com\/"}]}},"_links":{"self":[{"href":"https:\/\/salmosbiblicos.com.br\/index.php\/wp-json\/wp\/v2\/posts\/5872","targetHints":{"allow":["GET"]}}],"collection":[{"href":"https:\/\/salmosbiblicos.com.br\/index.php\/wp-json\/wp\/v2\/posts"}],"about":[{"href":"https:\/\/salmosbiblicos.com.br\/index.php\/wp-json\/wp\/v2\/types\/post"}],"author":[{"embeddable":true,"href":"https:\/\/salmosbiblicos.com.br\/index.php\/wp-json\/wp\/v2\/users\/1"}],"replies":[{"embeddable":true,"href":"https:\/\/salmosbiblicos.com.br\/index.php\/wp-json\/wp\/v2\/comments?post=5872"}],"version-history":[{"count":1,"href":"https:\/\/salmosbiblicos.com.br\/index.php\/wp-json\/wp\/v2\/posts\/5872\/revisions"}],"predecessor-version":[{"id":5873,"href":"https:\/\/salmosbiblicos.com.br\/index.php\/wp-json\/wp\/v2\/posts\/5872\/revisions\/5873"}],"wp:attachment":[{"href":"https:\/\/salmosbiblicos.com.br\/index.php\/wp-json\/wp\/v2\/media?parent=5872"}],"wp:term":[{"taxonomy":"category","embeddable":true,"href":"https:\/\/salmosbiblicos.com.br\/index.php\/wp-json\/wp\/v2\/categories?post=5872"},{"taxonomy":"post_tag","embeddable":true,"href":"https:\/\/salmosbiblicos.com.br\/index.php\/wp-json\/wp\/v2\/tags?post=5872"}],"curies":[{"name":"wp","href":"https:\/\/api.w.org\/{rel}","templated":true}]}}