{"id":5876,"date":"2026-03-29T10:46:54","date_gmt":"2026-03-29T13:46:54","guid":{"rendered":"https:\/\/salmosbiblicos.com.br\/?p=5876"},"modified":"2026-03-29T10:46:54","modified_gmt":"2026-03-29T13:46:54","slug":"separacao-e-escolha-reflexoes-sobre-o-fim-dos-tempos","status":"publish","type":"post","link":"https:\/\/salmosbiblicos.com.br\/index.php\/2026\/03\/29\/separacao-e-escolha-reflexoes-sobre-o-fim-dos-tempos\/","title":{"rendered":"Separa\u00e7\u00e3o e Escolha: Reflex\u00f5es sobre o Fim dos Tempos"},"content":{"rendered":"<p>## O Dia da Separa\u00e7\u00e3o: Um Chamado \u00e0 Reflex\u00e3o<\/p>\n<p>Em tempos de incerteza e mudan\u00e7a, uma verdade ressoa com for\u00e7a: o dia da separa\u00e7\u00e3o se aproxima. Uma divis\u00e3o inevit\u00e1vel entre aqueles que buscam a luz e aqueles que se afastam dela. N\u00e3o \u00e9 uma previs\u00e3o sombria, mas uma constata\u00e7\u00e3o b\u00edblica, um eco da Palavra que nos convida a examinar nossos caminhos e alinhar nossos cora\u00e7\u00f5es.<\/p>\n<p>### A Rede e os Peixes<\/p>\n<p>Jesus, em sua sabedoria, utilizou uma imagem poderosa para ilustrar este momento crucial: a de uma rede lan\u00e7ada ao mar. Uma rede que, ao ser i\u00e7ada, recolhe peixes de toda esp\u00e9cie, tanto bons quanto ruins. A colheita \u00e9 vasta, diversa, mas o pescador sabe que a separa\u00e7\u00e3o \u00e9 necess\u00e1ria. **Os peixes bons s\u00e3o guardados, enquanto os que n\u00e3o prestam s\u00e3o descartados.**<\/p>\n<p>Assim ser\u00e1, portanto, no fim dos tempos. Anjos descender\u00e3o para discernir entre os justos e os injustos, separando aqueles que trilharam o caminho da virtude daqueles que se perderam nas sombras. A imagem \u00e9 clara e direta: a escolha \u00e9 nossa.<\/p>\n<p>### A Escolha do Caminho<\/p>\n<p>A grande quest\u00e3o que se apresenta \u00e9: **a que lado voc\u00ea se inclina?** A resposta n\u00e3o \u00e9 complexa, mas exige um olhar honesto para dentro de si mesmo. Ningu\u00e9m escapar\u00e1 deste julgamento. A promessa do c\u00e9u ou a escurid\u00e3o do inferno n\u00e3o s\u00e3o destinos aleat\u00f3rios, mas consequ\u00eancias diretas das nossas a\u00e7\u00f5es.<\/p>\n<p>A B\u00edblia nos oferece um guia, uma b\u00fassola para nos orientar nesta jornada. Em Mateus, somos confrontados com a imagem do pastor que separa as ovelhas dos cabritos. Uma met\u00e1fora que ilustra a distin\u00e7\u00e3o entre aqueles que seguem o caminho do bem e aqueles que se desviam.<\/p>\n<p>### A Ressurrei\u00e7\u00e3o da Vida<\/p>\n<p>A esperan\u00e7a, no entanto, reside na possibilidade de mudan\u00e7a. Em Jo\u00e3o, encontramos a promessa da ressurrei\u00e7\u00e3o da vida para aqueles que praticaram o bem. **O segredo para alcan\u00e7ar a vida eterna \u00e9 simples: praticar o bem.** <\/p>\n<p>O bem n\u00e3o \u00e9 a aus\u00eancia de erro, mas a busca constante pela virtude, a pr\u00e1tica da caridade, a ren\u00fancia ao pecado. \u00c9 a vida de santidade que nos aproxima do divino, que nos abre as portas do c\u00e9u. O mal, por outro lado, \u00e9 a entrega \u00e0s tenta\u00e7\u00f5es, a busca por prazeres ef\u00eameros, a neglig\u00eancia aos mandamentos divinos.<\/p>\n<p>### Um Convite \u00e0 Reflex\u00e3o<\/p>\n<p>Que este momento seja um chamado \u00e0 introspec\u00e7\u00e3o, um incentivo \u00e0 convers\u00e3o. Que cada um de n\u00f3s, em seu \u00edntimo, se pergunte: estou preparado para o dia da separa\u00e7\u00e3o? Que lado do campo escolho?<\/p>\n<p>Este n\u00e3o \u00e9 um momento de medo, mas de oportunidade. Uma chance de reavaliar nossas prioridades, de corrigir o curso, de buscar a luz que nos guia. Que possamos, com humildade e perseveran\u00e7a, trilhar o caminho da virtude, a fim de nos encontrarmos de bra\u00e7os abertos no Reino dos C\u00e9us.<\/p>\n<p>Lembre-se: **a decis\u00e3o \u00e9 sua, a recompensa ser\u00e1 eterna.**<\/p>\n","protected":false},"excerpt":{"rendered":"<p>## O Dia da Separa\u00e7\u00e3o: Um Chamado \u00e0 Reflex\u00e3o Em tempos de incerteza e mudan\u00e7a, uma verdade ressoa com for\u00e7a: o dia da separa\u00e7\u00e3o se aproxima. Uma divis\u00e3o inevit\u00e1vel entre aqueles que buscam a luz e aqueles que se afastam dela. N\u00e3o \u00e9 uma previs\u00e3o sombria, mas uma constata\u00e7\u00e3o b\u00edblica, um eco da Palavra que [&hellip;]<\/p>\n","protected":false},"author":1,"featured_media":0,"comment_status":"closed","ping_status":"open","sticky":false,"template":"","format":"standard","meta":{"footnotes":""},"categories":[14],"tags":[],"class_list":["post-5876","post","type-post","status-publish","format-standard","hentry","category-reflexao"],"yoast_head":"<!-- This site is optimized with the Yoast SEO plugin v27.2 - https:\/\/yoast.com\/product\/yoast-seo-wordpress\/ -->\n<title>Separa\u00e7\u00e3o e Escolha: Reflex\u00f5es sobre o Fim dos Tempos - Salmos B\u00edblicos<\/title>\n<meta name=\"robots\" content=\"index, follow, max-snippet:-1, max-image-preview:large, max-video-preview:-1\" \/>\n<link rel=\"canonical\" href=\"https:\/\/salmosbiblicos.com.br\/index.php\/2026\/03\/29\/separacao-e-escolha-reflexoes-sobre-o-fim-dos-tempos\/\" \/>\n<meta property=\"og:locale\" content=\"pt_BR\" \/>\n<meta property=\"og:type\" content=\"article\" \/>\n<meta property=\"og:title\" content=\"Separa\u00e7\u00e3o e Escolha: Reflex\u00f5es sobre o Fim dos Tempos - Salmos B\u00edblicos\" \/>\n<meta property=\"og:description\" content=\"## O Dia da Separa\u00e7\u00e3o: Um Chamado \u00e0 Reflex\u00e3o Em tempos de incerteza e mudan\u00e7a, uma verdade ressoa com for\u00e7a: o dia da separa\u00e7\u00e3o se aproxima. Uma divis\u00e3o inevit\u00e1vel entre aqueles que buscam a luz e aqueles que se afastam dela. N\u00e3o \u00e9 uma previs\u00e3o sombria, mas uma constata\u00e7\u00e3o b\u00edblica, um eco da Palavra que [&hellip;]\" \/>\n<meta property=\"og:url\" content=\"https:\/\/salmosbiblicos.com.br\/index.php\/2026\/03\/29\/separacao-e-escolha-reflexoes-sobre-o-fim-dos-tempos\/\" \/>\n<meta property=\"og:site_name\" content=\"Salmos B\u00edblicos\" \/>\n<meta property=\"article:published_time\" content=\"2026-03-29T13:46:54+00:00\" \/>\n<meta name=\"author\" content=\"alextreh@gmail.com\" \/>\n<meta name=\"twitter:card\" content=\"summary_large_image\" \/>\n<meta name=\"twitter:label1\" content=\"Escrito por\" \/>\n\t<meta name=\"twitter:data1\" content=\"alextreh@gmail.com\" \/>\n\t<meta name=\"twitter:label2\" content=\"Est. tempo de leitura\" \/>\n\t<meta name=\"twitter:data2\" content=\"3 minutos\" \/>\n<script type=\"application\/ld+json\" class=\"yoast-schema-graph\">{\"@context\":\"https:\/\/schema.org\",\"@graph\":[{\"@type\":\"Article\",\"@id\":\"https:\/\/salmosbiblicos.com.br\/index.php\/2026\/03\/29\/separacao-e-escolha-reflexoes-sobre-o-fim-dos-tempos\/#article\",\"isPartOf\":{\"@id\":\"https:\/\/salmosbiblicos.com.br\/index.php\/2026\/03\/29\/separacao-e-escolha-reflexoes-sobre-o-fim-dos-tempos\/\"},\"author\":{\"name\":\"alextreh@gmail.com\",\"@id\":\"https:\/\/salmosbiblicos.com.br\/#\/schema\/person\/30586d0fb3f3a46b78a3414fc39cc975\"},\"headline\":\"Separa\u00e7\u00e3o e Escolha: Reflex\u00f5es sobre o Fim dos Tempos\",\"datePublished\":\"2026-03-29T13:46:54+00:00\",\"mainEntityOfPage\":{\"@id\":\"https:\/\/salmosbiblicos.com.br\/index.php\/2026\/03\/29\/separacao-e-escolha-reflexoes-sobre-o-fim-dos-tempos\/\"},\"wordCount\":522,\"articleSection\":[\"Reflex\u00e3o\"],\"inLanguage\":\"pt-BR\"},{\"@type\":\"WebPage\",\"@id\":\"https:\/\/salmosbiblicos.com.br\/index.php\/2026\/03\/29\/separacao-e-escolha-reflexoes-sobre-o-fim-dos-tempos\/\",\"url\":\"https:\/\/salmosbiblicos.com.br\/index.php\/2026\/03\/29\/separacao-e-escolha-reflexoes-sobre-o-fim-dos-tempos\/\",\"name\":\"Separa\u00e7\u00e3o e Escolha: Reflex\u00f5es sobre o Fim dos Tempos - Salmos B\u00edblicos\",\"isPartOf\":{\"@id\":\"https:\/\/salmosbiblicos.com.br\/#website\"},\"datePublished\":\"2026-03-29T13:46:54+00:00\",\"author\":{\"@id\":\"https:\/\/salmosbiblicos.com.br\/#\/schema\/person\/30586d0fb3f3a46b78a3414fc39cc975\"},\"breadcrumb\":{\"@id\":\"https:\/\/salmosbiblicos.com.br\/index.php\/2026\/03\/29\/separacao-e-escolha-reflexoes-sobre-o-fim-dos-tempos\/#breadcrumb\"},\"inLanguage\":\"pt-BR\",\"potentialAction\":[{\"@type\":\"ReadAction\",\"target\":[\"https:\/\/salmosbiblicos.com.br\/index.php\/2026\/03\/29\/separacao-e-escolha-reflexoes-sobre-o-fim-dos-tempos\/\"]}]},{\"@type\":\"BreadcrumbList\",\"@id\":\"https:\/\/salmosbiblicos.com.br\/index.php\/2026\/03\/29\/separacao-e-escolha-reflexoes-sobre-o-fim-dos-tempos\/#breadcrumb\",\"itemListElement\":[{\"@type\":\"ListItem\",\"position\":1,\"name\":\"Home\",\"item\":\"https:\/\/salmosbiblicos.com.br\/\"},{\"@type\":\"ListItem\",\"position\":2,\"name\":\"Separa\u00e7\u00e3o e Escolha: Reflex\u00f5es sobre o Fim dos Tempos\"}]},{\"@type\":\"WebSite\",\"@id\":\"https:\/\/salmosbiblicos.com.br\/#website\",\"url\":\"https:\/\/salmosbiblicos.com.br\/\",\"name\":\"Salmos B\u00edblicos\",\"description\":\"Uma e-Livraria com e-Books novos para voc\u00ea refletir.\",\"potentialAction\":[{\"@type\":\"SearchAction\",\"target\":{\"@type\":\"EntryPoint\",\"urlTemplate\":\"https:\/\/salmosbiblicos.com.br\/?s={search_term_string}\"},\"query-input\":{\"@type\":\"PropertyValueSpecification\",\"valueRequired\":true,\"valueName\":\"search_term_string\"}}],\"inLanguage\":\"pt-BR\"},{\"@type\":\"Person\",\"@id\":\"https:\/\/salmosbiblicos.com.br\/#\/schema\/person\/30586d0fb3f3a46b78a3414fc39cc975\",\"name\":\"alextreh@gmail.com\",\"image\":{\"@type\":\"ImageObject\",\"inLanguage\":\"pt-BR\",\"@id\":\"https:\/\/secure.gravatar.com\/avatar\/7cf84d31f581ec97b887c1039d478a7c293086896c84951a86753fb2c2af7527?s=96&d=mm&r=g\",\"url\":\"https:\/\/secure.gravatar.com\/avatar\/7cf84d31f581ec97b887c1039d478a7c293086896c84951a86753fb2c2af7527?s=96&d=mm&r=g\",\"contentUrl\":\"https:\/\/secure.gravatar.com\/avatar\/7cf84d31f581ec97b887c1039d478a7c293086896c84951a86753fb2c2af7527?s=96&d=mm&r=g\",\"caption\":\"alextreh@gmail.com\"},\"sameAs\":[\"http:\/\/salmosbiblicos.com.br\"],\"url\":\"https:\/\/salmosbiblicos.com.br\/index.php\/author\/alextrehgmail-com\/\"}]}<\/script>\n<!-- \/ Yoast SEO plugin. -->","yoast_head_json":{"title":"Separa\u00e7\u00e3o e Escolha: Reflex\u00f5es sobre o Fim dos Tempos - Salmos B\u00edblicos","robots":{"index":"index","follow":"follow","max-snippet":"max-snippet:-1","max-image-preview":"max-image-preview:large","max-video-preview":"max-video-preview:-1"},"canonical":"https:\/\/salmosbiblicos.com.br\/index.php\/2026\/03\/29\/separacao-e-escolha-reflexoes-sobre-o-fim-dos-tempos\/","og_locale":"pt_BR","og_type":"article","og_title":"Separa\u00e7\u00e3o e Escolha: Reflex\u00f5es sobre o Fim dos Tempos - Salmos B\u00edblicos","og_description":"## O Dia da Separa\u00e7\u00e3o: Um Chamado \u00e0 Reflex\u00e3o Em tempos de incerteza e mudan\u00e7a, uma verdade ressoa com for\u00e7a: o dia da separa\u00e7\u00e3o se aproxima. Uma divis\u00e3o inevit\u00e1vel entre aqueles que buscam a luz e aqueles que se afastam dela. N\u00e3o \u00e9 uma previs\u00e3o sombria, mas uma constata\u00e7\u00e3o b\u00edblica, um eco da Palavra que [&hellip;]","og_url":"https:\/\/salmosbiblicos.com.br\/index.php\/2026\/03\/29\/separacao-e-escolha-reflexoes-sobre-o-fim-dos-tempos\/","og_site_name":"Salmos B\u00edblicos","article_published_time":"2026-03-29T13:46:54+00:00","author":"alextreh@gmail.com","twitter_card":"summary_large_image","twitter_misc":{"Escrito por":"alextreh@gmail.com","Est. tempo de leitura":"3 minutos"},"schema":{"@context":"https:\/\/schema.org","@graph":[{"@type":"Article","@id":"https:\/\/salmosbiblicos.com.br\/index.php\/2026\/03\/29\/separacao-e-escolha-reflexoes-sobre-o-fim-dos-tempos\/#article","isPartOf":{"@id":"https:\/\/salmosbiblicos.com.br\/index.php\/2026\/03\/29\/separacao-e-escolha-reflexoes-sobre-o-fim-dos-tempos\/"},"author":{"name":"alextreh@gmail.com","@id":"https:\/\/salmosbiblicos.com.br\/#\/schema\/person\/30586d0fb3f3a46b78a3414fc39cc975"},"headline":"Separa\u00e7\u00e3o e Escolha: Reflex\u00f5es sobre o Fim dos Tempos","datePublished":"2026-03-29T13:46:54+00:00","mainEntityOfPage":{"@id":"https:\/\/salmosbiblicos.com.br\/index.php\/2026\/03\/29\/separacao-e-escolha-reflexoes-sobre-o-fim-dos-tempos\/"},"wordCount":522,"articleSection":["Reflex\u00e3o"],"inLanguage":"pt-BR"},{"@type":"WebPage","@id":"https:\/\/salmosbiblicos.com.br\/index.php\/2026\/03\/29\/separacao-e-escolha-reflexoes-sobre-o-fim-dos-tempos\/","url":"https:\/\/salmosbiblicos.com.br\/index.php\/2026\/03\/29\/separacao-e-escolha-reflexoes-sobre-o-fim-dos-tempos\/","name":"Separa\u00e7\u00e3o e Escolha: Reflex\u00f5es sobre o Fim dos Tempos - Salmos B\u00edblicos","isPartOf":{"@id":"https:\/\/salmosbiblicos.com.br\/#website"},"datePublished":"2026-03-29T13:46:54+00:00","author":{"@id":"https:\/\/salmosbiblicos.com.br\/#\/schema\/person\/30586d0fb3f3a46b78a3414fc39cc975"},"breadcrumb":{"@id":"https:\/\/salmosbiblicos.com.br\/index.php\/2026\/03\/29\/separacao-e-escolha-reflexoes-sobre-o-fim-dos-tempos\/#breadcrumb"},"inLanguage":"pt-BR","potentialAction":[{"@type":"ReadAction","target":["https:\/\/salmosbiblicos.com.br\/index.php\/2026\/03\/29\/separacao-e-escolha-reflexoes-sobre-o-fim-dos-tempos\/"]}]},{"@type":"BreadcrumbList","@id":"https:\/\/salmosbiblicos.com.br\/index.php\/2026\/03\/29\/separacao-e-escolha-reflexoes-sobre-o-fim-dos-tempos\/#breadcrumb","itemListElement":[{"@type":"ListItem","position":1,"name":"Home","item":"https:\/\/salmosbiblicos.com.br\/"},{"@type":"ListItem","position":2,"name":"Separa\u00e7\u00e3o e Escolha: Reflex\u00f5es sobre o Fim dos Tempos"}]},{"@type":"WebSite","@id":"https:\/\/salmosbiblicos.com.br\/#website","url":"https:\/\/salmosbiblicos.com.br\/","name":"Salmos B\u00edblicos","description":"Uma e-Livraria com e-Books novos para voc\u00ea refletir.","potentialAction":[{"@type":"SearchAction","target":{"@type":"EntryPoint","urlTemplate":"https:\/\/salmosbiblicos.com.br\/?s={search_term_string}"},"query-input":{"@type":"PropertyValueSpecification","valueRequired":true,"valueName":"search_term_string"}}],"inLanguage":"pt-BR"},{"@type":"Person","@id":"https:\/\/salmosbiblicos.com.br\/#\/schema\/person\/30586d0fb3f3a46b78a3414fc39cc975","name":"alextreh@gmail.com","image":{"@type":"ImageObject","inLanguage":"pt-BR","@id":"https:\/\/secure.gravatar.com\/avatar\/7cf84d31f581ec97b887c1039d478a7c293086896c84951a86753fb2c2af7527?s=96&d=mm&r=g","url":"https:\/\/secure.gravatar.com\/avatar\/7cf84d31f581ec97b887c1039d478a7c293086896c84951a86753fb2c2af7527?s=96&d=mm&r=g","contentUrl":"https:\/\/secure.gravatar.com\/avatar\/7cf84d31f581ec97b887c1039d478a7c293086896c84951a86753fb2c2af7527?s=96&d=mm&r=g","caption":"alextreh@gmail.com"},"sameAs":["http:\/\/salmosbiblicos.com.br"],"url":"https:\/\/salmosbiblicos.com.br\/index.php\/author\/alextrehgmail-com\/"}]}},"_links":{"self":[{"href":"https:\/\/salmosbiblicos.com.br\/index.php\/wp-json\/wp\/v2\/posts\/5876","targetHints":{"allow":["GET"]}}],"collection":[{"href":"https:\/\/salmosbiblicos.com.br\/index.php\/wp-json\/wp\/v2\/posts"}],"about":[{"href":"https:\/\/salmosbiblicos.com.br\/index.php\/wp-json\/wp\/v2\/types\/post"}],"author":[{"embeddable":true,"href":"https:\/\/salmosbiblicos.com.br\/index.php\/wp-json\/wp\/v2\/users\/1"}],"replies":[{"embeddable":true,"href":"https:\/\/salmosbiblicos.com.br\/index.php\/wp-json\/wp\/v2\/comments?post=5876"}],"version-history":[{"count":1,"href":"https:\/\/salmosbiblicos.com.br\/index.php\/wp-json\/wp\/v2\/posts\/5876\/revisions"}],"predecessor-version":[{"id":5877,"href":"https:\/\/salmosbiblicos.com.br\/index.php\/wp-json\/wp\/v2\/posts\/5876\/revisions\/5877"}],"wp:attachment":[{"href":"https:\/\/salmosbiblicos.com.br\/index.php\/wp-json\/wp\/v2\/media?parent=5876"}],"wp:term":[{"taxonomy":"category","embeddable":true,"href":"https:\/\/salmosbiblicos.com.br\/index.php\/wp-json\/wp\/v2\/categories?post=5876"},{"taxonomy":"post_tag","embeddable":true,"href":"https:\/\/salmosbiblicos.com.br\/index.php\/wp-json\/wp\/v2\/tags?post=5876"}],"curies":[{"name":"wp","href":"https:\/\/api.w.org\/{rel}","templated":true}]}}