{"id":5890,"date":"2026-03-29T11:35:05","date_gmt":"2026-03-29T14:35:05","guid":{"rendered":"https:\/\/salmosbiblicos.com.br\/?p=5890"},"modified":"2026-03-29T11:35:05","modified_gmt":"2026-03-29T14:35:05","slug":"coracao-endurecido-como-a-palavra-ilumina-a-escuridao-interior","status":"publish","type":"post","link":"https:\/\/salmosbiblicos.com.br\/index.php\/2026\/03\/29\/coracao-endurecido-como-a-palavra-ilumina-a-escuridao-interior\/","title":{"rendered":"Cora\u00e7\u00e3o Endurecido: Como a Palavra Ilumina a Escurid\u00e3o Interior"},"content":{"rendered":"<p>## O Cora\u00e7\u00e3o Endurecido e a Luz da Palavra<\/p>\n<p>\u00c9 f\u00e1cil nos fecharmos para o que realmente importa, construir barreiras invis\u00edveis que nos impedem de sentir a presen\u00e7a divina em nossas vidas. Quantas vezes nos permitimos que o cansa\u00e7o, a decep\u00e7\u00e3o ou o orgulho obscure\u00e7am a clareza da verdade? Hoje, convido-vos a uma reflex\u00e3o profunda sobre a fragilidade do nosso cora\u00e7\u00e3o e a import\u00e2ncia de permanecermos abertos \u00e0 Palavra.<\/p>\n<p>### A Voz que N\u00e3o \u00c9 Ouvida<\/p>\n<p>O s\u00e1bio nos relata uma par\u00e1bola: a de um povo que, embora ou\u00e7a as palavras, n\u00e3o as compreende. A verdade permanece escondida, como um tesouro enterrado sob camadas de indiferen\u00e7a. A raz\u00e3o? **O cora\u00e7\u00e3o torna-se endurecido**, insens\u00edvel \u00e0 mensagem que poderia transformar a vida.<\/p>\n<p>Ele nos alerta: &#8220;Aquele que tem entendimento ainda mais o ter\u00e1, mas aquele que n\u00e3o tem, at\u00e9 o que tem lhe ser\u00e1 tirado.&#8221; N\u00e3o \u00e9 uma amea\u00e7a, mas uma constata\u00e7\u00e3o da lei da vida: a gra\u00e7a se multiplica para aqueles que a acolhem, enquanto a indiferen\u00e7a leva \u00e0 perda do que j\u00e1 possu\u00edmos.<\/p>\n<p>### A Vontade que Cega<\/p>\n<p>Mas a raiz do problema n\u00e3o reside apenas na falta de compreens\u00e3o. \u00c9, muitas vezes, a nossa pr\u00f3pria **vontade** que nos impede de ver a luz. Ouvimos a palavra, sim, mas a rejeitamos quando ela nos desafia a mudar, a perdoar, a amar.<\/p>\n<p>Ele nos convida a abrir o cora\u00e7\u00e3o, a nos perguntarmos: &#8220;O que o Senhor me fala hoje?&#8221;. A resposta n\u00e3o vir\u00e1 da nossa l\u00f3gica, mas da intui\u00e7\u00e3o que reside em nosso \u00edntimo, aquela voz que nos guia na dire\u00e7\u00e3o do bem. A palavra revela a vontade de Deus para a nossa vida, mas para que essa vontade se cumpra, \u00e9 preciso a nossa disposi\u00e7\u00e3o em segui-la.<\/p>\n<p>### O Cora\u00e7\u00e3o Insens\u00edvel<\/p>\n<p>O livro de Romanos nos revela a triste realidade daqueles que se afastam de Deus: &#8220;Conhecendo a Deus, eles n\u00e3o o glorificaram como Deus, nem lhe deram gra\u00e7as&#8221;. Eles preferiram os seus pr\u00f3prios desejos, os seus pr\u00f3prios &#8220;v\u00e3os pensamentos&#8221;, e assim, **o seu cora\u00e7\u00e3o tornou-se insens\u00edvel**.<\/p>\n<p>A influ\u00eancia do mundo pode obscurecer a nossa intelig\u00eancia, impedindo-nos de perceber a gl\u00f3ria da luz do Evangelho.  Ef\u00e9sios nos adverte: &#8220;Sua intelig\u00eancia foi obscurecida, sua ignor\u00e2ncia e endurecimento do cora\u00e7\u00e3o os mant\u00eam afastados da vida de Deus.&#8221;<\/p>\n<p>### A Escolha do Caminho<\/p>\n<p>Essa obscuridade, essa dist\u00e2ncia de Deus, \u00e9 uma escolha.  Hebreus nos lembra das consequ\u00eancias da rebeli\u00e3o no deserto, quando os pais endureceram o cora\u00e7\u00e3o e foram impedidos de entrar na terra prometida. N\u00e3o permitamos que a nossa obstina\u00e7\u00e3o nos condene a um destino semelhante.<\/p>\n<p>Que possamos, em vez disso, abrir o cora\u00e7\u00e3o, permitir que a Palavra penetre em nossa alma, que nos cure e nos transforme. Que nos afastemos da influ\u00eancia do mundo e nos aproximemos da fonte inesgot\u00e1vel de amor e gra\u00e7a.<\/p>\n<p>### A Esperan\u00e7a da Renova\u00e7\u00e3o<\/p>\n<p>A Palavra nos oferece a esperan\u00e7a da renova\u00e7\u00e3o.  N\u00e3o estamos fadados a permanecer com o cora\u00e7\u00e3o endurecido. Podemos, a qualquer momento, escolher a humildade, a abertura, a f\u00e9.  Que possamos declarar, com sinceridade: &#8220;Eu n\u00e3o vou fechar o cora\u00e7\u00e3o para a tua palavra, eu n\u00e3o vou fechar o meu cora\u00e7\u00e3o para a tua palavra!&#8221;<\/p>\n<p>Que a gra\u00e7a do Pai, do Filho e do Esp\u00edrito Santo esteja conosco. E que a luz da Palavra ilumine o nosso caminho.<\/p>\n","protected":false},"excerpt":{"rendered":"<p>## O Cora\u00e7\u00e3o Endurecido e a Luz da Palavra \u00c9 f\u00e1cil nos fecharmos para o que realmente importa, construir barreiras invis\u00edveis que nos impedem de sentir a presen\u00e7a divina em nossas vidas. Quantas vezes nos permitimos que o cansa\u00e7o, a decep\u00e7\u00e3o ou o orgulho obscure\u00e7am a clareza da verdade? Hoje, convido-vos a uma reflex\u00e3o profunda [&hellip;]<\/p>\n","protected":false},"author":1,"featured_media":0,"comment_status":"closed","ping_status":"open","sticky":false,"template":"","format":"standard","meta":{"footnotes":""},"categories":[14],"tags":[],"class_list":["post-5890","post","type-post","status-publish","format-standard","hentry","category-reflexao"],"yoast_head":"<!-- This site is optimized with the Yoast SEO plugin v27.2 - https:\/\/yoast.com\/product\/yoast-seo-wordpress\/ -->\n<title>Cora\u00e7\u00e3o Endurecido: Como a Palavra Ilumina a Escurid\u00e3o Interior - Salmos B\u00edblicos<\/title>\n<meta name=\"robots\" content=\"index, follow, max-snippet:-1, max-image-preview:large, max-video-preview:-1\" \/>\n<link rel=\"canonical\" href=\"https:\/\/salmosbiblicos.com.br\/index.php\/2026\/03\/29\/coracao-endurecido-como-a-palavra-ilumina-a-escuridao-interior\/\" \/>\n<meta property=\"og:locale\" content=\"pt_BR\" \/>\n<meta property=\"og:type\" content=\"article\" \/>\n<meta property=\"og:title\" content=\"Cora\u00e7\u00e3o Endurecido: Como a Palavra Ilumina a Escurid\u00e3o Interior - Salmos B\u00edblicos\" \/>\n<meta property=\"og:description\" content=\"## O Cora\u00e7\u00e3o Endurecido e a Luz da Palavra \u00c9 f\u00e1cil nos fecharmos para o que realmente importa, construir barreiras invis\u00edveis que nos impedem de sentir a presen\u00e7a divina em nossas vidas. Quantas vezes nos permitimos que o cansa\u00e7o, a decep\u00e7\u00e3o ou o orgulho obscure\u00e7am a clareza da verdade? Hoje, convido-vos a uma reflex\u00e3o profunda [&hellip;]\" \/>\n<meta property=\"og:url\" content=\"https:\/\/salmosbiblicos.com.br\/index.php\/2026\/03\/29\/coracao-endurecido-como-a-palavra-ilumina-a-escuridao-interior\/\" \/>\n<meta property=\"og:site_name\" content=\"Salmos B\u00edblicos\" \/>\n<meta property=\"article:published_time\" content=\"2026-03-29T14:35:05+00:00\" \/>\n<meta name=\"author\" content=\"alextreh@gmail.com\" \/>\n<meta name=\"twitter:card\" content=\"summary_large_image\" \/>\n<meta name=\"twitter:label1\" content=\"Escrito por\" \/>\n\t<meta name=\"twitter:data1\" content=\"alextreh@gmail.com\" \/>\n\t<meta name=\"twitter:label2\" content=\"Est. tempo de leitura\" \/>\n\t<meta name=\"twitter:data2\" content=\"3 minutos\" \/>\n<script type=\"application\/ld+json\" class=\"yoast-schema-graph\">{\"@context\":\"https:\/\/schema.org\",\"@graph\":[{\"@type\":\"Article\",\"@id\":\"https:\/\/salmosbiblicos.com.br\/index.php\/2026\/03\/29\/coracao-endurecido-como-a-palavra-ilumina-a-escuridao-interior\/#article\",\"isPartOf\":{\"@id\":\"https:\/\/salmosbiblicos.com.br\/index.php\/2026\/03\/29\/coracao-endurecido-como-a-palavra-ilumina-a-escuridao-interior\/\"},\"author\":{\"name\":\"alextreh@gmail.com\",\"@id\":\"https:\/\/salmosbiblicos.com.br\/#\/schema\/person\/30586d0fb3f3a46b78a3414fc39cc975\"},\"headline\":\"Cora\u00e7\u00e3o Endurecido: Como a Palavra Ilumina a Escurid\u00e3o Interior\",\"datePublished\":\"2026-03-29T14:35:05+00:00\",\"mainEntityOfPage\":{\"@id\":\"https:\/\/salmosbiblicos.com.br\/index.php\/2026\/03\/29\/coracao-endurecido-como-a-palavra-ilumina-a-escuridao-interior\/\"},\"wordCount\":615,\"articleSection\":[\"Reflex\u00e3o\"],\"inLanguage\":\"pt-BR\"},{\"@type\":\"WebPage\",\"@id\":\"https:\/\/salmosbiblicos.com.br\/index.php\/2026\/03\/29\/coracao-endurecido-como-a-palavra-ilumina-a-escuridao-interior\/\",\"url\":\"https:\/\/salmosbiblicos.com.br\/index.php\/2026\/03\/29\/coracao-endurecido-como-a-palavra-ilumina-a-escuridao-interior\/\",\"name\":\"Cora\u00e7\u00e3o Endurecido: Como a Palavra Ilumina a Escurid\u00e3o Interior - Salmos B\u00edblicos\",\"isPartOf\":{\"@id\":\"https:\/\/salmosbiblicos.com.br\/#website\"},\"datePublished\":\"2026-03-29T14:35:05+00:00\",\"author\":{\"@id\":\"https:\/\/salmosbiblicos.com.br\/#\/schema\/person\/30586d0fb3f3a46b78a3414fc39cc975\"},\"breadcrumb\":{\"@id\":\"https:\/\/salmosbiblicos.com.br\/index.php\/2026\/03\/29\/coracao-endurecido-como-a-palavra-ilumina-a-escuridao-interior\/#breadcrumb\"},\"inLanguage\":\"pt-BR\",\"potentialAction\":[{\"@type\":\"ReadAction\",\"target\":[\"https:\/\/salmosbiblicos.com.br\/index.php\/2026\/03\/29\/coracao-endurecido-como-a-palavra-ilumina-a-escuridao-interior\/\"]}]},{\"@type\":\"BreadcrumbList\",\"@id\":\"https:\/\/salmosbiblicos.com.br\/index.php\/2026\/03\/29\/coracao-endurecido-como-a-palavra-ilumina-a-escuridao-interior\/#breadcrumb\",\"itemListElement\":[{\"@type\":\"ListItem\",\"position\":1,\"name\":\"Home\",\"item\":\"https:\/\/salmosbiblicos.com.br\/\"},{\"@type\":\"ListItem\",\"position\":2,\"name\":\"Cora\u00e7\u00e3o Endurecido: Como a Palavra Ilumina a Escurid\u00e3o Interior\"}]},{\"@type\":\"WebSite\",\"@id\":\"https:\/\/salmosbiblicos.com.br\/#website\",\"url\":\"https:\/\/salmosbiblicos.com.br\/\",\"name\":\"Salmos B\u00edblicos\",\"description\":\"Uma e-Livraria com e-Books novos para voc\u00ea refletir.\",\"potentialAction\":[{\"@type\":\"SearchAction\",\"target\":{\"@type\":\"EntryPoint\",\"urlTemplate\":\"https:\/\/salmosbiblicos.com.br\/?s={search_term_string}\"},\"query-input\":{\"@type\":\"PropertyValueSpecification\",\"valueRequired\":true,\"valueName\":\"search_term_string\"}}],\"inLanguage\":\"pt-BR\"},{\"@type\":\"Person\",\"@id\":\"https:\/\/salmosbiblicos.com.br\/#\/schema\/person\/30586d0fb3f3a46b78a3414fc39cc975\",\"name\":\"alextreh@gmail.com\",\"image\":{\"@type\":\"ImageObject\",\"inLanguage\":\"pt-BR\",\"@id\":\"https:\/\/secure.gravatar.com\/avatar\/7cf84d31f581ec97b887c1039d478a7c293086896c84951a86753fb2c2af7527?s=96&d=mm&r=g\",\"url\":\"https:\/\/secure.gravatar.com\/avatar\/7cf84d31f581ec97b887c1039d478a7c293086896c84951a86753fb2c2af7527?s=96&d=mm&r=g\",\"contentUrl\":\"https:\/\/secure.gravatar.com\/avatar\/7cf84d31f581ec97b887c1039d478a7c293086896c84951a86753fb2c2af7527?s=96&d=mm&r=g\",\"caption\":\"alextreh@gmail.com\"},\"sameAs\":[\"http:\/\/salmosbiblicos.com.br\"],\"url\":\"https:\/\/salmosbiblicos.com.br\/index.php\/author\/alextrehgmail-com\/\"}]}<\/script>\n<!-- \/ Yoast SEO plugin. -->","yoast_head_json":{"title":"Cora\u00e7\u00e3o Endurecido: Como a Palavra Ilumina a Escurid\u00e3o Interior - Salmos B\u00edblicos","robots":{"index":"index","follow":"follow","max-snippet":"max-snippet:-1","max-image-preview":"max-image-preview:large","max-video-preview":"max-video-preview:-1"},"canonical":"https:\/\/salmosbiblicos.com.br\/index.php\/2026\/03\/29\/coracao-endurecido-como-a-palavra-ilumina-a-escuridao-interior\/","og_locale":"pt_BR","og_type":"article","og_title":"Cora\u00e7\u00e3o Endurecido: Como a Palavra Ilumina a Escurid\u00e3o Interior - Salmos B\u00edblicos","og_description":"## O Cora\u00e7\u00e3o Endurecido e a Luz da Palavra \u00c9 f\u00e1cil nos fecharmos para o que realmente importa, construir barreiras invis\u00edveis que nos impedem de sentir a presen\u00e7a divina em nossas vidas. Quantas vezes nos permitimos que o cansa\u00e7o, a decep\u00e7\u00e3o ou o orgulho obscure\u00e7am a clareza da verdade? Hoje, convido-vos a uma reflex\u00e3o profunda [&hellip;]","og_url":"https:\/\/salmosbiblicos.com.br\/index.php\/2026\/03\/29\/coracao-endurecido-como-a-palavra-ilumina-a-escuridao-interior\/","og_site_name":"Salmos B\u00edblicos","article_published_time":"2026-03-29T14:35:05+00:00","author":"alextreh@gmail.com","twitter_card":"summary_large_image","twitter_misc":{"Escrito por":"alextreh@gmail.com","Est. tempo de leitura":"3 minutos"},"schema":{"@context":"https:\/\/schema.org","@graph":[{"@type":"Article","@id":"https:\/\/salmosbiblicos.com.br\/index.php\/2026\/03\/29\/coracao-endurecido-como-a-palavra-ilumina-a-escuridao-interior\/#article","isPartOf":{"@id":"https:\/\/salmosbiblicos.com.br\/index.php\/2026\/03\/29\/coracao-endurecido-como-a-palavra-ilumina-a-escuridao-interior\/"},"author":{"name":"alextreh@gmail.com","@id":"https:\/\/salmosbiblicos.com.br\/#\/schema\/person\/30586d0fb3f3a46b78a3414fc39cc975"},"headline":"Cora\u00e7\u00e3o Endurecido: Como a Palavra Ilumina a Escurid\u00e3o Interior","datePublished":"2026-03-29T14:35:05+00:00","mainEntityOfPage":{"@id":"https:\/\/salmosbiblicos.com.br\/index.php\/2026\/03\/29\/coracao-endurecido-como-a-palavra-ilumina-a-escuridao-interior\/"},"wordCount":615,"articleSection":["Reflex\u00e3o"],"inLanguage":"pt-BR"},{"@type":"WebPage","@id":"https:\/\/salmosbiblicos.com.br\/index.php\/2026\/03\/29\/coracao-endurecido-como-a-palavra-ilumina-a-escuridao-interior\/","url":"https:\/\/salmosbiblicos.com.br\/index.php\/2026\/03\/29\/coracao-endurecido-como-a-palavra-ilumina-a-escuridao-interior\/","name":"Cora\u00e7\u00e3o Endurecido: Como a Palavra Ilumina a Escurid\u00e3o Interior - Salmos B\u00edblicos","isPartOf":{"@id":"https:\/\/salmosbiblicos.com.br\/#website"},"datePublished":"2026-03-29T14:35:05+00:00","author":{"@id":"https:\/\/salmosbiblicos.com.br\/#\/schema\/person\/30586d0fb3f3a46b78a3414fc39cc975"},"breadcrumb":{"@id":"https:\/\/salmosbiblicos.com.br\/index.php\/2026\/03\/29\/coracao-endurecido-como-a-palavra-ilumina-a-escuridao-interior\/#breadcrumb"},"inLanguage":"pt-BR","potentialAction":[{"@type":"ReadAction","target":["https:\/\/salmosbiblicos.com.br\/index.php\/2026\/03\/29\/coracao-endurecido-como-a-palavra-ilumina-a-escuridao-interior\/"]}]},{"@type":"BreadcrumbList","@id":"https:\/\/salmosbiblicos.com.br\/index.php\/2026\/03\/29\/coracao-endurecido-como-a-palavra-ilumina-a-escuridao-interior\/#breadcrumb","itemListElement":[{"@type":"ListItem","position":1,"name":"Home","item":"https:\/\/salmosbiblicos.com.br\/"},{"@type":"ListItem","position":2,"name":"Cora\u00e7\u00e3o Endurecido: Como a Palavra Ilumina a Escurid\u00e3o Interior"}]},{"@type":"WebSite","@id":"https:\/\/salmosbiblicos.com.br\/#website","url":"https:\/\/salmosbiblicos.com.br\/","name":"Salmos B\u00edblicos","description":"Uma e-Livraria com e-Books novos para voc\u00ea refletir.","potentialAction":[{"@type":"SearchAction","target":{"@type":"EntryPoint","urlTemplate":"https:\/\/salmosbiblicos.com.br\/?s={search_term_string}"},"query-input":{"@type":"PropertyValueSpecification","valueRequired":true,"valueName":"search_term_string"}}],"inLanguage":"pt-BR"},{"@type":"Person","@id":"https:\/\/salmosbiblicos.com.br\/#\/schema\/person\/30586d0fb3f3a46b78a3414fc39cc975","name":"alextreh@gmail.com","image":{"@type":"ImageObject","inLanguage":"pt-BR","@id":"https:\/\/secure.gravatar.com\/avatar\/7cf84d31f581ec97b887c1039d478a7c293086896c84951a86753fb2c2af7527?s=96&d=mm&r=g","url":"https:\/\/secure.gravatar.com\/avatar\/7cf84d31f581ec97b887c1039d478a7c293086896c84951a86753fb2c2af7527?s=96&d=mm&r=g","contentUrl":"https:\/\/secure.gravatar.com\/avatar\/7cf84d31f581ec97b887c1039d478a7c293086896c84951a86753fb2c2af7527?s=96&d=mm&r=g","caption":"alextreh@gmail.com"},"sameAs":["http:\/\/salmosbiblicos.com.br"],"url":"https:\/\/salmosbiblicos.com.br\/index.php\/author\/alextrehgmail-com\/"}]}},"_links":{"self":[{"href":"https:\/\/salmosbiblicos.com.br\/index.php\/wp-json\/wp\/v2\/posts\/5890","targetHints":{"allow":["GET"]}}],"collection":[{"href":"https:\/\/salmosbiblicos.com.br\/index.php\/wp-json\/wp\/v2\/posts"}],"about":[{"href":"https:\/\/salmosbiblicos.com.br\/index.php\/wp-json\/wp\/v2\/types\/post"}],"author":[{"embeddable":true,"href":"https:\/\/salmosbiblicos.com.br\/index.php\/wp-json\/wp\/v2\/users\/1"}],"replies":[{"embeddable":true,"href":"https:\/\/salmosbiblicos.com.br\/index.php\/wp-json\/wp\/v2\/comments?post=5890"}],"version-history":[{"count":1,"href":"https:\/\/salmosbiblicos.com.br\/index.php\/wp-json\/wp\/v2\/posts\/5890\/revisions"}],"predecessor-version":[{"id":5891,"href":"https:\/\/salmosbiblicos.com.br\/index.php\/wp-json\/wp\/v2\/posts\/5890\/revisions\/5891"}],"wp:attachment":[{"href":"https:\/\/salmosbiblicos.com.br\/index.php\/wp-json\/wp\/v2\/media?parent=5890"}],"wp:term":[{"taxonomy":"category","embeddable":true,"href":"https:\/\/salmosbiblicos.com.br\/index.php\/wp-json\/wp\/v2\/categories?post=5890"},{"taxonomy":"post_tag","embeddable":true,"href":"https:\/\/salmosbiblicos.com.br\/index.php\/wp-json\/wp\/v2\/tags?post=5890"}],"curies":[{"name":"wp","href":"https:\/\/api.w.org\/{rel}","templated":true}]}}