{"id":5892,"date":"2026-03-29T11:41:53","date_gmt":"2026-03-29T14:41:53","guid":{"rendered":"https:\/\/salmosbiblicos.com.br\/?p=5892"},"modified":"2026-03-29T11:41:53","modified_gmt":"2026-03-29T14:41:53","slug":"proteja-a-palavra-como-a-fe-resiste-as-duvidas-e-tentacao","status":"publish","type":"post","link":"https:\/\/salmosbiblicos.com.br\/index.php\/2026\/03\/29\/proteja-a-palavra-como-a-fe-resiste-as-duvidas-e-tentacao\/","title":{"rendered":"Proteja a Palavra: Como a F\u00e9 Resiste \u00e0s D\u00favidas e Tenta\u00e7\u00e3o"},"content":{"rendered":"<p>## A Semente e o Vento: Protegendo a Palavra em Nossos Cora\u00e7\u00f5es<\/p>\n<p>H\u00e1 um poder invis\u00edvel em jogo na jornada de cada um de n\u00f3s. Uma for\u00e7a que busca, com ast\u00facia, interromper a semente da esperan\u00e7a antes que ela possa germinar. \u00c9 um desafio que todos enfrentamos: a prote\u00e7\u00e3o da Palavra em nossos cora\u00e7\u00f5es.<\/p>\n<p>### A Par\u00e1bola do Semeador<\/p>\n<p>Em uma das par\u00e1bolas, encontramos uma imagem poderosa sobre a fragilidade da f\u00e9. Um semeador lan\u00e7a suas sementes, mas nem todas encontram solo f\u00e9rtil. Algumas caem na beira do caminho, outras em terra pedregosa, outras ainda entre espinhos. E, de todas, algumas encontram solo bom.<\/p>\n<p>Mas o que nos chama a aten\u00e7\u00e3o \u00e9 a semente \u00e0 beira do caminho, **que os p\u00e1ssaros vieram e comeram**. O pr\u00f3prio Jesus nos revela que estes p\u00e1ssaros representam o diabo, aquele que busca **roubar a palavra do cora\u00e7\u00e3o** antes que ela possa gerar frutos.<\/p>\n<p>### A Cegueira do Esp\u00edrito<\/p>\n<p>\u00c9 alarmante perceber como a sombra da descren\u00e7a pode obscurecer a compreens\u00e3o da Palavra. O diabo, **o Deus deste mundo**, ofusca a raz\u00e3o, impede a percep\u00e7\u00e3o da luz do Evangelho. Assim, a pessoa pode ouvir a mensagem, mas n\u00e3o a compreende. A sua intelig\u00eancia \u00e9 obscurecida e o seu cora\u00e7\u00e3o, endurecido.<\/p>\n<p>Aqueles que n\u00e3o a compreendem, fecham os olhos e hindurecem o cora\u00e7\u00e3o, para que n\u00e3o vejam e n\u00e3o entendam, e se convertam. Eles escutam, mas a mensagem n\u00e3o penetra.<\/p>\n<p>### A F\u00e9 e a Prote\u00e7\u00e3o Divina<\/p>\n<p>Mas por que o diabo se esfor\u00e7a tanto para roubar a Palavra? A resposta reside na pr\u00f3pria ess\u00eancia da f\u00e9. A f\u00e9 prov\u00e9m da prega\u00e7\u00e3o, e a prega\u00e7\u00e3o nasce da Palavra de Cristo. \u00c9 atrav\u00e9s da f\u00e9 que somos salvos.<\/p>\n<p>Assim, o diabo, em sua oposi\u00e7\u00e3o \u00e0 salva\u00e7\u00e3o, busca impedir que a Palavra germine em nossos cora\u00e7\u00f5es, que a f\u00e9 flores\u00e7a em nossas almas. Ele se op\u00f5e a tudo aquilo que nos conecta com a gra\u00e7a divina.<\/p>\n<p>### A Armadura da Esperan\u00e7a<\/p>\n<p>Como, ent\u00e3o, podemos nos proteger contra esse roubo sutil e insidioso?<\/p>\n<p>*   **Busque a Palavra:** Alimente sua alma com a leitura e a medita\u00e7\u00e3o nas escrituras.<br \/>*   **Reze com fervor:** Pe\u00e7a a Deus que ilumine sua compreens\u00e3o e proteja seu cora\u00e7\u00e3o.<br \/>*   **Viva na verdade:** Procure discernir a verdade da mentira, a luz das trevas.<br \/>*   **Fortale\u00e7a a f\u00e9:** Aprofunde seu relacionamento com Deus, buscando Sua presen\u00e7a em cada momento.<\/p>\n<p>Que a Palavra habite em seu interior, gerando f\u00e9 e esperan\u00e7a. E que voc\u00ea possa declarar, com convic\u00e7\u00e3o: &#8220;Uma ligno n\u00e3o vai roubar a palavra do meu cora\u00e7\u00e3o.&#8221;<\/p>\n<p>Que a gra\u00e7a de Deus nos guie e nos proteja em nossa jornada.<\/p>\n","protected":false},"excerpt":{"rendered":"<p>## A Semente e o Vento: Protegendo a Palavra em Nossos Cora\u00e7\u00f5es H\u00e1 um poder invis\u00edvel em jogo na jornada de cada um de n\u00f3s. Uma for\u00e7a que busca, com ast\u00facia, interromper a semente da esperan\u00e7a antes que ela possa germinar. \u00c9 um desafio que todos enfrentamos: a prote\u00e7\u00e3o da Palavra em nossos cora\u00e7\u00f5es. ### [&hellip;]<\/p>\n","protected":false},"author":1,"featured_media":0,"comment_status":"closed","ping_status":"open","sticky":false,"template":"","format":"standard","meta":{"footnotes":""},"categories":[14],"tags":[],"class_list":["post-5892","post","type-post","status-publish","format-standard","hentry","category-reflexao"],"yoast_head":"<!-- This site is optimized with the Yoast SEO plugin v27.2 - https:\/\/yoast.com\/product\/yoast-seo-wordpress\/ -->\n<title>Proteja a Palavra: Como a F\u00e9 Resiste \u00e0s D\u00favidas e Tenta\u00e7\u00e3o - Salmos B\u00edblicos<\/title>\n<meta name=\"robots\" content=\"index, follow, max-snippet:-1, max-image-preview:large, max-video-preview:-1\" \/>\n<link rel=\"canonical\" href=\"https:\/\/salmosbiblicos.com.br\/index.php\/2026\/03\/29\/proteja-a-palavra-como-a-fe-resiste-as-duvidas-e-tentacao\/\" \/>\n<meta property=\"og:locale\" content=\"pt_BR\" \/>\n<meta property=\"og:type\" content=\"article\" \/>\n<meta property=\"og:title\" content=\"Proteja a Palavra: Como a F\u00e9 Resiste \u00e0s D\u00favidas e Tenta\u00e7\u00e3o - Salmos B\u00edblicos\" \/>\n<meta property=\"og:description\" content=\"## A Semente e o Vento: Protegendo a Palavra em Nossos Cora\u00e7\u00f5es H\u00e1 um poder invis\u00edvel em jogo na jornada de cada um de n\u00f3s. Uma for\u00e7a que busca, com ast\u00facia, interromper a semente da esperan\u00e7a antes que ela possa germinar. \u00c9 um desafio que todos enfrentamos: a prote\u00e7\u00e3o da Palavra em nossos cora\u00e7\u00f5es. ### [&hellip;]\" \/>\n<meta property=\"og:url\" content=\"https:\/\/salmosbiblicos.com.br\/index.php\/2026\/03\/29\/proteja-a-palavra-como-a-fe-resiste-as-duvidas-e-tentacao\/\" \/>\n<meta property=\"og:site_name\" content=\"Salmos B\u00edblicos\" \/>\n<meta property=\"article:published_time\" content=\"2026-03-29T14:41:53+00:00\" \/>\n<meta name=\"author\" content=\"alextreh@gmail.com\" \/>\n<meta name=\"twitter:card\" content=\"summary_large_image\" \/>\n<meta name=\"twitter:label1\" content=\"Escrito por\" \/>\n\t<meta name=\"twitter:data1\" content=\"alextreh@gmail.com\" \/>\n\t<meta name=\"twitter:label2\" content=\"Est. tempo de leitura\" \/>\n\t<meta name=\"twitter:data2\" content=\"2 minutos\" \/>\n<script type=\"application\/ld+json\" class=\"yoast-schema-graph\">{\"@context\":\"https:\/\/schema.org\",\"@graph\":[{\"@type\":\"Article\",\"@id\":\"https:\/\/salmosbiblicos.com.br\/index.php\/2026\/03\/29\/proteja-a-palavra-como-a-fe-resiste-as-duvidas-e-tentacao\/#article\",\"isPartOf\":{\"@id\":\"https:\/\/salmosbiblicos.com.br\/index.php\/2026\/03\/29\/proteja-a-palavra-como-a-fe-resiste-as-duvidas-e-tentacao\/\"},\"author\":{\"name\":\"alextreh@gmail.com\",\"@id\":\"https:\/\/salmosbiblicos.com.br\/#\/schema\/person\/30586d0fb3f3a46b78a3414fc39cc975\"},\"headline\":\"Proteja a Palavra: Como a F\u00e9 Resiste \u00e0s D\u00favidas e Tenta\u00e7\u00e3o\",\"datePublished\":\"2026-03-29T14:41:53+00:00\",\"mainEntityOfPage\":{\"@id\":\"https:\/\/salmosbiblicos.com.br\/index.php\/2026\/03\/29\/proteja-a-palavra-como-a-fe-resiste-as-duvidas-e-tentacao\/\"},\"wordCount\":488,\"articleSection\":[\"Reflex\u00e3o\"],\"inLanguage\":\"pt-BR\"},{\"@type\":\"WebPage\",\"@id\":\"https:\/\/salmosbiblicos.com.br\/index.php\/2026\/03\/29\/proteja-a-palavra-como-a-fe-resiste-as-duvidas-e-tentacao\/\",\"url\":\"https:\/\/salmosbiblicos.com.br\/index.php\/2026\/03\/29\/proteja-a-palavra-como-a-fe-resiste-as-duvidas-e-tentacao\/\",\"name\":\"Proteja a Palavra: Como a F\u00e9 Resiste \u00e0s D\u00favidas e Tenta\u00e7\u00e3o - Salmos B\u00edblicos\",\"isPartOf\":{\"@id\":\"https:\/\/salmosbiblicos.com.br\/#website\"},\"datePublished\":\"2026-03-29T14:41:53+00:00\",\"author\":{\"@id\":\"https:\/\/salmosbiblicos.com.br\/#\/schema\/person\/30586d0fb3f3a46b78a3414fc39cc975\"},\"breadcrumb\":{\"@id\":\"https:\/\/salmosbiblicos.com.br\/index.php\/2026\/03\/29\/proteja-a-palavra-como-a-fe-resiste-as-duvidas-e-tentacao\/#breadcrumb\"},\"inLanguage\":\"pt-BR\",\"potentialAction\":[{\"@type\":\"ReadAction\",\"target\":[\"https:\/\/salmosbiblicos.com.br\/index.php\/2026\/03\/29\/proteja-a-palavra-como-a-fe-resiste-as-duvidas-e-tentacao\/\"]}]},{\"@type\":\"BreadcrumbList\",\"@id\":\"https:\/\/salmosbiblicos.com.br\/index.php\/2026\/03\/29\/proteja-a-palavra-como-a-fe-resiste-as-duvidas-e-tentacao\/#breadcrumb\",\"itemListElement\":[{\"@type\":\"ListItem\",\"position\":1,\"name\":\"Home\",\"item\":\"https:\/\/salmosbiblicos.com.br\/\"},{\"@type\":\"ListItem\",\"position\":2,\"name\":\"Proteja a Palavra: Como a F\u00e9 Resiste \u00e0s D\u00favidas e Tenta\u00e7\u00e3o\"}]},{\"@type\":\"WebSite\",\"@id\":\"https:\/\/salmosbiblicos.com.br\/#website\",\"url\":\"https:\/\/salmosbiblicos.com.br\/\",\"name\":\"Salmos B\u00edblicos\",\"description\":\"Uma e-Livraria com e-Books novos para voc\u00ea refletir.\",\"potentialAction\":[{\"@type\":\"SearchAction\",\"target\":{\"@type\":\"EntryPoint\",\"urlTemplate\":\"https:\/\/salmosbiblicos.com.br\/?s={search_term_string}\"},\"query-input\":{\"@type\":\"PropertyValueSpecification\",\"valueRequired\":true,\"valueName\":\"search_term_string\"}}],\"inLanguage\":\"pt-BR\"},{\"@type\":\"Person\",\"@id\":\"https:\/\/salmosbiblicos.com.br\/#\/schema\/person\/30586d0fb3f3a46b78a3414fc39cc975\",\"name\":\"alextreh@gmail.com\",\"image\":{\"@type\":\"ImageObject\",\"inLanguage\":\"pt-BR\",\"@id\":\"https:\/\/secure.gravatar.com\/avatar\/7cf84d31f581ec97b887c1039d478a7c293086896c84951a86753fb2c2af7527?s=96&d=mm&r=g\",\"url\":\"https:\/\/secure.gravatar.com\/avatar\/7cf84d31f581ec97b887c1039d478a7c293086896c84951a86753fb2c2af7527?s=96&d=mm&r=g\",\"contentUrl\":\"https:\/\/secure.gravatar.com\/avatar\/7cf84d31f581ec97b887c1039d478a7c293086896c84951a86753fb2c2af7527?s=96&d=mm&r=g\",\"caption\":\"alextreh@gmail.com\"},\"sameAs\":[\"http:\/\/salmosbiblicos.com.br\"],\"url\":\"https:\/\/salmosbiblicos.com.br\/index.php\/author\/alextrehgmail-com\/\"}]}<\/script>\n<!-- \/ Yoast SEO plugin. -->","yoast_head_json":{"title":"Proteja a Palavra: Como a F\u00e9 Resiste \u00e0s D\u00favidas e Tenta\u00e7\u00e3o - Salmos B\u00edblicos","robots":{"index":"index","follow":"follow","max-snippet":"max-snippet:-1","max-image-preview":"max-image-preview:large","max-video-preview":"max-video-preview:-1"},"canonical":"https:\/\/salmosbiblicos.com.br\/index.php\/2026\/03\/29\/proteja-a-palavra-como-a-fe-resiste-as-duvidas-e-tentacao\/","og_locale":"pt_BR","og_type":"article","og_title":"Proteja a Palavra: Como a F\u00e9 Resiste \u00e0s D\u00favidas e Tenta\u00e7\u00e3o - Salmos B\u00edblicos","og_description":"## A Semente e o Vento: Protegendo a Palavra em Nossos Cora\u00e7\u00f5es H\u00e1 um poder invis\u00edvel em jogo na jornada de cada um de n\u00f3s. Uma for\u00e7a que busca, com ast\u00facia, interromper a semente da esperan\u00e7a antes que ela possa germinar. \u00c9 um desafio que todos enfrentamos: a prote\u00e7\u00e3o da Palavra em nossos cora\u00e7\u00f5es. ### [&hellip;]","og_url":"https:\/\/salmosbiblicos.com.br\/index.php\/2026\/03\/29\/proteja-a-palavra-como-a-fe-resiste-as-duvidas-e-tentacao\/","og_site_name":"Salmos B\u00edblicos","article_published_time":"2026-03-29T14:41:53+00:00","author":"alextreh@gmail.com","twitter_card":"summary_large_image","twitter_misc":{"Escrito por":"alextreh@gmail.com","Est. tempo de leitura":"2 minutos"},"schema":{"@context":"https:\/\/schema.org","@graph":[{"@type":"Article","@id":"https:\/\/salmosbiblicos.com.br\/index.php\/2026\/03\/29\/proteja-a-palavra-como-a-fe-resiste-as-duvidas-e-tentacao\/#article","isPartOf":{"@id":"https:\/\/salmosbiblicos.com.br\/index.php\/2026\/03\/29\/proteja-a-palavra-como-a-fe-resiste-as-duvidas-e-tentacao\/"},"author":{"name":"alextreh@gmail.com","@id":"https:\/\/salmosbiblicos.com.br\/#\/schema\/person\/30586d0fb3f3a46b78a3414fc39cc975"},"headline":"Proteja a Palavra: Como a F\u00e9 Resiste \u00e0s D\u00favidas e Tenta\u00e7\u00e3o","datePublished":"2026-03-29T14:41:53+00:00","mainEntityOfPage":{"@id":"https:\/\/salmosbiblicos.com.br\/index.php\/2026\/03\/29\/proteja-a-palavra-como-a-fe-resiste-as-duvidas-e-tentacao\/"},"wordCount":488,"articleSection":["Reflex\u00e3o"],"inLanguage":"pt-BR"},{"@type":"WebPage","@id":"https:\/\/salmosbiblicos.com.br\/index.php\/2026\/03\/29\/proteja-a-palavra-como-a-fe-resiste-as-duvidas-e-tentacao\/","url":"https:\/\/salmosbiblicos.com.br\/index.php\/2026\/03\/29\/proteja-a-palavra-como-a-fe-resiste-as-duvidas-e-tentacao\/","name":"Proteja a Palavra: Como a F\u00e9 Resiste \u00e0s D\u00favidas e Tenta\u00e7\u00e3o - Salmos B\u00edblicos","isPartOf":{"@id":"https:\/\/salmosbiblicos.com.br\/#website"},"datePublished":"2026-03-29T14:41:53+00:00","author":{"@id":"https:\/\/salmosbiblicos.com.br\/#\/schema\/person\/30586d0fb3f3a46b78a3414fc39cc975"},"breadcrumb":{"@id":"https:\/\/salmosbiblicos.com.br\/index.php\/2026\/03\/29\/proteja-a-palavra-como-a-fe-resiste-as-duvidas-e-tentacao\/#breadcrumb"},"inLanguage":"pt-BR","potentialAction":[{"@type":"ReadAction","target":["https:\/\/salmosbiblicos.com.br\/index.php\/2026\/03\/29\/proteja-a-palavra-como-a-fe-resiste-as-duvidas-e-tentacao\/"]}]},{"@type":"BreadcrumbList","@id":"https:\/\/salmosbiblicos.com.br\/index.php\/2026\/03\/29\/proteja-a-palavra-como-a-fe-resiste-as-duvidas-e-tentacao\/#breadcrumb","itemListElement":[{"@type":"ListItem","position":1,"name":"Home","item":"https:\/\/salmosbiblicos.com.br\/"},{"@type":"ListItem","position":2,"name":"Proteja a Palavra: Como a F\u00e9 Resiste \u00e0s D\u00favidas e Tenta\u00e7\u00e3o"}]},{"@type":"WebSite","@id":"https:\/\/salmosbiblicos.com.br\/#website","url":"https:\/\/salmosbiblicos.com.br\/","name":"Salmos B\u00edblicos","description":"Uma e-Livraria com e-Books novos para voc\u00ea refletir.","potentialAction":[{"@type":"SearchAction","target":{"@type":"EntryPoint","urlTemplate":"https:\/\/salmosbiblicos.com.br\/?s={search_term_string}"},"query-input":{"@type":"PropertyValueSpecification","valueRequired":true,"valueName":"search_term_string"}}],"inLanguage":"pt-BR"},{"@type":"Person","@id":"https:\/\/salmosbiblicos.com.br\/#\/schema\/person\/30586d0fb3f3a46b78a3414fc39cc975","name":"alextreh@gmail.com","image":{"@type":"ImageObject","inLanguage":"pt-BR","@id":"https:\/\/secure.gravatar.com\/avatar\/7cf84d31f581ec97b887c1039d478a7c293086896c84951a86753fb2c2af7527?s=96&d=mm&r=g","url":"https:\/\/secure.gravatar.com\/avatar\/7cf84d31f581ec97b887c1039d478a7c293086896c84951a86753fb2c2af7527?s=96&d=mm&r=g","contentUrl":"https:\/\/secure.gravatar.com\/avatar\/7cf84d31f581ec97b887c1039d478a7c293086896c84951a86753fb2c2af7527?s=96&d=mm&r=g","caption":"alextreh@gmail.com"},"sameAs":["http:\/\/salmosbiblicos.com.br"],"url":"https:\/\/salmosbiblicos.com.br\/index.php\/author\/alextrehgmail-com\/"}]}},"_links":{"self":[{"href":"https:\/\/salmosbiblicos.com.br\/index.php\/wp-json\/wp\/v2\/posts\/5892","targetHints":{"allow":["GET"]}}],"collection":[{"href":"https:\/\/salmosbiblicos.com.br\/index.php\/wp-json\/wp\/v2\/posts"}],"about":[{"href":"https:\/\/salmosbiblicos.com.br\/index.php\/wp-json\/wp\/v2\/types\/post"}],"author":[{"embeddable":true,"href":"https:\/\/salmosbiblicos.com.br\/index.php\/wp-json\/wp\/v2\/users\/1"}],"replies":[{"embeddable":true,"href":"https:\/\/salmosbiblicos.com.br\/index.php\/wp-json\/wp\/v2\/comments?post=5892"}],"version-history":[{"count":1,"href":"https:\/\/salmosbiblicos.com.br\/index.php\/wp-json\/wp\/v2\/posts\/5892\/revisions"}],"predecessor-version":[{"id":5893,"href":"https:\/\/salmosbiblicos.com.br\/index.php\/wp-json\/wp\/v2\/posts\/5892\/revisions\/5893"}],"wp:attachment":[{"href":"https:\/\/salmosbiblicos.com.br\/index.php\/wp-json\/wp\/v2\/media?parent=5892"}],"wp:term":[{"taxonomy":"category","embeddable":true,"href":"https:\/\/salmosbiblicos.com.br\/index.php\/wp-json\/wp\/v2\/categories?post=5892"},{"taxonomy":"post_tag","embeddable":true,"href":"https:\/\/salmosbiblicos.com.br\/index.php\/wp-json\/wp\/v2\/tags?post=5892"}],"curies":[{"name":"wp","href":"https:\/\/api.w.org\/{rel}","templated":true}]}}