{"id":5906,"date":"2026-03-29T12:30:39","date_gmt":"2026-03-29T15:30:39","guid":{"rendered":"https:\/\/salmosbiblicos.com.br\/?p=5906"},"modified":"2026-03-29T12:30:39","modified_gmt":"2026-03-29T15:30:39","slug":"mulher-abencoada-reflexoes-sobre-a-graca-divina-e-a-esperanca","status":"publish","type":"post","link":"https:\/\/salmosbiblicos.com.br\/index.php\/2026\/03\/29\/mulher-abencoada-reflexoes-sobre-a-graca-divina-e-a-esperanca\/","title":{"rendered":"Mulher Aben\u00e7oada: Reflex\u00f5es sobre a Gra\u00e7a Divina e a Esperan\u00e7a"},"content":{"rendered":"<p>## A Alegria do Cora\u00e7\u00e3o que Contempla a Bondade Divina<\/p>\n<p>\u00c9 com o cora\u00e7\u00e3o cheio de gratid\u00e3o que nos reunimos para refletir sobre a figura singular de uma mulher aben\u00e7oada, uma alma que irradia a gra\u00e7a divina como poucas. A Escritura nos revela a sua grandeza, proclamando-a bendita, e \u00e9 nesse reconhecimento que nos banharemos nesta medita\u00e7\u00e3o.<\/p>\n<p>### O Poder do Alto que se Manifesta<\/p>\n<p>A alegria genu\u00edna transborda daquele que reconhece a obra poderosa do Senhor. A alma se expande, o esp\u00edrito se eleva em adora\u00e7\u00e3o quando compreendemos que a grandeza divina se manifesta em nossas vidas, mesmo em meio \u00e0 nossa pequenez. Que podemos aprender com a experi\u00eancia daquela que, humilde, reconheceu a for\u00e7a do Alt\u00edssimo agindo em seu favor.<\/p>\n<p>### Gera\u00e7\u00f5es Aben\u00e7oadas<\/p>\n<p>O c\u00e2ntico da gratid\u00e3o ressoa atrav\u00e9s dos s\u00e9culos. &#8220;O poderoso fez por mim maravilhas&#8221;, proclamou ela. Que possamos, n\u00f3s tamb\u00e9m, reconhecer as maravilhas que o Senhor realiza em nossa jornada, e que a nossa gera\u00e7\u00e3o se una em coro, chamando-a de bendita, a m\u00e3e de Jesus. N\u00e3o se trata de arrog\u00e2ncia, mas de um reconhecimento profundo da gra\u00e7a que a envolve.<\/p>\n<p>### A Nova Cria\u00e7\u00e3o<\/p>\n<p>A hist\u00f3ria do ser humano \u00e9 marcada pela fragilidade e pela falibilidade. Mas, em meio a essa realidade, Deus oferece um caminho de reden\u00e7\u00e3o e renova\u00e7\u00e3o. Da mesma forma que a fragilidade humana abriu portas para a desgra\u00e7a, a gra\u00e7a divina, personificada em Maria, inaugura uma nova cria\u00e7\u00e3o, uma era de esperan\u00e7a e salva\u00e7\u00e3o.<\/p>\n<p>### A M\u00e3e que Carrega a Divindade<\/p>\n<p>Que privil\u00e9gio imenso \u00e9 aquele que a carrega em seu ventre! Ela \u00e9 aben\u00e7oada, pois acolheu em seu cora\u00e7\u00e3o o pr\u00f3prio Deus. Que estejamos abertos para reconhecer e exaltar a sua import\u00e2ncia, sem medo de proclamar a verdade contida nas Escrituras. **Aquele que carrega Deus em si \u00e9, por certo, aben\u00e7oado.**<\/p>\n<p>### Uma Exalta\u00e7\u00e3o ao Sacrif\u00edcio e \u00e0 F\u00e9<\/p>\n<p>A humildade \u00e9 a porta de entrada para a gra\u00e7a divina. Aqueles que se entregam de corpo e alma, que oferecem seus dias e seus esfor\u00e7os em adora\u00e7\u00e3o, ser\u00e3o recompensados com a luz da f\u00e9 e a certeza do amor do Senhor. <\/p>\n<p>*   Dedique tempo \u00e0 ora\u00e7\u00e3o, buscando a presen\u00e7a de Deus em sil\u00eancio e adora\u00e7\u00e3o.<br \/>*   Compartilhe a sua f\u00e9 com aqueles que precisam de esperan\u00e7a e de consolo.<br \/>*   Reconhe\u00e7a as b\u00ean\u00e7\u00e3os que o Senhor concede em cada dia da sua vida.<\/p>\n<p>Que possamos, ent\u00e3o, elevar a nossa voz em gratid\u00e3o, clamando: &#8220;A m\u00e3e de Jesus \u00e9 minha m\u00e3e, e ela \u00e9 bendita!&#8221; Que a nossa f\u00e9 seja forte e a nossa esperan\u00e7a inabal\u00e1vel, pois o Senhor est\u00e1 conosco, pronto para nos aben\u00e7oar e nos guiar.<\/p>\n","protected":false},"excerpt":{"rendered":"<p>## A Alegria do Cora\u00e7\u00e3o que Contempla a Bondade Divina \u00c9 com o cora\u00e7\u00e3o cheio de gratid\u00e3o que nos reunimos para refletir sobre a figura singular de uma mulher aben\u00e7oada, uma alma que irradia a gra\u00e7a divina como poucas. A Escritura nos revela a sua grandeza, proclamando-a bendita, e \u00e9 nesse reconhecimento que nos banharemos [&hellip;]<\/p>\n","protected":false},"author":1,"featured_media":0,"comment_status":"closed","ping_status":"open","sticky":false,"template":"","format":"standard","meta":{"footnotes":""},"categories":[14],"tags":[],"class_list":["post-5906","post","type-post","status-publish","format-standard","hentry","category-reflexao"],"yoast_head":"<!-- This site is optimized with the Yoast SEO plugin v27.2 - https:\/\/yoast.com\/product\/yoast-seo-wordpress\/ -->\n<title>Mulher Aben\u00e7oada: Reflex\u00f5es sobre a Gra\u00e7a Divina e a Esperan\u00e7a - Salmos B\u00edblicos<\/title>\n<meta name=\"robots\" content=\"index, follow, max-snippet:-1, max-image-preview:large, max-video-preview:-1\" \/>\n<link rel=\"canonical\" href=\"https:\/\/salmosbiblicos.com.br\/index.php\/2026\/03\/29\/mulher-abencoada-reflexoes-sobre-a-graca-divina-e-a-esperanca\/\" \/>\n<meta property=\"og:locale\" content=\"pt_BR\" \/>\n<meta property=\"og:type\" content=\"article\" \/>\n<meta property=\"og:title\" content=\"Mulher Aben\u00e7oada: Reflex\u00f5es sobre a Gra\u00e7a Divina e a Esperan\u00e7a - Salmos B\u00edblicos\" \/>\n<meta property=\"og:description\" content=\"## A Alegria do Cora\u00e7\u00e3o que Contempla a Bondade Divina \u00c9 com o cora\u00e7\u00e3o cheio de gratid\u00e3o que nos reunimos para refletir sobre a figura singular de uma mulher aben\u00e7oada, uma alma que irradia a gra\u00e7a divina como poucas. A Escritura nos revela a sua grandeza, proclamando-a bendita, e \u00e9 nesse reconhecimento que nos banharemos [&hellip;]\" \/>\n<meta property=\"og:url\" content=\"https:\/\/salmosbiblicos.com.br\/index.php\/2026\/03\/29\/mulher-abencoada-reflexoes-sobre-a-graca-divina-e-a-esperanca\/\" \/>\n<meta property=\"og:site_name\" content=\"Salmos B\u00edblicos\" \/>\n<meta property=\"article:published_time\" content=\"2026-03-29T15:30:39+00:00\" \/>\n<meta name=\"author\" content=\"alextreh@gmail.com\" \/>\n<meta name=\"twitter:card\" content=\"summary_large_image\" \/>\n<meta name=\"twitter:label1\" content=\"Escrito por\" \/>\n\t<meta name=\"twitter:data1\" content=\"alextreh@gmail.com\" \/>\n\t<meta name=\"twitter:label2\" content=\"Est. tempo de leitura\" \/>\n\t<meta name=\"twitter:data2\" content=\"2 minutos\" \/>\n<script type=\"application\/ld+json\" class=\"yoast-schema-graph\">{\"@context\":\"https:\/\/schema.org\",\"@graph\":[{\"@type\":\"Article\",\"@id\":\"https:\/\/salmosbiblicos.com.br\/index.php\/2026\/03\/29\/mulher-abencoada-reflexoes-sobre-a-graca-divina-e-a-esperanca\/#article\",\"isPartOf\":{\"@id\":\"https:\/\/salmosbiblicos.com.br\/index.php\/2026\/03\/29\/mulher-abencoada-reflexoes-sobre-a-graca-divina-e-a-esperanca\/\"},\"author\":{\"name\":\"alextreh@gmail.com\",\"@id\":\"https:\/\/salmosbiblicos.com.br\/#\/schema\/person\/30586d0fb3f3a46b78a3414fc39cc975\"},\"headline\":\"Mulher Aben\u00e7oada: Reflex\u00f5es sobre a Gra\u00e7a Divina e a Esperan\u00e7a\",\"datePublished\":\"2026-03-29T15:30:39+00:00\",\"mainEntityOfPage\":{\"@id\":\"https:\/\/salmosbiblicos.com.br\/index.php\/2026\/03\/29\/mulher-abencoada-reflexoes-sobre-a-graca-divina-e-a-esperanca\/\"},\"wordCount\":493,\"articleSection\":[\"Reflex\u00e3o\"],\"inLanguage\":\"pt-BR\"},{\"@type\":\"WebPage\",\"@id\":\"https:\/\/salmosbiblicos.com.br\/index.php\/2026\/03\/29\/mulher-abencoada-reflexoes-sobre-a-graca-divina-e-a-esperanca\/\",\"url\":\"https:\/\/salmosbiblicos.com.br\/index.php\/2026\/03\/29\/mulher-abencoada-reflexoes-sobre-a-graca-divina-e-a-esperanca\/\",\"name\":\"Mulher Aben\u00e7oada: Reflex\u00f5es sobre a Gra\u00e7a Divina e a Esperan\u00e7a - Salmos B\u00edblicos\",\"isPartOf\":{\"@id\":\"https:\/\/salmosbiblicos.com.br\/#website\"},\"datePublished\":\"2026-03-29T15:30:39+00:00\",\"author\":{\"@id\":\"https:\/\/salmosbiblicos.com.br\/#\/schema\/person\/30586d0fb3f3a46b78a3414fc39cc975\"},\"breadcrumb\":{\"@id\":\"https:\/\/salmosbiblicos.com.br\/index.php\/2026\/03\/29\/mulher-abencoada-reflexoes-sobre-a-graca-divina-e-a-esperanca\/#breadcrumb\"},\"inLanguage\":\"pt-BR\",\"potentialAction\":[{\"@type\":\"ReadAction\",\"target\":[\"https:\/\/salmosbiblicos.com.br\/index.php\/2026\/03\/29\/mulher-abencoada-reflexoes-sobre-a-graca-divina-e-a-esperanca\/\"]}]},{\"@type\":\"BreadcrumbList\",\"@id\":\"https:\/\/salmosbiblicos.com.br\/index.php\/2026\/03\/29\/mulher-abencoada-reflexoes-sobre-a-graca-divina-e-a-esperanca\/#breadcrumb\",\"itemListElement\":[{\"@type\":\"ListItem\",\"position\":1,\"name\":\"Home\",\"item\":\"https:\/\/salmosbiblicos.com.br\/\"},{\"@type\":\"ListItem\",\"position\":2,\"name\":\"Mulher Aben\u00e7oada: Reflex\u00f5es sobre a Gra\u00e7a Divina e a Esperan\u00e7a\"}]},{\"@type\":\"WebSite\",\"@id\":\"https:\/\/salmosbiblicos.com.br\/#website\",\"url\":\"https:\/\/salmosbiblicos.com.br\/\",\"name\":\"Salmos B\u00edblicos\",\"description\":\"Uma e-Livraria com e-Books novos para voc\u00ea refletir.\",\"potentialAction\":[{\"@type\":\"SearchAction\",\"target\":{\"@type\":\"EntryPoint\",\"urlTemplate\":\"https:\/\/salmosbiblicos.com.br\/?s={search_term_string}\"},\"query-input\":{\"@type\":\"PropertyValueSpecification\",\"valueRequired\":true,\"valueName\":\"search_term_string\"}}],\"inLanguage\":\"pt-BR\"},{\"@type\":\"Person\",\"@id\":\"https:\/\/salmosbiblicos.com.br\/#\/schema\/person\/30586d0fb3f3a46b78a3414fc39cc975\",\"name\":\"alextreh@gmail.com\",\"image\":{\"@type\":\"ImageObject\",\"inLanguage\":\"pt-BR\",\"@id\":\"https:\/\/secure.gravatar.com\/avatar\/7cf84d31f581ec97b887c1039d478a7c293086896c84951a86753fb2c2af7527?s=96&d=mm&r=g\",\"url\":\"https:\/\/secure.gravatar.com\/avatar\/7cf84d31f581ec97b887c1039d478a7c293086896c84951a86753fb2c2af7527?s=96&d=mm&r=g\",\"contentUrl\":\"https:\/\/secure.gravatar.com\/avatar\/7cf84d31f581ec97b887c1039d478a7c293086896c84951a86753fb2c2af7527?s=96&d=mm&r=g\",\"caption\":\"alextreh@gmail.com\"},\"sameAs\":[\"http:\/\/salmosbiblicos.com.br\"],\"url\":\"https:\/\/salmosbiblicos.com.br\/index.php\/author\/alextrehgmail-com\/\"}]}<\/script>\n<!-- \/ Yoast SEO plugin. -->","yoast_head_json":{"title":"Mulher Aben\u00e7oada: Reflex\u00f5es sobre a Gra\u00e7a Divina e a Esperan\u00e7a - Salmos B\u00edblicos","robots":{"index":"index","follow":"follow","max-snippet":"max-snippet:-1","max-image-preview":"max-image-preview:large","max-video-preview":"max-video-preview:-1"},"canonical":"https:\/\/salmosbiblicos.com.br\/index.php\/2026\/03\/29\/mulher-abencoada-reflexoes-sobre-a-graca-divina-e-a-esperanca\/","og_locale":"pt_BR","og_type":"article","og_title":"Mulher Aben\u00e7oada: Reflex\u00f5es sobre a Gra\u00e7a Divina e a Esperan\u00e7a - Salmos B\u00edblicos","og_description":"## A Alegria do Cora\u00e7\u00e3o que Contempla a Bondade Divina \u00c9 com o cora\u00e7\u00e3o cheio de gratid\u00e3o que nos reunimos para refletir sobre a figura singular de uma mulher aben\u00e7oada, uma alma que irradia a gra\u00e7a divina como poucas. A Escritura nos revela a sua grandeza, proclamando-a bendita, e \u00e9 nesse reconhecimento que nos banharemos [&hellip;]","og_url":"https:\/\/salmosbiblicos.com.br\/index.php\/2026\/03\/29\/mulher-abencoada-reflexoes-sobre-a-graca-divina-e-a-esperanca\/","og_site_name":"Salmos B\u00edblicos","article_published_time":"2026-03-29T15:30:39+00:00","author":"alextreh@gmail.com","twitter_card":"summary_large_image","twitter_misc":{"Escrito por":"alextreh@gmail.com","Est. tempo de leitura":"2 minutos"},"schema":{"@context":"https:\/\/schema.org","@graph":[{"@type":"Article","@id":"https:\/\/salmosbiblicos.com.br\/index.php\/2026\/03\/29\/mulher-abencoada-reflexoes-sobre-a-graca-divina-e-a-esperanca\/#article","isPartOf":{"@id":"https:\/\/salmosbiblicos.com.br\/index.php\/2026\/03\/29\/mulher-abencoada-reflexoes-sobre-a-graca-divina-e-a-esperanca\/"},"author":{"name":"alextreh@gmail.com","@id":"https:\/\/salmosbiblicos.com.br\/#\/schema\/person\/30586d0fb3f3a46b78a3414fc39cc975"},"headline":"Mulher Aben\u00e7oada: Reflex\u00f5es sobre a Gra\u00e7a Divina e a Esperan\u00e7a","datePublished":"2026-03-29T15:30:39+00:00","mainEntityOfPage":{"@id":"https:\/\/salmosbiblicos.com.br\/index.php\/2026\/03\/29\/mulher-abencoada-reflexoes-sobre-a-graca-divina-e-a-esperanca\/"},"wordCount":493,"articleSection":["Reflex\u00e3o"],"inLanguage":"pt-BR"},{"@type":"WebPage","@id":"https:\/\/salmosbiblicos.com.br\/index.php\/2026\/03\/29\/mulher-abencoada-reflexoes-sobre-a-graca-divina-e-a-esperanca\/","url":"https:\/\/salmosbiblicos.com.br\/index.php\/2026\/03\/29\/mulher-abencoada-reflexoes-sobre-a-graca-divina-e-a-esperanca\/","name":"Mulher Aben\u00e7oada: Reflex\u00f5es sobre a Gra\u00e7a Divina e a Esperan\u00e7a - Salmos B\u00edblicos","isPartOf":{"@id":"https:\/\/salmosbiblicos.com.br\/#website"},"datePublished":"2026-03-29T15:30:39+00:00","author":{"@id":"https:\/\/salmosbiblicos.com.br\/#\/schema\/person\/30586d0fb3f3a46b78a3414fc39cc975"},"breadcrumb":{"@id":"https:\/\/salmosbiblicos.com.br\/index.php\/2026\/03\/29\/mulher-abencoada-reflexoes-sobre-a-graca-divina-e-a-esperanca\/#breadcrumb"},"inLanguage":"pt-BR","potentialAction":[{"@type":"ReadAction","target":["https:\/\/salmosbiblicos.com.br\/index.php\/2026\/03\/29\/mulher-abencoada-reflexoes-sobre-a-graca-divina-e-a-esperanca\/"]}]},{"@type":"BreadcrumbList","@id":"https:\/\/salmosbiblicos.com.br\/index.php\/2026\/03\/29\/mulher-abencoada-reflexoes-sobre-a-graca-divina-e-a-esperanca\/#breadcrumb","itemListElement":[{"@type":"ListItem","position":1,"name":"Home","item":"https:\/\/salmosbiblicos.com.br\/"},{"@type":"ListItem","position":2,"name":"Mulher Aben\u00e7oada: Reflex\u00f5es sobre a Gra\u00e7a Divina e a Esperan\u00e7a"}]},{"@type":"WebSite","@id":"https:\/\/salmosbiblicos.com.br\/#website","url":"https:\/\/salmosbiblicos.com.br\/","name":"Salmos B\u00edblicos","description":"Uma e-Livraria com e-Books novos para voc\u00ea refletir.","potentialAction":[{"@type":"SearchAction","target":{"@type":"EntryPoint","urlTemplate":"https:\/\/salmosbiblicos.com.br\/?s={search_term_string}"},"query-input":{"@type":"PropertyValueSpecification","valueRequired":true,"valueName":"search_term_string"}}],"inLanguage":"pt-BR"},{"@type":"Person","@id":"https:\/\/salmosbiblicos.com.br\/#\/schema\/person\/30586d0fb3f3a46b78a3414fc39cc975","name":"alextreh@gmail.com","image":{"@type":"ImageObject","inLanguage":"pt-BR","@id":"https:\/\/secure.gravatar.com\/avatar\/7cf84d31f581ec97b887c1039d478a7c293086896c84951a86753fb2c2af7527?s=96&d=mm&r=g","url":"https:\/\/secure.gravatar.com\/avatar\/7cf84d31f581ec97b887c1039d478a7c293086896c84951a86753fb2c2af7527?s=96&d=mm&r=g","contentUrl":"https:\/\/secure.gravatar.com\/avatar\/7cf84d31f581ec97b887c1039d478a7c293086896c84951a86753fb2c2af7527?s=96&d=mm&r=g","caption":"alextreh@gmail.com"},"sameAs":["http:\/\/salmosbiblicos.com.br"],"url":"https:\/\/salmosbiblicos.com.br\/index.php\/author\/alextrehgmail-com\/"}]}},"_links":{"self":[{"href":"https:\/\/salmosbiblicos.com.br\/index.php\/wp-json\/wp\/v2\/posts\/5906","targetHints":{"allow":["GET"]}}],"collection":[{"href":"https:\/\/salmosbiblicos.com.br\/index.php\/wp-json\/wp\/v2\/posts"}],"about":[{"href":"https:\/\/salmosbiblicos.com.br\/index.php\/wp-json\/wp\/v2\/types\/post"}],"author":[{"embeddable":true,"href":"https:\/\/salmosbiblicos.com.br\/index.php\/wp-json\/wp\/v2\/users\/1"}],"replies":[{"embeddable":true,"href":"https:\/\/salmosbiblicos.com.br\/index.php\/wp-json\/wp\/v2\/comments?post=5906"}],"version-history":[{"count":1,"href":"https:\/\/salmosbiblicos.com.br\/index.php\/wp-json\/wp\/v2\/posts\/5906\/revisions"}],"predecessor-version":[{"id":5907,"href":"https:\/\/salmosbiblicos.com.br\/index.php\/wp-json\/wp\/v2\/posts\/5906\/revisions\/5907"}],"wp:attachment":[{"href":"https:\/\/salmosbiblicos.com.br\/index.php\/wp-json\/wp\/v2\/media?parent=5906"}],"wp:term":[{"taxonomy":"category","embeddable":true,"href":"https:\/\/salmosbiblicos.com.br\/index.php\/wp-json\/wp\/v2\/categories?post=5906"},{"taxonomy":"post_tag","embeddable":true,"href":"https:\/\/salmosbiblicos.com.br\/index.php\/wp-json\/wp\/v2\/tags?post=5906"}],"curies":[{"name":"wp","href":"https:\/\/api.w.org\/{rel}","templated":true}]}}