{"id":5908,"date":"2026-03-29T13:38:09","date_gmt":"2026-03-29T16:38:09","guid":{"rendered":"https:\/\/salmosbiblicos.com.br\/?p=5908"},"modified":"2026-03-29T13:38:09","modified_gmt":"2026-03-29T16:38:09","slug":"crer-sem-ver-a-fe-que-transcende-a-evidencia","status":"publish","type":"post","link":"https:\/\/salmosbiblicos.com.br\/index.php\/2026\/03\/29\/crer-sem-ver-a-fe-que-transcende-a-evidencia\/","title":{"rendered":"Crer Sem Ver: A F\u00e9 que Transcende a Evid\u00eancia"},"content":{"rendered":"<p>## A Ess\u00eancia da F\u00e9: Crer Sem Ver<\/p>\n<p>Quantos de n\u00f3s buscam a confirma\u00e7\u00e3o, a prova tang\u00edvel? Quantas vezes desejamos ver para acreditar? A experi\u00eancia humana muitas vezes nos ensina a confiar no que podemos tocar, medir, verificar. Mas o caminho da f\u00e9 nos convida a trilhar uma rota diferente, um caminho de entrega e confian\u00e7a que transcende o vis\u00edvel.<\/p>\n<p>### O Testemunho de Tom\u00e9<\/p>\n<p>As Escrituras nos relatam a hist\u00f3ria de Tom\u00e9, um homem que encontrou em Jesus um companheiro constante, algu\u00e9m com quem compartilhou o dia a dia. Um homem que, ap\u00f3s a ressurrei\u00e7\u00e3o, precisava de evid\u00eancias concretas para reconhecer o Senhor. **\u201cSe eu n\u00e3o vira marca dos pregos em suas m\u00e3os, se eu n\u00e3o pusero dedo nas marcas dos pregos e n\u00e3o pusera a m\u00e3o no seu lado, n\u00e3o acreditarim.\u201d**<\/p>\n<p>Jesus, em sua infinita miseric\u00f3rdia, apareceu a Tom\u00e9 e lhe ofereceu o que ele tanto almejava: a comprova\u00e7\u00e3o f\u00edsica. Mas, ao tocar nas marcas dos pregos e no lado ferido, Tom\u00e9 n\u00e3o se limitou a uma constata\u00e7\u00e3o. Ele professou: **\u201cMeu Senhor e meu Deus.\u201d** Uma declara\u00e7\u00e3o de f\u00e9 que ecoa a nossa pr\u00f3pria necessidade de reconhecimento e entrega.<\/p>\n<p>### A Transi\u00e7\u00e3o da Vis\u00e3o para a F\u00e9<\/p>\n<p>A ressurrei\u00e7\u00e3o de Jesus marca uma transi\u00e7\u00e3o fundamental na vida dos seus seguidores. O tempo da conviv\u00eancia f\u00edsica, do contato direto, chegava ao fim. A igreja primitiva precisava aprender a caminhar por um novo caminho, um caminho iluminado pela f\u00e9, n\u00e3o mais pela vis\u00e3o. **&#8221;Eu estou com voc\u00eas, s\u00f3 que voc\u00eas n\u00e3o me ver\u00e3o.&#8221;**<\/p>\n<p>Esta promessa, como nos assegura em Mateus, nos consola e fortalece, pois nos lembra que, mesmo ausente em corpo, Ele permanece conosco. N\u00e3o nos abandona, nos guia e nos sustenta, mesmo quando n\u00e3o podemos compreend\u00ea-lo plenamente.<\/p>\n<p>### Bem-aventurados os que Crer\u00e3o Sem Ver<\/p>\n<p>Jesus nos exorta: **&#8221;Bem-aventurados os que crer\u00e3o, sem terem visto.&#8221;** Uma b\u00ean\u00e7\u00e3o reservada \u00e0queles que, como n\u00f3s, confiam na promessa divina, mesmo sem a prova visual. \u00c9 uma gra\u00e7a, uma d\u00e1diva preciosa que nos permite experimentar a presen\u00e7a do divino de uma forma mais profunda e \u00edntima.<\/p>\n<p>Podemos nos identificar com aqueles primeiros disc\u00edpulos, reconhecendo que, embora n\u00e3o tenhamos visto Jesus em carne e osso, cremos em seu poder, em seu amor, em sua promessa de salva\u00e7\u00e3o.<\/p>\n<p>### A F\u00e9 Como Fundamento da Esperan\u00e7a<\/p>\n<p>Como nos ensina a carta aos Hebreus, **&#8221;a f\u00e9 \u00e9 o fundamento da esperan\u00e7a. \u00c9 uma certeza a respeito do que n\u00e3o se v\u00ea.&#8221;** A f\u00e9 n\u00e3o se baseia em evid\u00eancias emp\u00edricas, mas na confian\u00e7a em um poder superior, em um amor incondicional que transcende a nossa compreens\u00e3o.<\/p>\n<p>Ela nos impulsiona a acreditar no imposs\u00edvel, a perseverar em meio \u00e0s dificuldades, a manter a esperan\u00e7a viva em meio \u00e0 escurid\u00e3o.<\/p>\n<p>### Andando na F\u00e9, N\u00e3o na Vis\u00e3o<\/p>\n<p>O ap\u00f3stolo Paulo nos exorta a **&#8221;andarmos na f\u00e9 e n\u00e3o na vis\u00e3o.&#8221;** A f\u00e9 nos liberta da necessidade de provar, de controlar, de entender. Ela nos convida a nos entregarmos de corpo e alma ao plano divino, confiando que Ele nos guiar\u00e1 no caminho certo.<\/p>\n<p>\u00c9 na f\u00e9 que encontramos a verdadeira alegria, a paz interior, a certeza de que n\u00e3o estamos sozinhos.<\/p>\n<p>### Primeiro Crer, Depois Ver<\/p>\n<p>Jesus nos lembra que **&#8221;n\u00e3o te disse, eu, se creres ver\u00e1s a gl\u00f3ria de Deus.&#8221;** A f\u00e9 \u00e9 a porta de entrada para a experi\u00eancia do divino. \u00c9 ao crer que nos tornamos aptos a perceber as maravilhas que Ele tem reservado para n\u00f3s.<\/p>\n<p>A f\u00e9 nos capacita a contemplar a gl\u00f3ria de Deus em meio \u00e0s prova\u00e7\u00f5es, a encontrar a luz no meio da escurid\u00e3o, a experimentar a plenitude da vida em sua ess\u00eancia.<\/p>\n<p>Que possamos, a partir de agora, cultivar essa f\u00e9 inabal\u00e1vel, essa confian\u00e7a profunda que nos permite crer sem ver, e que, ao faz\u00ea-lo, possamos experimentar a verdadeira b\u00ean\u00e7\u00e3o de Deus.<\/p>\n","protected":false},"excerpt":{"rendered":"<p>## A Ess\u00eancia da F\u00e9: Crer Sem Ver Quantos de n\u00f3s buscam a confirma\u00e7\u00e3o, a prova tang\u00edvel? Quantas vezes desejamos ver para acreditar? A experi\u00eancia humana muitas vezes nos ensina a confiar no que podemos tocar, medir, verificar. Mas o caminho da f\u00e9 nos convida a trilhar uma rota diferente, um caminho de entrega e [&hellip;]<\/p>\n","protected":false},"author":1,"featured_media":0,"comment_status":"closed","ping_status":"open","sticky":false,"template":"","format":"standard","meta":{"footnotes":""},"categories":[14],"tags":[],"class_list":["post-5908","post","type-post","status-publish","format-standard","hentry","category-reflexao"],"yoast_head":"<!-- This site is optimized with the Yoast SEO plugin v27.2 - https:\/\/yoast.com\/product\/yoast-seo-wordpress\/ -->\n<title>Crer Sem Ver: A F\u00e9 que Transcende a Evid\u00eancia - Salmos B\u00edblicos<\/title>\n<meta name=\"robots\" content=\"index, follow, max-snippet:-1, max-image-preview:large, max-video-preview:-1\" \/>\n<link rel=\"canonical\" href=\"https:\/\/salmosbiblicos.com.br\/index.php\/2026\/03\/29\/crer-sem-ver-a-fe-que-transcende-a-evidencia\/\" \/>\n<meta property=\"og:locale\" content=\"pt_BR\" \/>\n<meta property=\"og:type\" content=\"article\" \/>\n<meta property=\"og:title\" content=\"Crer Sem Ver: A F\u00e9 que Transcende a Evid\u00eancia - Salmos B\u00edblicos\" \/>\n<meta property=\"og:description\" content=\"## A Ess\u00eancia da F\u00e9: Crer Sem Ver Quantos de n\u00f3s buscam a confirma\u00e7\u00e3o, a prova tang\u00edvel? Quantas vezes desejamos ver para acreditar? A experi\u00eancia humana muitas vezes nos ensina a confiar no que podemos tocar, medir, verificar. Mas o caminho da f\u00e9 nos convida a trilhar uma rota diferente, um caminho de entrega e [&hellip;]\" \/>\n<meta property=\"og:url\" content=\"https:\/\/salmosbiblicos.com.br\/index.php\/2026\/03\/29\/crer-sem-ver-a-fe-que-transcende-a-evidencia\/\" \/>\n<meta property=\"og:site_name\" content=\"Salmos B\u00edblicos\" \/>\n<meta property=\"article:published_time\" content=\"2026-03-29T16:38:09+00:00\" \/>\n<meta name=\"author\" content=\"alextreh@gmail.com\" \/>\n<meta name=\"twitter:card\" content=\"summary_large_image\" \/>\n<meta name=\"twitter:label1\" content=\"Escrito por\" \/>\n\t<meta name=\"twitter:data1\" content=\"alextreh@gmail.com\" \/>\n\t<meta name=\"twitter:label2\" content=\"Est. tempo de leitura\" \/>\n\t<meta name=\"twitter:data2\" content=\"3 minutos\" \/>\n<script type=\"application\/ld+json\" class=\"yoast-schema-graph\">{\"@context\":\"https:\/\/schema.org\",\"@graph\":[{\"@type\":\"Article\",\"@id\":\"https:\/\/salmosbiblicos.com.br\/index.php\/2026\/03\/29\/crer-sem-ver-a-fe-que-transcende-a-evidencia\/#article\",\"isPartOf\":{\"@id\":\"https:\/\/salmosbiblicos.com.br\/index.php\/2026\/03\/29\/crer-sem-ver-a-fe-que-transcende-a-evidencia\/\"},\"author\":{\"name\":\"alextreh@gmail.com\",\"@id\":\"https:\/\/salmosbiblicos.com.br\/#\/schema\/person\/30586d0fb3f3a46b78a3414fc39cc975\"},\"headline\":\"Crer Sem Ver: A F\u00e9 que Transcende a Evid\u00eancia\",\"datePublished\":\"2026-03-29T16:38:09+00:00\",\"mainEntityOfPage\":{\"@id\":\"https:\/\/salmosbiblicos.com.br\/index.php\/2026\/03\/29\/crer-sem-ver-a-fe-que-transcende-a-evidencia\/\"},\"wordCount\":709,\"articleSection\":[\"Reflex\u00e3o\"],\"inLanguage\":\"pt-BR\"},{\"@type\":\"WebPage\",\"@id\":\"https:\/\/salmosbiblicos.com.br\/index.php\/2026\/03\/29\/crer-sem-ver-a-fe-que-transcende-a-evidencia\/\",\"url\":\"https:\/\/salmosbiblicos.com.br\/index.php\/2026\/03\/29\/crer-sem-ver-a-fe-que-transcende-a-evidencia\/\",\"name\":\"Crer Sem Ver: A F\u00e9 que Transcende a Evid\u00eancia - Salmos B\u00edblicos\",\"isPartOf\":{\"@id\":\"https:\/\/salmosbiblicos.com.br\/#website\"},\"datePublished\":\"2026-03-29T16:38:09+00:00\",\"author\":{\"@id\":\"https:\/\/salmosbiblicos.com.br\/#\/schema\/person\/30586d0fb3f3a46b78a3414fc39cc975\"},\"breadcrumb\":{\"@id\":\"https:\/\/salmosbiblicos.com.br\/index.php\/2026\/03\/29\/crer-sem-ver-a-fe-que-transcende-a-evidencia\/#breadcrumb\"},\"inLanguage\":\"pt-BR\",\"potentialAction\":[{\"@type\":\"ReadAction\",\"target\":[\"https:\/\/salmosbiblicos.com.br\/index.php\/2026\/03\/29\/crer-sem-ver-a-fe-que-transcende-a-evidencia\/\"]}]},{\"@type\":\"BreadcrumbList\",\"@id\":\"https:\/\/salmosbiblicos.com.br\/index.php\/2026\/03\/29\/crer-sem-ver-a-fe-que-transcende-a-evidencia\/#breadcrumb\",\"itemListElement\":[{\"@type\":\"ListItem\",\"position\":1,\"name\":\"Home\",\"item\":\"https:\/\/salmosbiblicos.com.br\/\"},{\"@type\":\"ListItem\",\"position\":2,\"name\":\"Crer Sem Ver: A F\u00e9 que Transcende a Evid\u00eancia\"}]},{\"@type\":\"WebSite\",\"@id\":\"https:\/\/salmosbiblicos.com.br\/#website\",\"url\":\"https:\/\/salmosbiblicos.com.br\/\",\"name\":\"Salmos B\u00edblicos\",\"description\":\"Uma e-Livraria com e-Books novos para voc\u00ea refletir.\",\"potentialAction\":[{\"@type\":\"SearchAction\",\"target\":{\"@type\":\"EntryPoint\",\"urlTemplate\":\"https:\/\/salmosbiblicos.com.br\/?s={search_term_string}\"},\"query-input\":{\"@type\":\"PropertyValueSpecification\",\"valueRequired\":true,\"valueName\":\"search_term_string\"}}],\"inLanguage\":\"pt-BR\"},{\"@type\":\"Person\",\"@id\":\"https:\/\/salmosbiblicos.com.br\/#\/schema\/person\/30586d0fb3f3a46b78a3414fc39cc975\",\"name\":\"alextreh@gmail.com\",\"image\":{\"@type\":\"ImageObject\",\"inLanguage\":\"pt-BR\",\"@id\":\"https:\/\/secure.gravatar.com\/avatar\/7cf84d31f581ec97b887c1039d478a7c293086896c84951a86753fb2c2af7527?s=96&d=mm&r=g\",\"url\":\"https:\/\/secure.gravatar.com\/avatar\/7cf84d31f581ec97b887c1039d478a7c293086896c84951a86753fb2c2af7527?s=96&d=mm&r=g\",\"contentUrl\":\"https:\/\/secure.gravatar.com\/avatar\/7cf84d31f581ec97b887c1039d478a7c293086896c84951a86753fb2c2af7527?s=96&d=mm&r=g\",\"caption\":\"alextreh@gmail.com\"},\"sameAs\":[\"http:\/\/salmosbiblicos.com.br\"],\"url\":\"https:\/\/salmosbiblicos.com.br\/index.php\/author\/alextrehgmail-com\/\"}]}<\/script>\n<!-- \/ Yoast SEO plugin. -->","yoast_head_json":{"title":"Crer Sem Ver: A F\u00e9 que Transcende a Evid\u00eancia - Salmos B\u00edblicos","robots":{"index":"index","follow":"follow","max-snippet":"max-snippet:-1","max-image-preview":"max-image-preview:large","max-video-preview":"max-video-preview:-1"},"canonical":"https:\/\/salmosbiblicos.com.br\/index.php\/2026\/03\/29\/crer-sem-ver-a-fe-que-transcende-a-evidencia\/","og_locale":"pt_BR","og_type":"article","og_title":"Crer Sem Ver: A F\u00e9 que Transcende a Evid\u00eancia - Salmos B\u00edblicos","og_description":"## A Ess\u00eancia da F\u00e9: Crer Sem Ver Quantos de n\u00f3s buscam a confirma\u00e7\u00e3o, a prova tang\u00edvel? Quantas vezes desejamos ver para acreditar? A experi\u00eancia humana muitas vezes nos ensina a confiar no que podemos tocar, medir, verificar. Mas o caminho da f\u00e9 nos convida a trilhar uma rota diferente, um caminho de entrega e [&hellip;]","og_url":"https:\/\/salmosbiblicos.com.br\/index.php\/2026\/03\/29\/crer-sem-ver-a-fe-que-transcende-a-evidencia\/","og_site_name":"Salmos B\u00edblicos","article_published_time":"2026-03-29T16:38:09+00:00","author":"alextreh@gmail.com","twitter_card":"summary_large_image","twitter_misc":{"Escrito por":"alextreh@gmail.com","Est. tempo de leitura":"3 minutos"},"schema":{"@context":"https:\/\/schema.org","@graph":[{"@type":"Article","@id":"https:\/\/salmosbiblicos.com.br\/index.php\/2026\/03\/29\/crer-sem-ver-a-fe-que-transcende-a-evidencia\/#article","isPartOf":{"@id":"https:\/\/salmosbiblicos.com.br\/index.php\/2026\/03\/29\/crer-sem-ver-a-fe-que-transcende-a-evidencia\/"},"author":{"name":"alextreh@gmail.com","@id":"https:\/\/salmosbiblicos.com.br\/#\/schema\/person\/30586d0fb3f3a46b78a3414fc39cc975"},"headline":"Crer Sem Ver: A F\u00e9 que Transcende a Evid\u00eancia","datePublished":"2026-03-29T16:38:09+00:00","mainEntityOfPage":{"@id":"https:\/\/salmosbiblicos.com.br\/index.php\/2026\/03\/29\/crer-sem-ver-a-fe-que-transcende-a-evidencia\/"},"wordCount":709,"articleSection":["Reflex\u00e3o"],"inLanguage":"pt-BR"},{"@type":"WebPage","@id":"https:\/\/salmosbiblicos.com.br\/index.php\/2026\/03\/29\/crer-sem-ver-a-fe-que-transcende-a-evidencia\/","url":"https:\/\/salmosbiblicos.com.br\/index.php\/2026\/03\/29\/crer-sem-ver-a-fe-que-transcende-a-evidencia\/","name":"Crer Sem Ver: A F\u00e9 que Transcende a Evid\u00eancia - Salmos B\u00edblicos","isPartOf":{"@id":"https:\/\/salmosbiblicos.com.br\/#website"},"datePublished":"2026-03-29T16:38:09+00:00","author":{"@id":"https:\/\/salmosbiblicos.com.br\/#\/schema\/person\/30586d0fb3f3a46b78a3414fc39cc975"},"breadcrumb":{"@id":"https:\/\/salmosbiblicos.com.br\/index.php\/2026\/03\/29\/crer-sem-ver-a-fe-que-transcende-a-evidencia\/#breadcrumb"},"inLanguage":"pt-BR","potentialAction":[{"@type":"ReadAction","target":["https:\/\/salmosbiblicos.com.br\/index.php\/2026\/03\/29\/crer-sem-ver-a-fe-que-transcende-a-evidencia\/"]}]},{"@type":"BreadcrumbList","@id":"https:\/\/salmosbiblicos.com.br\/index.php\/2026\/03\/29\/crer-sem-ver-a-fe-que-transcende-a-evidencia\/#breadcrumb","itemListElement":[{"@type":"ListItem","position":1,"name":"Home","item":"https:\/\/salmosbiblicos.com.br\/"},{"@type":"ListItem","position":2,"name":"Crer Sem Ver: A F\u00e9 que Transcende a Evid\u00eancia"}]},{"@type":"WebSite","@id":"https:\/\/salmosbiblicos.com.br\/#website","url":"https:\/\/salmosbiblicos.com.br\/","name":"Salmos B\u00edblicos","description":"Uma e-Livraria com e-Books novos para voc\u00ea refletir.","potentialAction":[{"@type":"SearchAction","target":{"@type":"EntryPoint","urlTemplate":"https:\/\/salmosbiblicos.com.br\/?s={search_term_string}"},"query-input":{"@type":"PropertyValueSpecification","valueRequired":true,"valueName":"search_term_string"}}],"inLanguage":"pt-BR"},{"@type":"Person","@id":"https:\/\/salmosbiblicos.com.br\/#\/schema\/person\/30586d0fb3f3a46b78a3414fc39cc975","name":"alextreh@gmail.com","image":{"@type":"ImageObject","inLanguage":"pt-BR","@id":"https:\/\/secure.gravatar.com\/avatar\/7cf84d31f581ec97b887c1039d478a7c293086896c84951a86753fb2c2af7527?s=96&d=mm&r=g","url":"https:\/\/secure.gravatar.com\/avatar\/7cf84d31f581ec97b887c1039d478a7c293086896c84951a86753fb2c2af7527?s=96&d=mm&r=g","contentUrl":"https:\/\/secure.gravatar.com\/avatar\/7cf84d31f581ec97b887c1039d478a7c293086896c84951a86753fb2c2af7527?s=96&d=mm&r=g","caption":"alextreh@gmail.com"},"sameAs":["http:\/\/salmosbiblicos.com.br"],"url":"https:\/\/salmosbiblicos.com.br\/index.php\/author\/alextrehgmail-com\/"}]}},"_links":{"self":[{"href":"https:\/\/salmosbiblicos.com.br\/index.php\/wp-json\/wp\/v2\/posts\/5908","targetHints":{"allow":["GET"]}}],"collection":[{"href":"https:\/\/salmosbiblicos.com.br\/index.php\/wp-json\/wp\/v2\/posts"}],"about":[{"href":"https:\/\/salmosbiblicos.com.br\/index.php\/wp-json\/wp\/v2\/types\/post"}],"author":[{"embeddable":true,"href":"https:\/\/salmosbiblicos.com.br\/index.php\/wp-json\/wp\/v2\/users\/1"}],"replies":[{"embeddable":true,"href":"https:\/\/salmosbiblicos.com.br\/index.php\/wp-json\/wp\/v2\/comments?post=5908"}],"version-history":[{"count":1,"href":"https:\/\/salmosbiblicos.com.br\/index.php\/wp-json\/wp\/v2\/posts\/5908\/revisions"}],"predecessor-version":[{"id":5909,"href":"https:\/\/salmosbiblicos.com.br\/index.php\/wp-json\/wp\/v2\/posts\/5908\/revisions\/5909"}],"wp:attachment":[{"href":"https:\/\/salmosbiblicos.com.br\/index.php\/wp-json\/wp\/v2\/media?parent=5908"}],"wp:term":[{"taxonomy":"category","embeddable":true,"href":"https:\/\/salmosbiblicos.com.br\/index.php\/wp-json\/wp\/v2\/categories?post=5908"},{"taxonomy":"post_tag","embeddable":true,"href":"https:\/\/salmosbiblicos.com.br\/index.php\/wp-json\/wp\/v2\/tags?post=5908"}],"curies":[{"name":"wp","href":"https:\/\/api.w.org\/{rel}","templated":true}]}}