{"id":5944,"date":"2026-03-29T15:41:44","date_gmt":"2026-03-29T18:41:44","guid":{"rendered":"https:\/\/salmosbiblicos.com.br\/?p=5944"},"modified":"2026-03-29T15:41:44","modified_gmt":"2026-03-29T18:41:44","slug":"justificacao-pela-fe-encontre-a-paz-e-a-graca-divina","status":"publish","type":"post","link":"https:\/\/salmosbiblicos.com.br\/index.php\/2026\/03\/29\/justificacao-pela-fe-encontre-a-paz-e-a-graca-divina\/","title":{"rendered":"Justifica\u00e7\u00e3o pela F\u00e9: Encontre a Paz e a Gra\u00e7a Divina"},"content":{"rendered":"<p>## A Doce Gra\u00e7a da Justifica\u00e7\u00e3o<\/p>\n<p>A busca por um caminho para a paz interior, para a reconcilia\u00e7\u00e3o com o Divino, \u00e9 uma jornada que acompanha a humanidade desde sempre. Quantas vezes nos esfor\u00e7amos, buscando em nossos atos, em nossas obras, a prova de que somos dignos do amor e da aceita\u00e7\u00e3o? Mas a mensagem que nos chega, profunda e libertadora, nos convida a reconsiderar essa busca.<\/p>\n<p>**A F\u00e9 como Ponte para a Gra\u00e7a**<\/p>\n<p>A ess\u00eancia do Evangelho reside na compreens\u00e3o de que a justifica\u00e7\u00e3o, essa t\u00e3o almejada retid\u00e3o diante de Deus, n\u00e3o \u00e9 conquistada por meio do esfor\u00e7o humano, mas recebida como um dom precioso. N\u00e3o se alcan\u00e7a atrav\u00e9s do cumprimento rigoroso de preceitos, mas pela f\u00e9 em Jesus Cristo.<\/p>\n<p>Romanos 5 nos revela que, pela f\u00e9, estamos em paz com Deus. Essa paz n\u00e3o \u00e9 fruto de nossa justi\u00e7a, mas da media\u00e7\u00e3o de Cristo, que nos concede acesso \u00e0 gra\u00e7a divina. \u00c9 pela f\u00e9 que nos firmamos na esperan\u00e7a da gl\u00f3ria que nos aguarda.<\/p>\n<p>### A Revolu\u00e7\u00e3o do Pensamento<\/p>\n<p>Nas \u00e9pocas em que Jesus caminhou entre n\u00f3s, a cren\u00e7a predominante era que a justi\u00e7a se alcan\u00e7ava atrav\u00e9s da observ\u00e2ncia da Lei. Mas Paulo, com a clareza de um profeta, proclamou uma verdade que abalou os fundamentos daquela \u00e9poca: o homem \u00e9 justificado pela f\u00e9, e n\u00e3o pelas obras da lei.<\/p>\n<p>Esta revela\u00e7\u00e3o rompe com a l\u00f3gica da autossufici\u00eancia, que nos leva a acreditar que podemos nos salvar por nossos pr\u00f3prios m\u00e9ritos. Ao contr\u00e1rio, nos lembra que a salva\u00e7\u00e3o \u00e9 um presente, uma iniciativa divina que nos alcan\u00e7a quando estendemos a m\u00e3o e aceitamos a oferta de Cristo.<\/p>\n<p>### A Ess\u00eancia da Salva\u00e7\u00e3o<\/p>\n<p>Galatas 2 nos reafirma: ningu\u00e9m ser\u00e1 justificado pela pr\u00e1tica da lei, mas somente pela f\u00e9 em Jesus Cristo. A salva\u00e7\u00e3o n\u00e3o \u00e9 uma barganha, um contrato em que oferecemos nossos esfor\u00e7os em troca de favor divino. \u00c9 um ato de amor incondicional, um presente que nos \u00e9 concedido gratuitamente.<\/p>\n<p>Ef\u00e9sios 2 nos recorda que a nossa salva\u00e7\u00e3o n\u00e3o prov\u00e9m de nossos m\u00e9ritos, mas \u00e9 um dom de Deus. E se fosse fruto de nossas obras, ter\u00edamos motivos para nos gloriarmos, para nos vangloriarmos de nossa pr\u00f3pria capacidade. Mas a verdade \u00e9 que somos salvos pela gra\u00e7a, e essa gra\u00e7a nos impede de nos orgulharmos de n\u00f3s mesmos.<\/p>\n<p>### Uma Esperan\u00e7a que N\u00e3o Decepciona<\/p>\n<p>A f\u00e9 em Cristo n\u00e3o apenas nos justifica diante de Deus, mas tamb\u00e9m nos enche o cora\u00e7\u00e3o de esperan\u00e7a. O amor de Deus \u00e9 derramado em n\u00f3s pelo Esp\u00edrito Santo, que nos \u00e9 dado. \u00c9 esse amor que nos sustenta em meio \u00e0s prova\u00e7\u00f5es, que nos fortalece em face das adversidades.<\/p>\n<p>Mesmo nos momentos mais dif\u00edceis, podemos nos sentir seguros, sabendo que a nossa justifica\u00e7\u00e3o \u00e9 um presente divino que n\u00e3o pode ser perdido. A esperan\u00e7a que recebemos pela f\u00e9 n\u00e3o decepciona, porque ela se ancora no amor eterno de Deus.<\/p>\n<p>### Um Testemunho de F\u00e9<\/p>\n<p>Que possamos, em nossa jornada, sempre nos lembrar da doce gra\u00e7a da justifica\u00e7\u00e3o. Que possamos proclamar, com convic\u00e7\u00e3o e alegria, que somos justificados pela f\u00e9 em Jesus Cristo.<\/p>\n<p>Que essa certeza ilumine o nosso caminho, que nos impulsione a amar e a servir ao pr\u00f3ximo, e que nos inspire a compartilhar essa mensagem de esperan\u00e7a com todos aqueles que buscam a paz interior.<\/p>\n<p>\u00c9 puro dom, um presente inestim\u00e1vel que nos \u00e9 oferecido por amor. Que possamos sempre agradecer a Deus por esse presente t\u00e3o generoso.<\/p>\n","protected":false},"excerpt":{"rendered":"<p>## A Doce Gra\u00e7a da Justifica\u00e7\u00e3o A busca por um caminho para a paz interior, para a reconcilia\u00e7\u00e3o com o Divino, \u00e9 uma jornada que acompanha a humanidade desde sempre. Quantas vezes nos esfor\u00e7amos, buscando em nossos atos, em nossas obras, a prova de que somos dignos do amor e da aceita\u00e7\u00e3o? Mas a mensagem [&hellip;]<\/p>\n","protected":false},"author":1,"featured_media":0,"comment_status":"closed","ping_status":"open","sticky":false,"template":"","format":"standard","meta":{"footnotes":""},"categories":[14],"tags":[],"class_list":["post-5944","post","type-post","status-publish","format-standard","hentry","category-reflexao"],"yoast_head":"<!-- This site is optimized with the Yoast SEO plugin v27.2 - https:\/\/yoast.com\/product\/yoast-seo-wordpress\/ -->\n<title>Justifica\u00e7\u00e3o pela F\u00e9: Encontre a Paz e a Gra\u00e7a Divina - Salmos B\u00edblicos<\/title>\n<meta name=\"robots\" content=\"index, follow, max-snippet:-1, max-image-preview:large, max-video-preview:-1\" \/>\n<link rel=\"canonical\" href=\"https:\/\/salmosbiblicos.com.br\/index.php\/2026\/03\/29\/justificacao-pela-fe-encontre-a-paz-e-a-graca-divina\/\" \/>\n<meta property=\"og:locale\" content=\"pt_BR\" \/>\n<meta property=\"og:type\" content=\"article\" \/>\n<meta property=\"og:title\" content=\"Justifica\u00e7\u00e3o pela F\u00e9: Encontre a Paz e a Gra\u00e7a Divina - Salmos B\u00edblicos\" \/>\n<meta property=\"og:description\" content=\"## A Doce Gra\u00e7a da Justifica\u00e7\u00e3o A busca por um caminho para a paz interior, para a reconcilia\u00e7\u00e3o com o Divino, \u00e9 uma jornada que acompanha a humanidade desde sempre. Quantas vezes nos esfor\u00e7amos, buscando em nossos atos, em nossas obras, a prova de que somos dignos do amor e da aceita\u00e7\u00e3o? Mas a mensagem [&hellip;]\" \/>\n<meta property=\"og:url\" content=\"https:\/\/salmosbiblicos.com.br\/index.php\/2026\/03\/29\/justificacao-pela-fe-encontre-a-paz-e-a-graca-divina\/\" \/>\n<meta property=\"og:site_name\" content=\"Salmos B\u00edblicos\" \/>\n<meta property=\"article:published_time\" content=\"2026-03-29T18:41:44+00:00\" \/>\n<meta name=\"author\" content=\"alextreh@gmail.com\" \/>\n<meta name=\"twitter:card\" content=\"summary_large_image\" \/>\n<meta name=\"twitter:label1\" content=\"Escrito por\" \/>\n\t<meta name=\"twitter:data1\" content=\"alextreh@gmail.com\" \/>\n\t<meta name=\"twitter:label2\" content=\"Est. tempo de leitura\" \/>\n\t<meta name=\"twitter:data2\" content=\"3 minutos\" \/>\n<script type=\"application\/ld+json\" class=\"yoast-schema-graph\">{\"@context\":\"https:\/\/schema.org\",\"@graph\":[{\"@type\":\"Article\",\"@id\":\"https:\/\/salmosbiblicos.com.br\/index.php\/2026\/03\/29\/justificacao-pela-fe-encontre-a-paz-e-a-graca-divina\/#article\",\"isPartOf\":{\"@id\":\"https:\/\/salmosbiblicos.com.br\/index.php\/2026\/03\/29\/justificacao-pela-fe-encontre-a-paz-e-a-graca-divina\/\"},\"author\":{\"name\":\"alextreh@gmail.com\",\"@id\":\"https:\/\/salmosbiblicos.com.br\/#\/schema\/person\/30586d0fb3f3a46b78a3414fc39cc975\"},\"headline\":\"Justifica\u00e7\u00e3o pela F\u00e9: Encontre a Paz e a Gra\u00e7a Divina\",\"datePublished\":\"2026-03-29T18:41:44+00:00\",\"mainEntityOfPage\":{\"@id\":\"https:\/\/salmosbiblicos.com.br\/index.php\/2026\/03\/29\/justificacao-pela-fe-encontre-a-paz-e-a-graca-divina\/\"},\"wordCount\":632,\"articleSection\":[\"Reflex\u00e3o\"],\"inLanguage\":\"pt-BR\"},{\"@type\":\"WebPage\",\"@id\":\"https:\/\/salmosbiblicos.com.br\/index.php\/2026\/03\/29\/justificacao-pela-fe-encontre-a-paz-e-a-graca-divina\/\",\"url\":\"https:\/\/salmosbiblicos.com.br\/index.php\/2026\/03\/29\/justificacao-pela-fe-encontre-a-paz-e-a-graca-divina\/\",\"name\":\"Justifica\u00e7\u00e3o pela F\u00e9: Encontre a Paz e a Gra\u00e7a Divina - Salmos B\u00edblicos\",\"isPartOf\":{\"@id\":\"https:\/\/salmosbiblicos.com.br\/#website\"},\"datePublished\":\"2026-03-29T18:41:44+00:00\",\"author\":{\"@id\":\"https:\/\/salmosbiblicos.com.br\/#\/schema\/person\/30586d0fb3f3a46b78a3414fc39cc975\"},\"breadcrumb\":{\"@id\":\"https:\/\/salmosbiblicos.com.br\/index.php\/2026\/03\/29\/justificacao-pela-fe-encontre-a-paz-e-a-graca-divina\/#breadcrumb\"},\"inLanguage\":\"pt-BR\",\"potentialAction\":[{\"@type\":\"ReadAction\",\"target\":[\"https:\/\/salmosbiblicos.com.br\/index.php\/2026\/03\/29\/justificacao-pela-fe-encontre-a-paz-e-a-graca-divina\/\"]}]},{\"@type\":\"BreadcrumbList\",\"@id\":\"https:\/\/salmosbiblicos.com.br\/index.php\/2026\/03\/29\/justificacao-pela-fe-encontre-a-paz-e-a-graca-divina\/#breadcrumb\",\"itemListElement\":[{\"@type\":\"ListItem\",\"position\":1,\"name\":\"Home\",\"item\":\"https:\/\/salmosbiblicos.com.br\/\"},{\"@type\":\"ListItem\",\"position\":2,\"name\":\"Justifica\u00e7\u00e3o pela F\u00e9: Encontre a Paz e a Gra\u00e7a Divina\"}]},{\"@type\":\"WebSite\",\"@id\":\"https:\/\/salmosbiblicos.com.br\/#website\",\"url\":\"https:\/\/salmosbiblicos.com.br\/\",\"name\":\"Salmos B\u00edblicos\",\"description\":\"Uma e-Livraria com e-Books novos para voc\u00ea refletir.\",\"potentialAction\":[{\"@type\":\"SearchAction\",\"target\":{\"@type\":\"EntryPoint\",\"urlTemplate\":\"https:\/\/salmosbiblicos.com.br\/?s={search_term_string}\"},\"query-input\":{\"@type\":\"PropertyValueSpecification\",\"valueRequired\":true,\"valueName\":\"search_term_string\"}}],\"inLanguage\":\"pt-BR\"},{\"@type\":\"Person\",\"@id\":\"https:\/\/salmosbiblicos.com.br\/#\/schema\/person\/30586d0fb3f3a46b78a3414fc39cc975\",\"name\":\"alextreh@gmail.com\",\"image\":{\"@type\":\"ImageObject\",\"inLanguage\":\"pt-BR\",\"@id\":\"https:\/\/secure.gravatar.com\/avatar\/7cf84d31f581ec97b887c1039d478a7c293086896c84951a86753fb2c2af7527?s=96&d=mm&r=g\",\"url\":\"https:\/\/secure.gravatar.com\/avatar\/7cf84d31f581ec97b887c1039d478a7c293086896c84951a86753fb2c2af7527?s=96&d=mm&r=g\",\"contentUrl\":\"https:\/\/secure.gravatar.com\/avatar\/7cf84d31f581ec97b887c1039d478a7c293086896c84951a86753fb2c2af7527?s=96&d=mm&r=g\",\"caption\":\"alextreh@gmail.com\"},\"sameAs\":[\"http:\/\/salmosbiblicos.com.br\"],\"url\":\"https:\/\/salmosbiblicos.com.br\/index.php\/author\/alextrehgmail-com\/\"}]}<\/script>\n<!-- \/ Yoast SEO plugin. -->","yoast_head_json":{"title":"Justifica\u00e7\u00e3o pela F\u00e9: Encontre a Paz e a Gra\u00e7a Divina - Salmos B\u00edblicos","robots":{"index":"index","follow":"follow","max-snippet":"max-snippet:-1","max-image-preview":"max-image-preview:large","max-video-preview":"max-video-preview:-1"},"canonical":"https:\/\/salmosbiblicos.com.br\/index.php\/2026\/03\/29\/justificacao-pela-fe-encontre-a-paz-e-a-graca-divina\/","og_locale":"pt_BR","og_type":"article","og_title":"Justifica\u00e7\u00e3o pela F\u00e9: Encontre a Paz e a Gra\u00e7a Divina - Salmos B\u00edblicos","og_description":"## A Doce Gra\u00e7a da Justifica\u00e7\u00e3o A busca por um caminho para a paz interior, para a reconcilia\u00e7\u00e3o com o Divino, \u00e9 uma jornada que acompanha a humanidade desde sempre. Quantas vezes nos esfor\u00e7amos, buscando em nossos atos, em nossas obras, a prova de que somos dignos do amor e da aceita\u00e7\u00e3o? Mas a mensagem [&hellip;]","og_url":"https:\/\/salmosbiblicos.com.br\/index.php\/2026\/03\/29\/justificacao-pela-fe-encontre-a-paz-e-a-graca-divina\/","og_site_name":"Salmos B\u00edblicos","article_published_time":"2026-03-29T18:41:44+00:00","author":"alextreh@gmail.com","twitter_card":"summary_large_image","twitter_misc":{"Escrito por":"alextreh@gmail.com","Est. tempo de leitura":"3 minutos"},"schema":{"@context":"https:\/\/schema.org","@graph":[{"@type":"Article","@id":"https:\/\/salmosbiblicos.com.br\/index.php\/2026\/03\/29\/justificacao-pela-fe-encontre-a-paz-e-a-graca-divina\/#article","isPartOf":{"@id":"https:\/\/salmosbiblicos.com.br\/index.php\/2026\/03\/29\/justificacao-pela-fe-encontre-a-paz-e-a-graca-divina\/"},"author":{"name":"alextreh@gmail.com","@id":"https:\/\/salmosbiblicos.com.br\/#\/schema\/person\/30586d0fb3f3a46b78a3414fc39cc975"},"headline":"Justifica\u00e7\u00e3o pela F\u00e9: Encontre a Paz e a Gra\u00e7a Divina","datePublished":"2026-03-29T18:41:44+00:00","mainEntityOfPage":{"@id":"https:\/\/salmosbiblicos.com.br\/index.php\/2026\/03\/29\/justificacao-pela-fe-encontre-a-paz-e-a-graca-divina\/"},"wordCount":632,"articleSection":["Reflex\u00e3o"],"inLanguage":"pt-BR"},{"@type":"WebPage","@id":"https:\/\/salmosbiblicos.com.br\/index.php\/2026\/03\/29\/justificacao-pela-fe-encontre-a-paz-e-a-graca-divina\/","url":"https:\/\/salmosbiblicos.com.br\/index.php\/2026\/03\/29\/justificacao-pela-fe-encontre-a-paz-e-a-graca-divina\/","name":"Justifica\u00e7\u00e3o pela F\u00e9: Encontre a Paz e a Gra\u00e7a Divina - Salmos B\u00edblicos","isPartOf":{"@id":"https:\/\/salmosbiblicos.com.br\/#website"},"datePublished":"2026-03-29T18:41:44+00:00","author":{"@id":"https:\/\/salmosbiblicos.com.br\/#\/schema\/person\/30586d0fb3f3a46b78a3414fc39cc975"},"breadcrumb":{"@id":"https:\/\/salmosbiblicos.com.br\/index.php\/2026\/03\/29\/justificacao-pela-fe-encontre-a-paz-e-a-graca-divina\/#breadcrumb"},"inLanguage":"pt-BR","potentialAction":[{"@type":"ReadAction","target":["https:\/\/salmosbiblicos.com.br\/index.php\/2026\/03\/29\/justificacao-pela-fe-encontre-a-paz-e-a-graca-divina\/"]}]},{"@type":"BreadcrumbList","@id":"https:\/\/salmosbiblicos.com.br\/index.php\/2026\/03\/29\/justificacao-pela-fe-encontre-a-paz-e-a-graca-divina\/#breadcrumb","itemListElement":[{"@type":"ListItem","position":1,"name":"Home","item":"https:\/\/salmosbiblicos.com.br\/"},{"@type":"ListItem","position":2,"name":"Justifica\u00e7\u00e3o pela F\u00e9: Encontre a Paz e a Gra\u00e7a Divina"}]},{"@type":"WebSite","@id":"https:\/\/salmosbiblicos.com.br\/#website","url":"https:\/\/salmosbiblicos.com.br\/","name":"Salmos B\u00edblicos","description":"Uma e-Livraria com e-Books novos para voc\u00ea refletir.","potentialAction":[{"@type":"SearchAction","target":{"@type":"EntryPoint","urlTemplate":"https:\/\/salmosbiblicos.com.br\/?s={search_term_string}"},"query-input":{"@type":"PropertyValueSpecification","valueRequired":true,"valueName":"search_term_string"}}],"inLanguage":"pt-BR"},{"@type":"Person","@id":"https:\/\/salmosbiblicos.com.br\/#\/schema\/person\/30586d0fb3f3a46b78a3414fc39cc975","name":"alextreh@gmail.com","image":{"@type":"ImageObject","inLanguage":"pt-BR","@id":"https:\/\/secure.gravatar.com\/avatar\/7cf84d31f581ec97b887c1039d478a7c293086896c84951a86753fb2c2af7527?s=96&d=mm&r=g","url":"https:\/\/secure.gravatar.com\/avatar\/7cf84d31f581ec97b887c1039d478a7c293086896c84951a86753fb2c2af7527?s=96&d=mm&r=g","contentUrl":"https:\/\/secure.gravatar.com\/avatar\/7cf84d31f581ec97b887c1039d478a7c293086896c84951a86753fb2c2af7527?s=96&d=mm&r=g","caption":"alextreh@gmail.com"},"sameAs":["http:\/\/salmosbiblicos.com.br"],"url":"https:\/\/salmosbiblicos.com.br\/index.php\/author\/alextrehgmail-com\/"}]}},"_links":{"self":[{"href":"https:\/\/salmosbiblicos.com.br\/index.php\/wp-json\/wp\/v2\/posts\/5944","targetHints":{"allow":["GET"]}}],"collection":[{"href":"https:\/\/salmosbiblicos.com.br\/index.php\/wp-json\/wp\/v2\/posts"}],"about":[{"href":"https:\/\/salmosbiblicos.com.br\/index.php\/wp-json\/wp\/v2\/types\/post"}],"author":[{"embeddable":true,"href":"https:\/\/salmosbiblicos.com.br\/index.php\/wp-json\/wp\/v2\/users\/1"}],"replies":[{"embeddable":true,"href":"https:\/\/salmosbiblicos.com.br\/index.php\/wp-json\/wp\/v2\/comments?post=5944"}],"version-history":[{"count":1,"href":"https:\/\/salmosbiblicos.com.br\/index.php\/wp-json\/wp\/v2\/posts\/5944\/revisions"}],"predecessor-version":[{"id":5945,"href":"https:\/\/salmosbiblicos.com.br\/index.php\/wp-json\/wp\/v2\/posts\/5944\/revisions\/5945"}],"wp:attachment":[{"href":"https:\/\/salmosbiblicos.com.br\/index.php\/wp-json\/wp\/v2\/media?parent=5944"}],"wp:term":[{"taxonomy":"category","embeddable":true,"href":"https:\/\/salmosbiblicos.com.br\/index.php\/wp-json\/wp\/v2\/categories?post=5944"},{"taxonomy":"post_tag","embeddable":true,"href":"https:\/\/salmosbiblicos.com.br\/index.php\/wp-json\/wp\/v2\/tags?post=5944"}],"curies":[{"name":"wp","href":"https:\/\/api.w.org\/{rel}","templated":true}]}}