{"id":5950,"date":"2026-03-29T16:02:42","date_gmt":"2026-03-29T19:02:42","guid":{"rendered":"https:\/\/salmosbiblicos.com.br\/?p=5950"},"modified":"2026-03-29T16:02:42","modified_gmt":"2026-03-29T19:02:42","slug":"a-sombra-do-mundo-como-a-verdade-pode-ser-revelada","status":"publish","type":"post","link":"https:\/\/salmosbiblicos.com.br\/index.php\/2026\/03\/29\/a-sombra-do-mundo-como-a-verdade-pode-ser-revelada\/","title":{"rendered":"A Sombra do Mundo: Como a Verdade Pode Ser Revelada"},"content":{"rendered":"<p>## A Sombra do Mundo e a Luz da Verdade<\/p>\n<p>H\u00e1 uma sombra que paira sobre este mundo, uma influ\u00eancia sutil que obscurece a verdade e corrompe o cora\u00e7\u00e3o humano. N\u00e3o se trata de uma for\u00e7a f\u00edsica, mas de uma presen\u00e7a insidiosa que se manifesta na cegueira espiritual, na prefer\u00eancia pelas trevas e na rejei\u00e7\u00e3o da luz. \u00c9 o que a Escritura nos revela como o &#8220;Deus deste mundo&#8221;, uma entidade com D\u00ea-min\u00fasculo, que age em contraste com a divindade que nos oferece a salva\u00e7\u00e3o.<\/p>\n<p>### A Cegueira do Cora\u00e7\u00e3o<\/p>\n<p>A Palavra nos lembra que, mesmo diante da revela\u00e7\u00e3o, muitos permanecem envoltos em um v\u00e9u. Assim como o povo de Israel, outrora escravizado, lutava para compreender a lei de Mois\u00e9s, muitos hoje se recusam a enxergar a verdade que se apresenta a eles. Este v\u00e9u, no entanto, n\u00e3o \u00e9 eterno. **O cora\u00e7\u00e3o que se volta para o Senhor, que busca a luz, v\u00ea esse v\u00e9u desvanecer-se.**<\/p>\n<p>A liberta\u00e7\u00e3o do v\u00e9u \u00e9 uma d\u00e1diva, um dom do Esp\u00edrito Santo que nos permite contemplar a gl\u00f3ria do Senhor. A transforma\u00e7\u00e3o que se segue \u00e9 gradual, um processo cont\u00ednuo de reflex\u00e3o e renova\u00e7\u00e3o. Contudo, essa transforma\u00e7\u00e3o s\u00f3 \u00e9 poss\u00edvel quando nos desapegamos dos desejos do mundo e nos abrimos \u00e0 gra\u00e7a divina.<\/p>\n<p>### A Intelig\u00eancia Segada<\/p>\n<p>Este &#8220;Deus deste mundo&#8221;, atuando nas sombras, **sega a intelig\u00eancia dos incr\u00e9dulos**, impedindo-os de reconhecer a luz do Evangelho. Essa cegueira volunt\u00e1ria \u00e9 uma escolha: amar as trevas mais do que a luz, preferir o pecado \u00e0 reden\u00e7\u00e3o. \u00c9 a escolha de quem se contenta em permanecer na escurid\u00e3o, mesmo quando a luz \u00e9 oferecida gratuitamente.<\/p>\n<p>E o que causa essa cegueira? \u00c9 o pr\u00f3prio diabo, que atua para roubar a Palavra e confundir a mente daqueles que a ouvem. Ele age para que a semente da verdade n\u00e3o encontre solo f\u00e9rtil, para que a obra de Deus seja frustrada.<\/p>\n<p>### O Caminho da Liberta\u00e7\u00e3o<\/p>\n<p>A verdade \u00e9 libertadora, mas exige coragem para ser encarada. Assim como Jesus veio para nos libertar do pecado, devemos rejeitar as influ\u00eancias do mundo e buscar a luz que ilumina o caminho. **Somos verdadeiros objetos da ira divina** enquanto nos apegamos aos desejos carnais e seguimos os caminhos da destrui\u00e7\u00e3o.<\/p>\n<p>No entanto, a esperan\u00e7a reside na Palavra. Ela nos revela o caminho da liberta\u00e7\u00e3o, nos oferece a chave para romper as correntes da escurid\u00e3o. Que possamos, a cada dia, fortalecer nossa f\u00e9, buscar a verdade e resistir \u00e0s artimanhas do inimigo.<\/p>\n<p>### As Armas Contra a Sombra<\/p>\n<p>*   **Conhe\u00e7a a verdade:** Estude a Escritura, busque o conhecimento que ilumina a mente.<br \/>*   **Rejeite as trevas:** Afaste-se dos caminhos do pecado e da corrup\u00e7\u00e3o.<br \/>*   **Ame a luz:** Abra seu cora\u00e7\u00e3o \u00e0 gra\u00e7a divina e busque a presen\u00e7a do Senhor.<br \/>*   **Declare sua f\u00e9:** Reconhe\u00e7a que voc\u00ea pertence a Deus, que n\u00e3o se curva ao &#8220;Deus deste mundo&#8221;.<br \/>*   **Compartilhe a esperan\u00e7a:** Leve a mensagem do Evangelho a todos que a necessitam.<\/p>\n<p>Lembremos as palavras que nos s\u00e3o reveladas: **&#8221;Sabemos que somos de Deus e que o mundo todo est\u00e1 sob o poder do maligno&#8221;**. Que a compreens\u00e3o dessa verdade nos impulsione a buscar a luz, a viver em santidade e a resistir \u00e0 influ\u00eancia nefasta da sombra que paira sobre este mundo.<\/p>\n","protected":false},"excerpt":{"rendered":"<p>## A Sombra do Mundo e a Luz da Verdade H\u00e1 uma sombra que paira sobre este mundo, uma influ\u00eancia sutil que obscurece a verdade e corrompe o cora\u00e7\u00e3o humano. N\u00e3o se trata de uma for\u00e7a f\u00edsica, mas de uma presen\u00e7a insidiosa que se manifesta na cegueira espiritual, na prefer\u00eancia pelas trevas e na rejei\u00e7\u00e3o [&hellip;]<\/p>\n","protected":false},"author":1,"featured_media":0,"comment_status":"closed","ping_status":"open","sticky":false,"template":"","format":"standard","meta":{"footnotes":""},"categories":[14],"tags":[],"class_list":["post-5950","post","type-post","status-publish","format-standard","hentry","category-reflexao"],"yoast_head":"<!-- This site is optimized with the Yoast SEO plugin v27.2 - https:\/\/yoast.com\/product\/yoast-seo-wordpress\/ -->\n<title>A Sombra do Mundo: Como a Verdade Pode Ser Revelada - Salmos B\u00edblicos<\/title>\n<meta name=\"robots\" content=\"index, follow, max-snippet:-1, max-image-preview:large, max-video-preview:-1\" \/>\n<link rel=\"canonical\" href=\"https:\/\/salmosbiblicos.com.br\/index.php\/2026\/03\/29\/a-sombra-do-mundo-como-a-verdade-pode-ser-revelada\/\" \/>\n<meta property=\"og:locale\" content=\"pt_BR\" \/>\n<meta property=\"og:type\" content=\"article\" \/>\n<meta property=\"og:title\" content=\"A Sombra do Mundo: Como a Verdade Pode Ser Revelada - Salmos B\u00edblicos\" \/>\n<meta property=\"og:description\" content=\"## A Sombra do Mundo e a Luz da Verdade H\u00e1 uma sombra que paira sobre este mundo, uma influ\u00eancia sutil que obscurece a verdade e corrompe o cora\u00e7\u00e3o humano. N\u00e3o se trata de uma for\u00e7a f\u00edsica, mas de uma presen\u00e7a insidiosa que se manifesta na cegueira espiritual, na prefer\u00eancia pelas trevas e na rejei\u00e7\u00e3o [&hellip;]\" \/>\n<meta property=\"og:url\" content=\"https:\/\/salmosbiblicos.com.br\/index.php\/2026\/03\/29\/a-sombra-do-mundo-como-a-verdade-pode-ser-revelada\/\" \/>\n<meta property=\"og:site_name\" content=\"Salmos B\u00edblicos\" \/>\n<meta property=\"article:published_time\" content=\"2026-03-29T19:02:42+00:00\" \/>\n<meta name=\"author\" content=\"alextreh@gmail.com\" \/>\n<meta name=\"twitter:card\" content=\"summary_large_image\" \/>\n<meta name=\"twitter:label1\" content=\"Escrito por\" \/>\n\t<meta name=\"twitter:data1\" content=\"alextreh@gmail.com\" \/>\n\t<meta name=\"twitter:label2\" content=\"Est. tempo de leitura\" \/>\n\t<meta name=\"twitter:data2\" content=\"3 minutos\" \/>\n<script type=\"application\/ld+json\" class=\"yoast-schema-graph\">{\"@context\":\"https:\/\/schema.org\",\"@graph\":[{\"@type\":\"Article\",\"@id\":\"https:\/\/salmosbiblicos.com.br\/index.php\/2026\/03\/29\/a-sombra-do-mundo-como-a-verdade-pode-ser-revelada\/#article\",\"isPartOf\":{\"@id\":\"https:\/\/salmosbiblicos.com.br\/index.php\/2026\/03\/29\/a-sombra-do-mundo-como-a-verdade-pode-ser-revelada\/\"},\"author\":{\"name\":\"alextreh@gmail.com\",\"@id\":\"https:\/\/salmosbiblicos.com.br\/#\/schema\/person\/30586d0fb3f3a46b78a3414fc39cc975\"},\"headline\":\"A Sombra do Mundo: Como a Verdade Pode Ser Revelada\",\"datePublished\":\"2026-03-29T19:02:42+00:00\",\"mainEntityOfPage\":{\"@id\":\"https:\/\/salmosbiblicos.com.br\/index.php\/2026\/03\/29\/a-sombra-do-mundo-como-a-verdade-pode-ser-revelada\/\"},\"wordCount\":584,\"articleSection\":[\"Reflex\u00e3o\"],\"inLanguage\":\"pt-BR\"},{\"@type\":\"WebPage\",\"@id\":\"https:\/\/salmosbiblicos.com.br\/index.php\/2026\/03\/29\/a-sombra-do-mundo-como-a-verdade-pode-ser-revelada\/\",\"url\":\"https:\/\/salmosbiblicos.com.br\/index.php\/2026\/03\/29\/a-sombra-do-mundo-como-a-verdade-pode-ser-revelada\/\",\"name\":\"A Sombra do Mundo: Como a Verdade Pode Ser Revelada - Salmos B\u00edblicos\",\"isPartOf\":{\"@id\":\"https:\/\/salmosbiblicos.com.br\/#website\"},\"datePublished\":\"2026-03-29T19:02:42+00:00\",\"author\":{\"@id\":\"https:\/\/salmosbiblicos.com.br\/#\/schema\/person\/30586d0fb3f3a46b78a3414fc39cc975\"},\"breadcrumb\":{\"@id\":\"https:\/\/salmosbiblicos.com.br\/index.php\/2026\/03\/29\/a-sombra-do-mundo-como-a-verdade-pode-ser-revelada\/#breadcrumb\"},\"inLanguage\":\"pt-BR\",\"potentialAction\":[{\"@type\":\"ReadAction\",\"target\":[\"https:\/\/salmosbiblicos.com.br\/index.php\/2026\/03\/29\/a-sombra-do-mundo-como-a-verdade-pode-ser-revelada\/\"]}]},{\"@type\":\"BreadcrumbList\",\"@id\":\"https:\/\/salmosbiblicos.com.br\/index.php\/2026\/03\/29\/a-sombra-do-mundo-como-a-verdade-pode-ser-revelada\/#breadcrumb\",\"itemListElement\":[{\"@type\":\"ListItem\",\"position\":1,\"name\":\"Home\",\"item\":\"https:\/\/salmosbiblicos.com.br\/\"},{\"@type\":\"ListItem\",\"position\":2,\"name\":\"A Sombra do Mundo: Como a Verdade Pode Ser Revelada\"}]},{\"@type\":\"WebSite\",\"@id\":\"https:\/\/salmosbiblicos.com.br\/#website\",\"url\":\"https:\/\/salmosbiblicos.com.br\/\",\"name\":\"Salmos B\u00edblicos\",\"description\":\"Uma e-Livraria com e-Books novos para voc\u00ea refletir.\",\"potentialAction\":[{\"@type\":\"SearchAction\",\"target\":{\"@type\":\"EntryPoint\",\"urlTemplate\":\"https:\/\/salmosbiblicos.com.br\/?s={search_term_string}\"},\"query-input\":{\"@type\":\"PropertyValueSpecification\",\"valueRequired\":true,\"valueName\":\"search_term_string\"}}],\"inLanguage\":\"pt-BR\"},{\"@type\":\"Person\",\"@id\":\"https:\/\/salmosbiblicos.com.br\/#\/schema\/person\/30586d0fb3f3a46b78a3414fc39cc975\",\"name\":\"alextreh@gmail.com\",\"image\":{\"@type\":\"ImageObject\",\"inLanguage\":\"pt-BR\",\"@id\":\"https:\/\/secure.gravatar.com\/avatar\/7cf84d31f581ec97b887c1039d478a7c293086896c84951a86753fb2c2af7527?s=96&d=mm&r=g\",\"url\":\"https:\/\/secure.gravatar.com\/avatar\/7cf84d31f581ec97b887c1039d478a7c293086896c84951a86753fb2c2af7527?s=96&d=mm&r=g\",\"contentUrl\":\"https:\/\/secure.gravatar.com\/avatar\/7cf84d31f581ec97b887c1039d478a7c293086896c84951a86753fb2c2af7527?s=96&d=mm&r=g\",\"caption\":\"alextreh@gmail.com\"},\"sameAs\":[\"http:\/\/salmosbiblicos.com.br\"],\"url\":\"https:\/\/salmosbiblicos.com.br\/index.php\/author\/alextrehgmail-com\/\"}]}<\/script>\n<!-- \/ Yoast SEO plugin. -->","yoast_head_json":{"title":"A Sombra do Mundo: Como a Verdade Pode Ser Revelada - Salmos B\u00edblicos","robots":{"index":"index","follow":"follow","max-snippet":"max-snippet:-1","max-image-preview":"max-image-preview:large","max-video-preview":"max-video-preview:-1"},"canonical":"https:\/\/salmosbiblicos.com.br\/index.php\/2026\/03\/29\/a-sombra-do-mundo-como-a-verdade-pode-ser-revelada\/","og_locale":"pt_BR","og_type":"article","og_title":"A Sombra do Mundo: Como a Verdade Pode Ser Revelada - Salmos B\u00edblicos","og_description":"## A Sombra do Mundo e a Luz da Verdade H\u00e1 uma sombra que paira sobre este mundo, uma influ\u00eancia sutil que obscurece a verdade e corrompe o cora\u00e7\u00e3o humano. N\u00e3o se trata de uma for\u00e7a f\u00edsica, mas de uma presen\u00e7a insidiosa que se manifesta na cegueira espiritual, na prefer\u00eancia pelas trevas e na rejei\u00e7\u00e3o [&hellip;]","og_url":"https:\/\/salmosbiblicos.com.br\/index.php\/2026\/03\/29\/a-sombra-do-mundo-como-a-verdade-pode-ser-revelada\/","og_site_name":"Salmos B\u00edblicos","article_published_time":"2026-03-29T19:02:42+00:00","author":"alextreh@gmail.com","twitter_card":"summary_large_image","twitter_misc":{"Escrito por":"alextreh@gmail.com","Est. tempo de leitura":"3 minutos"},"schema":{"@context":"https:\/\/schema.org","@graph":[{"@type":"Article","@id":"https:\/\/salmosbiblicos.com.br\/index.php\/2026\/03\/29\/a-sombra-do-mundo-como-a-verdade-pode-ser-revelada\/#article","isPartOf":{"@id":"https:\/\/salmosbiblicos.com.br\/index.php\/2026\/03\/29\/a-sombra-do-mundo-como-a-verdade-pode-ser-revelada\/"},"author":{"name":"alextreh@gmail.com","@id":"https:\/\/salmosbiblicos.com.br\/#\/schema\/person\/30586d0fb3f3a46b78a3414fc39cc975"},"headline":"A Sombra do Mundo: Como a Verdade Pode Ser Revelada","datePublished":"2026-03-29T19:02:42+00:00","mainEntityOfPage":{"@id":"https:\/\/salmosbiblicos.com.br\/index.php\/2026\/03\/29\/a-sombra-do-mundo-como-a-verdade-pode-ser-revelada\/"},"wordCount":584,"articleSection":["Reflex\u00e3o"],"inLanguage":"pt-BR"},{"@type":"WebPage","@id":"https:\/\/salmosbiblicos.com.br\/index.php\/2026\/03\/29\/a-sombra-do-mundo-como-a-verdade-pode-ser-revelada\/","url":"https:\/\/salmosbiblicos.com.br\/index.php\/2026\/03\/29\/a-sombra-do-mundo-como-a-verdade-pode-ser-revelada\/","name":"A Sombra do Mundo: Como a Verdade Pode Ser Revelada - Salmos B\u00edblicos","isPartOf":{"@id":"https:\/\/salmosbiblicos.com.br\/#website"},"datePublished":"2026-03-29T19:02:42+00:00","author":{"@id":"https:\/\/salmosbiblicos.com.br\/#\/schema\/person\/30586d0fb3f3a46b78a3414fc39cc975"},"breadcrumb":{"@id":"https:\/\/salmosbiblicos.com.br\/index.php\/2026\/03\/29\/a-sombra-do-mundo-como-a-verdade-pode-ser-revelada\/#breadcrumb"},"inLanguage":"pt-BR","potentialAction":[{"@type":"ReadAction","target":["https:\/\/salmosbiblicos.com.br\/index.php\/2026\/03\/29\/a-sombra-do-mundo-como-a-verdade-pode-ser-revelada\/"]}]},{"@type":"BreadcrumbList","@id":"https:\/\/salmosbiblicos.com.br\/index.php\/2026\/03\/29\/a-sombra-do-mundo-como-a-verdade-pode-ser-revelada\/#breadcrumb","itemListElement":[{"@type":"ListItem","position":1,"name":"Home","item":"https:\/\/salmosbiblicos.com.br\/"},{"@type":"ListItem","position":2,"name":"A Sombra do Mundo: Como a Verdade Pode Ser Revelada"}]},{"@type":"WebSite","@id":"https:\/\/salmosbiblicos.com.br\/#website","url":"https:\/\/salmosbiblicos.com.br\/","name":"Salmos B\u00edblicos","description":"Uma e-Livraria com e-Books novos para voc\u00ea refletir.","potentialAction":[{"@type":"SearchAction","target":{"@type":"EntryPoint","urlTemplate":"https:\/\/salmosbiblicos.com.br\/?s={search_term_string}"},"query-input":{"@type":"PropertyValueSpecification","valueRequired":true,"valueName":"search_term_string"}}],"inLanguage":"pt-BR"},{"@type":"Person","@id":"https:\/\/salmosbiblicos.com.br\/#\/schema\/person\/30586d0fb3f3a46b78a3414fc39cc975","name":"alextreh@gmail.com","image":{"@type":"ImageObject","inLanguage":"pt-BR","@id":"https:\/\/secure.gravatar.com\/avatar\/7cf84d31f581ec97b887c1039d478a7c293086896c84951a86753fb2c2af7527?s=96&d=mm&r=g","url":"https:\/\/secure.gravatar.com\/avatar\/7cf84d31f581ec97b887c1039d478a7c293086896c84951a86753fb2c2af7527?s=96&d=mm&r=g","contentUrl":"https:\/\/secure.gravatar.com\/avatar\/7cf84d31f581ec97b887c1039d478a7c293086896c84951a86753fb2c2af7527?s=96&d=mm&r=g","caption":"alextreh@gmail.com"},"sameAs":["http:\/\/salmosbiblicos.com.br"],"url":"https:\/\/salmosbiblicos.com.br\/index.php\/author\/alextrehgmail-com\/"}]}},"_links":{"self":[{"href":"https:\/\/salmosbiblicos.com.br\/index.php\/wp-json\/wp\/v2\/posts\/5950","targetHints":{"allow":["GET"]}}],"collection":[{"href":"https:\/\/salmosbiblicos.com.br\/index.php\/wp-json\/wp\/v2\/posts"}],"about":[{"href":"https:\/\/salmosbiblicos.com.br\/index.php\/wp-json\/wp\/v2\/types\/post"}],"author":[{"embeddable":true,"href":"https:\/\/salmosbiblicos.com.br\/index.php\/wp-json\/wp\/v2\/users\/1"}],"replies":[{"embeddable":true,"href":"https:\/\/salmosbiblicos.com.br\/index.php\/wp-json\/wp\/v2\/comments?post=5950"}],"version-history":[{"count":1,"href":"https:\/\/salmosbiblicos.com.br\/index.php\/wp-json\/wp\/v2\/posts\/5950\/revisions"}],"predecessor-version":[{"id":5951,"href":"https:\/\/salmosbiblicos.com.br\/index.php\/wp-json\/wp\/v2\/posts\/5950\/revisions\/5951"}],"wp:attachment":[{"href":"https:\/\/salmosbiblicos.com.br\/index.php\/wp-json\/wp\/v2\/media?parent=5950"}],"wp:term":[{"taxonomy":"category","embeddable":true,"href":"https:\/\/salmosbiblicos.com.br\/index.php\/wp-json\/wp\/v2\/categories?post=5950"},{"taxonomy":"post_tag","embeddable":true,"href":"https:\/\/salmosbiblicos.com.br\/index.php\/wp-json\/wp\/v2\/tags?post=5950"}],"curies":[{"name":"wp","href":"https:\/\/api.w.org\/{rel}","templated":true}]}}