{"id":5954,"date":"2026-03-29T16:16:32","date_gmt":"2026-03-29T19:16:32","guid":{"rendered":"https:\/\/salmosbiblicos.com.br\/?p=5954"},"modified":"2026-03-29T16:16:32","modified_gmt":"2026-03-29T19:16:32","slug":"seja-a-luz-reflexoes-sobre-a-fe-e-a-esperanca-no-mundo","status":"publish","type":"post","link":"https:\/\/salmosbiblicos.com.br\/index.php\/2026\/03\/29\/seja-a-luz-reflexoes-sobre-a-fe-e-a-esperanca-no-mundo\/","title":{"rendered":"Seja a Luz: Reflex\u00f5es Sobre a F\u00e9 e a Esperan\u00e7a no Mundo"},"content":{"rendered":"<p>## Seja a Luz que Ilumina o Mundo<\/p>\n<p>A quietude da noite convida \u00e0 reflex\u00e3o. Imaginem uma cidade constru\u00edda sobre um monte, inating\u00edvel pelas sombras. Ou uma l\u00e2mpada acesa, n\u00e3o escondida, mas colocada em um lugar de destaque, para que sua luz possa alcan\u00e7ar todos os que est\u00e3o em casa. Assim somos n\u00f3s, chamados a brilhar em um mundo que, por vezes, se afasta da f\u00e9.<\/p>\n<p>### A Palavra nos Convida<\/p>\n<p>Jesus nos diz: **\u201cV\u00f3s sois a luz do mundo.\u201d** Uma responsabilidade imensa, um chamado \u00e0 a\u00e7\u00e3o. Mas o que significa ser essa luz? \u00c9 uma quest\u00e3o que devemos nos fazer, um espelho que nos convida a examinar nossas vidas.<\/p>\n<p>A resposta reside em um \u00fanico ponto: **Jesus \u00e9 a luz.** Ele disse: &#8220;Eu sou a luz do mundo.&#8221; E aqueles que o seguem, aqueles que caminham em sua verdade, n\u00e3o permanecer\u00e3o nas trevas, mas desfrutar\u00e3o da luz da vida.<\/p>\n<p>### A Reflex\u00e3o e o Caminho<\/p>\n<p>A B\u00edblia nos ensina que a verdadeira luz ilumina todo homem. E essa luz, ao se aproximar de n\u00f3s, tamb\u00e9m nos ilumina. Mas, ao nos afastarmos, mergulhamos na escurid\u00e3o.<\/p>\n<p>Lembrem-se: n\u00e3o somos a luz em si, mas um reflexo da luz que emana de Cristo. **A luz que carregamos s\u00f3 se acende quando estamos pr\u00f3ximos d\u2019Ele.** \u00c9 a proximidade com Jesus que nos capacita a irradiar sua verdade e amor para o mundo.<\/p>\n<p>### Em um Mundo em Trevas<\/p>\n<p>Vivemos em tempos desafiadores. Uma sociedade marcada pela deprava\u00e7\u00e3o e pela mal\u00edcia. \u00c9 f\u00e1cil se sentir perdido, desanimado. Mas em meio a essa escurid\u00e3o, somos chamados a brilhar.<\/p>\n<p>Somos chamados a ser **\u201cluzeros\u201d** em um mundo que anseia por esperan\u00e7a. A luz do testemunho, do amor, da bondade, da verdade. N\u00e3o podemos nos esconder, n\u00e3o podemos nos retrair. Precisamos, com coragem e f\u00e9, iluminar o caminho daqueles que est\u00e3o perdidos.<\/p>\n<p>### Um Chamado \u00e0 Transforma\u00e7\u00e3o<\/p>\n<p>Antes de conhecer a luz, \u00e9ramos trevas. Mas, ao nos aproximarmos de Jesus, fomos transformados. Paulo nos exorta: &#8220;Comportai-vos como luzes no Senhor.\u201d A luz n\u00e3o se comporta como a escurid\u00e3o. Ela irradia alegria, santidade, amor e servi\u00e7o ao pr\u00f3ximo.<\/p>\n<p>**N\u00e3o podemos permitir que a escurid\u00e3o nos consuma.** Precisamos nos revestir da luz de Cristo e compartilhar essa luz com todos ao nosso redor.<\/p>\n<p>### Seja a Mudan\u00e7a<\/p>\n<p>Abra seu cora\u00e7\u00e3o, deixe a luz de Cristo brilhar em sua vida. **Declare com convic\u00e7\u00e3o: &#8220;Eu quero ser luz neste mundo.&#8221;** Deus conta com voc\u00ea, com sua f\u00e9, com sua esperan\u00e7a, com seu amor.<\/p>\n<p>Que a luz de Cristo nos guie, nos fortale\u00e7a e nos inspire a sermos a luz que ilumina o mundo. Que possamos ser o caminho, a verdade e a vida para aqueles que buscam a esperan\u00e7a.<\/p>\n","protected":false},"excerpt":{"rendered":"<p>## Seja a Luz que Ilumina o Mundo A quietude da noite convida \u00e0 reflex\u00e3o. Imaginem uma cidade constru\u00edda sobre um monte, inating\u00edvel pelas sombras. Ou uma l\u00e2mpada acesa, n\u00e3o escondida, mas colocada em um lugar de destaque, para que sua luz possa alcan\u00e7ar todos os que est\u00e3o em casa. Assim somos n\u00f3s, chamados a [&hellip;]<\/p>\n","protected":false},"author":1,"featured_media":0,"comment_status":"closed","ping_status":"open","sticky":false,"template":"","format":"standard","meta":{"footnotes":""},"categories":[14],"tags":[],"class_list":["post-5954","post","type-post","status-publish","format-standard","hentry","category-reflexao"],"yoast_head":"<!-- This site is optimized with the Yoast SEO plugin v27.2 - https:\/\/yoast.com\/product\/yoast-seo-wordpress\/ -->\n<title>Seja a Luz: Reflex\u00f5es Sobre a F\u00e9 e a Esperan\u00e7a no Mundo - Salmos B\u00edblicos<\/title>\n<meta name=\"robots\" content=\"index, follow, max-snippet:-1, max-image-preview:large, max-video-preview:-1\" \/>\n<link rel=\"canonical\" href=\"http:\/\/salmosbiblicos.com.br\/index.php\/2026\/03\/29\/seja-a-luz-reflexoes-sobre-a-fe-e-a-esperanca-no-mundo\/\" \/>\n<meta property=\"og:locale\" content=\"pt_BR\" \/>\n<meta property=\"og:type\" content=\"article\" \/>\n<meta property=\"og:title\" content=\"Seja a Luz: Reflex\u00f5es Sobre a F\u00e9 e a Esperan\u00e7a no Mundo - Salmos B\u00edblicos\" \/>\n<meta property=\"og:description\" content=\"## Seja a Luz que Ilumina o Mundo A quietude da noite convida \u00e0 reflex\u00e3o. Imaginem uma cidade constru\u00edda sobre um monte, inating\u00edvel pelas sombras. Ou uma l\u00e2mpada acesa, n\u00e3o escondida, mas colocada em um lugar de destaque, para que sua luz possa alcan\u00e7ar todos os que est\u00e3o em casa. Assim somos n\u00f3s, chamados a [&hellip;]\" \/>\n<meta property=\"og:url\" content=\"http:\/\/salmosbiblicos.com.br\/index.php\/2026\/03\/29\/seja-a-luz-reflexoes-sobre-a-fe-e-a-esperanca-no-mundo\/\" \/>\n<meta property=\"og:site_name\" content=\"Salmos B\u00edblicos\" \/>\n<meta property=\"article:published_time\" content=\"2026-03-29T19:16:32+00:00\" \/>\n<meta name=\"author\" content=\"alextreh@gmail.com\" \/>\n<meta name=\"twitter:card\" content=\"summary_large_image\" \/>\n<meta name=\"twitter:label1\" content=\"Escrito por\" \/>\n\t<meta name=\"twitter:data1\" content=\"alextreh@gmail.com\" \/>\n\t<meta name=\"twitter:label2\" content=\"Est. tempo de leitura\" \/>\n\t<meta name=\"twitter:data2\" content=\"2 minutos\" \/>\n<script type=\"application\/ld+json\" class=\"yoast-schema-graph\">{\"@context\":\"https:\/\/schema.org\",\"@graph\":[{\"@type\":\"Article\",\"@id\":\"http:\/\/salmosbiblicos.com.br\/index.php\/2026\/03\/29\/seja-a-luz-reflexoes-sobre-a-fe-e-a-esperanca-no-mundo\/#article\",\"isPartOf\":{\"@id\":\"http:\/\/salmosbiblicos.com.br\/index.php\/2026\/03\/29\/seja-a-luz-reflexoes-sobre-a-fe-e-a-esperanca-no-mundo\/\"},\"author\":{\"name\":\"alextreh@gmail.com\",\"@id\":\"https:\/\/salmosbiblicos.com.br\/#\/schema\/person\/30586d0fb3f3a46b78a3414fc39cc975\"},\"headline\":\"Seja a Luz: Reflex\u00f5es Sobre a F\u00e9 e a Esperan\u00e7a no Mundo\",\"datePublished\":\"2026-03-29T19:16:32+00:00\",\"mainEntityOfPage\":{\"@id\":\"http:\/\/salmosbiblicos.com.br\/index.php\/2026\/03\/29\/seja-a-luz-reflexoes-sobre-a-fe-e-a-esperanca-no-mundo\/\"},\"wordCount\":492,\"articleSection\":[\"Reflex\u00e3o\"],\"inLanguage\":\"pt-BR\"},{\"@type\":\"WebPage\",\"@id\":\"http:\/\/salmosbiblicos.com.br\/index.php\/2026\/03\/29\/seja-a-luz-reflexoes-sobre-a-fe-e-a-esperanca-no-mundo\/\",\"url\":\"http:\/\/salmosbiblicos.com.br\/index.php\/2026\/03\/29\/seja-a-luz-reflexoes-sobre-a-fe-e-a-esperanca-no-mundo\/\",\"name\":\"Seja a Luz: Reflex\u00f5es Sobre a F\u00e9 e a Esperan\u00e7a no Mundo - Salmos B\u00edblicos\",\"isPartOf\":{\"@id\":\"https:\/\/salmosbiblicos.com.br\/#website\"},\"datePublished\":\"2026-03-29T19:16:32+00:00\",\"author\":{\"@id\":\"https:\/\/salmosbiblicos.com.br\/#\/schema\/person\/30586d0fb3f3a46b78a3414fc39cc975\"},\"breadcrumb\":{\"@id\":\"http:\/\/salmosbiblicos.com.br\/index.php\/2026\/03\/29\/seja-a-luz-reflexoes-sobre-a-fe-e-a-esperanca-no-mundo\/#breadcrumb\"},\"inLanguage\":\"pt-BR\",\"potentialAction\":[{\"@type\":\"ReadAction\",\"target\":[\"http:\/\/salmosbiblicos.com.br\/index.php\/2026\/03\/29\/seja-a-luz-reflexoes-sobre-a-fe-e-a-esperanca-no-mundo\/\"]}]},{\"@type\":\"BreadcrumbList\",\"@id\":\"http:\/\/salmosbiblicos.com.br\/index.php\/2026\/03\/29\/seja-a-luz-reflexoes-sobre-a-fe-e-a-esperanca-no-mundo\/#breadcrumb\",\"itemListElement\":[{\"@type\":\"ListItem\",\"position\":1,\"name\":\"Home\",\"item\":\"https:\/\/salmosbiblicos.com.br\/\"},{\"@type\":\"ListItem\",\"position\":2,\"name\":\"Seja a Luz: Reflex\u00f5es Sobre a F\u00e9 e a Esperan\u00e7a no Mundo\"}]},{\"@type\":\"WebSite\",\"@id\":\"https:\/\/salmosbiblicos.com.br\/#website\",\"url\":\"https:\/\/salmosbiblicos.com.br\/\",\"name\":\"Salmos B\u00edblicos\",\"description\":\"Uma e-Livraria com e-Books novos para voc\u00ea refletir.\",\"potentialAction\":[{\"@type\":\"SearchAction\",\"target\":{\"@type\":\"EntryPoint\",\"urlTemplate\":\"https:\/\/salmosbiblicos.com.br\/?s={search_term_string}\"},\"query-input\":{\"@type\":\"PropertyValueSpecification\",\"valueRequired\":true,\"valueName\":\"search_term_string\"}}],\"inLanguage\":\"pt-BR\"},{\"@type\":\"Person\",\"@id\":\"https:\/\/salmosbiblicos.com.br\/#\/schema\/person\/30586d0fb3f3a46b78a3414fc39cc975\",\"name\":\"alextreh@gmail.com\",\"image\":{\"@type\":\"ImageObject\",\"inLanguage\":\"pt-BR\",\"@id\":\"https:\/\/secure.gravatar.com\/avatar\/7cf84d31f581ec97b887c1039d478a7c293086896c84951a86753fb2c2af7527?s=96&d=mm&r=g\",\"url\":\"https:\/\/secure.gravatar.com\/avatar\/7cf84d31f581ec97b887c1039d478a7c293086896c84951a86753fb2c2af7527?s=96&d=mm&r=g\",\"contentUrl\":\"https:\/\/secure.gravatar.com\/avatar\/7cf84d31f581ec97b887c1039d478a7c293086896c84951a86753fb2c2af7527?s=96&d=mm&r=g\",\"caption\":\"alextreh@gmail.com\"},\"sameAs\":[\"http:\/\/salmosbiblicos.com.br\"],\"url\":\"https:\/\/salmosbiblicos.com.br\/index.php\/author\/alextrehgmail-com\/\"}]}<\/script>\n<!-- \/ Yoast SEO plugin. -->","yoast_head_json":{"title":"Seja a Luz: Reflex\u00f5es Sobre a F\u00e9 e a Esperan\u00e7a no Mundo - Salmos B\u00edblicos","robots":{"index":"index","follow":"follow","max-snippet":"max-snippet:-1","max-image-preview":"max-image-preview:large","max-video-preview":"max-video-preview:-1"},"canonical":"http:\/\/salmosbiblicos.com.br\/index.php\/2026\/03\/29\/seja-a-luz-reflexoes-sobre-a-fe-e-a-esperanca-no-mundo\/","og_locale":"pt_BR","og_type":"article","og_title":"Seja a Luz: Reflex\u00f5es Sobre a F\u00e9 e a Esperan\u00e7a no Mundo - Salmos B\u00edblicos","og_description":"## Seja a Luz que Ilumina o Mundo A quietude da noite convida \u00e0 reflex\u00e3o. Imaginem uma cidade constru\u00edda sobre um monte, inating\u00edvel pelas sombras. Ou uma l\u00e2mpada acesa, n\u00e3o escondida, mas colocada em um lugar de destaque, para que sua luz possa alcan\u00e7ar todos os que est\u00e3o em casa. Assim somos n\u00f3s, chamados a [&hellip;]","og_url":"http:\/\/salmosbiblicos.com.br\/index.php\/2026\/03\/29\/seja-a-luz-reflexoes-sobre-a-fe-e-a-esperanca-no-mundo\/","og_site_name":"Salmos B\u00edblicos","article_published_time":"2026-03-29T19:16:32+00:00","author":"alextreh@gmail.com","twitter_card":"summary_large_image","twitter_misc":{"Escrito por":"alextreh@gmail.com","Est. tempo de leitura":"2 minutos"},"schema":{"@context":"https:\/\/schema.org","@graph":[{"@type":"Article","@id":"http:\/\/salmosbiblicos.com.br\/index.php\/2026\/03\/29\/seja-a-luz-reflexoes-sobre-a-fe-e-a-esperanca-no-mundo\/#article","isPartOf":{"@id":"http:\/\/salmosbiblicos.com.br\/index.php\/2026\/03\/29\/seja-a-luz-reflexoes-sobre-a-fe-e-a-esperanca-no-mundo\/"},"author":{"name":"alextreh@gmail.com","@id":"https:\/\/salmosbiblicos.com.br\/#\/schema\/person\/30586d0fb3f3a46b78a3414fc39cc975"},"headline":"Seja a Luz: Reflex\u00f5es Sobre a F\u00e9 e a Esperan\u00e7a no Mundo","datePublished":"2026-03-29T19:16:32+00:00","mainEntityOfPage":{"@id":"http:\/\/salmosbiblicos.com.br\/index.php\/2026\/03\/29\/seja-a-luz-reflexoes-sobre-a-fe-e-a-esperanca-no-mundo\/"},"wordCount":492,"articleSection":["Reflex\u00e3o"],"inLanguage":"pt-BR"},{"@type":"WebPage","@id":"http:\/\/salmosbiblicos.com.br\/index.php\/2026\/03\/29\/seja-a-luz-reflexoes-sobre-a-fe-e-a-esperanca-no-mundo\/","url":"http:\/\/salmosbiblicos.com.br\/index.php\/2026\/03\/29\/seja-a-luz-reflexoes-sobre-a-fe-e-a-esperanca-no-mundo\/","name":"Seja a Luz: Reflex\u00f5es Sobre a F\u00e9 e a Esperan\u00e7a no Mundo - Salmos B\u00edblicos","isPartOf":{"@id":"https:\/\/salmosbiblicos.com.br\/#website"},"datePublished":"2026-03-29T19:16:32+00:00","author":{"@id":"https:\/\/salmosbiblicos.com.br\/#\/schema\/person\/30586d0fb3f3a46b78a3414fc39cc975"},"breadcrumb":{"@id":"http:\/\/salmosbiblicos.com.br\/index.php\/2026\/03\/29\/seja-a-luz-reflexoes-sobre-a-fe-e-a-esperanca-no-mundo\/#breadcrumb"},"inLanguage":"pt-BR","potentialAction":[{"@type":"ReadAction","target":["http:\/\/salmosbiblicos.com.br\/index.php\/2026\/03\/29\/seja-a-luz-reflexoes-sobre-a-fe-e-a-esperanca-no-mundo\/"]}]},{"@type":"BreadcrumbList","@id":"http:\/\/salmosbiblicos.com.br\/index.php\/2026\/03\/29\/seja-a-luz-reflexoes-sobre-a-fe-e-a-esperanca-no-mundo\/#breadcrumb","itemListElement":[{"@type":"ListItem","position":1,"name":"Home","item":"https:\/\/salmosbiblicos.com.br\/"},{"@type":"ListItem","position":2,"name":"Seja a Luz: Reflex\u00f5es Sobre a F\u00e9 e a Esperan\u00e7a no Mundo"}]},{"@type":"WebSite","@id":"https:\/\/salmosbiblicos.com.br\/#website","url":"https:\/\/salmosbiblicos.com.br\/","name":"Salmos B\u00edblicos","description":"Uma e-Livraria com e-Books novos para voc\u00ea refletir.","potentialAction":[{"@type":"SearchAction","target":{"@type":"EntryPoint","urlTemplate":"https:\/\/salmosbiblicos.com.br\/?s={search_term_string}"},"query-input":{"@type":"PropertyValueSpecification","valueRequired":true,"valueName":"search_term_string"}}],"inLanguage":"pt-BR"},{"@type":"Person","@id":"https:\/\/salmosbiblicos.com.br\/#\/schema\/person\/30586d0fb3f3a46b78a3414fc39cc975","name":"alextreh@gmail.com","image":{"@type":"ImageObject","inLanguage":"pt-BR","@id":"https:\/\/secure.gravatar.com\/avatar\/7cf84d31f581ec97b887c1039d478a7c293086896c84951a86753fb2c2af7527?s=96&d=mm&r=g","url":"https:\/\/secure.gravatar.com\/avatar\/7cf84d31f581ec97b887c1039d478a7c293086896c84951a86753fb2c2af7527?s=96&d=mm&r=g","contentUrl":"https:\/\/secure.gravatar.com\/avatar\/7cf84d31f581ec97b887c1039d478a7c293086896c84951a86753fb2c2af7527?s=96&d=mm&r=g","caption":"alextreh@gmail.com"},"sameAs":["http:\/\/salmosbiblicos.com.br"],"url":"https:\/\/salmosbiblicos.com.br\/index.php\/author\/alextrehgmail-com\/"}]}},"_links":{"self":[{"href":"https:\/\/salmosbiblicos.com.br\/index.php\/wp-json\/wp\/v2\/posts\/5954","targetHints":{"allow":["GET"]}}],"collection":[{"href":"https:\/\/salmosbiblicos.com.br\/index.php\/wp-json\/wp\/v2\/posts"}],"about":[{"href":"https:\/\/salmosbiblicos.com.br\/index.php\/wp-json\/wp\/v2\/types\/post"}],"author":[{"embeddable":true,"href":"https:\/\/salmosbiblicos.com.br\/index.php\/wp-json\/wp\/v2\/users\/1"}],"replies":[{"embeddable":true,"href":"https:\/\/salmosbiblicos.com.br\/index.php\/wp-json\/wp\/v2\/comments?post=5954"}],"version-history":[{"count":1,"href":"https:\/\/salmosbiblicos.com.br\/index.php\/wp-json\/wp\/v2\/posts\/5954\/revisions"}],"predecessor-version":[{"id":5955,"href":"https:\/\/salmosbiblicos.com.br\/index.php\/wp-json\/wp\/v2\/posts\/5954\/revisions\/5955"}],"wp:attachment":[{"href":"https:\/\/salmosbiblicos.com.br\/index.php\/wp-json\/wp\/v2\/media?parent=5954"}],"wp:term":[{"taxonomy":"category","embeddable":true,"href":"https:\/\/salmosbiblicos.com.br\/index.php\/wp-json\/wp\/v2\/categories?post=5954"},{"taxonomy":"post_tag","embeddable":true,"href":"https:\/\/salmosbiblicos.com.br\/index.php\/wp-json\/wp\/v2\/tags?post=5954"}],"curies":[{"name":"wp","href":"https:\/\/api.w.org\/{rel}","templated":true}]}}