{"id":5962,"date":"2026-03-29T16:44:12","date_gmt":"2026-03-29T19:44:12","guid":{"rendered":"https:\/\/salmosbiblicos.com.br\/?p=5962"},"modified":"2026-03-29T16:44:12","modified_gmt":"2026-03-29T19:44:12","slug":"retomar-o-caminho-reflexoes-sobre-fraqueza-e-perseveranca","status":"publish","type":"post","link":"https:\/\/salmosbiblicos.com.br\/index.php\/2026\/03\/29\/retomar-o-caminho-reflexoes-sobre-fraqueza-e-perseveranca\/","title":{"rendered":"Retomar o Caminho: Reflex\u00f5es sobre Fraqueza e Perseveran\u00e7a"},"content":{"rendered":"<p>## A Coragem de Retomar o Caminho<\/p>\n<p>Quantas vezes, em nossos momentos de des\u00e2nimo, desejamos voltar atr\u00e1s? Retornar a um tempo em que as responsabilidades pareciam mais leves, as escolhas mais f\u00e1ceis? O peso do chamado, a complexidade das tarefas que nos foram confiadas, podem nos levar a questionar a pr\u00f3pria dire\u00e7\u00e3o de nossas vidas.<\/p>\n<p>### A Humildade de Reconhecer a Fragilidade<\/p>\n<p>A hist\u00f3ria de um homem, outrora l\u00edder e ap\u00f3stolo, nos oferece uma profunda li\u00e7\u00e3o sobre perseveran\u00e7a e a gra\u00e7a divina. Ele se viu perdido, desiludido, desejando retornar a uma vida simples de pescador. A sombra de suas falhas, as tr\u00eas nega\u00e7\u00f5es que o afligiram, pairavam sobre ele como uma nuvem densa.<\/p>\n<p>No entanto, a miseric\u00f3rdia de Deus \u00e9 infinita. Mesmo em sua fraqueza, o chamado persistiu. Uma voz familiar o despertou da melancolia, perguntando-lhe, insistentemente, se o amava. A repeti\u00e7\u00e3o da pergunta, a princ\u00edpio perturbadora, tornou-se um convite \u00e0 reflex\u00e3o, um chamado \u00e0 responsabilidade.<\/p>\n<p>### A For\u00e7a na Obedi\u00eancia<\/p>\n<p>Essas perguntas n\u00e3o eram uma acusa\u00e7\u00e3o, mas um *est\u00edmulo para o arrependimento e a restaura\u00e7\u00e3o*. Em cada resposta, havia a oportunidade de reafirmar seu compromisso, de reconstruir a confian\u00e7a.  **\u201cApacenta as minhas ovelhas.\u201d** Essa ordem, repetida com urg\u00eancia, n\u00e3o era apenas um dever, mas um sinal de restaura\u00e7\u00e3o, uma promessa de poder servir novamente.<\/p>\n<p>A imagem \u00e9 poderosa: um pastor cuidando de seu rebanho, protegendo-o dos perigos, nutrindo-o com amor e sabedoria. Assim \u00e9 o chamado que recebemos, a responsabilidade de guiar, de inspirar, de servir a comunidade que nos foi confiada.<\/p>\n<p>### A Pedra Fundamental<\/p>\n<p>Deus, em sua infinita sabedoria, estabeleceu uma base s\u00f3lida para a f\u00e9. **\u201cTu \u00e9s Pedro, e sobre esta pedra edificarei a minha igreja.\u201d** Essa promessa, essa confian\u00e7a, n\u00e3o se baseia em nossas qualidades, mas na gra\u00e7a divina que nos capacita a superar nossas fraquezas.<\/p>\n<p>Mesmo quando o medo nos paralisa, quando a d\u00favida nos assola, a rocha permanece firme, sustentando a estrutura da f\u00e9.  **As portas do inferno n\u00e3o prevalecer\u00e3o contra ela.**  \u00c9 uma garantia de que, mesmo em meio \u00e0s tempestades, a esperan\u00e7a prevalecer\u00e1.<\/p>\n<p>### Assumir o Nosso Destino<\/p>\n<p>A jornada n\u00e3o \u00e9 isenta de prova\u00e7\u00f5es. Haver\u00e1 momentos de fragilidade, de hesita\u00e7\u00e3o, de arrependimento. Mas \u00e9 nesses momentos que a verdadeira for\u00e7a se revela. \u00c9 ao reconhecer nossas limita\u00e7\u00f5es que nos abrimos para a gra\u00e7a divina.<\/p>\n<p>Que possamos, como aquele homem que outrora desejou retornar \u00e0 pesca, nos levantarmos, sacudirmos a poeira e retomarmos o caminho. Que assumamos com coragem a miss\u00e3o que nos foi confiada, mesmo diante das adversidades.<\/p>\n<p>*   **N\u00e3o h\u00e1 escapat\u00f3ria para o chamado que ressoa em nossos cora\u00e7\u00f5es.**<br \/>*   **A gra\u00e7a de Deus nos capacita a superar nossas fraquezas.**<br \/>*   **A perseveran\u00e7a nos conduz \u00e0 gl\u00f3ria que nos espera.**<\/p>\n<p>Que possamos, em cada passo, seguir seus exemplos, buscando sempre a dire\u00e7\u00e3o da luz, a for\u00e7a do amor e a certeza da f\u00e9.<\/p>\n","protected":false},"excerpt":{"rendered":"<p>## A Coragem de Retomar o Caminho Quantas vezes, em nossos momentos de des\u00e2nimo, desejamos voltar atr\u00e1s? Retornar a um tempo em que as responsabilidades pareciam mais leves, as escolhas mais f\u00e1ceis? O peso do chamado, a complexidade das tarefas que nos foram confiadas, podem nos levar a questionar a pr\u00f3pria dire\u00e7\u00e3o de nossas vidas. [&hellip;]<\/p>\n","protected":false},"author":1,"featured_media":0,"comment_status":"closed","ping_status":"open","sticky":false,"template":"","format":"standard","meta":{"footnotes":""},"categories":[14],"tags":[],"class_list":["post-5962","post","type-post","status-publish","format-standard","hentry","category-reflexao"],"yoast_head":"<!-- This site is optimized with the Yoast SEO plugin v27.2 - https:\/\/yoast.com\/product\/yoast-seo-wordpress\/ -->\n<title>Retomar o Caminho: Reflex\u00f5es sobre Fraqueza e Perseveran\u00e7a - Salmos B\u00edblicos<\/title>\n<meta name=\"robots\" content=\"index, follow, max-snippet:-1, max-image-preview:large, max-video-preview:-1\" \/>\n<link rel=\"canonical\" href=\"https:\/\/salmosbiblicos.com.br\/index.php\/2026\/03\/29\/retomar-o-caminho-reflexoes-sobre-fraqueza-e-perseveranca\/\" \/>\n<meta property=\"og:locale\" content=\"pt_BR\" \/>\n<meta property=\"og:type\" content=\"article\" \/>\n<meta property=\"og:title\" content=\"Retomar o Caminho: Reflex\u00f5es sobre Fraqueza e Perseveran\u00e7a - Salmos B\u00edblicos\" \/>\n<meta property=\"og:description\" content=\"## A Coragem de Retomar o Caminho Quantas vezes, em nossos momentos de des\u00e2nimo, desejamos voltar atr\u00e1s? Retornar a um tempo em que as responsabilidades pareciam mais leves, as escolhas mais f\u00e1ceis? O peso do chamado, a complexidade das tarefas que nos foram confiadas, podem nos levar a questionar a pr\u00f3pria dire\u00e7\u00e3o de nossas vidas. [&hellip;]\" \/>\n<meta property=\"og:url\" content=\"https:\/\/salmosbiblicos.com.br\/index.php\/2026\/03\/29\/retomar-o-caminho-reflexoes-sobre-fraqueza-e-perseveranca\/\" \/>\n<meta property=\"og:site_name\" content=\"Salmos B\u00edblicos\" \/>\n<meta property=\"article:published_time\" content=\"2026-03-29T19:44:12+00:00\" \/>\n<meta name=\"author\" content=\"alextreh@gmail.com\" \/>\n<meta name=\"twitter:card\" content=\"summary_large_image\" \/>\n<meta name=\"twitter:label1\" content=\"Escrito por\" \/>\n\t<meta name=\"twitter:data1\" content=\"alextreh@gmail.com\" \/>\n\t<meta name=\"twitter:label2\" content=\"Est. tempo de leitura\" \/>\n\t<meta name=\"twitter:data2\" content=\"3 minutos\" \/>\n<script type=\"application\/ld+json\" class=\"yoast-schema-graph\">{\"@context\":\"https:\/\/schema.org\",\"@graph\":[{\"@type\":\"Article\",\"@id\":\"https:\/\/salmosbiblicos.com.br\/index.php\/2026\/03\/29\/retomar-o-caminho-reflexoes-sobre-fraqueza-e-perseveranca\/#article\",\"isPartOf\":{\"@id\":\"https:\/\/salmosbiblicos.com.br\/index.php\/2026\/03\/29\/retomar-o-caminho-reflexoes-sobre-fraqueza-e-perseveranca\/\"},\"author\":{\"name\":\"alextreh@gmail.com\",\"@id\":\"https:\/\/salmosbiblicos.com.br\/#\/schema\/person\/30586d0fb3f3a46b78a3414fc39cc975\"},\"headline\":\"Retomar o Caminho: Reflex\u00f5es sobre Fraqueza e Perseveran\u00e7a\",\"datePublished\":\"2026-03-29T19:44:12+00:00\",\"mainEntityOfPage\":{\"@id\":\"https:\/\/salmosbiblicos.com.br\/index.php\/2026\/03\/29\/retomar-o-caminho-reflexoes-sobre-fraqueza-e-perseveranca\/\"},\"wordCount\":515,\"articleSection\":[\"Reflex\u00e3o\"],\"inLanguage\":\"pt-BR\"},{\"@type\":\"WebPage\",\"@id\":\"https:\/\/salmosbiblicos.com.br\/index.php\/2026\/03\/29\/retomar-o-caminho-reflexoes-sobre-fraqueza-e-perseveranca\/\",\"url\":\"https:\/\/salmosbiblicos.com.br\/index.php\/2026\/03\/29\/retomar-o-caminho-reflexoes-sobre-fraqueza-e-perseveranca\/\",\"name\":\"Retomar o Caminho: Reflex\u00f5es sobre Fraqueza e Perseveran\u00e7a - Salmos B\u00edblicos\",\"isPartOf\":{\"@id\":\"https:\/\/salmosbiblicos.com.br\/#website\"},\"datePublished\":\"2026-03-29T19:44:12+00:00\",\"author\":{\"@id\":\"https:\/\/salmosbiblicos.com.br\/#\/schema\/person\/30586d0fb3f3a46b78a3414fc39cc975\"},\"breadcrumb\":{\"@id\":\"https:\/\/salmosbiblicos.com.br\/index.php\/2026\/03\/29\/retomar-o-caminho-reflexoes-sobre-fraqueza-e-perseveranca\/#breadcrumb\"},\"inLanguage\":\"pt-BR\",\"potentialAction\":[{\"@type\":\"ReadAction\",\"target\":[\"https:\/\/salmosbiblicos.com.br\/index.php\/2026\/03\/29\/retomar-o-caminho-reflexoes-sobre-fraqueza-e-perseveranca\/\"]}]},{\"@type\":\"BreadcrumbList\",\"@id\":\"https:\/\/salmosbiblicos.com.br\/index.php\/2026\/03\/29\/retomar-o-caminho-reflexoes-sobre-fraqueza-e-perseveranca\/#breadcrumb\",\"itemListElement\":[{\"@type\":\"ListItem\",\"position\":1,\"name\":\"Home\",\"item\":\"https:\/\/salmosbiblicos.com.br\/\"},{\"@type\":\"ListItem\",\"position\":2,\"name\":\"Retomar o Caminho: Reflex\u00f5es sobre Fraqueza e Perseveran\u00e7a\"}]},{\"@type\":\"WebSite\",\"@id\":\"https:\/\/salmosbiblicos.com.br\/#website\",\"url\":\"https:\/\/salmosbiblicos.com.br\/\",\"name\":\"Salmos B\u00edblicos\",\"description\":\"Uma e-Livraria com e-Books novos para voc\u00ea refletir.\",\"potentialAction\":[{\"@type\":\"SearchAction\",\"target\":{\"@type\":\"EntryPoint\",\"urlTemplate\":\"https:\/\/salmosbiblicos.com.br\/?s={search_term_string}\"},\"query-input\":{\"@type\":\"PropertyValueSpecification\",\"valueRequired\":true,\"valueName\":\"search_term_string\"}}],\"inLanguage\":\"pt-BR\"},{\"@type\":\"Person\",\"@id\":\"https:\/\/salmosbiblicos.com.br\/#\/schema\/person\/30586d0fb3f3a46b78a3414fc39cc975\",\"name\":\"alextreh@gmail.com\",\"image\":{\"@type\":\"ImageObject\",\"inLanguage\":\"pt-BR\",\"@id\":\"https:\/\/secure.gravatar.com\/avatar\/7cf84d31f581ec97b887c1039d478a7c293086896c84951a86753fb2c2af7527?s=96&d=mm&r=g\",\"url\":\"https:\/\/secure.gravatar.com\/avatar\/7cf84d31f581ec97b887c1039d478a7c293086896c84951a86753fb2c2af7527?s=96&d=mm&r=g\",\"contentUrl\":\"https:\/\/secure.gravatar.com\/avatar\/7cf84d31f581ec97b887c1039d478a7c293086896c84951a86753fb2c2af7527?s=96&d=mm&r=g\",\"caption\":\"alextreh@gmail.com\"},\"sameAs\":[\"http:\/\/salmosbiblicos.com.br\"],\"url\":\"https:\/\/salmosbiblicos.com.br\/index.php\/author\/alextrehgmail-com\/\"}]}<\/script>\n<!-- \/ Yoast SEO plugin. -->","yoast_head_json":{"title":"Retomar o Caminho: Reflex\u00f5es sobre Fraqueza e Perseveran\u00e7a - Salmos B\u00edblicos","robots":{"index":"index","follow":"follow","max-snippet":"max-snippet:-1","max-image-preview":"max-image-preview:large","max-video-preview":"max-video-preview:-1"},"canonical":"https:\/\/salmosbiblicos.com.br\/index.php\/2026\/03\/29\/retomar-o-caminho-reflexoes-sobre-fraqueza-e-perseveranca\/","og_locale":"pt_BR","og_type":"article","og_title":"Retomar o Caminho: Reflex\u00f5es sobre Fraqueza e Perseveran\u00e7a - Salmos B\u00edblicos","og_description":"## A Coragem de Retomar o Caminho Quantas vezes, em nossos momentos de des\u00e2nimo, desejamos voltar atr\u00e1s? Retornar a um tempo em que as responsabilidades pareciam mais leves, as escolhas mais f\u00e1ceis? O peso do chamado, a complexidade das tarefas que nos foram confiadas, podem nos levar a questionar a pr\u00f3pria dire\u00e7\u00e3o de nossas vidas. [&hellip;]","og_url":"https:\/\/salmosbiblicos.com.br\/index.php\/2026\/03\/29\/retomar-o-caminho-reflexoes-sobre-fraqueza-e-perseveranca\/","og_site_name":"Salmos B\u00edblicos","article_published_time":"2026-03-29T19:44:12+00:00","author":"alextreh@gmail.com","twitter_card":"summary_large_image","twitter_misc":{"Escrito por":"alextreh@gmail.com","Est. tempo de leitura":"3 minutos"},"schema":{"@context":"https:\/\/schema.org","@graph":[{"@type":"Article","@id":"https:\/\/salmosbiblicos.com.br\/index.php\/2026\/03\/29\/retomar-o-caminho-reflexoes-sobre-fraqueza-e-perseveranca\/#article","isPartOf":{"@id":"https:\/\/salmosbiblicos.com.br\/index.php\/2026\/03\/29\/retomar-o-caminho-reflexoes-sobre-fraqueza-e-perseveranca\/"},"author":{"name":"alextreh@gmail.com","@id":"https:\/\/salmosbiblicos.com.br\/#\/schema\/person\/30586d0fb3f3a46b78a3414fc39cc975"},"headline":"Retomar o Caminho: Reflex\u00f5es sobre Fraqueza e Perseveran\u00e7a","datePublished":"2026-03-29T19:44:12+00:00","mainEntityOfPage":{"@id":"https:\/\/salmosbiblicos.com.br\/index.php\/2026\/03\/29\/retomar-o-caminho-reflexoes-sobre-fraqueza-e-perseveranca\/"},"wordCount":515,"articleSection":["Reflex\u00e3o"],"inLanguage":"pt-BR"},{"@type":"WebPage","@id":"https:\/\/salmosbiblicos.com.br\/index.php\/2026\/03\/29\/retomar-o-caminho-reflexoes-sobre-fraqueza-e-perseveranca\/","url":"https:\/\/salmosbiblicos.com.br\/index.php\/2026\/03\/29\/retomar-o-caminho-reflexoes-sobre-fraqueza-e-perseveranca\/","name":"Retomar o Caminho: Reflex\u00f5es sobre Fraqueza e Perseveran\u00e7a - Salmos B\u00edblicos","isPartOf":{"@id":"https:\/\/salmosbiblicos.com.br\/#website"},"datePublished":"2026-03-29T19:44:12+00:00","author":{"@id":"https:\/\/salmosbiblicos.com.br\/#\/schema\/person\/30586d0fb3f3a46b78a3414fc39cc975"},"breadcrumb":{"@id":"https:\/\/salmosbiblicos.com.br\/index.php\/2026\/03\/29\/retomar-o-caminho-reflexoes-sobre-fraqueza-e-perseveranca\/#breadcrumb"},"inLanguage":"pt-BR","potentialAction":[{"@type":"ReadAction","target":["https:\/\/salmosbiblicos.com.br\/index.php\/2026\/03\/29\/retomar-o-caminho-reflexoes-sobre-fraqueza-e-perseveranca\/"]}]},{"@type":"BreadcrumbList","@id":"https:\/\/salmosbiblicos.com.br\/index.php\/2026\/03\/29\/retomar-o-caminho-reflexoes-sobre-fraqueza-e-perseveranca\/#breadcrumb","itemListElement":[{"@type":"ListItem","position":1,"name":"Home","item":"https:\/\/salmosbiblicos.com.br\/"},{"@type":"ListItem","position":2,"name":"Retomar o Caminho: Reflex\u00f5es sobre Fraqueza e Perseveran\u00e7a"}]},{"@type":"WebSite","@id":"https:\/\/salmosbiblicos.com.br\/#website","url":"https:\/\/salmosbiblicos.com.br\/","name":"Salmos B\u00edblicos","description":"Uma e-Livraria com e-Books novos para voc\u00ea refletir.","potentialAction":[{"@type":"SearchAction","target":{"@type":"EntryPoint","urlTemplate":"https:\/\/salmosbiblicos.com.br\/?s={search_term_string}"},"query-input":{"@type":"PropertyValueSpecification","valueRequired":true,"valueName":"search_term_string"}}],"inLanguage":"pt-BR"},{"@type":"Person","@id":"https:\/\/salmosbiblicos.com.br\/#\/schema\/person\/30586d0fb3f3a46b78a3414fc39cc975","name":"alextreh@gmail.com","image":{"@type":"ImageObject","inLanguage":"pt-BR","@id":"https:\/\/secure.gravatar.com\/avatar\/7cf84d31f581ec97b887c1039d478a7c293086896c84951a86753fb2c2af7527?s=96&d=mm&r=g","url":"https:\/\/secure.gravatar.com\/avatar\/7cf84d31f581ec97b887c1039d478a7c293086896c84951a86753fb2c2af7527?s=96&d=mm&r=g","contentUrl":"https:\/\/secure.gravatar.com\/avatar\/7cf84d31f581ec97b887c1039d478a7c293086896c84951a86753fb2c2af7527?s=96&d=mm&r=g","caption":"alextreh@gmail.com"},"sameAs":["http:\/\/salmosbiblicos.com.br"],"url":"https:\/\/salmosbiblicos.com.br\/index.php\/author\/alextrehgmail-com\/"}]}},"_links":{"self":[{"href":"https:\/\/salmosbiblicos.com.br\/index.php\/wp-json\/wp\/v2\/posts\/5962","targetHints":{"allow":["GET"]}}],"collection":[{"href":"https:\/\/salmosbiblicos.com.br\/index.php\/wp-json\/wp\/v2\/posts"}],"about":[{"href":"https:\/\/salmosbiblicos.com.br\/index.php\/wp-json\/wp\/v2\/types\/post"}],"author":[{"embeddable":true,"href":"https:\/\/salmosbiblicos.com.br\/index.php\/wp-json\/wp\/v2\/users\/1"}],"replies":[{"embeddable":true,"href":"https:\/\/salmosbiblicos.com.br\/index.php\/wp-json\/wp\/v2\/comments?post=5962"}],"version-history":[{"count":1,"href":"https:\/\/salmosbiblicos.com.br\/index.php\/wp-json\/wp\/v2\/posts\/5962\/revisions"}],"predecessor-version":[{"id":5963,"href":"https:\/\/salmosbiblicos.com.br\/index.php\/wp-json\/wp\/v2\/posts\/5962\/revisions\/5963"}],"wp:attachment":[{"href":"https:\/\/salmosbiblicos.com.br\/index.php\/wp-json\/wp\/v2\/media?parent=5962"}],"wp:term":[{"taxonomy":"category","embeddable":true,"href":"https:\/\/salmosbiblicos.com.br\/index.php\/wp-json\/wp\/v2\/categories?post=5962"},{"taxonomy":"post_tag","embeddable":true,"href":"https:\/\/salmosbiblicos.com.br\/index.php\/wp-json\/wp\/v2\/tags?post=5962"}],"curies":[{"name":"wp","href":"https:\/\/api.w.org\/{rel}","templated":true}]}}