{"id":5964,"date":"2026-03-29T16:51:04","date_gmt":"2026-03-29T19:51:04","guid":{"rendered":"https:\/\/salmosbiblicos.com.br\/?p=5964"},"modified":"2026-03-29T16:51:04","modified_gmt":"2026-03-29T19:51:04","slug":"refugio-divino-como-a-protecao-de-jesus-ampara-em-tempos-dificeis","status":"publish","type":"post","link":"https:\/\/salmosbiblicos.com.br\/index.php\/2026\/03\/29\/refugio-divino-como-a-protecao-de-jesus-ampara-em-tempos-dificeis\/","title":{"rendered":"Ref\u00fagio Divino: Como a Prote\u00e7\u00e3o de Jesus Ampara em Tempos Dif\u00edceis"},"content":{"rendered":"<p>## A Prote\u00e7\u00e3o Divina: Um Ref\u00fagio Contra a Sombra<\/p>\n<p>H\u00e1 um anseio profundo em cada cora\u00e7\u00e3o humano, um desejo inato de paz, de seguran\u00e7a, de um lugar de ref\u00fagio. E Jesus, em sua infinita sabedoria, revelou-nos a ess\u00eancia dessa prote\u00e7\u00e3o, uma gra\u00e7a que transcende as dificuldades do mundo. \u00c9 um pedido que ressoa atrav\u00e9s dos s\u00e9culos, uma promessa de amparo diante das for\u00e7as que buscam nos afastar do caminho da luz.<\/p>\n<p>### A Intercess\u00e3o do Senhor<\/p>\n<p>Em um momento de \u00edntima conex\u00e3o com o Pai, Jesus elevou sua voz em s\u00faplica. N\u00e3o apenas por si mesmo, mas por aqueles que viriam, por n\u00f3s. Ele rogou: &#8220;**Pai Santo, guarda os meus**&#8221;.<\/p>\n<p>Este n\u00e3o \u00e9 um pedido trivial; \u00e9 uma demonstra\u00e7\u00e3o da batalha espiritual que enfrentamos. O mundo, em sua complexidade e desafios, est\u00e1 repleto de influ\u00eancias que buscam desviar-nos de nossa f\u00e9 e da verdade.<\/p>\n<p>### O Prop\u00f3sito da Prote\u00e7\u00e3o<\/p>\n<p>Jesus n\u00e3o nos exime do mundo, mas nos protege **do maligno**. Este n\u00e3o \u00e9 apenas um inimigo abstrato, mas uma for\u00e7a que se manifesta em tenta\u00e7\u00f5es, em d\u00favidas, em desesesperos que nos afastam da presen\u00e7a divina.<\/p>\n<p>A alegria plena de estar em uni\u00e3o com Deus \u00e9 um presente valioso, mas \u00e9 um presente que exige prote\u00e7\u00e3o. O mundo pode rejeitar a palavra de Deus, mas aqueles que a abra\u00e7am carregam consigo a verdadeira alegria que emana da fonte da vida.<\/p>\n<p>### A Ess\u00eancia da Seguran\u00e7a<\/p>\n<p>**A verdadeira seguran\u00e7a n\u00e3o reside na aus\u00eancia de desafios, mas na certeza de que n\u00e3o estamos sozinhos.**  O maligno busca tocar nossas vidas, mas aqueles que caminham na f\u00e9 encontram um escudo poderoso.<\/p>\n<p>*   **O Pecado Abre a Porta:** O pecado \u00e9 a brecha que permite a influ\u00eancia do mal. Ao nos afastarmos da gra\u00e7a divina, abrimos caminho para a escurid\u00e3o.<br \/>*   **A F\u00e9 Como Escudo:** A f\u00e9 \u00e9 a arma mais poderosa contra as artimanhas do inimigo. \u00c9 atrav\u00e9s dela que podemos resistir e extinguir os &#8220;dados inflamados do mal&#8221;.<br \/>*   **A Obedi\u00eancia como Caminho:** A obedi\u00eancia aos ensinamentos divinos \u00e9 o ant\u00eddoto para a desobedi\u00eancia que nos exp\u00f5e \u00e0 influ\u00eancia do maligno.<\/p>\n<p>### Resistindo na F\u00e9<\/p>\n<p>Como podemos nos proteger? A resposta \u00e9 clara e precisa:<\/p>\n<p>*   **Submiss\u00e3o a Deus:**  Quando nos submetemos \u00e0 vontade de Deus, negamos espa\u00e7o ao dem\u00f4nio.<br \/>*   **Vigil\u00e2ncia Constante:**  O advers\u00e1rio est\u00e1 sempre \u00e0 espreita, procurando por fraquezas e vulnerabilidades.<br \/>*   **Firmeza na F\u00e9:**  A persist\u00eancia na f\u00e9, mesmo em meio \u00e0s prova\u00e7\u00f5es, \u00e9 a chave para a vit\u00f3ria.<br \/>*   **Ora\u00e7\u00e3o Cont\u00ednua:** Buscar a prote\u00e7\u00e3o divina atrav\u00e9s da ora\u00e7\u00e3o \u00e9 um ato de f\u00e9 que fortalece nosso esp\u00edrito.<\/p>\n<p>### Um Chamado \u00e0 Reflex\u00e3o<\/p>\n<p>Que a promessa de prote\u00e7\u00e3o divina fortale\u00e7a a sua f\u00e9 e inspire a sua vida. Que a sua alegria seja realizada em Deus, e que a escurid\u00e3o n\u00e3o o alcance.<\/p>\n<p>Lembre-se, a prote\u00e7\u00e3o que Jesus nos oferece n\u00e3o \u00e9 um favor passivo. \u00c9 um convite a uma vida de obedi\u00eancia, de vigil\u00e2ncia e de f\u00e9 inabal\u00e1vel.  **Declare com confian\u00e7a: &#8220;Jesus, guarda-me do maligno&#8221;**. Mas que essa declara\u00e7\u00e3o seja acompanhada de um cora\u00e7\u00e3o disposto a seguir o caminho da verdade e a resistir \u00e0s tenta\u00e7\u00f5es do mundo.<\/p>\n<p>Que a gra\u00e7a do Senhor esteja com todos n\u00f3s.<\/p>\n","protected":false},"excerpt":{"rendered":"<p>## A Prote\u00e7\u00e3o Divina: Um Ref\u00fagio Contra a Sombra H\u00e1 um anseio profundo em cada cora\u00e7\u00e3o humano, um desejo inato de paz, de seguran\u00e7a, de um lugar de ref\u00fagio. E Jesus, em sua infinita sabedoria, revelou-nos a ess\u00eancia dessa prote\u00e7\u00e3o, uma gra\u00e7a que transcende as dificuldades do mundo. \u00c9 um pedido que ressoa atrav\u00e9s dos [&hellip;]<\/p>\n","protected":false},"author":1,"featured_media":0,"comment_status":"closed","ping_status":"open","sticky":false,"template":"","format":"standard","meta":{"footnotes":""},"categories":[14],"tags":[],"class_list":["post-5964","post","type-post","status-publish","format-standard","hentry","category-reflexao"],"yoast_head":"<!-- This site is optimized with the Yoast SEO plugin v27.2 - https:\/\/yoast.com\/product\/yoast-seo-wordpress\/ -->\n<title>Ref\u00fagio Divino: Como a Prote\u00e7\u00e3o de Jesus Ampara em Tempos Dif\u00edceis - Salmos B\u00edblicos<\/title>\n<meta name=\"robots\" content=\"index, follow, max-snippet:-1, max-image-preview:large, max-video-preview:-1\" \/>\n<link rel=\"canonical\" href=\"https:\/\/salmosbiblicos.com.br\/index.php\/2026\/03\/29\/refugio-divino-como-a-protecao-de-jesus-ampara-em-tempos-dificeis\/\" \/>\n<meta property=\"og:locale\" content=\"pt_BR\" \/>\n<meta property=\"og:type\" content=\"article\" \/>\n<meta property=\"og:title\" content=\"Ref\u00fagio Divino: Como a Prote\u00e7\u00e3o de Jesus Ampara em Tempos Dif\u00edceis - Salmos B\u00edblicos\" \/>\n<meta property=\"og:description\" content=\"## A Prote\u00e7\u00e3o Divina: Um Ref\u00fagio Contra a Sombra H\u00e1 um anseio profundo em cada cora\u00e7\u00e3o humano, um desejo inato de paz, de seguran\u00e7a, de um lugar de ref\u00fagio. E Jesus, em sua infinita sabedoria, revelou-nos a ess\u00eancia dessa prote\u00e7\u00e3o, uma gra\u00e7a que transcende as dificuldades do mundo. \u00c9 um pedido que ressoa atrav\u00e9s dos [&hellip;]\" \/>\n<meta property=\"og:url\" content=\"https:\/\/salmosbiblicos.com.br\/index.php\/2026\/03\/29\/refugio-divino-como-a-protecao-de-jesus-ampara-em-tempos-dificeis\/\" \/>\n<meta property=\"og:site_name\" content=\"Salmos B\u00edblicos\" \/>\n<meta property=\"article:published_time\" content=\"2026-03-29T19:51:04+00:00\" \/>\n<meta name=\"author\" content=\"alextreh@gmail.com\" \/>\n<meta name=\"twitter:card\" content=\"summary_large_image\" \/>\n<meta name=\"twitter:label1\" content=\"Escrito por\" \/>\n\t<meta name=\"twitter:data1\" content=\"alextreh@gmail.com\" \/>\n\t<meta name=\"twitter:label2\" content=\"Est. tempo de leitura\" \/>\n\t<meta name=\"twitter:data2\" content=\"3 minutos\" \/>\n<script type=\"application\/ld+json\" class=\"yoast-schema-graph\">{\"@context\":\"https:\/\/schema.org\",\"@graph\":[{\"@type\":\"Article\",\"@id\":\"https:\/\/salmosbiblicos.com.br\/index.php\/2026\/03\/29\/refugio-divino-como-a-protecao-de-jesus-ampara-em-tempos-dificeis\/#article\",\"isPartOf\":{\"@id\":\"https:\/\/salmosbiblicos.com.br\/index.php\/2026\/03\/29\/refugio-divino-como-a-protecao-de-jesus-ampara-em-tempos-dificeis\/\"},\"author\":{\"name\":\"alextreh@gmail.com\",\"@id\":\"https:\/\/salmosbiblicos.com.br\/#\/schema\/person\/30586d0fb3f3a46b78a3414fc39cc975\"},\"headline\":\"Ref\u00fagio Divino: Como a Prote\u00e7\u00e3o de Jesus Ampara em Tempos Dif\u00edceis\",\"datePublished\":\"2026-03-29T19:51:04+00:00\",\"mainEntityOfPage\":{\"@id\":\"https:\/\/salmosbiblicos.com.br\/index.php\/2026\/03\/29\/refugio-divino-como-a-protecao-de-jesus-ampara-em-tempos-dificeis\/\"},\"wordCount\":587,\"articleSection\":[\"Reflex\u00e3o\"],\"inLanguage\":\"pt-BR\"},{\"@type\":\"WebPage\",\"@id\":\"https:\/\/salmosbiblicos.com.br\/index.php\/2026\/03\/29\/refugio-divino-como-a-protecao-de-jesus-ampara-em-tempos-dificeis\/\",\"url\":\"https:\/\/salmosbiblicos.com.br\/index.php\/2026\/03\/29\/refugio-divino-como-a-protecao-de-jesus-ampara-em-tempos-dificeis\/\",\"name\":\"Ref\u00fagio Divino: Como a Prote\u00e7\u00e3o de Jesus Ampara em Tempos Dif\u00edceis - Salmos B\u00edblicos\",\"isPartOf\":{\"@id\":\"https:\/\/salmosbiblicos.com.br\/#website\"},\"datePublished\":\"2026-03-29T19:51:04+00:00\",\"author\":{\"@id\":\"https:\/\/salmosbiblicos.com.br\/#\/schema\/person\/30586d0fb3f3a46b78a3414fc39cc975\"},\"breadcrumb\":{\"@id\":\"https:\/\/salmosbiblicos.com.br\/index.php\/2026\/03\/29\/refugio-divino-como-a-protecao-de-jesus-ampara-em-tempos-dificeis\/#breadcrumb\"},\"inLanguage\":\"pt-BR\",\"potentialAction\":[{\"@type\":\"ReadAction\",\"target\":[\"https:\/\/salmosbiblicos.com.br\/index.php\/2026\/03\/29\/refugio-divino-como-a-protecao-de-jesus-ampara-em-tempos-dificeis\/\"]}]},{\"@type\":\"BreadcrumbList\",\"@id\":\"https:\/\/salmosbiblicos.com.br\/index.php\/2026\/03\/29\/refugio-divino-como-a-protecao-de-jesus-ampara-em-tempos-dificeis\/#breadcrumb\",\"itemListElement\":[{\"@type\":\"ListItem\",\"position\":1,\"name\":\"Home\",\"item\":\"https:\/\/salmosbiblicos.com.br\/\"},{\"@type\":\"ListItem\",\"position\":2,\"name\":\"Ref\u00fagio Divino: Como a Prote\u00e7\u00e3o de Jesus Ampara em Tempos Dif\u00edceis\"}]},{\"@type\":\"WebSite\",\"@id\":\"https:\/\/salmosbiblicos.com.br\/#website\",\"url\":\"https:\/\/salmosbiblicos.com.br\/\",\"name\":\"Salmos B\u00edblicos\",\"description\":\"Uma e-Livraria com e-Books novos para voc\u00ea refletir.\",\"potentialAction\":[{\"@type\":\"SearchAction\",\"target\":{\"@type\":\"EntryPoint\",\"urlTemplate\":\"https:\/\/salmosbiblicos.com.br\/?s={search_term_string}\"},\"query-input\":{\"@type\":\"PropertyValueSpecification\",\"valueRequired\":true,\"valueName\":\"search_term_string\"}}],\"inLanguage\":\"pt-BR\"},{\"@type\":\"Person\",\"@id\":\"https:\/\/salmosbiblicos.com.br\/#\/schema\/person\/30586d0fb3f3a46b78a3414fc39cc975\",\"name\":\"alextreh@gmail.com\",\"image\":{\"@type\":\"ImageObject\",\"inLanguage\":\"pt-BR\",\"@id\":\"https:\/\/secure.gravatar.com\/avatar\/7cf84d31f581ec97b887c1039d478a7c293086896c84951a86753fb2c2af7527?s=96&d=mm&r=g\",\"url\":\"https:\/\/secure.gravatar.com\/avatar\/7cf84d31f581ec97b887c1039d478a7c293086896c84951a86753fb2c2af7527?s=96&d=mm&r=g\",\"contentUrl\":\"https:\/\/secure.gravatar.com\/avatar\/7cf84d31f581ec97b887c1039d478a7c293086896c84951a86753fb2c2af7527?s=96&d=mm&r=g\",\"caption\":\"alextreh@gmail.com\"},\"sameAs\":[\"http:\/\/salmosbiblicos.com.br\"],\"url\":\"https:\/\/salmosbiblicos.com.br\/index.php\/author\/alextrehgmail-com\/\"}]}<\/script>\n<!-- \/ Yoast SEO plugin. -->","yoast_head_json":{"title":"Ref\u00fagio Divino: Como a Prote\u00e7\u00e3o de Jesus Ampara em Tempos Dif\u00edceis - Salmos B\u00edblicos","robots":{"index":"index","follow":"follow","max-snippet":"max-snippet:-1","max-image-preview":"max-image-preview:large","max-video-preview":"max-video-preview:-1"},"canonical":"https:\/\/salmosbiblicos.com.br\/index.php\/2026\/03\/29\/refugio-divino-como-a-protecao-de-jesus-ampara-em-tempos-dificeis\/","og_locale":"pt_BR","og_type":"article","og_title":"Ref\u00fagio Divino: Como a Prote\u00e7\u00e3o de Jesus Ampara em Tempos Dif\u00edceis - Salmos B\u00edblicos","og_description":"## A Prote\u00e7\u00e3o Divina: Um Ref\u00fagio Contra a Sombra H\u00e1 um anseio profundo em cada cora\u00e7\u00e3o humano, um desejo inato de paz, de seguran\u00e7a, de um lugar de ref\u00fagio. E Jesus, em sua infinita sabedoria, revelou-nos a ess\u00eancia dessa prote\u00e7\u00e3o, uma gra\u00e7a que transcende as dificuldades do mundo. \u00c9 um pedido que ressoa atrav\u00e9s dos [&hellip;]","og_url":"https:\/\/salmosbiblicos.com.br\/index.php\/2026\/03\/29\/refugio-divino-como-a-protecao-de-jesus-ampara-em-tempos-dificeis\/","og_site_name":"Salmos B\u00edblicos","article_published_time":"2026-03-29T19:51:04+00:00","author":"alextreh@gmail.com","twitter_card":"summary_large_image","twitter_misc":{"Escrito por":"alextreh@gmail.com","Est. tempo de leitura":"3 minutos"},"schema":{"@context":"https:\/\/schema.org","@graph":[{"@type":"Article","@id":"https:\/\/salmosbiblicos.com.br\/index.php\/2026\/03\/29\/refugio-divino-como-a-protecao-de-jesus-ampara-em-tempos-dificeis\/#article","isPartOf":{"@id":"https:\/\/salmosbiblicos.com.br\/index.php\/2026\/03\/29\/refugio-divino-como-a-protecao-de-jesus-ampara-em-tempos-dificeis\/"},"author":{"name":"alextreh@gmail.com","@id":"https:\/\/salmosbiblicos.com.br\/#\/schema\/person\/30586d0fb3f3a46b78a3414fc39cc975"},"headline":"Ref\u00fagio Divino: Como a Prote\u00e7\u00e3o de Jesus Ampara em Tempos Dif\u00edceis","datePublished":"2026-03-29T19:51:04+00:00","mainEntityOfPage":{"@id":"https:\/\/salmosbiblicos.com.br\/index.php\/2026\/03\/29\/refugio-divino-como-a-protecao-de-jesus-ampara-em-tempos-dificeis\/"},"wordCount":587,"articleSection":["Reflex\u00e3o"],"inLanguage":"pt-BR"},{"@type":"WebPage","@id":"https:\/\/salmosbiblicos.com.br\/index.php\/2026\/03\/29\/refugio-divino-como-a-protecao-de-jesus-ampara-em-tempos-dificeis\/","url":"https:\/\/salmosbiblicos.com.br\/index.php\/2026\/03\/29\/refugio-divino-como-a-protecao-de-jesus-ampara-em-tempos-dificeis\/","name":"Ref\u00fagio Divino: Como a Prote\u00e7\u00e3o de Jesus Ampara em Tempos Dif\u00edceis - Salmos B\u00edblicos","isPartOf":{"@id":"https:\/\/salmosbiblicos.com.br\/#website"},"datePublished":"2026-03-29T19:51:04+00:00","author":{"@id":"https:\/\/salmosbiblicos.com.br\/#\/schema\/person\/30586d0fb3f3a46b78a3414fc39cc975"},"breadcrumb":{"@id":"https:\/\/salmosbiblicos.com.br\/index.php\/2026\/03\/29\/refugio-divino-como-a-protecao-de-jesus-ampara-em-tempos-dificeis\/#breadcrumb"},"inLanguage":"pt-BR","potentialAction":[{"@type":"ReadAction","target":["https:\/\/salmosbiblicos.com.br\/index.php\/2026\/03\/29\/refugio-divino-como-a-protecao-de-jesus-ampara-em-tempos-dificeis\/"]}]},{"@type":"BreadcrumbList","@id":"https:\/\/salmosbiblicos.com.br\/index.php\/2026\/03\/29\/refugio-divino-como-a-protecao-de-jesus-ampara-em-tempos-dificeis\/#breadcrumb","itemListElement":[{"@type":"ListItem","position":1,"name":"Home","item":"https:\/\/salmosbiblicos.com.br\/"},{"@type":"ListItem","position":2,"name":"Ref\u00fagio Divino: Como a Prote\u00e7\u00e3o de Jesus Ampara em Tempos Dif\u00edceis"}]},{"@type":"WebSite","@id":"https:\/\/salmosbiblicos.com.br\/#website","url":"https:\/\/salmosbiblicos.com.br\/","name":"Salmos B\u00edblicos","description":"Uma e-Livraria com e-Books novos para voc\u00ea refletir.","potentialAction":[{"@type":"SearchAction","target":{"@type":"EntryPoint","urlTemplate":"https:\/\/salmosbiblicos.com.br\/?s={search_term_string}"},"query-input":{"@type":"PropertyValueSpecification","valueRequired":true,"valueName":"search_term_string"}}],"inLanguage":"pt-BR"},{"@type":"Person","@id":"https:\/\/salmosbiblicos.com.br\/#\/schema\/person\/30586d0fb3f3a46b78a3414fc39cc975","name":"alextreh@gmail.com","image":{"@type":"ImageObject","inLanguage":"pt-BR","@id":"https:\/\/secure.gravatar.com\/avatar\/7cf84d31f581ec97b887c1039d478a7c293086896c84951a86753fb2c2af7527?s=96&d=mm&r=g","url":"https:\/\/secure.gravatar.com\/avatar\/7cf84d31f581ec97b887c1039d478a7c293086896c84951a86753fb2c2af7527?s=96&d=mm&r=g","contentUrl":"https:\/\/secure.gravatar.com\/avatar\/7cf84d31f581ec97b887c1039d478a7c293086896c84951a86753fb2c2af7527?s=96&d=mm&r=g","caption":"alextreh@gmail.com"},"sameAs":["http:\/\/salmosbiblicos.com.br"],"url":"https:\/\/salmosbiblicos.com.br\/index.php\/author\/alextrehgmail-com\/"}]}},"_links":{"self":[{"href":"https:\/\/salmosbiblicos.com.br\/index.php\/wp-json\/wp\/v2\/posts\/5964","targetHints":{"allow":["GET"]}}],"collection":[{"href":"https:\/\/salmosbiblicos.com.br\/index.php\/wp-json\/wp\/v2\/posts"}],"about":[{"href":"https:\/\/salmosbiblicos.com.br\/index.php\/wp-json\/wp\/v2\/types\/post"}],"author":[{"embeddable":true,"href":"https:\/\/salmosbiblicos.com.br\/index.php\/wp-json\/wp\/v2\/users\/1"}],"replies":[{"embeddable":true,"href":"https:\/\/salmosbiblicos.com.br\/index.php\/wp-json\/wp\/v2\/comments?post=5964"}],"version-history":[{"count":1,"href":"https:\/\/salmosbiblicos.com.br\/index.php\/wp-json\/wp\/v2\/posts\/5964\/revisions"}],"predecessor-version":[{"id":5965,"href":"https:\/\/salmosbiblicos.com.br\/index.php\/wp-json\/wp\/v2\/posts\/5964\/revisions\/5965"}],"wp:attachment":[{"href":"https:\/\/salmosbiblicos.com.br\/index.php\/wp-json\/wp\/v2\/media?parent=5964"}],"wp:term":[{"taxonomy":"category","embeddable":true,"href":"https:\/\/salmosbiblicos.com.br\/index.php\/wp-json\/wp\/v2\/categories?post=5964"},{"taxonomy":"post_tag","embeddable":true,"href":"https:\/\/salmosbiblicos.com.br\/index.php\/wp-json\/wp\/v2\/tags?post=5964"}],"curies":[{"name":"wp","href":"https:\/\/api.w.org\/{rel}","templated":true}]}}