{"id":5976,"date":"2026-03-29T17:31:40","date_gmt":"2026-03-29T20:31:40","guid":{"rendered":"https:\/\/salmosbiblicos.com.br\/?p=5976"},"modified":"2026-03-29T17:31:40","modified_gmt":"2026-03-29T20:31:40","slug":"a-responsabilidade-de-ouvir-e-compartilhar-a-verdade","status":"publish","type":"post","link":"https:\/\/salmosbiblicos.com.br\/index.php\/2026\/03\/29\/a-responsabilidade-de-ouvir-e-compartilhar-a-verdade\/","title":{"rendered":"A Responsabilidade de Ouvir e Compartilhar a Verdade"},"content":{"rendered":"<p>## A Responsabilidade da Palavra e do Ouvido<\/p>\n<p>Existe uma for\u00e7a que nos move, um chamado que ecoa em nossos cora\u00e7\u00f5es, impelindo-nos a compartilhar a luz da verdade. Aquele que a proclama carrega um fardo significativo. Mas a verdade \u00e9 que aquele que a recebe tamb\u00e9m possui uma responsabilidade. A f\u00e9 n\u00e3o \u00e9 um presente entregue passivamente; \u00e9 uma semente que precisa ser cultivada no solo da alma.<\/p>\n<p>### A Ferida da Resist\u00eancia<\/p>\n<p>No relato das primeiras jornadas da f\u00e9, vemos o ap\u00f3stolo Paulo encontrando resist\u00eancia e at\u00e9 mesmo oposi\u00e7\u00e3o ao pregar a mensagem. Ele se dedicava com fervor, buscando tocar os cora\u00e7\u00f5es dos judeus com a mensagem do Salvador. No entanto, a rejei\u00e7\u00e3o e a zombaria eram constantes. Diante dessa oposi\u00e7\u00e3o, Paulo, em sua sabedoria, declara: **&#8221;V\u00f3s sois respons\u00e1veis pelo que aconteceu. Eu n\u00e3o tenho culpa.&#8221;**<\/p>\n<p>Essa declara\u00e7\u00e3o n\u00e3o \u00e9 um ato de orgulho, mas um lembrete profundo. A responsabilidade de aceitar a verdade recai sobre cada um de n\u00f3s. Cada um de n\u00f3s precisa estar disposto a abrir o cora\u00e7\u00e3o e a mente, a questionar e a crescer. A palavra semeada \u00e9 uma oferta, n\u00e3o uma imposi\u00e7\u00e3o.<\/p>\n<p>### Uma Nova Jornada<\/p>\n<p>Quando a porta se fecha em um lugar, quando a semente n\u00e3o encontra solo f\u00e9rtil, a miss\u00e3o continua. Paulo, ent\u00e3o, direciona seu caminho para aqueles que estariam abertos a receber a mensagem. Ele alcan\u00e7a um pag\u00e3o justo, que, com sua fam\u00edlia, abra\u00e7a a f\u00e9 com fervor. Este \u00e9 o poder do amor e da perseveran\u00e7a.<\/p>\n<p>### A Sabedoria da Dist\u00e2ncia<\/p>\n<p>Nos ensinamentos de Cristo, encontramos a orienta\u00e7\u00e3o para lidar com a resist\u00eancia. **&#8221;Se n\u00e3o vos receberem e n\u00e3o ouvirem as vossas palavras, quando sa\u00edres daquela cidade, sacudindo at\u00e9 mesmo o p\u00f3 dos vossos p\u00e9s.&#8221;** N\u00e3o somos respons\u00e1veis pelo cora\u00e7\u00e3o alheio. Nossa miss\u00e3o \u00e9 plantar a semente, regar com a verdade, e confiar que o Senhor far\u00e1 crescer.<\/p>\n<p>H\u00e1 momentos em que devemos nos afastar daqueles que se recusam a ouvir, daqueles que nos instigam \u00e0 divis\u00e3o. Como diz o ap\u00f3stolo Tito, &#8220;evita-o, visto que esse tal \u00e9 um perverso que se condena a si pr\u00f3prio.&#8221; N\u00e3o podemos nos desgastar tentando for\u00e7ar a abertura de um cora\u00e7\u00e3o endurecido.<\/p>\n<p>### O Fardo da Advert\u00eancia<\/p>\n<p>A responsabilidade n\u00e3o termina com a proclama\u00e7\u00e3o. Somos chamados a advertir, a alertar, a oferecer um caminho para a reden\u00e7\u00e3o. Mas, como nos lembra Ezequiel, se o aviso n\u00e3o \u00e9 recebido, a responsabilidade recai sobre aquele que se recusa a ouvir.  **&#8221;Se ele n\u00e3o se corrigir por causa da mal\u00edcia da sua perversidade, ele perecer\u00e1 por causa de seu pecado, e eu n\u00e3o lhe pe\u00e7o conta do seu sangue.&#8221;**<\/p>\n<p>### A Miss\u00e3o Cont\u00ednua<\/p>\n<p>A nossa miss\u00e3o \u00e9 levar a palavra, a mensagem de esperan\u00e7a, de amor e de salva\u00e7\u00e3o. Que cada um de n\u00f3s carregue esse fardo com humildade e coragem, sabendo que a resposta final recai sobre o cora\u00e7\u00e3o de cada indiv\u00edduo. Que a luz do Evangelho brilhe em nossos atos e em nossas palavras.<\/p>\n<p>Que a f\u00e9 nos fortale\u00e7a e que a gra\u00e7a nos guie.<\/p>\n","protected":false},"excerpt":{"rendered":"<p>## A Responsabilidade da Palavra e do Ouvido Existe uma for\u00e7a que nos move, um chamado que ecoa em nossos cora\u00e7\u00f5es, impelindo-nos a compartilhar a luz da verdade. Aquele que a proclama carrega um fardo significativo. Mas a verdade \u00e9 que aquele que a recebe tamb\u00e9m possui uma responsabilidade. A f\u00e9 n\u00e3o \u00e9 um presente [&hellip;]<\/p>\n","protected":false},"author":1,"featured_media":0,"comment_status":"closed","ping_status":"open","sticky":false,"template":"","format":"standard","meta":{"footnotes":""},"categories":[14],"tags":[],"class_list":["post-5976","post","type-post","status-publish","format-standard","hentry","category-reflexao"],"yoast_head":"<!-- This site is optimized with the Yoast SEO plugin v27.2 - https:\/\/yoast.com\/product\/yoast-seo-wordpress\/ -->\n<title>A Responsabilidade de Ouvir e Compartilhar a Verdade - Salmos B\u00edblicos<\/title>\n<meta name=\"robots\" content=\"index, follow, max-snippet:-1, max-image-preview:large, max-video-preview:-1\" \/>\n<link rel=\"canonical\" href=\"https:\/\/salmosbiblicos.com.br\/index.php\/2026\/03\/29\/a-responsabilidade-de-ouvir-e-compartilhar-a-verdade\/\" \/>\n<meta property=\"og:locale\" content=\"pt_BR\" \/>\n<meta property=\"og:type\" content=\"article\" \/>\n<meta property=\"og:title\" content=\"A Responsabilidade de Ouvir e Compartilhar a Verdade - Salmos B\u00edblicos\" \/>\n<meta property=\"og:description\" content=\"## A Responsabilidade da Palavra e do Ouvido Existe uma for\u00e7a que nos move, um chamado que ecoa em nossos cora\u00e7\u00f5es, impelindo-nos a compartilhar a luz da verdade. Aquele que a proclama carrega um fardo significativo. Mas a verdade \u00e9 que aquele que a recebe tamb\u00e9m possui uma responsabilidade. A f\u00e9 n\u00e3o \u00e9 um presente [&hellip;]\" \/>\n<meta property=\"og:url\" content=\"https:\/\/salmosbiblicos.com.br\/index.php\/2026\/03\/29\/a-responsabilidade-de-ouvir-e-compartilhar-a-verdade\/\" \/>\n<meta property=\"og:site_name\" content=\"Salmos B\u00edblicos\" \/>\n<meta property=\"article:published_time\" content=\"2026-03-29T20:31:40+00:00\" \/>\n<meta name=\"author\" content=\"alextreh@gmail.com\" \/>\n<meta name=\"twitter:card\" content=\"summary_large_image\" \/>\n<meta name=\"twitter:label1\" content=\"Escrito por\" \/>\n\t<meta name=\"twitter:data1\" content=\"alextreh@gmail.com\" \/>\n\t<meta name=\"twitter:label2\" content=\"Est. tempo de leitura\" \/>\n\t<meta name=\"twitter:data2\" content=\"3 minutos\" \/>\n<script type=\"application\/ld+json\" class=\"yoast-schema-graph\">{\"@context\":\"https:\/\/schema.org\",\"@graph\":[{\"@type\":\"Article\",\"@id\":\"https:\/\/salmosbiblicos.com.br\/index.php\/2026\/03\/29\/a-responsabilidade-de-ouvir-e-compartilhar-a-verdade\/#article\",\"isPartOf\":{\"@id\":\"https:\/\/salmosbiblicos.com.br\/index.php\/2026\/03\/29\/a-responsabilidade-de-ouvir-e-compartilhar-a-verdade\/\"},\"author\":{\"name\":\"alextreh@gmail.com\",\"@id\":\"https:\/\/salmosbiblicos.com.br\/#\/schema\/person\/30586d0fb3f3a46b78a3414fc39cc975\"},\"headline\":\"A Responsabilidade de Ouvir e Compartilhar a Verdade\",\"datePublished\":\"2026-03-29T20:31:40+00:00\",\"mainEntityOfPage\":{\"@id\":\"https:\/\/salmosbiblicos.com.br\/index.php\/2026\/03\/29\/a-responsabilidade-de-ouvir-e-compartilhar-a-verdade\/\"},\"wordCount\":559,\"articleSection\":[\"Reflex\u00e3o\"],\"inLanguage\":\"pt-BR\"},{\"@type\":\"WebPage\",\"@id\":\"https:\/\/salmosbiblicos.com.br\/index.php\/2026\/03\/29\/a-responsabilidade-de-ouvir-e-compartilhar-a-verdade\/\",\"url\":\"https:\/\/salmosbiblicos.com.br\/index.php\/2026\/03\/29\/a-responsabilidade-de-ouvir-e-compartilhar-a-verdade\/\",\"name\":\"A Responsabilidade de Ouvir e Compartilhar a Verdade - Salmos B\u00edblicos\",\"isPartOf\":{\"@id\":\"https:\/\/salmosbiblicos.com.br\/#website\"},\"datePublished\":\"2026-03-29T20:31:40+00:00\",\"author\":{\"@id\":\"https:\/\/salmosbiblicos.com.br\/#\/schema\/person\/30586d0fb3f3a46b78a3414fc39cc975\"},\"breadcrumb\":{\"@id\":\"https:\/\/salmosbiblicos.com.br\/index.php\/2026\/03\/29\/a-responsabilidade-de-ouvir-e-compartilhar-a-verdade\/#breadcrumb\"},\"inLanguage\":\"pt-BR\",\"potentialAction\":[{\"@type\":\"ReadAction\",\"target\":[\"https:\/\/salmosbiblicos.com.br\/index.php\/2026\/03\/29\/a-responsabilidade-de-ouvir-e-compartilhar-a-verdade\/\"]}]},{\"@type\":\"BreadcrumbList\",\"@id\":\"https:\/\/salmosbiblicos.com.br\/index.php\/2026\/03\/29\/a-responsabilidade-de-ouvir-e-compartilhar-a-verdade\/#breadcrumb\",\"itemListElement\":[{\"@type\":\"ListItem\",\"position\":1,\"name\":\"Home\",\"item\":\"https:\/\/salmosbiblicos.com.br\/\"},{\"@type\":\"ListItem\",\"position\":2,\"name\":\"A Responsabilidade de Ouvir e Compartilhar a Verdade\"}]},{\"@type\":\"WebSite\",\"@id\":\"https:\/\/salmosbiblicos.com.br\/#website\",\"url\":\"https:\/\/salmosbiblicos.com.br\/\",\"name\":\"Salmos B\u00edblicos\",\"description\":\"Uma e-Livraria com e-Books novos para voc\u00ea refletir.\",\"potentialAction\":[{\"@type\":\"SearchAction\",\"target\":{\"@type\":\"EntryPoint\",\"urlTemplate\":\"https:\/\/salmosbiblicos.com.br\/?s={search_term_string}\"},\"query-input\":{\"@type\":\"PropertyValueSpecification\",\"valueRequired\":true,\"valueName\":\"search_term_string\"}}],\"inLanguage\":\"pt-BR\"},{\"@type\":\"Person\",\"@id\":\"https:\/\/salmosbiblicos.com.br\/#\/schema\/person\/30586d0fb3f3a46b78a3414fc39cc975\",\"name\":\"alextreh@gmail.com\",\"image\":{\"@type\":\"ImageObject\",\"inLanguage\":\"pt-BR\",\"@id\":\"https:\/\/secure.gravatar.com\/avatar\/7cf84d31f581ec97b887c1039d478a7c293086896c84951a86753fb2c2af7527?s=96&d=mm&r=g\",\"url\":\"https:\/\/secure.gravatar.com\/avatar\/7cf84d31f581ec97b887c1039d478a7c293086896c84951a86753fb2c2af7527?s=96&d=mm&r=g\",\"contentUrl\":\"https:\/\/secure.gravatar.com\/avatar\/7cf84d31f581ec97b887c1039d478a7c293086896c84951a86753fb2c2af7527?s=96&d=mm&r=g\",\"caption\":\"alextreh@gmail.com\"},\"sameAs\":[\"http:\/\/salmosbiblicos.com.br\"],\"url\":\"https:\/\/salmosbiblicos.com.br\/index.php\/author\/alextrehgmail-com\/\"}]}<\/script>\n<!-- \/ Yoast SEO plugin. -->","yoast_head_json":{"title":"A Responsabilidade de Ouvir e Compartilhar a Verdade - Salmos B\u00edblicos","robots":{"index":"index","follow":"follow","max-snippet":"max-snippet:-1","max-image-preview":"max-image-preview:large","max-video-preview":"max-video-preview:-1"},"canonical":"https:\/\/salmosbiblicos.com.br\/index.php\/2026\/03\/29\/a-responsabilidade-de-ouvir-e-compartilhar-a-verdade\/","og_locale":"pt_BR","og_type":"article","og_title":"A Responsabilidade de Ouvir e Compartilhar a Verdade - Salmos B\u00edblicos","og_description":"## A Responsabilidade da Palavra e do Ouvido Existe uma for\u00e7a que nos move, um chamado que ecoa em nossos cora\u00e7\u00f5es, impelindo-nos a compartilhar a luz da verdade. Aquele que a proclama carrega um fardo significativo. Mas a verdade \u00e9 que aquele que a recebe tamb\u00e9m possui uma responsabilidade. A f\u00e9 n\u00e3o \u00e9 um presente [&hellip;]","og_url":"https:\/\/salmosbiblicos.com.br\/index.php\/2026\/03\/29\/a-responsabilidade-de-ouvir-e-compartilhar-a-verdade\/","og_site_name":"Salmos B\u00edblicos","article_published_time":"2026-03-29T20:31:40+00:00","author":"alextreh@gmail.com","twitter_card":"summary_large_image","twitter_misc":{"Escrito por":"alextreh@gmail.com","Est. tempo de leitura":"3 minutos"},"schema":{"@context":"https:\/\/schema.org","@graph":[{"@type":"Article","@id":"https:\/\/salmosbiblicos.com.br\/index.php\/2026\/03\/29\/a-responsabilidade-de-ouvir-e-compartilhar-a-verdade\/#article","isPartOf":{"@id":"https:\/\/salmosbiblicos.com.br\/index.php\/2026\/03\/29\/a-responsabilidade-de-ouvir-e-compartilhar-a-verdade\/"},"author":{"name":"alextreh@gmail.com","@id":"https:\/\/salmosbiblicos.com.br\/#\/schema\/person\/30586d0fb3f3a46b78a3414fc39cc975"},"headline":"A Responsabilidade de Ouvir e Compartilhar a Verdade","datePublished":"2026-03-29T20:31:40+00:00","mainEntityOfPage":{"@id":"https:\/\/salmosbiblicos.com.br\/index.php\/2026\/03\/29\/a-responsabilidade-de-ouvir-e-compartilhar-a-verdade\/"},"wordCount":559,"articleSection":["Reflex\u00e3o"],"inLanguage":"pt-BR"},{"@type":"WebPage","@id":"https:\/\/salmosbiblicos.com.br\/index.php\/2026\/03\/29\/a-responsabilidade-de-ouvir-e-compartilhar-a-verdade\/","url":"https:\/\/salmosbiblicos.com.br\/index.php\/2026\/03\/29\/a-responsabilidade-de-ouvir-e-compartilhar-a-verdade\/","name":"A Responsabilidade de Ouvir e Compartilhar a Verdade - Salmos B\u00edblicos","isPartOf":{"@id":"https:\/\/salmosbiblicos.com.br\/#website"},"datePublished":"2026-03-29T20:31:40+00:00","author":{"@id":"https:\/\/salmosbiblicos.com.br\/#\/schema\/person\/30586d0fb3f3a46b78a3414fc39cc975"},"breadcrumb":{"@id":"https:\/\/salmosbiblicos.com.br\/index.php\/2026\/03\/29\/a-responsabilidade-de-ouvir-e-compartilhar-a-verdade\/#breadcrumb"},"inLanguage":"pt-BR","potentialAction":[{"@type":"ReadAction","target":["https:\/\/salmosbiblicos.com.br\/index.php\/2026\/03\/29\/a-responsabilidade-de-ouvir-e-compartilhar-a-verdade\/"]}]},{"@type":"BreadcrumbList","@id":"https:\/\/salmosbiblicos.com.br\/index.php\/2026\/03\/29\/a-responsabilidade-de-ouvir-e-compartilhar-a-verdade\/#breadcrumb","itemListElement":[{"@type":"ListItem","position":1,"name":"Home","item":"https:\/\/salmosbiblicos.com.br\/"},{"@type":"ListItem","position":2,"name":"A Responsabilidade de Ouvir e Compartilhar a Verdade"}]},{"@type":"WebSite","@id":"https:\/\/salmosbiblicos.com.br\/#website","url":"https:\/\/salmosbiblicos.com.br\/","name":"Salmos B\u00edblicos","description":"Uma e-Livraria com e-Books novos para voc\u00ea refletir.","potentialAction":[{"@type":"SearchAction","target":{"@type":"EntryPoint","urlTemplate":"https:\/\/salmosbiblicos.com.br\/?s={search_term_string}"},"query-input":{"@type":"PropertyValueSpecification","valueRequired":true,"valueName":"search_term_string"}}],"inLanguage":"pt-BR"},{"@type":"Person","@id":"https:\/\/salmosbiblicos.com.br\/#\/schema\/person\/30586d0fb3f3a46b78a3414fc39cc975","name":"alextreh@gmail.com","image":{"@type":"ImageObject","inLanguage":"pt-BR","@id":"https:\/\/secure.gravatar.com\/avatar\/7cf84d31f581ec97b887c1039d478a7c293086896c84951a86753fb2c2af7527?s=96&d=mm&r=g","url":"https:\/\/secure.gravatar.com\/avatar\/7cf84d31f581ec97b887c1039d478a7c293086896c84951a86753fb2c2af7527?s=96&d=mm&r=g","contentUrl":"https:\/\/secure.gravatar.com\/avatar\/7cf84d31f581ec97b887c1039d478a7c293086896c84951a86753fb2c2af7527?s=96&d=mm&r=g","caption":"alextreh@gmail.com"},"sameAs":["http:\/\/salmosbiblicos.com.br"],"url":"https:\/\/salmosbiblicos.com.br\/index.php\/author\/alextrehgmail-com\/"}]}},"_links":{"self":[{"href":"https:\/\/salmosbiblicos.com.br\/index.php\/wp-json\/wp\/v2\/posts\/5976","targetHints":{"allow":["GET"]}}],"collection":[{"href":"https:\/\/salmosbiblicos.com.br\/index.php\/wp-json\/wp\/v2\/posts"}],"about":[{"href":"https:\/\/salmosbiblicos.com.br\/index.php\/wp-json\/wp\/v2\/types\/post"}],"author":[{"embeddable":true,"href":"https:\/\/salmosbiblicos.com.br\/index.php\/wp-json\/wp\/v2\/users\/1"}],"replies":[{"embeddable":true,"href":"https:\/\/salmosbiblicos.com.br\/index.php\/wp-json\/wp\/v2\/comments?post=5976"}],"version-history":[{"count":1,"href":"https:\/\/salmosbiblicos.com.br\/index.php\/wp-json\/wp\/v2\/posts\/5976\/revisions"}],"predecessor-version":[{"id":5977,"href":"https:\/\/salmosbiblicos.com.br\/index.php\/wp-json\/wp\/v2\/posts\/5976\/revisions\/5977"}],"wp:attachment":[{"href":"https:\/\/salmosbiblicos.com.br\/index.php\/wp-json\/wp\/v2\/media?parent=5976"}],"wp:term":[{"taxonomy":"category","embeddable":true,"href":"https:\/\/salmosbiblicos.com.br\/index.php\/wp-json\/wp\/v2\/categories?post=5976"},{"taxonomy":"post_tag","embeddable":true,"href":"https:\/\/salmosbiblicos.com.br\/index.php\/wp-json\/wp\/v2\/tags?post=5976"}],"curies":[{"name":"wp","href":"https:\/\/api.w.org\/{rel}","templated":true}]}}