{"id":5980,"date":"2026-03-29T17:45:15","date_gmt":"2026-03-29T20:45:15","guid":{"rendered":"https:\/\/salmosbiblicos.com.br\/?p=5980"},"modified":"2026-03-29T17:45:15","modified_gmt":"2026-03-29T20:45:15","slug":"fe-em-tempos-dificeis-coragem-perseveranca-e-alegria","status":"publish","type":"post","link":"https:\/\/salmosbiblicos.com.br\/index.php\/2026\/03\/29\/fe-em-tempos-dificeis-coragem-perseveranca-e-alegria\/","title":{"rendered":"F\u00e9 em Tempos Dif\u00edceis: Coragem, Perseveran\u00e7a e Alegria"},"content":{"rendered":"<p>## A Coragem da F\u00e9 em Tempos Adversos<\/p>\n<p>Em meio aos desafios que a vida nos apresenta, muitas vezes nos sentimos tentados a silenciar, a ceder \u00e0 press\u00e3o, a evitar o confronto. No entanto, a f\u00e9 nos convida a um caminho diferente: o da perseveran\u00e7a, da coragem e da proclama\u00e7\u00e3o da verdade, mesmo quando o ambiente parece hostil.<\/p>\n<p>### Enfrentando a Oposi\u00e7\u00e3o<\/p>\n<p>A hist\u00f3ria dos ap\u00f3stolos Paulo e Silas nos oferece um poderoso exemplo de como a mensagem do Evangelho pode ser recebida com rejei\u00e7\u00e3o e persegui\u00e7\u00e3o. Em Filipos, sua prega\u00e7\u00e3o encontrou resist\u00eancia, e eles foram presos e a\u00e7oitados. A viol\u00eancia f\u00edsica e a humilha\u00e7\u00e3o p\u00fablica s\u00e3o formas cru\u00e9is de silenciar a voz da verdade, mas n\u00e3o conseguiram deter o fervor da f\u00e9.<\/p>\n<p>A experi\u00eancia de Paulo e Silas ecoa a pr\u00f3pria jornada de Cristo, que tamb\u00e9m foi a\u00e7oitado e aprisionado. Assim como Ele, os ap\u00f3stolos abra\u00e7aram o sofrimento como parte do caminho do discipulado. **N\u00e3o nos assustemos quando a palavra tamb\u00e9m n\u00e3o \u00e9 aceita. Porque foi assim com Jesus, foi assim com os profetas.**<\/p>\n<p>### A Alegria na Adversidade<\/p>\n<p>Mesmo na escurid\u00e3o da pris\u00e3o, Paulo e Silas encontraram motivos para celebrar. Em vez de lamentar sua situa\u00e7\u00e3o, eles oraram e cantaram hinos a Deus. Sua f\u00e9 era inabal\u00e1vel, e sua alegria contagiante.<\/p>\n<p>Imagine a cena: dois homens, feridos e presos, elevando suas vozes em louvor. O som de sua adora\u00e7\u00e3o ressoou pelas paredes da pris\u00e3o, alcan\u00e7ando o cora\u00e7\u00e3o de todos os prisioneiros. **A vida que n\u00e3o est\u00e1 f\u00e1cil n\u00e3o, pris\u00e3o, humilha\u00e7\u00e3o, eles poderiam estar na pris\u00e3o reclamando, eles poderiam estar quietos, eles poderiam estar deprimidos, eles poderiam estar angustiados, eles poderiam estar tristes, mas a palavra diz que era a meia noite, e Paulo e Silas estavam rezando e cantando.**<\/p>\n<p>### O Poder da Ora\u00e7\u00e3o e da Transforma\u00e7\u00e3o<\/p>\n<p>A f\u00e9 de Paulo e Silas n\u00e3o passou despercebida a Deus. Em resposta a sua ora\u00e7\u00e3o, um terremoto abalou a pris\u00e3o, as portas se abriram e as correntes se romperam. A interven\u00e7\u00e3o divina foi um testemunho do poder da ora\u00e7\u00e3o e da fidelidade de Deus aos seus servos.<\/p>\n<p>O carcereiro, ao testemunhar o milagre, foi tomado por um temor profundo. Estava prestes a tirar a pr\u00f3pria vida, mas a voz firme de Paulo o impediu. Diante da possibilidade de sua morte, o carcereiro expressou uma pergunta crucial: &#8220;Senhores, o que eu devo fazer para ser salvo?&#8221;.<\/p>\n<p>### Um Novo Come\u00e7o na Gra\u00e7a Divina<\/p>\n<p>A resposta de Paulo e Silas foi clara e direta: &#8220;Cree em Senhor Jesus, e ser\u00e1s salvo, tu e a tua casa.&#8221;  A mensagem da salva\u00e7\u00e3o, da gra\u00e7a e do amor de Deus ecoou no cora\u00e7\u00e3o do carcereiro, levando-o a crer e a ser batizado, juntamente com sua fam\u00edlia.<\/p>\n<p>**Paulo e Silas pregam onde menos se espera, e olha as convers\u00f5es acontecendo.** Aquele que era guardi\u00e3o de prisioneiros se tornou um seguidor de Cristo, testemunhando a transforma\u00e7\u00e3o que a f\u00e9 pode trazer.<\/p>\n<p>### A Miss\u00e3o de Proclamar a Palavra<\/p>\n<p>Assim como Paulo e Silas, somos chamados a proclamar a mensagem do Evangelho em todas as circunst\u00e2ncias. Devemos pregar a palavra, com paci\u00eancia e perseveran\u00e7a, mesmo quando o ambiente \u00e9 hostil. **Prega a palavra at\u00e9 mesmo quando parece que \u00e9 inoportunamente. Prega, porque a palavra sempre \u00e9 eficaz.**<\/p>\n<p>Que a hist\u00f3ria de Paulo e Silas inspire a nossa coragem, fortale\u00e7a a nossa f\u00e9 e nos impulsione a compartilhar a alegria do Evangelho com todos aqueles que encontrarmos. A mensagem da esperan\u00e7a e da reden\u00e7\u00e3o precisa ser ouvida, mesmo em meio \u00e0 escurid\u00e3o.<\/p>\n","protected":false},"excerpt":{"rendered":"<p>## A Coragem da F\u00e9 em Tempos Adversos Em meio aos desafios que a vida nos apresenta, muitas vezes nos sentimos tentados a silenciar, a ceder \u00e0 press\u00e3o, a evitar o confronto. No entanto, a f\u00e9 nos convida a um caminho diferente: o da perseveran\u00e7a, da coragem e da proclama\u00e7\u00e3o da verdade, mesmo quando o [&hellip;]<\/p>\n","protected":false},"author":1,"featured_media":0,"comment_status":"closed","ping_status":"open","sticky":false,"template":"","format":"standard","meta":{"footnotes":""},"categories":[14],"tags":[],"class_list":["post-5980","post","type-post","status-publish","format-standard","hentry","category-reflexao"],"yoast_head":"<!-- This site is optimized with the Yoast SEO plugin v27.2 - https:\/\/yoast.com\/product\/yoast-seo-wordpress\/ -->\n<title>F\u00e9 em Tempos Dif\u00edceis: Coragem, Perseveran\u00e7a e Alegria - Salmos B\u00edblicos<\/title>\n<meta name=\"robots\" content=\"index, follow, max-snippet:-1, max-image-preview:large, max-video-preview:-1\" \/>\n<link rel=\"canonical\" href=\"https:\/\/salmosbiblicos.com.br\/index.php\/2026\/03\/29\/fe-em-tempos-dificeis-coragem-perseveranca-e-alegria\/\" \/>\n<meta property=\"og:locale\" content=\"pt_BR\" \/>\n<meta property=\"og:type\" content=\"article\" \/>\n<meta property=\"og:title\" content=\"F\u00e9 em Tempos Dif\u00edceis: Coragem, Perseveran\u00e7a e Alegria - Salmos B\u00edblicos\" \/>\n<meta property=\"og:description\" content=\"## A Coragem da F\u00e9 em Tempos Adversos Em meio aos desafios que a vida nos apresenta, muitas vezes nos sentimos tentados a silenciar, a ceder \u00e0 press\u00e3o, a evitar o confronto. No entanto, a f\u00e9 nos convida a um caminho diferente: o da perseveran\u00e7a, da coragem e da proclama\u00e7\u00e3o da verdade, mesmo quando o [&hellip;]\" \/>\n<meta property=\"og:url\" content=\"https:\/\/salmosbiblicos.com.br\/index.php\/2026\/03\/29\/fe-em-tempos-dificeis-coragem-perseveranca-e-alegria\/\" \/>\n<meta property=\"og:site_name\" content=\"Salmos B\u00edblicos\" \/>\n<meta property=\"article:published_time\" content=\"2026-03-29T20:45:15+00:00\" \/>\n<meta name=\"author\" content=\"alextreh@gmail.com\" \/>\n<meta name=\"twitter:card\" content=\"summary_large_image\" \/>\n<meta name=\"twitter:label1\" content=\"Escrito por\" \/>\n\t<meta name=\"twitter:data1\" content=\"alextreh@gmail.com\" \/>\n\t<meta name=\"twitter:label2\" content=\"Est. tempo de leitura\" \/>\n\t<meta name=\"twitter:data2\" content=\"3 minutos\" \/>\n<script type=\"application\/ld+json\" class=\"yoast-schema-graph\">{\"@context\":\"https:\/\/schema.org\",\"@graph\":[{\"@type\":\"Article\",\"@id\":\"https:\/\/salmosbiblicos.com.br\/index.php\/2026\/03\/29\/fe-em-tempos-dificeis-coragem-perseveranca-e-alegria\/#article\",\"isPartOf\":{\"@id\":\"https:\/\/salmosbiblicos.com.br\/index.php\/2026\/03\/29\/fe-em-tempos-dificeis-coragem-perseveranca-e-alegria\/\"},\"author\":{\"name\":\"alextreh@gmail.com\",\"@id\":\"https:\/\/salmosbiblicos.com.br\/#\/schema\/person\/30586d0fb3f3a46b78a3414fc39cc975\"},\"headline\":\"F\u00e9 em Tempos Dif\u00edceis: Coragem, Perseveran\u00e7a e Alegria\",\"datePublished\":\"2026-03-29T20:45:15+00:00\",\"mainEntityOfPage\":{\"@id\":\"https:\/\/salmosbiblicos.com.br\/index.php\/2026\/03\/29\/fe-em-tempos-dificeis-coragem-perseveranca-e-alegria\/\"},\"wordCount\":649,\"articleSection\":[\"Reflex\u00e3o\"],\"inLanguage\":\"pt-BR\"},{\"@type\":\"WebPage\",\"@id\":\"https:\/\/salmosbiblicos.com.br\/index.php\/2026\/03\/29\/fe-em-tempos-dificeis-coragem-perseveranca-e-alegria\/\",\"url\":\"https:\/\/salmosbiblicos.com.br\/index.php\/2026\/03\/29\/fe-em-tempos-dificeis-coragem-perseveranca-e-alegria\/\",\"name\":\"F\u00e9 em Tempos Dif\u00edceis: Coragem, Perseveran\u00e7a e Alegria - Salmos B\u00edblicos\",\"isPartOf\":{\"@id\":\"https:\/\/salmosbiblicos.com.br\/#website\"},\"datePublished\":\"2026-03-29T20:45:15+00:00\",\"author\":{\"@id\":\"https:\/\/salmosbiblicos.com.br\/#\/schema\/person\/30586d0fb3f3a46b78a3414fc39cc975\"},\"breadcrumb\":{\"@id\":\"https:\/\/salmosbiblicos.com.br\/index.php\/2026\/03\/29\/fe-em-tempos-dificeis-coragem-perseveranca-e-alegria\/#breadcrumb\"},\"inLanguage\":\"pt-BR\",\"potentialAction\":[{\"@type\":\"ReadAction\",\"target\":[\"https:\/\/salmosbiblicos.com.br\/index.php\/2026\/03\/29\/fe-em-tempos-dificeis-coragem-perseveranca-e-alegria\/\"]}]},{\"@type\":\"BreadcrumbList\",\"@id\":\"https:\/\/salmosbiblicos.com.br\/index.php\/2026\/03\/29\/fe-em-tempos-dificeis-coragem-perseveranca-e-alegria\/#breadcrumb\",\"itemListElement\":[{\"@type\":\"ListItem\",\"position\":1,\"name\":\"Home\",\"item\":\"https:\/\/salmosbiblicos.com.br\/\"},{\"@type\":\"ListItem\",\"position\":2,\"name\":\"F\u00e9 em Tempos Dif\u00edceis: Coragem, Perseveran\u00e7a e Alegria\"}]},{\"@type\":\"WebSite\",\"@id\":\"https:\/\/salmosbiblicos.com.br\/#website\",\"url\":\"https:\/\/salmosbiblicos.com.br\/\",\"name\":\"Salmos B\u00edblicos\",\"description\":\"Uma e-Livraria com e-Books novos para voc\u00ea refletir.\",\"potentialAction\":[{\"@type\":\"SearchAction\",\"target\":{\"@type\":\"EntryPoint\",\"urlTemplate\":\"https:\/\/salmosbiblicos.com.br\/?s={search_term_string}\"},\"query-input\":{\"@type\":\"PropertyValueSpecification\",\"valueRequired\":true,\"valueName\":\"search_term_string\"}}],\"inLanguage\":\"pt-BR\"},{\"@type\":\"Person\",\"@id\":\"https:\/\/salmosbiblicos.com.br\/#\/schema\/person\/30586d0fb3f3a46b78a3414fc39cc975\",\"name\":\"alextreh@gmail.com\",\"image\":{\"@type\":\"ImageObject\",\"inLanguage\":\"pt-BR\",\"@id\":\"https:\/\/secure.gravatar.com\/avatar\/7cf84d31f581ec97b887c1039d478a7c293086896c84951a86753fb2c2af7527?s=96&d=mm&r=g\",\"url\":\"https:\/\/secure.gravatar.com\/avatar\/7cf84d31f581ec97b887c1039d478a7c293086896c84951a86753fb2c2af7527?s=96&d=mm&r=g\",\"contentUrl\":\"https:\/\/secure.gravatar.com\/avatar\/7cf84d31f581ec97b887c1039d478a7c293086896c84951a86753fb2c2af7527?s=96&d=mm&r=g\",\"caption\":\"alextreh@gmail.com\"},\"sameAs\":[\"http:\/\/salmosbiblicos.com.br\"],\"url\":\"https:\/\/salmosbiblicos.com.br\/index.php\/author\/alextrehgmail-com\/\"}]}<\/script>\n<!-- \/ Yoast SEO plugin. -->","yoast_head_json":{"title":"F\u00e9 em Tempos Dif\u00edceis: Coragem, Perseveran\u00e7a e Alegria - Salmos B\u00edblicos","robots":{"index":"index","follow":"follow","max-snippet":"max-snippet:-1","max-image-preview":"max-image-preview:large","max-video-preview":"max-video-preview:-1"},"canonical":"https:\/\/salmosbiblicos.com.br\/index.php\/2026\/03\/29\/fe-em-tempos-dificeis-coragem-perseveranca-e-alegria\/","og_locale":"pt_BR","og_type":"article","og_title":"F\u00e9 em Tempos Dif\u00edceis: Coragem, Perseveran\u00e7a e Alegria - Salmos B\u00edblicos","og_description":"## A Coragem da F\u00e9 em Tempos Adversos Em meio aos desafios que a vida nos apresenta, muitas vezes nos sentimos tentados a silenciar, a ceder \u00e0 press\u00e3o, a evitar o confronto. No entanto, a f\u00e9 nos convida a um caminho diferente: o da perseveran\u00e7a, da coragem e da proclama\u00e7\u00e3o da verdade, mesmo quando o [&hellip;]","og_url":"https:\/\/salmosbiblicos.com.br\/index.php\/2026\/03\/29\/fe-em-tempos-dificeis-coragem-perseveranca-e-alegria\/","og_site_name":"Salmos B\u00edblicos","article_published_time":"2026-03-29T20:45:15+00:00","author":"alextreh@gmail.com","twitter_card":"summary_large_image","twitter_misc":{"Escrito por":"alextreh@gmail.com","Est. tempo de leitura":"3 minutos"},"schema":{"@context":"https:\/\/schema.org","@graph":[{"@type":"Article","@id":"https:\/\/salmosbiblicos.com.br\/index.php\/2026\/03\/29\/fe-em-tempos-dificeis-coragem-perseveranca-e-alegria\/#article","isPartOf":{"@id":"https:\/\/salmosbiblicos.com.br\/index.php\/2026\/03\/29\/fe-em-tempos-dificeis-coragem-perseveranca-e-alegria\/"},"author":{"name":"alextreh@gmail.com","@id":"https:\/\/salmosbiblicos.com.br\/#\/schema\/person\/30586d0fb3f3a46b78a3414fc39cc975"},"headline":"F\u00e9 em Tempos Dif\u00edceis: Coragem, Perseveran\u00e7a e Alegria","datePublished":"2026-03-29T20:45:15+00:00","mainEntityOfPage":{"@id":"https:\/\/salmosbiblicos.com.br\/index.php\/2026\/03\/29\/fe-em-tempos-dificeis-coragem-perseveranca-e-alegria\/"},"wordCount":649,"articleSection":["Reflex\u00e3o"],"inLanguage":"pt-BR"},{"@type":"WebPage","@id":"https:\/\/salmosbiblicos.com.br\/index.php\/2026\/03\/29\/fe-em-tempos-dificeis-coragem-perseveranca-e-alegria\/","url":"https:\/\/salmosbiblicos.com.br\/index.php\/2026\/03\/29\/fe-em-tempos-dificeis-coragem-perseveranca-e-alegria\/","name":"F\u00e9 em Tempos Dif\u00edceis: Coragem, Perseveran\u00e7a e Alegria - Salmos B\u00edblicos","isPartOf":{"@id":"https:\/\/salmosbiblicos.com.br\/#website"},"datePublished":"2026-03-29T20:45:15+00:00","author":{"@id":"https:\/\/salmosbiblicos.com.br\/#\/schema\/person\/30586d0fb3f3a46b78a3414fc39cc975"},"breadcrumb":{"@id":"https:\/\/salmosbiblicos.com.br\/index.php\/2026\/03\/29\/fe-em-tempos-dificeis-coragem-perseveranca-e-alegria\/#breadcrumb"},"inLanguage":"pt-BR","potentialAction":[{"@type":"ReadAction","target":["https:\/\/salmosbiblicos.com.br\/index.php\/2026\/03\/29\/fe-em-tempos-dificeis-coragem-perseveranca-e-alegria\/"]}]},{"@type":"BreadcrumbList","@id":"https:\/\/salmosbiblicos.com.br\/index.php\/2026\/03\/29\/fe-em-tempos-dificeis-coragem-perseveranca-e-alegria\/#breadcrumb","itemListElement":[{"@type":"ListItem","position":1,"name":"Home","item":"https:\/\/salmosbiblicos.com.br\/"},{"@type":"ListItem","position":2,"name":"F\u00e9 em Tempos Dif\u00edceis: Coragem, Perseveran\u00e7a e Alegria"}]},{"@type":"WebSite","@id":"https:\/\/salmosbiblicos.com.br\/#website","url":"https:\/\/salmosbiblicos.com.br\/","name":"Salmos B\u00edblicos","description":"Uma e-Livraria com e-Books novos para voc\u00ea refletir.","potentialAction":[{"@type":"SearchAction","target":{"@type":"EntryPoint","urlTemplate":"https:\/\/salmosbiblicos.com.br\/?s={search_term_string}"},"query-input":{"@type":"PropertyValueSpecification","valueRequired":true,"valueName":"search_term_string"}}],"inLanguage":"pt-BR"},{"@type":"Person","@id":"https:\/\/salmosbiblicos.com.br\/#\/schema\/person\/30586d0fb3f3a46b78a3414fc39cc975","name":"alextreh@gmail.com","image":{"@type":"ImageObject","inLanguage":"pt-BR","@id":"https:\/\/secure.gravatar.com\/avatar\/7cf84d31f581ec97b887c1039d478a7c293086896c84951a86753fb2c2af7527?s=96&d=mm&r=g","url":"https:\/\/secure.gravatar.com\/avatar\/7cf84d31f581ec97b887c1039d478a7c293086896c84951a86753fb2c2af7527?s=96&d=mm&r=g","contentUrl":"https:\/\/secure.gravatar.com\/avatar\/7cf84d31f581ec97b887c1039d478a7c293086896c84951a86753fb2c2af7527?s=96&d=mm&r=g","caption":"alextreh@gmail.com"},"sameAs":["http:\/\/salmosbiblicos.com.br"],"url":"https:\/\/salmosbiblicos.com.br\/index.php\/author\/alextrehgmail-com\/"}]}},"_links":{"self":[{"href":"https:\/\/salmosbiblicos.com.br\/index.php\/wp-json\/wp\/v2\/posts\/5980","targetHints":{"allow":["GET"]}}],"collection":[{"href":"https:\/\/salmosbiblicos.com.br\/index.php\/wp-json\/wp\/v2\/posts"}],"about":[{"href":"https:\/\/salmosbiblicos.com.br\/index.php\/wp-json\/wp\/v2\/types\/post"}],"author":[{"embeddable":true,"href":"https:\/\/salmosbiblicos.com.br\/index.php\/wp-json\/wp\/v2\/users\/1"}],"replies":[{"embeddable":true,"href":"https:\/\/salmosbiblicos.com.br\/index.php\/wp-json\/wp\/v2\/comments?post=5980"}],"version-history":[{"count":1,"href":"https:\/\/salmosbiblicos.com.br\/index.php\/wp-json\/wp\/v2\/posts\/5980\/revisions"}],"predecessor-version":[{"id":5981,"href":"https:\/\/salmosbiblicos.com.br\/index.php\/wp-json\/wp\/v2\/posts\/5980\/revisions\/5981"}],"wp:attachment":[{"href":"https:\/\/salmosbiblicos.com.br\/index.php\/wp-json\/wp\/v2\/media?parent=5980"}],"wp:term":[{"taxonomy":"category","embeddable":true,"href":"https:\/\/salmosbiblicos.com.br\/index.php\/wp-json\/wp\/v2\/categories?post=5980"},{"taxonomy":"post_tag","embeddable":true,"href":"https:\/\/salmosbiblicos.com.br\/index.php\/wp-json\/wp\/v2\/tags?post=5980"}],"curies":[{"name":"wp","href":"https:\/\/api.w.org\/{rel}","templated":true}]}}