{"id":6046,"date":"2026-03-29T21:41:59","date_gmt":"2026-03-30T00:41:59","guid":{"rendered":"https:\/\/salmosbiblicos.com.br\/?p=6046"},"modified":"2026-03-29T21:41:59","modified_gmt":"2026-03-30T00:41:59","slug":"coragem-para-ser-diferente-encontre-a-luz-em-tempos-sombrios","status":"publish","type":"post","link":"https:\/\/salmosbiblicos.com.br\/index.php\/2026\/03\/29\/coragem-para-ser-diferente-encontre-a-luz-em-tempos-sombrios\/","title":{"rendered":"Coragem para Ser Diferente: Encontre a Luz em Tempos Sombrios"},"content":{"rendered":"<p>## A Coragem de Ser Diferente<\/p>\n<p>A observa\u00e7\u00e3o de que vivemos em tempos desafiadores \u00e9 uma verdade que ecoa em nossos cora\u00e7\u00f5es. \u00c9 ineg\u00e1vel a sensa\u00e7\u00e3o de que a sociedade se distancia cada vez mais dos princ\u00edpios que nos sustentam, daquilo que nos eleva e nos d\u00e1 sentido. Sentimos a press\u00e3o de nos conformarmos, de nos tornarmos parte da correnteza, mas o chamado que recebemos \u00e9 para algo muito maior. \u00c9 o chamado para **ser diferente, para ser luz em meio \u00e0 escurid\u00e3o.**<\/p>\n<p>### O Convite \u00e0 Convers\u00e3o<\/p>\n<p>Nos relatos dos primeiros crist\u00e3os, encontramos um exemplo poderoso de coragem e f\u00e9. Diante da correnteza de seus contempor\u00e2neos, eles se voltaram para Cristo e encontraram um caminho de salva\u00e7\u00e3o. O ap\u00f3stolo Pedro, com a for\u00e7a do Esp\u00edrito, clamou para que o povo se convertesse, buscando o perd\u00e3o de seus pecados e recebendo o dom do Esp\u00edrito Santo. A resposta foi imediata e vibrante: **tr\u00eas mil pessoas, um n\u00famero expressivo, decidiram mudar de vida, seguir a Cristo.**<\/p>\n<p>Este n\u00e3o \u00e9 um convite a um isolamento do mundo, mas a uma separa\u00e7\u00e3o dos v\u00edcios e das pr\u00e1ticas que nos afetam negativamente. \u00c9 um chamado para que busquemos a transforma\u00e7\u00e3o interior, para que possamos ser testemunhas da gra\u00e7a divina. Como cada um de n\u00f3s, o ap\u00f3stolo Pedro tamb\u00e9m teve que tomar uma decis\u00e3o. Ele j\u00e1 conhecia o Evangelho, mas foi em sua adolesc\u00eancia que finalmente se entregou a Cristo, buscando o perd\u00e3o e recebendo o dom do Esp\u00edrito Santo.<\/p>\n<p>### A Separa\u00e7\u00e3o da Iniquidade<\/p>\n<p>O chamado para nos separarmos do mundo n\u00e3o \u00e9 um chamado para o \u00f3dio ou a rejei\u00e7\u00e3o. \u00c9 um chamado para **mantermos-nos fi\u00e9is aos princ\u00edpios que nos guiam.** Como podemos esperar a pureza ao nos mancharmos na sujeira do mundo? Como a luz pode coexistir com as trevas?<\/p>\n<p>S\u00e3o perguntas que nos convidam \u00e0 reflex\u00e3o profunda. A verdadeira f\u00e9 nos leva a rejeitar a complac\u00eancia, a condenar abertamente as obras da escurid\u00e3o. N\u00e3o podemos participar das pr\u00e1ticas que nos corrompem, que nos afastam do caminho da virtude.<\/p>\n<p>### Brilhando Como Luzes<\/p>\n<p>Somos chamados a ser diferentes, a **brilhar como luzes no meio de uma sociedade corrompida e maliciosa.** Essa luz n\u00e3o \u00e9 a nossa, mas o reflexo da gra\u00e7a divina que habita em n\u00f3s. \u00c9 a esperan\u00e7a, a compaix\u00e3o, a justi\u00e7a e a verdade que emanam de nossos cora\u00e7\u00f5es.<\/p>\n<p>Para que essa luz brilhe com intensidade, precisamos cultivar a inoc\u00eancia, a integridade e a pureza de esp\u00edrito. Precisamos nos desapegar do julgo dos infi\u00e9is, da press\u00e3o para nos conformarmos aos padr\u00f5es do mundo.<\/p>\n<p>### Uma Promessa de Transforma\u00e7\u00e3o<\/p>\n<p>A promessa de Deus \u00e9 para aqueles que O buscam de cora\u00e7\u00e3o aberto. **Ele se tornar\u00e1 nosso Pai, e n\u00f3s seremos Seus filhos, em um relacionamento de amor e gra\u00e7a.** Essa transforma\u00e7\u00e3o n\u00e3o \u00e9 instant\u00e2nea, mas \u00e9 um processo cont\u00ednuo, que exige vigil\u00e2ncia e perseveran\u00e7a.<\/p>\n<p>Que possamos encontrar a coragem para ser diferentes, para seguir o caminho da f\u00e9, mesmo quando ele nos levar para longe da correnteza. Que possamos, por meio da gra\u00e7a divina, **ser luz e sal para o mundo, testemunhando a esperan\u00e7a e a salva\u00e7\u00e3o que encontramos em Cristo.**<\/p>\n<p>Que a for\u00e7a e a gra\u00e7a de Deus nos acompanhem em nossa jornada, iluminando nosso caminho e nos guiando \u00e0 vit\u00f3ria.<\/p>\n","protected":false},"excerpt":{"rendered":"<p>## A Coragem de Ser Diferente A observa\u00e7\u00e3o de que vivemos em tempos desafiadores \u00e9 uma verdade que ecoa em nossos cora\u00e7\u00f5es. \u00c9 ineg\u00e1vel a sensa\u00e7\u00e3o de que a sociedade se distancia cada vez mais dos princ\u00edpios que nos sustentam, daquilo que nos eleva e nos d\u00e1 sentido. Sentimos a press\u00e3o de nos conformarmos, de [&hellip;]<\/p>\n","protected":false},"author":1,"featured_media":0,"comment_status":"closed","ping_status":"open","sticky":false,"template":"","format":"standard","meta":{"footnotes":""},"categories":[14],"tags":[],"class_list":["post-6046","post","type-post","status-publish","format-standard","hentry","category-reflexao"],"yoast_head":"<!-- This site is optimized with the Yoast SEO plugin v27.2 - https:\/\/yoast.com\/product\/yoast-seo-wordpress\/ -->\n<title>Coragem para Ser Diferente: Encontre a Luz em Tempos Sombrios - Salmos B\u00edblicos<\/title>\n<meta name=\"robots\" content=\"index, follow, max-snippet:-1, max-image-preview:large, max-video-preview:-1\" \/>\n<link rel=\"canonical\" href=\"https:\/\/salmosbiblicos.com.br\/index.php\/2026\/03\/29\/coragem-para-ser-diferente-encontre-a-luz-em-tempos-sombrios\/\" \/>\n<meta property=\"og:locale\" content=\"pt_BR\" \/>\n<meta property=\"og:type\" content=\"article\" \/>\n<meta property=\"og:title\" content=\"Coragem para Ser Diferente: Encontre a Luz em Tempos Sombrios - Salmos B\u00edblicos\" \/>\n<meta property=\"og:description\" content=\"## A Coragem de Ser Diferente A observa\u00e7\u00e3o de que vivemos em tempos desafiadores \u00e9 uma verdade que ecoa em nossos cora\u00e7\u00f5es. \u00c9 ineg\u00e1vel a sensa\u00e7\u00e3o de que a sociedade se distancia cada vez mais dos princ\u00edpios que nos sustentam, daquilo que nos eleva e nos d\u00e1 sentido. Sentimos a press\u00e3o de nos conformarmos, de [&hellip;]\" \/>\n<meta property=\"og:url\" content=\"https:\/\/salmosbiblicos.com.br\/index.php\/2026\/03\/29\/coragem-para-ser-diferente-encontre-a-luz-em-tempos-sombrios\/\" \/>\n<meta property=\"og:site_name\" content=\"Salmos B\u00edblicos\" \/>\n<meta property=\"article:published_time\" content=\"2026-03-30T00:41:59+00:00\" \/>\n<meta name=\"author\" content=\"alextreh@gmail.com\" \/>\n<meta name=\"twitter:card\" content=\"summary_large_image\" \/>\n<meta name=\"twitter:label1\" content=\"Escrito por\" \/>\n\t<meta name=\"twitter:data1\" content=\"alextreh@gmail.com\" \/>\n\t<meta name=\"twitter:label2\" content=\"Est. tempo de leitura\" \/>\n\t<meta name=\"twitter:data2\" content=\"3 minutos\" \/>\n<script type=\"application\/ld+json\" class=\"yoast-schema-graph\">{\"@context\":\"https:\/\/schema.org\",\"@graph\":[{\"@type\":\"Article\",\"@id\":\"https:\/\/salmosbiblicos.com.br\/index.php\/2026\/03\/29\/coragem-para-ser-diferente-encontre-a-luz-em-tempos-sombrios\/#article\",\"isPartOf\":{\"@id\":\"https:\/\/salmosbiblicos.com.br\/index.php\/2026\/03\/29\/coragem-para-ser-diferente-encontre-a-luz-em-tempos-sombrios\/\"},\"author\":{\"name\":\"alextreh@gmail.com\",\"@id\":\"https:\/\/salmosbiblicos.com.br\/#\/schema\/person\/30586d0fb3f3a46b78a3414fc39cc975\"},\"headline\":\"Coragem para Ser Diferente: Encontre a Luz em Tempos Sombrios\",\"datePublished\":\"2026-03-30T00:41:59+00:00\",\"mainEntityOfPage\":{\"@id\":\"https:\/\/salmosbiblicos.com.br\/index.php\/2026\/03\/29\/coragem-para-ser-diferente-encontre-a-luz-em-tempos-sombrios\/\"},\"wordCount\":599,\"articleSection\":[\"Reflex\u00e3o\"],\"inLanguage\":\"pt-BR\"},{\"@type\":\"WebPage\",\"@id\":\"https:\/\/salmosbiblicos.com.br\/index.php\/2026\/03\/29\/coragem-para-ser-diferente-encontre-a-luz-em-tempos-sombrios\/\",\"url\":\"https:\/\/salmosbiblicos.com.br\/index.php\/2026\/03\/29\/coragem-para-ser-diferente-encontre-a-luz-em-tempos-sombrios\/\",\"name\":\"Coragem para Ser Diferente: Encontre a Luz em Tempos Sombrios - Salmos B\u00edblicos\",\"isPartOf\":{\"@id\":\"https:\/\/salmosbiblicos.com.br\/#website\"},\"datePublished\":\"2026-03-30T00:41:59+00:00\",\"author\":{\"@id\":\"https:\/\/salmosbiblicos.com.br\/#\/schema\/person\/30586d0fb3f3a46b78a3414fc39cc975\"},\"breadcrumb\":{\"@id\":\"https:\/\/salmosbiblicos.com.br\/index.php\/2026\/03\/29\/coragem-para-ser-diferente-encontre-a-luz-em-tempos-sombrios\/#breadcrumb\"},\"inLanguage\":\"pt-BR\",\"potentialAction\":[{\"@type\":\"ReadAction\",\"target\":[\"https:\/\/salmosbiblicos.com.br\/index.php\/2026\/03\/29\/coragem-para-ser-diferente-encontre-a-luz-em-tempos-sombrios\/\"]}]},{\"@type\":\"BreadcrumbList\",\"@id\":\"https:\/\/salmosbiblicos.com.br\/index.php\/2026\/03\/29\/coragem-para-ser-diferente-encontre-a-luz-em-tempos-sombrios\/#breadcrumb\",\"itemListElement\":[{\"@type\":\"ListItem\",\"position\":1,\"name\":\"Home\",\"item\":\"https:\/\/salmosbiblicos.com.br\/\"},{\"@type\":\"ListItem\",\"position\":2,\"name\":\"Coragem para Ser Diferente: Encontre a Luz em Tempos Sombrios\"}]},{\"@type\":\"WebSite\",\"@id\":\"https:\/\/salmosbiblicos.com.br\/#website\",\"url\":\"https:\/\/salmosbiblicos.com.br\/\",\"name\":\"Salmos B\u00edblicos\",\"description\":\"Uma e-Livraria com e-Books novos para voc\u00ea refletir.\",\"potentialAction\":[{\"@type\":\"SearchAction\",\"target\":{\"@type\":\"EntryPoint\",\"urlTemplate\":\"https:\/\/salmosbiblicos.com.br\/?s={search_term_string}\"},\"query-input\":{\"@type\":\"PropertyValueSpecification\",\"valueRequired\":true,\"valueName\":\"search_term_string\"}}],\"inLanguage\":\"pt-BR\"},{\"@type\":\"Person\",\"@id\":\"https:\/\/salmosbiblicos.com.br\/#\/schema\/person\/30586d0fb3f3a46b78a3414fc39cc975\",\"name\":\"alextreh@gmail.com\",\"image\":{\"@type\":\"ImageObject\",\"inLanguage\":\"pt-BR\",\"@id\":\"https:\/\/secure.gravatar.com\/avatar\/7cf84d31f581ec97b887c1039d478a7c293086896c84951a86753fb2c2af7527?s=96&d=mm&r=g\",\"url\":\"https:\/\/secure.gravatar.com\/avatar\/7cf84d31f581ec97b887c1039d478a7c293086896c84951a86753fb2c2af7527?s=96&d=mm&r=g\",\"contentUrl\":\"https:\/\/secure.gravatar.com\/avatar\/7cf84d31f581ec97b887c1039d478a7c293086896c84951a86753fb2c2af7527?s=96&d=mm&r=g\",\"caption\":\"alextreh@gmail.com\"},\"sameAs\":[\"http:\/\/salmosbiblicos.com.br\"],\"url\":\"https:\/\/salmosbiblicos.com.br\/index.php\/author\/alextrehgmail-com\/\"}]}<\/script>\n<!-- \/ Yoast SEO plugin. -->","yoast_head_json":{"title":"Coragem para Ser Diferente: Encontre a Luz em Tempos Sombrios - Salmos B\u00edblicos","robots":{"index":"index","follow":"follow","max-snippet":"max-snippet:-1","max-image-preview":"max-image-preview:large","max-video-preview":"max-video-preview:-1"},"canonical":"https:\/\/salmosbiblicos.com.br\/index.php\/2026\/03\/29\/coragem-para-ser-diferente-encontre-a-luz-em-tempos-sombrios\/","og_locale":"pt_BR","og_type":"article","og_title":"Coragem para Ser Diferente: Encontre a Luz em Tempos Sombrios - Salmos B\u00edblicos","og_description":"## A Coragem de Ser Diferente A observa\u00e7\u00e3o de que vivemos em tempos desafiadores \u00e9 uma verdade que ecoa em nossos cora\u00e7\u00f5es. \u00c9 ineg\u00e1vel a sensa\u00e7\u00e3o de que a sociedade se distancia cada vez mais dos princ\u00edpios que nos sustentam, daquilo que nos eleva e nos d\u00e1 sentido. Sentimos a press\u00e3o de nos conformarmos, de [&hellip;]","og_url":"https:\/\/salmosbiblicos.com.br\/index.php\/2026\/03\/29\/coragem-para-ser-diferente-encontre-a-luz-em-tempos-sombrios\/","og_site_name":"Salmos B\u00edblicos","article_published_time":"2026-03-30T00:41:59+00:00","author":"alextreh@gmail.com","twitter_card":"summary_large_image","twitter_misc":{"Escrito por":"alextreh@gmail.com","Est. tempo de leitura":"3 minutos"},"schema":{"@context":"https:\/\/schema.org","@graph":[{"@type":"Article","@id":"https:\/\/salmosbiblicos.com.br\/index.php\/2026\/03\/29\/coragem-para-ser-diferente-encontre-a-luz-em-tempos-sombrios\/#article","isPartOf":{"@id":"https:\/\/salmosbiblicos.com.br\/index.php\/2026\/03\/29\/coragem-para-ser-diferente-encontre-a-luz-em-tempos-sombrios\/"},"author":{"name":"alextreh@gmail.com","@id":"https:\/\/salmosbiblicos.com.br\/#\/schema\/person\/30586d0fb3f3a46b78a3414fc39cc975"},"headline":"Coragem para Ser Diferente: Encontre a Luz em Tempos Sombrios","datePublished":"2026-03-30T00:41:59+00:00","mainEntityOfPage":{"@id":"https:\/\/salmosbiblicos.com.br\/index.php\/2026\/03\/29\/coragem-para-ser-diferente-encontre-a-luz-em-tempos-sombrios\/"},"wordCount":599,"articleSection":["Reflex\u00e3o"],"inLanguage":"pt-BR"},{"@type":"WebPage","@id":"https:\/\/salmosbiblicos.com.br\/index.php\/2026\/03\/29\/coragem-para-ser-diferente-encontre-a-luz-em-tempos-sombrios\/","url":"https:\/\/salmosbiblicos.com.br\/index.php\/2026\/03\/29\/coragem-para-ser-diferente-encontre-a-luz-em-tempos-sombrios\/","name":"Coragem para Ser Diferente: Encontre a Luz em Tempos Sombrios - Salmos B\u00edblicos","isPartOf":{"@id":"https:\/\/salmosbiblicos.com.br\/#website"},"datePublished":"2026-03-30T00:41:59+00:00","author":{"@id":"https:\/\/salmosbiblicos.com.br\/#\/schema\/person\/30586d0fb3f3a46b78a3414fc39cc975"},"breadcrumb":{"@id":"https:\/\/salmosbiblicos.com.br\/index.php\/2026\/03\/29\/coragem-para-ser-diferente-encontre-a-luz-em-tempos-sombrios\/#breadcrumb"},"inLanguage":"pt-BR","potentialAction":[{"@type":"ReadAction","target":["https:\/\/salmosbiblicos.com.br\/index.php\/2026\/03\/29\/coragem-para-ser-diferente-encontre-a-luz-em-tempos-sombrios\/"]}]},{"@type":"BreadcrumbList","@id":"https:\/\/salmosbiblicos.com.br\/index.php\/2026\/03\/29\/coragem-para-ser-diferente-encontre-a-luz-em-tempos-sombrios\/#breadcrumb","itemListElement":[{"@type":"ListItem","position":1,"name":"Home","item":"https:\/\/salmosbiblicos.com.br\/"},{"@type":"ListItem","position":2,"name":"Coragem para Ser Diferente: Encontre a Luz em Tempos Sombrios"}]},{"@type":"WebSite","@id":"https:\/\/salmosbiblicos.com.br\/#website","url":"https:\/\/salmosbiblicos.com.br\/","name":"Salmos B\u00edblicos","description":"Uma e-Livraria com e-Books novos para voc\u00ea refletir.","potentialAction":[{"@type":"SearchAction","target":{"@type":"EntryPoint","urlTemplate":"https:\/\/salmosbiblicos.com.br\/?s={search_term_string}"},"query-input":{"@type":"PropertyValueSpecification","valueRequired":true,"valueName":"search_term_string"}}],"inLanguage":"pt-BR"},{"@type":"Person","@id":"https:\/\/salmosbiblicos.com.br\/#\/schema\/person\/30586d0fb3f3a46b78a3414fc39cc975","name":"alextreh@gmail.com","image":{"@type":"ImageObject","inLanguage":"pt-BR","@id":"https:\/\/secure.gravatar.com\/avatar\/7cf84d31f581ec97b887c1039d478a7c293086896c84951a86753fb2c2af7527?s=96&d=mm&r=g","url":"https:\/\/secure.gravatar.com\/avatar\/7cf84d31f581ec97b887c1039d478a7c293086896c84951a86753fb2c2af7527?s=96&d=mm&r=g","contentUrl":"https:\/\/secure.gravatar.com\/avatar\/7cf84d31f581ec97b887c1039d478a7c293086896c84951a86753fb2c2af7527?s=96&d=mm&r=g","caption":"alextreh@gmail.com"},"sameAs":["http:\/\/salmosbiblicos.com.br"],"url":"https:\/\/salmosbiblicos.com.br\/index.php\/author\/alextrehgmail-com\/"}]}},"_links":{"self":[{"href":"https:\/\/salmosbiblicos.com.br\/index.php\/wp-json\/wp\/v2\/posts\/6046","targetHints":{"allow":["GET"]}}],"collection":[{"href":"https:\/\/salmosbiblicos.com.br\/index.php\/wp-json\/wp\/v2\/posts"}],"about":[{"href":"https:\/\/salmosbiblicos.com.br\/index.php\/wp-json\/wp\/v2\/types\/post"}],"author":[{"embeddable":true,"href":"https:\/\/salmosbiblicos.com.br\/index.php\/wp-json\/wp\/v2\/users\/1"}],"replies":[{"embeddable":true,"href":"https:\/\/salmosbiblicos.com.br\/index.php\/wp-json\/wp\/v2\/comments?post=6046"}],"version-history":[{"count":1,"href":"https:\/\/salmosbiblicos.com.br\/index.php\/wp-json\/wp\/v2\/posts\/6046\/revisions"}],"predecessor-version":[{"id":6047,"href":"https:\/\/salmosbiblicos.com.br\/index.php\/wp-json\/wp\/v2\/posts\/6046\/revisions\/6047"}],"wp:attachment":[{"href":"https:\/\/salmosbiblicos.com.br\/index.php\/wp-json\/wp\/v2\/media?parent=6046"}],"wp:term":[{"taxonomy":"category","embeddable":true,"href":"https:\/\/salmosbiblicos.com.br\/index.php\/wp-json\/wp\/v2\/categories?post=6046"},{"taxonomy":"post_tag","embeddable":true,"href":"https:\/\/salmosbiblicos.com.br\/index.php\/wp-json\/wp\/v2\/tags?post=6046"}],"curies":[{"name":"wp","href":"https:\/\/api.w.org\/{rel}","templated":true}]}}