{"id":6078,"date":"2026-03-30T02:48:54","date_gmt":"2026-03-30T05:48:54","guid":{"rendered":"https:\/\/salmosbiblicos.com.br\/?p=6078"},"modified":"2026-03-30T02:48:54","modified_gmt":"2026-03-30T05:48:54","slug":"esperanca-em-tempos-dificeis-fortalecendo-a-alma-e-a-fe","status":"publish","type":"post","link":"https:\/\/salmosbiblicos.com.br\/index.php\/2026\/03\/30\/esperanca-em-tempos-dificeis-fortalecendo-a-alma-e-a-fe\/","title":{"rendered":"Esperan\u00e7a em Tempos Dif\u00edceis: Fortalecendo a Alma e a F\u00e9"},"content":{"rendered":"<p>## A For\u00e7a da Esperan\u00e7a em Tempos de Prova\u00e7\u00e3o<\/p>\n<p>H\u00e1 momentos em nossas vidas em que a jornada se torna \u00edngreme, o fardo pesado. Sentimos o peso das dificuldades e nos perguntamos se a luz ainda brilhar\u00e1. \u00c9 nesses instantes que a alma anseia por um farol, uma palavra que nos sustente e nos guie.<\/p>\n<p>### Preparando a Alma para a Jornada<\/p>\n<p>A f\u00e9 nos ensina que a vida, mesmo para aqueles que se dedicam ao caminho do bem, n\u00e3o est\u00e1 isenta de desafios. **N\u00e3o se iluda com a ideia de que a prova\u00e7\u00e3o \u00e9 sinal de desgra\u00e7a.** Pelo contr\u00e1rio, \u00e9 na forja das dificuldades que a nossa f\u00e9 se fortalece. A palavra nos convida: &#8220;Prepara a atual a alma para a prova\u00e7\u00e3o.&#8221;<\/p>\n<p>Assim como o oleiro molda o barro com suas m\u00e3os, a prova\u00e7\u00e3o refina o nosso car\u00e1ter, lapida a nossa alma, nos tornando mais semelhantes \u00e0 imagem do Divino.<\/p>\n<p>### Mantenha o Cora\u00e7\u00e3o Firme<\/p>\n<p>Quando a tempestade se abate sobre n\u00f3s, \u00e9 f\u00e1cil se sentir abalado, perdido. Mas a f\u00e9 nos encoraja a manter o cora\u00e7\u00e3o firme, constante. N\u00e3o interrompa a ora\u00e7\u00e3o, n\u00e3o abandone o trabalho, n\u00e3o desista de seus prop\u00f3sitos.<\/p>\n<p>**A perseveran\u00e7a \u00e9 a chave para superar os obst\u00e1culos.** \u00c9 a firmeza que nos permite navegar pelas \u00e1guas turbulentas, com a esperan\u00e7a de alcan\u00e7ar a bonan\u00e7a.<\/p>\n<p>### Discernimento na Adversidade<\/p>\n<p>Em tempos de prova\u00e7\u00e3o, somos bombardeados por conselhos, opini\u00f5es. \u00c9 crucial, ent\u00e3o, inclinar os ouvidos \u00e0 sabedoria, buscar orienta\u00e7\u00e3o em fontes confi\u00e1veis, que nos apontem o caminho da verdade e da luz.<\/p>\n<p>Cuidado com as vozes que teimam em minar a sua f\u00e9, que oferecem solu\u00e7\u00f5es f\u00e1ceis e promessas vazias. A verdadeira sabedoria se encontra na humildade, na ora\u00e7\u00e3o, na escuta atenta da Palavra.<\/p>\n<p>### Paci\u00eancia e Esperan\u00e7a no Tempo de Deus<\/p>\n<p>A espera pode ser dolorosa, a demora angustiante. Mas a f\u00e9 nos ensina a suportar as demoras de Deus, a confiar em Seu tempo, que \u00e9 perfeito, mesmo quando n\u00e3o compreendemos.<\/p>\n<p>**Lembre-se: para Deus, tudo tem seu tempo, tudo tem sua hora.** A recompensa vir\u00e1, no momento certo, da maneira que Ele determinar.<\/p>\n<p>### A Prova Refina<\/p>\n<p>Assim como o fogo refina o ouro, a prova\u00e7\u00e3o purifica a alma. \u00c9 no cadinho da humilha\u00e7\u00e3o que o car\u00e1ter \u00e9 forjado, que a verdadeira ess\u00eancia do ser se manifesta. Aquele que permanece fiel, mesmo em meio \u00e0s tribula\u00e7\u00f5es, \u00e9 agrad\u00e1vel aos olhos do Senhor.<\/p>\n<p>**A fidelidade em Deus \u00e9 a maior demonstra\u00e7\u00e3o de amor e confian\u00e7a.**<\/p>\n<p>### Confian\u00e7a e Gratid\u00e3o<\/p>\n<p>Abrace o que vier, aceite as dificuldades com serenidade, com a certeza de que Deus est\u00e1 ao seu lado, cuidando de voc\u00ea. Mantenha a f\u00e9, persevere na esperan\u00e7a, seja paciente.<\/p>\n<p>Alegria, miseric\u00f3rdia e a luz do Divino iluminar\u00e3o o seu caminho.<\/p>\n<p>Seja um exemplo para as futuras gera\u00e7\u00f5es, um testemunho da for\u00e7a da f\u00e9, da perseveran\u00e7a na esperan\u00e7a.<\/p>\n<p>**Aquele que confiou no Senhor jamais foi desapontado.**<\/p>\n","protected":false},"excerpt":{"rendered":"<p>## A For\u00e7a da Esperan\u00e7a em Tempos de Prova\u00e7\u00e3o H\u00e1 momentos em nossas vidas em que a jornada se torna \u00edngreme, o fardo pesado. Sentimos o peso das dificuldades e nos perguntamos se a luz ainda brilhar\u00e1. \u00c9 nesses instantes que a alma anseia por um farol, uma palavra que nos sustente e nos guie. [&hellip;]<\/p>\n","protected":false},"author":1,"featured_media":0,"comment_status":"closed","ping_status":"open","sticky":false,"template":"","format":"standard","meta":{"footnotes":""},"categories":[14],"tags":[],"class_list":["post-6078","post","type-post","status-publish","format-standard","hentry","category-reflexao"],"yoast_head":"<!-- This site is optimized with the Yoast SEO plugin v27.2 - https:\/\/yoast.com\/product\/yoast-seo-wordpress\/ -->\n<title>Esperan\u00e7a em Tempos Dif\u00edceis: Fortalecendo a Alma e a F\u00e9 - Salmos B\u00edblicos<\/title>\n<meta name=\"robots\" content=\"index, follow, max-snippet:-1, max-image-preview:large, max-video-preview:-1\" \/>\n<link rel=\"canonical\" href=\"https:\/\/salmosbiblicos.com.br\/index.php\/2026\/03\/30\/esperanca-em-tempos-dificeis-fortalecendo-a-alma-e-a-fe\/\" \/>\n<meta property=\"og:locale\" content=\"pt_BR\" \/>\n<meta property=\"og:type\" content=\"article\" \/>\n<meta property=\"og:title\" content=\"Esperan\u00e7a em Tempos Dif\u00edceis: Fortalecendo a Alma e a F\u00e9 - Salmos B\u00edblicos\" \/>\n<meta property=\"og:description\" content=\"## A For\u00e7a da Esperan\u00e7a em Tempos de Prova\u00e7\u00e3o H\u00e1 momentos em nossas vidas em que a jornada se torna \u00edngreme, o fardo pesado. Sentimos o peso das dificuldades e nos perguntamos se a luz ainda brilhar\u00e1. \u00c9 nesses instantes que a alma anseia por um farol, uma palavra que nos sustente e nos guie. [&hellip;]\" \/>\n<meta property=\"og:url\" content=\"https:\/\/salmosbiblicos.com.br\/index.php\/2026\/03\/30\/esperanca-em-tempos-dificeis-fortalecendo-a-alma-e-a-fe\/\" \/>\n<meta property=\"og:site_name\" content=\"Salmos B\u00edblicos\" \/>\n<meta property=\"article:published_time\" content=\"2026-03-30T05:48:54+00:00\" \/>\n<meta name=\"author\" content=\"alextreh@gmail.com\" \/>\n<meta name=\"twitter:card\" content=\"summary_large_image\" \/>\n<meta name=\"twitter:label1\" content=\"Escrito por\" \/>\n\t<meta name=\"twitter:data1\" content=\"alextreh@gmail.com\" \/>\n\t<meta name=\"twitter:label2\" content=\"Est. tempo de leitura\" \/>\n\t<meta name=\"twitter:data2\" content=\"3 minutos\" \/>\n<script type=\"application\/ld+json\" class=\"yoast-schema-graph\">{\"@context\":\"https:\/\/schema.org\",\"@graph\":[{\"@type\":\"Article\",\"@id\":\"https:\/\/salmosbiblicos.com.br\/index.php\/2026\/03\/30\/esperanca-em-tempos-dificeis-fortalecendo-a-alma-e-a-fe\/#article\",\"isPartOf\":{\"@id\":\"https:\/\/salmosbiblicos.com.br\/index.php\/2026\/03\/30\/esperanca-em-tempos-dificeis-fortalecendo-a-alma-e-a-fe\/\"},\"author\":{\"name\":\"alextreh@gmail.com\",\"@id\":\"https:\/\/salmosbiblicos.com.br\/#\/schema\/person\/30586d0fb3f3a46b78a3414fc39cc975\"},\"headline\":\"Esperan\u00e7a em Tempos Dif\u00edceis: Fortalecendo a Alma e a F\u00e9\",\"datePublished\":\"2026-03-30T05:48:54+00:00\",\"mainEntityOfPage\":{\"@id\":\"https:\/\/salmosbiblicos.com.br\/index.php\/2026\/03\/30\/esperanca-em-tempos-dificeis-fortalecendo-a-alma-e-a-fe\/\"},\"wordCount\":524,\"articleSection\":[\"Reflex\u00e3o\"],\"inLanguage\":\"pt-BR\"},{\"@type\":\"WebPage\",\"@id\":\"https:\/\/salmosbiblicos.com.br\/index.php\/2026\/03\/30\/esperanca-em-tempos-dificeis-fortalecendo-a-alma-e-a-fe\/\",\"url\":\"https:\/\/salmosbiblicos.com.br\/index.php\/2026\/03\/30\/esperanca-em-tempos-dificeis-fortalecendo-a-alma-e-a-fe\/\",\"name\":\"Esperan\u00e7a em Tempos Dif\u00edceis: Fortalecendo a Alma e a F\u00e9 - Salmos B\u00edblicos\",\"isPartOf\":{\"@id\":\"https:\/\/salmosbiblicos.com.br\/#website\"},\"datePublished\":\"2026-03-30T05:48:54+00:00\",\"author\":{\"@id\":\"https:\/\/salmosbiblicos.com.br\/#\/schema\/person\/30586d0fb3f3a46b78a3414fc39cc975\"},\"breadcrumb\":{\"@id\":\"https:\/\/salmosbiblicos.com.br\/index.php\/2026\/03\/30\/esperanca-em-tempos-dificeis-fortalecendo-a-alma-e-a-fe\/#breadcrumb\"},\"inLanguage\":\"pt-BR\",\"potentialAction\":[{\"@type\":\"ReadAction\",\"target\":[\"https:\/\/salmosbiblicos.com.br\/index.php\/2026\/03\/30\/esperanca-em-tempos-dificeis-fortalecendo-a-alma-e-a-fe\/\"]}]},{\"@type\":\"BreadcrumbList\",\"@id\":\"https:\/\/salmosbiblicos.com.br\/index.php\/2026\/03\/30\/esperanca-em-tempos-dificeis-fortalecendo-a-alma-e-a-fe\/#breadcrumb\",\"itemListElement\":[{\"@type\":\"ListItem\",\"position\":1,\"name\":\"Home\",\"item\":\"https:\/\/salmosbiblicos.com.br\/\"},{\"@type\":\"ListItem\",\"position\":2,\"name\":\"Esperan\u00e7a em Tempos Dif\u00edceis: Fortalecendo a Alma e a F\u00e9\"}]},{\"@type\":\"WebSite\",\"@id\":\"https:\/\/salmosbiblicos.com.br\/#website\",\"url\":\"https:\/\/salmosbiblicos.com.br\/\",\"name\":\"Salmos B\u00edblicos\",\"description\":\"Uma e-Livraria com e-Books novos para voc\u00ea refletir.\",\"potentialAction\":[{\"@type\":\"SearchAction\",\"target\":{\"@type\":\"EntryPoint\",\"urlTemplate\":\"https:\/\/salmosbiblicos.com.br\/?s={search_term_string}\"},\"query-input\":{\"@type\":\"PropertyValueSpecification\",\"valueRequired\":true,\"valueName\":\"search_term_string\"}}],\"inLanguage\":\"pt-BR\"},{\"@type\":\"Person\",\"@id\":\"https:\/\/salmosbiblicos.com.br\/#\/schema\/person\/30586d0fb3f3a46b78a3414fc39cc975\",\"name\":\"alextreh@gmail.com\",\"image\":{\"@type\":\"ImageObject\",\"inLanguage\":\"pt-BR\",\"@id\":\"https:\/\/secure.gravatar.com\/avatar\/7cf84d31f581ec97b887c1039d478a7c293086896c84951a86753fb2c2af7527?s=96&d=mm&r=g\",\"url\":\"https:\/\/secure.gravatar.com\/avatar\/7cf84d31f581ec97b887c1039d478a7c293086896c84951a86753fb2c2af7527?s=96&d=mm&r=g\",\"contentUrl\":\"https:\/\/secure.gravatar.com\/avatar\/7cf84d31f581ec97b887c1039d478a7c293086896c84951a86753fb2c2af7527?s=96&d=mm&r=g\",\"caption\":\"alextreh@gmail.com\"},\"sameAs\":[\"http:\/\/salmosbiblicos.com.br\"],\"url\":\"https:\/\/salmosbiblicos.com.br\/index.php\/author\/alextrehgmail-com\/\"}]}<\/script>\n<!-- \/ Yoast SEO plugin. -->","yoast_head_json":{"title":"Esperan\u00e7a em Tempos Dif\u00edceis: Fortalecendo a Alma e a F\u00e9 - Salmos B\u00edblicos","robots":{"index":"index","follow":"follow","max-snippet":"max-snippet:-1","max-image-preview":"max-image-preview:large","max-video-preview":"max-video-preview:-1"},"canonical":"https:\/\/salmosbiblicos.com.br\/index.php\/2026\/03\/30\/esperanca-em-tempos-dificeis-fortalecendo-a-alma-e-a-fe\/","og_locale":"pt_BR","og_type":"article","og_title":"Esperan\u00e7a em Tempos Dif\u00edceis: Fortalecendo a Alma e a F\u00e9 - Salmos B\u00edblicos","og_description":"## A For\u00e7a da Esperan\u00e7a em Tempos de Prova\u00e7\u00e3o H\u00e1 momentos em nossas vidas em que a jornada se torna \u00edngreme, o fardo pesado. Sentimos o peso das dificuldades e nos perguntamos se a luz ainda brilhar\u00e1. \u00c9 nesses instantes que a alma anseia por um farol, uma palavra que nos sustente e nos guie. [&hellip;]","og_url":"https:\/\/salmosbiblicos.com.br\/index.php\/2026\/03\/30\/esperanca-em-tempos-dificeis-fortalecendo-a-alma-e-a-fe\/","og_site_name":"Salmos B\u00edblicos","article_published_time":"2026-03-30T05:48:54+00:00","author":"alextreh@gmail.com","twitter_card":"summary_large_image","twitter_misc":{"Escrito por":"alextreh@gmail.com","Est. tempo de leitura":"3 minutos"},"schema":{"@context":"https:\/\/schema.org","@graph":[{"@type":"Article","@id":"https:\/\/salmosbiblicos.com.br\/index.php\/2026\/03\/30\/esperanca-em-tempos-dificeis-fortalecendo-a-alma-e-a-fe\/#article","isPartOf":{"@id":"https:\/\/salmosbiblicos.com.br\/index.php\/2026\/03\/30\/esperanca-em-tempos-dificeis-fortalecendo-a-alma-e-a-fe\/"},"author":{"name":"alextreh@gmail.com","@id":"https:\/\/salmosbiblicos.com.br\/#\/schema\/person\/30586d0fb3f3a46b78a3414fc39cc975"},"headline":"Esperan\u00e7a em Tempos Dif\u00edceis: Fortalecendo a Alma e a F\u00e9","datePublished":"2026-03-30T05:48:54+00:00","mainEntityOfPage":{"@id":"https:\/\/salmosbiblicos.com.br\/index.php\/2026\/03\/30\/esperanca-em-tempos-dificeis-fortalecendo-a-alma-e-a-fe\/"},"wordCount":524,"articleSection":["Reflex\u00e3o"],"inLanguage":"pt-BR"},{"@type":"WebPage","@id":"https:\/\/salmosbiblicos.com.br\/index.php\/2026\/03\/30\/esperanca-em-tempos-dificeis-fortalecendo-a-alma-e-a-fe\/","url":"https:\/\/salmosbiblicos.com.br\/index.php\/2026\/03\/30\/esperanca-em-tempos-dificeis-fortalecendo-a-alma-e-a-fe\/","name":"Esperan\u00e7a em Tempos Dif\u00edceis: Fortalecendo a Alma e a F\u00e9 - Salmos B\u00edblicos","isPartOf":{"@id":"https:\/\/salmosbiblicos.com.br\/#website"},"datePublished":"2026-03-30T05:48:54+00:00","author":{"@id":"https:\/\/salmosbiblicos.com.br\/#\/schema\/person\/30586d0fb3f3a46b78a3414fc39cc975"},"breadcrumb":{"@id":"https:\/\/salmosbiblicos.com.br\/index.php\/2026\/03\/30\/esperanca-em-tempos-dificeis-fortalecendo-a-alma-e-a-fe\/#breadcrumb"},"inLanguage":"pt-BR","potentialAction":[{"@type":"ReadAction","target":["https:\/\/salmosbiblicos.com.br\/index.php\/2026\/03\/30\/esperanca-em-tempos-dificeis-fortalecendo-a-alma-e-a-fe\/"]}]},{"@type":"BreadcrumbList","@id":"https:\/\/salmosbiblicos.com.br\/index.php\/2026\/03\/30\/esperanca-em-tempos-dificeis-fortalecendo-a-alma-e-a-fe\/#breadcrumb","itemListElement":[{"@type":"ListItem","position":1,"name":"Home","item":"https:\/\/salmosbiblicos.com.br\/"},{"@type":"ListItem","position":2,"name":"Esperan\u00e7a em Tempos Dif\u00edceis: Fortalecendo a Alma e a F\u00e9"}]},{"@type":"WebSite","@id":"https:\/\/salmosbiblicos.com.br\/#website","url":"https:\/\/salmosbiblicos.com.br\/","name":"Salmos B\u00edblicos","description":"Uma e-Livraria com e-Books novos para voc\u00ea refletir.","potentialAction":[{"@type":"SearchAction","target":{"@type":"EntryPoint","urlTemplate":"https:\/\/salmosbiblicos.com.br\/?s={search_term_string}"},"query-input":{"@type":"PropertyValueSpecification","valueRequired":true,"valueName":"search_term_string"}}],"inLanguage":"pt-BR"},{"@type":"Person","@id":"https:\/\/salmosbiblicos.com.br\/#\/schema\/person\/30586d0fb3f3a46b78a3414fc39cc975","name":"alextreh@gmail.com","image":{"@type":"ImageObject","inLanguage":"pt-BR","@id":"https:\/\/secure.gravatar.com\/avatar\/7cf84d31f581ec97b887c1039d478a7c293086896c84951a86753fb2c2af7527?s=96&d=mm&r=g","url":"https:\/\/secure.gravatar.com\/avatar\/7cf84d31f581ec97b887c1039d478a7c293086896c84951a86753fb2c2af7527?s=96&d=mm&r=g","contentUrl":"https:\/\/secure.gravatar.com\/avatar\/7cf84d31f581ec97b887c1039d478a7c293086896c84951a86753fb2c2af7527?s=96&d=mm&r=g","caption":"alextreh@gmail.com"},"sameAs":["http:\/\/salmosbiblicos.com.br"],"url":"https:\/\/salmosbiblicos.com.br\/index.php\/author\/alextrehgmail-com\/"}]}},"_links":{"self":[{"href":"https:\/\/salmosbiblicos.com.br\/index.php\/wp-json\/wp\/v2\/posts\/6078","targetHints":{"allow":["GET"]}}],"collection":[{"href":"https:\/\/salmosbiblicos.com.br\/index.php\/wp-json\/wp\/v2\/posts"}],"about":[{"href":"https:\/\/salmosbiblicos.com.br\/index.php\/wp-json\/wp\/v2\/types\/post"}],"author":[{"embeddable":true,"href":"https:\/\/salmosbiblicos.com.br\/index.php\/wp-json\/wp\/v2\/users\/1"}],"replies":[{"embeddable":true,"href":"https:\/\/salmosbiblicos.com.br\/index.php\/wp-json\/wp\/v2\/comments?post=6078"}],"version-history":[{"count":1,"href":"https:\/\/salmosbiblicos.com.br\/index.php\/wp-json\/wp\/v2\/posts\/6078\/revisions"}],"predecessor-version":[{"id":6079,"href":"https:\/\/salmosbiblicos.com.br\/index.php\/wp-json\/wp\/v2\/posts\/6078\/revisions\/6079"}],"wp:attachment":[{"href":"https:\/\/salmosbiblicos.com.br\/index.php\/wp-json\/wp\/v2\/media?parent=6078"}],"wp:term":[{"taxonomy":"category","embeddable":true,"href":"https:\/\/salmosbiblicos.com.br\/index.php\/wp-json\/wp\/v2\/categories?post=6078"},{"taxonomy":"post_tag","embeddable":true,"href":"https:\/\/salmosbiblicos.com.br\/index.php\/wp-json\/wp\/v2\/tags?post=6078"}],"curies":[{"name":"wp","href":"https:\/\/api.w.org\/{rel}","templated":true}]}}