{"id":6104,"date":"2026-03-30T05:49:08","date_gmt":"2026-03-30T08:49:08","guid":{"rendered":"https:\/\/salmosbiblicos.com.br\/?p=6104"},"modified":"2026-03-30T05:49:08","modified_gmt":"2026-03-30T08:49:08","slug":"fe-e-batismo-o-caminho-da-salvacao-atraves-da-graca","status":"publish","type":"post","link":"https:\/\/salmosbiblicos.com.br\/index.php\/2026\/03\/30\/fe-e-batismo-o-caminho-da-salvacao-atraves-da-graca\/","title":{"rendered":"F\u00e9 e Batismo: O Caminho da Salva\u00e7\u00e3o Atrav\u00e9s da Gra\u00e7a"},"content":{"rendered":"<p>## O Caminho da Salva\u00e7\u00e3o: F\u00e9, Batismo e a Gra\u00e7a Divina<\/p>\n<p>A reflex\u00e3o que nos ocupa hoje \u00e9 fundamental para a nossa jornada. A Palavra nos revela a dualidade da exist\u00eancia: a salva\u00e7\u00e3o e a condena\u00e7\u00e3o, caminhos distintos que se abrem diante de cada um de n\u00f3s. \u00c9 um convite \u00e0 reflex\u00e3o profunda sobre a nossa f\u00e9 e o nosso destino.<\/p>\n<p>### A Promessa de Salva\u00e7\u00e3o<\/p>\n<p>A Escritura \u00e9 clara: **&#8221;Quem crer e for batizado ser\u00e1 salvo. Quem n\u00e3o crer ser\u00e1 condenado.&#8221;** (Marcos 16:16). N\u00e3o se trata de uma mera formalidade, mas de um compromisso profundo com a nossa f\u00e9. O batismo \u00e9 o selo vis\u00edvel dessa alian\u00e7a, a marca que nos identifica como seguidores do caminho.<\/p>\n<p>Deus, em seu imenso amor, enviou seu filho \u00fanico, Jesus, para nos libertar da condena\u00e7\u00e3o. Como se expressa em Jo\u00e3o 3:16, **&#8221;Deus amou o mundo, de modo que deu seu Filho \u00fanico, para que todo aquele que nele cr\u00ea n\u00e3o pere\u00e7a, mas tenha a vida eterna.&#8221;** Jesus n\u00e3o veio para nos condenar, mas para nos oferecer a salva\u00e7\u00e3o, um presente precioso que nos liberta do pecado.<\/p>\n<p>### O Novo Nascimento em Cristo<\/p>\n<p>Jesus nos ensina que, para entrar no Reino dos C\u00e9us, \u00e9 necess\u00e1rio um novo nascimento, um renascimento. Nicodemos, em sua busca por compreens\u00e3o, questiona como isso seria poss\u00edvel. Jesus responde, revelando a ess\u00eancia desse renascimento: **&#8221;Em verdade, em verdade, te digo, quem n\u00e3o nascer da \u00e1gua e do Esp\u00edrito n\u00e3o poder\u00e1 entrar no reino de Deus.&#8221;** (Jo\u00e3o 3:5). Esse renascimento da \u00e1gua e do Esp\u00edrito \u00e9, inequivocamente, o batismo.<\/p>\n<p>O batismo \u00e9 a imers\u00e3o na \u00e1gua que simboliza a nossa morte para o pecado e a ressurrei\u00e7\u00e3o com Cristo. \u00c9 a morte do nosso antigo eu, do ego\u00edsmo e das paix\u00f5es mundanas, para nascermos como novas criaturas em Jesus. Uma passagem do texto explica a import\u00e2ncia do batismo para a alma: &#8220;Essa \u00e1gua prefigurava o batismo de agora que voc\u00ea salva&#8230;para limpar a alma, para limpar a consci\u00eancia.&#8221;<\/p>\n<p>### A Import\u00e2ncia da F\u00e9 e da Entrega<\/p>\n<p>N\u00e3o basta receber o batismo; \u00e9 necess\u00e1rio viv\u00ea-lo. \u00c9 necess\u00e1rio abra\u00e7ar os ensinamentos de Cristo, a praticar a justi\u00e7a, a exercitar a compaix\u00e3o. \u00c9 preciso, em suma, entregar a vida a Jesus.<\/p>\n<p>A Escritura nos alerta: **&#8221;Quem n\u00e3o crer em mim j\u00e1 est\u00e1 condenado.&#8221;** (Jo\u00e3o 3:18). A salva\u00e7\u00e3o n\u00e3o \u00e9 autom\u00e1tica, mas depende da nossa f\u00e9 e da nossa aceita\u00e7\u00e3o da gra\u00e7a divina. A escolha \u00e9 nossa: podemos permanecer presos ao pecado e \u00e0 condena\u00e7\u00e3o, ou podemos abrir o cora\u00e7\u00e3o a Jesus e encontrar a vida eterna.<\/p>\n<p>### Um Convite \u00e0 Reflex\u00e3o<\/p>\n<p>Que a Palavra ressoe em nossos cora\u00e7\u00f5es, impulsionando-nos a uma reflex\u00e3o sincera sobre o nosso caminho. Que busquemos a Deus com fervor, que nos entreguemos \u00e0 Sua gra\u00e7a e que proclamemos a Sua Palavra com alegria.<\/p>\n<p>Que possamos, com convic\u00e7\u00e3o e esperan\u00e7a, declarar: **&#8221;Eu n\u00e3o quero morrer no pecado, eu quero crer em Jesus.&#8221;**<\/p>\n<p>Que a paz e a gra\u00e7a de Deus estejam conosco a todos.<\/p>\n","protected":false},"excerpt":{"rendered":"<p>## O Caminho da Salva\u00e7\u00e3o: F\u00e9, Batismo e a Gra\u00e7a Divina A reflex\u00e3o que nos ocupa hoje \u00e9 fundamental para a nossa jornada. A Palavra nos revela a dualidade da exist\u00eancia: a salva\u00e7\u00e3o e a condena\u00e7\u00e3o, caminhos distintos que se abrem diante de cada um de n\u00f3s. \u00c9 um convite \u00e0 reflex\u00e3o profunda sobre a [&hellip;]<\/p>\n","protected":false},"author":1,"featured_media":0,"comment_status":"closed","ping_status":"open","sticky":false,"template":"","format":"standard","meta":{"footnotes":""},"categories":[14],"tags":[],"class_list":["post-6104","post","type-post","status-publish","format-standard","hentry","category-reflexao"],"yoast_head":"<!-- This site is optimized with the Yoast SEO plugin v27.2 - https:\/\/yoast.com\/product\/yoast-seo-wordpress\/ -->\n<title>F\u00e9 e Batismo: O Caminho da Salva\u00e7\u00e3o Atrav\u00e9s da Gra\u00e7a - Salmos B\u00edblicos<\/title>\n<meta name=\"robots\" content=\"index, follow, max-snippet:-1, max-image-preview:large, max-video-preview:-1\" \/>\n<link rel=\"canonical\" href=\"https:\/\/salmosbiblicos.com.br\/index.php\/2026\/03\/30\/fe-e-batismo-o-caminho-da-salvacao-atraves-da-graca\/\" \/>\n<meta property=\"og:locale\" content=\"pt_BR\" \/>\n<meta property=\"og:type\" content=\"article\" \/>\n<meta property=\"og:title\" content=\"F\u00e9 e Batismo: O Caminho da Salva\u00e7\u00e3o Atrav\u00e9s da Gra\u00e7a - Salmos B\u00edblicos\" \/>\n<meta property=\"og:description\" content=\"## O Caminho da Salva\u00e7\u00e3o: F\u00e9, Batismo e a Gra\u00e7a Divina A reflex\u00e3o que nos ocupa hoje \u00e9 fundamental para a nossa jornada. A Palavra nos revela a dualidade da exist\u00eancia: a salva\u00e7\u00e3o e a condena\u00e7\u00e3o, caminhos distintos que se abrem diante de cada um de n\u00f3s. \u00c9 um convite \u00e0 reflex\u00e3o profunda sobre a [&hellip;]\" \/>\n<meta property=\"og:url\" content=\"https:\/\/salmosbiblicos.com.br\/index.php\/2026\/03\/30\/fe-e-batismo-o-caminho-da-salvacao-atraves-da-graca\/\" \/>\n<meta property=\"og:site_name\" content=\"Salmos B\u00edblicos\" \/>\n<meta property=\"article:published_time\" content=\"2026-03-30T08:49:08+00:00\" \/>\n<meta name=\"author\" content=\"alextreh@gmail.com\" \/>\n<meta name=\"twitter:card\" content=\"summary_large_image\" \/>\n<meta name=\"twitter:label1\" content=\"Escrito por\" \/>\n\t<meta name=\"twitter:data1\" content=\"alextreh@gmail.com\" \/>\n\t<meta name=\"twitter:label2\" content=\"Est. tempo de leitura\" \/>\n\t<meta name=\"twitter:data2\" content=\"3 minutos\" \/>\n<script type=\"application\/ld+json\" class=\"yoast-schema-graph\">{\"@context\":\"https:\/\/schema.org\",\"@graph\":[{\"@type\":\"Article\",\"@id\":\"https:\/\/salmosbiblicos.com.br\/index.php\/2026\/03\/30\/fe-e-batismo-o-caminho-da-salvacao-atraves-da-graca\/#article\",\"isPartOf\":{\"@id\":\"https:\/\/salmosbiblicos.com.br\/index.php\/2026\/03\/30\/fe-e-batismo-o-caminho-da-salvacao-atraves-da-graca\/\"},\"author\":{\"name\":\"alextreh@gmail.com\",\"@id\":\"https:\/\/salmosbiblicos.com.br\/#\/schema\/person\/30586d0fb3f3a46b78a3414fc39cc975\"},\"headline\":\"F\u00e9 e Batismo: O Caminho da Salva\u00e7\u00e3o Atrav\u00e9s da Gra\u00e7a\",\"datePublished\":\"2026-03-30T08:49:08+00:00\",\"mainEntityOfPage\":{\"@id\":\"https:\/\/salmosbiblicos.com.br\/index.php\/2026\/03\/30\/fe-e-batismo-o-caminho-da-salvacao-atraves-da-graca\/\"},\"wordCount\":541,\"articleSection\":[\"Reflex\u00e3o\"],\"inLanguage\":\"pt-BR\"},{\"@type\":\"WebPage\",\"@id\":\"https:\/\/salmosbiblicos.com.br\/index.php\/2026\/03\/30\/fe-e-batismo-o-caminho-da-salvacao-atraves-da-graca\/\",\"url\":\"https:\/\/salmosbiblicos.com.br\/index.php\/2026\/03\/30\/fe-e-batismo-o-caminho-da-salvacao-atraves-da-graca\/\",\"name\":\"F\u00e9 e Batismo: O Caminho da Salva\u00e7\u00e3o Atrav\u00e9s da Gra\u00e7a - Salmos B\u00edblicos\",\"isPartOf\":{\"@id\":\"https:\/\/salmosbiblicos.com.br\/#website\"},\"datePublished\":\"2026-03-30T08:49:08+00:00\",\"author\":{\"@id\":\"https:\/\/salmosbiblicos.com.br\/#\/schema\/person\/30586d0fb3f3a46b78a3414fc39cc975\"},\"breadcrumb\":{\"@id\":\"https:\/\/salmosbiblicos.com.br\/index.php\/2026\/03\/30\/fe-e-batismo-o-caminho-da-salvacao-atraves-da-graca\/#breadcrumb\"},\"inLanguage\":\"pt-BR\",\"potentialAction\":[{\"@type\":\"ReadAction\",\"target\":[\"https:\/\/salmosbiblicos.com.br\/index.php\/2026\/03\/30\/fe-e-batismo-o-caminho-da-salvacao-atraves-da-graca\/\"]}]},{\"@type\":\"BreadcrumbList\",\"@id\":\"https:\/\/salmosbiblicos.com.br\/index.php\/2026\/03\/30\/fe-e-batismo-o-caminho-da-salvacao-atraves-da-graca\/#breadcrumb\",\"itemListElement\":[{\"@type\":\"ListItem\",\"position\":1,\"name\":\"Home\",\"item\":\"https:\/\/salmosbiblicos.com.br\/\"},{\"@type\":\"ListItem\",\"position\":2,\"name\":\"F\u00e9 e Batismo: O Caminho da Salva\u00e7\u00e3o Atrav\u00e9s da Gra\u00e7a\"}]},{\"@type\":\"WebSite\",\"@id\":\"https:\/\/salmosbiblicos.com.br\/#website\",\"url\":\"https:\/\/salmosbiblicos.com.br\/\",\"name\":\"Salmos B\u00edblicos\",\"description\":\"Uma e-Livraria com e-Books novos para voc\u00ea refletir.\",\"potentialAction\":[{\"@type\":\"SearchAction\",\"target\":{\"@type\":\"EntryPoint\",\"urlTemplate\":\"https:\/\/salmosbiblicos.com.br\/?s={search_term_string}\"},\"query-input\":{\"@type\":\"PropertyValueSpecification\",\"valueRequired\":true,\"valueName\":\"search_term_string\"}}],\"inLanguage\":\"pt-BR\"},{\"@type\":\"Person\",\"@id\":\"https:\/\/salmosbiblicos.com.br\/#\/schema\/person\/30586d0fb3f3a46b78a3414fc39cc975\",\"name\":\"alextreh@gmail.com\",\"image\":{\"@type\":\"ImageObject\",\"inLanguage\":\"pt-BR\",\"@id\":\"https:\/\/secure.gravatar.com\/avatar\/7cf84d31f581ec97b887c1039d478a7c293086896c84951a86753fb2c2af7527?s=96&d=mm&r=g\",\"url\":\"https:\/\/secure.gravatar.com\/avatar\/7cf84d31f581ec97b887c1039d478a7c293086896c84951a86753fb2c2af7527?s=96&d=mm&r=g\",\"contentUrl\":\"https:\/\/secure.gravatar.com\/avatar\/7cf84d31f581ec97b887c1039d478a7c293086896c84951a86753fb2c2af7527?s=96&d=mm&r=g\",\"caption\":\"alextreh@gmail.com\"},\"sameAs\":[\"http:\/\/salmosbiblicos.com.br\"],\"url\":\"https:\/\/salmosbiblicos.com.br\/index.php\/author\/alextrehgmail-com\/\"}]}<\/script>\n<!-- \/ Yoast SEO plugin. -->","yoast_head_json":{"title":"F\u00e9 e Batismo: O Caminho da Salva\u00e7\u00e3o Atrav\u00e9s da Gra\u00e7a - Salmos B\u00edblicos","robots":{"index":"index","follow":"follow","max-snippet":"max-snippet:-1","max-image-preview":"max-image-preview:large","max-video-preview":"max-video-preview:-1"},"canonical":"https:\/\/salmosbiblicos.com.br\/index.php\/2026\/03\/30\/fe-e-batismo-o-caminho-da-salvacao-atraves-da-graca\/","og_locale":"pt_BR","og_type":"article","og_title":"F\u00e9 e Batismo: O Caminho da Salva\u00e7\u00e3o Atrav\u00e9s da Gra\u00e7a - Salmos B\u00edblicos","og_description":"## O Caminho da Salva\u00e7\u00e3o: F\u00e9, Batismo e a Gra\u00e7a Divina A reflex\u00e3o que nos ocupa hoje \u00e9 fundamental para a nossa jornada. A Palavra nos revela a dualidade da exist\u00eancia: a salva\u00e7\u00e3o e a condena\u00e7\u00e3o, caminhos distintos que se abrem diante de cada um de n\u00f3s. \u00c9 um convite \u00e0 reflex\u00e3o profunda sobre a [&hellip;]","og_url":"https:\/\/salmosbiblicos.com.br\/index.php\/2026\/03\/30\/fe-e-batismo-o-caminho-da-salvacao-atraves-da-graca\/","og_site_name":"Salmos B\u00edblicos","article_published_time":"2026-03-30T08:49:08+00:00","author":"alextreh@gmail.com","twitter_card":"summary_large_image","twitter_misc":{"Escrito por":"alextreh@gmail.com","Est. tempo de leitura":"3 minutos"},"schema":{"@context":"https:\/\/schema.org","@graph":[{"@type":"Article","@id":"https:\/\/salmosbiblicos.com.br\/index.php\/2026\/03\/30\/fe-e-batismo-o-caminho-da-salvacao-atraves-da-graca\/#article","isPartOf":{"@id":"https:\/\/salmosbiblicos.com.br\/index.php\/2026\/03\/30\/fe-e-batismo-o-caminho-da-salvacao-atraves-da-graca\/"},"author":{"name":"alextreh@gmail.com","@id":"https:\/\/salmosbiblicos.com.br\/#\/schema\/person\/30586d0fb3f3a46b78a3414fc39cc975"},"headline":"F\u00e9 e Batismo: O Caminho da Salva\u00e7\u00e3o Atrav\u00e9s da Gra\u00e7a","datePublished":"2026-03-30T08:49:08+00:00","mainEntityOfPage":{"@id":"https:\/\/salmosbiblicos.com.br\/index.php\/2026\/03\/30\/fe-e-batismo-o-caminho-da-salvacao-atraves-da-graca\/"},"wordCount":541,"articleSection":["Reflex\u00e3o"],"inLanguage":"pt-BR"},{"@type":"WebPage","@id":"https:\/\/salmosbiblicos.com.br\/index.php\/2026\/03\/30\/fe-e-batismo-o-caminho-da-salvacao-atraves-da-graca\/","url":"https:\/\/salmosbiblicos.com.br\/index.php\/2026\/03\/30\/fe-e-batismo-o-caminho-da-salvacao-atraves-da-graca\/","name":"F\u00e9 e Batismo: O Caminho da Salva\u00e7\u00e3o Atrav\u00e9s da Gra\u00e7a - Salmos B\u00edblicos","isPartOf":{"@id":"https:\/\/salmosbiblicos.com.br\/#website"},"datePublished":"2026-03-30T08:49:08+00:00","author":{"@id":"https:\/\/salmosbiblicos.com.br\/#\/schema\/person\/30586d0fb3f3a46b78a3414fc39cc975"},"breadcrumb":{"@id":"https:\/\/salmosbiblicos.com.br\/index.php\/2026\/03\/30\/fe-e-batismo-o-caminho-da-salvacao-atraves-da-graca\/#breadcrumb"},"inLanguage":"pt-BR","potentialAction":[{"@type":"ReadAction","target":["https:\/\/salmosbiblicos.com.br\/index.php\/2026\/03\/30\/fe-e-batismo-o-caminho-da-salvacao-atraves-da-graca\/"]}]},{"@type":"BreadcrumbList","@id":"https:\/\/salmosbiblicos.com.br\/index.php\/2026\/03\/30\/fe-e-batismo-o-caminho-da-salvacao-atraves-da-graca\/#breadcrumb","itemListElement":[{"@type":"ListItem","position":1,"name":"Home","item":"https:\/\/salmosbiblicos.com.br\/"},{"@type":"ListItem","position":2,"name":"F\u00e9 e Batismo: O Caminho da Salva\u00e7\u00e3o Atrav\u00e9s da Gra\u00e7a"}]},{"@type":"WebSite","@id":"https:\/\/salmosbiblicos.com.br\/#website","url":"https:\/\/salmosbiblicos.com.br\/","name":"Salmos B\u00edblicos","description":"Uma e-Livraria com e-Books novos para voc\u00ea refletir.","potentialAction":[{"@type":"SearchAction","target":{"@type":"EntryPoint","urlTemplate":"https:\/\/salmosbiblicos.com.br\/?s={search_term_string}"},"query-input":{"@type":"PropertyValueSpecification","valueRequired":true,"valueName":"search_term_string"}}],"inLanguage":"pt-BR"},{"@type":"Person","@id":"https:\/\/salmosbiblicos.com.br\/#\/schema\/person\/30586d0fb3f3a46b78a3414fc39cc975","name":"alextreh@gmail.com","image":{"@type":"ImageObject","inLanguage":"pt-BR","@id":"https:\/\/secure.gravatar.com\/avatar\/7cf84d31f581ec97b887c1039d478a7c293086896c84951a86753fb2c2af7527?s=96&d=mm&r=g","url":"https:\/\/secure.gravatar.com\/avatar\/7cf84d31f581ec97b887c1039d478a7c293086896c84951a86753fb2c2af7527?s=96&d=mm&r=g","contentUrl":"https:\/\/secure.gravatar.com\/avatar\/7cf84d31f581ec97b887c1039d478a7c293086896c84951a86753fb2c2af7527?s=96&d=mm&r=g","caption":"alextreh@gmail.com"},"sameAs":["http:\/\/salmosbiblicos.com.br"],"url":"https:\/\/salmosbiblicos.com.br\/index.php\/author\/alextrehgmail-com\/"}]}},"_links":{"self":[{"href":"https:\/\/salmosbiblicos.com.br\/index.php\/wp-json\/wp\/v2\/posts\/6104","targetHints":{"allow":["GET"]}}],"collection":[{"href":"https:\/\/salmosbiblicos.com.br\/index.php\/wp-json\/wp\/v2\/posts"}],"about":[{"href":"https:\/\/salmosbiblicos.com.br\/index.php\/wp-json\/wp\/v2\/types\/post"}],"author":[{"embeddable":true,"href":"https:\/\/salmosbiblicos.com.br\/index.php\/wp-json\/wp\/v2\/users\/1"}],"replies":[{"embeddable":true,"href":"https:\/\/salmosbiblicos.com.br\/index.php\/wp-json\/wp\/v2\/comments?post=6104"}],"version-history":[{"count":1,"href":"https:\/\/salmosbiblicos.com.br\/index.php\/wp-json\/wp\/v2\/posts\/6104\/revisions"}],"predecessor-version":[{"id":6105,"href":"https:\/\/salmosbiblicos.com.br\/index.php\/wp-json\/wp\/v2\/posts\/6104\/revisions\/6105"}],"wp:attachment":[{"href":"https:\/\/salmosbiblicos.com.br\/index.php\/wp-json\/wp\/v2\/media?parent=6104"}],"wp:term":[{"taxonomy":"category","embeddable":true,"href":"https:\/\/salmosbiblicos.com.br\/index.php\/wp-json\/wp\/v2\/categories?post=6104"},{"taxonomy":"post_tag","embeddable":true,"href":"https:\/\/salmosbiblicos.com.br\/index.php\/wp-json\/wp\/v2\/tags?post=6104"}],"curies":[{"name":"wp","href":"https:\/\/api.w.org\/{rel}","templated":true}]}}