{"id":6124,"date":"2026-03-30T06:57:35","date_gmt":"2026-03-30T09:57:35","guid":{"rendered":"https:\/\/salmosbiblicos.com.br\/?p=6124"},"modified":"2026-03-30T06:57:35","modified_gmt":"2026-03-30T09:57:35","slug":"vitoria-em-cristo-reflexoes-sobre-esperanca-e-redencao","status":"publish","type":"post","link":"https:\/\/salmosbiblicos.com.br\/index.php\/2026\/03\/30\/vitoria-em-cristo-reflexoes-sobre-esperanca-e-redencao\/","title":{"rendered":"Vit\u00f3ria em Cristo: Reflex\u00f5es sobre Esperan\u00e7a e Reden\u00e7\u00e3o"},"content":{"rendered":"<p>## A Derrota da Escurid\u00e3o: Uma Reflex\u00e3o sobre a Vit\u00f3ria em Cristo<\/p>\n<p>Em nossos dias, \u00e9 f\u00e1cil sentir o peso da exist\u00eancia, o temor que paira sobre n\u00f3s, a sensa\u00e7\u00e3o de estarmos presos a correntes invis\u00edveis. Mas a mensagem que ressoa atrav\u00e9s das Escrituras \u00e9 de esperan\u00e7a, de liberta\u00e7\u00e3o, de uma vit\u00f3ria que j\u00e1 foi conquistada. Deus, em sua infinita miseric\u00f3rdia, n\u00e3o deseja a nossa condena\u00e7\u00e3o, mas sim a nossa reden\u00e7\u00e3o.<\/p>\n<p>### A Humildade da Encarna\u00e7\u00e3o<\/p>\n<p>O Evangelho nos revela uma verdade profunda: Jesus, o Filho de Deus, assumiu a nossa condi\u00e7\u00e3o humana. Ele se fez semelhante a n\u00f3s em tudo, exceto no pecado. **&#8221;Para se tornar um som sacerdote misericordioso e digno de confian\u00e7a nas coisas referentes a Deus, afim de espiar os pecados do povo.&#8221;**<\/p>\n<p>Ele se humilhou, tornando-se escravo, obediente at\u00e9 \u00e0 morte, mesmo a morte de cruz. Este ato de amor incondicional n\u00e3o foi um mero detalhe, mas sim a chave para a nossa liberta\u00e7\u00e3o.<\/p>\n<p>### A Morte que Anula a Condena\u00e7\u00e3o<\/p>\n<p>O pecado, desde o princ\u00edpio, introduziu a morte em nosso mundo. Romanos 5 nos lembra que, por causa do pecado de Ad\u00e3o, a morte passou a todos os homens. Mas Jesus, ao assumir a nossa mortalidade, a destr\u00f3i. **&#8221;Jesus condenou o pecado na sua carne.&#8221;**<\/p>\n<p>Ele que \u00e9 Deus, se tornou um de n\u00f3s, para que, por meio da sua morte, pudesse destruir aquele que tinha o poder da morte, ou seja, o diabo. A cruz, s\u00edmbolo de sofrimento e humilha\u00e7\u00e3o, tornou-se o instrumento da nossa vit\u00f3ria.<\/p>\n<p>### O Documento da Condena\u00e7\u00e3o, Anulado na Cruz<\/p>\n<p>Imagine um documento, pesado e sombrio, contendo todas as nossas falhas, todos os nossos erros, todas as nossas d\u00edvidas com a justi\u00e7a divina. Este documento nos condenava, nos mantendo presos \u00e0 escravid\u00e3o do pecado. Mas, em Colossenses 2, a Escritura nos garante: **&#8221;Cancelando o documento escrito contra n\u00f3s, cujas prescri\u00e7\u00f5es nos condenavam.&#8221;**<\/p>\n<p>Jesus o gravou na cruz, anicando para sempre o poder da nossa condena\u00e7\u00e3o. Ele espoliou os principados, as potestades, expondo-os ao rid\u00edculo por meio da cruz.<\/p>\n<p>### Liberta\u00e7\u00e3o do Medo e da Escravid\u00e3o<\/p>\n<p>Por tanto tempo, fomos escravos do medo da morte. Este temor nos paralisava, nos impedindo de viver plenamente, de experimentar a alegria da vida em Deus. Mas Jesus veio para quebrar essas correntes, para nos libertar do jugo da escravid\u00e3o do pecado.<\/p>\n<p>Aquele que outrora se sentia prisioneiro, agora pode respirar em liberdade. Aquele que outrora vivia dominado pelo medo, agora pode caminhar em confian\u00e7a, fortalecido pela promessa da vida eterna.<\/p>\n<p>### A Impossibilidade Tornada Realidade<\/p>\n<p>Deus, em sua sabedoria infinita, fez o que era imposs\u00edvel para a lei. Ele enviou seu pr\u00f3prio filho, numa carne semelhante \u00e0 nossa, adupecado, para condenar o pecado na carne. Ele assumiu as nossas fraquezas, as nossas limita\u00e7\u00f5es, para que, em n\u00f3s, pudesse habitar a esperan\u00e7a e a gra\u00e7a.<\/p>\n<p>Que possamos, em nossas vidas, buscar a cada dia essa liberta\u00e7\u00e3o, essa cura, essa transforma\u00e7\u00e3o que s\u00f3 pode vir de Deus. Que possamos reconhecer a grandiosidade do sacrif\u00edcio de Jesus e, com gratid\u00e3o, render louvor ao Pai, ao Filho e ao Esp\u00edrito Santo.<\/p>\n","protected":false},"excerpt":{"rendered":"<p>## A Derrota da Escurid\u00e3o: Uma Reflex\u00e3o sobre a Vit\u00f3ria em Cristo Em nossos dias, \u00e9 f\u00e1cil sentir o peso da exist\u00eancia, o temor que paira sobre n\u00f3s, a sensa\u00e7\u00e3o de estarmos presos a correntes invis\u00edveis. Mas a mensagem que ressoa atrav\u00e9s das Escrituras \u00e9 de esperan\u00e7a, de liberta\u00e7\u00e3o, de uma vit\u00f3ria que j\u00e1 foi [&hellip;]<\/p>\n","protected":false},"author":1,"featured_media":0,"comment_status":"closed","ping_status":"open","sticky":false,"template":"","format":"standard","meta":{"footnotes":""},"categories":[14],"tags":[],"class_list":["post-6124","post","type-post","status-publish","format-standard","hentry","category-reflexao"],"yoast_head":"<!-- This site is optimized with the Yoast SEO plugin v27.2 - https:\/\/yoast.com\/product\/yoast-seo-wordpress\/ -->\n<title>Vit\u00f3ria em Cristo: Reflex\u00f5es sobre Esperan\u00e7a e Reden\u00e7\u00e3o - Salmos B\u00edblicos<\/title>\n<meta name=\"robots\" content=\"index, follow, max-snippet:-1, max-image-preview:large, max-video-preview:-1\" \/>\n<link rel=\"canonical\" href=\"https:\/\/salmosbiblicos.com.br\/index.php\/2026\/03\/30\/vitoria-em-cristo-reflexoes-sobre-esperanca-e-redencao\/\" \/>\n<meta property=\"og:locale\" content=\"pt_BR\" \/>\n<meta property=\"og:type\" content=\"article\" \/>\n<meta property=\"og:title\" content=\"Vit\u00f3ria em Cristo: Reflex\u00f5es sobre Esperan\u00e7a e Reden\u00e7\u00e3o - Salmos B\u00edblicos\" \/>\n<meta property=\"og:description\" content=\"## A Derrota da Escurid\u00e3o: Uma Reflex\u00e3o sobre a Vit\u00f3ria em Cristo Em nossos dias, \u00e9 f\u00e1cil sentir o peso da exist\u00eancia, o temor que paira sobre n\u00f3s, a sensa\u00e7\u00e3o de estarmos presos a correntes invis\u00edveis. Mas a mensagem que ressoa atrav\u00e9s das Escrituras \u00e9 de esperan\u00e7a, de liberta\u00e7\u00e3o, de uma vit\u00f3ria que j\u00e1 foi [&hellip;]\" \/>\n<meta property=\"og:url\" content=\"https:\/\/salmosbiblicos.com.br\/index.php\/2026\/03\/30\/vitoria-em-cristo-reflexoes-sobre-esperanca-e-redencao\/\" \/>\n<meta property=\"og:site_name\" content=\"Salmos B\u00edblicos\" \/>\n<meta property=\"article:published_time\" content=\"2026-03-30T09:57:35+00:00\" \/>\n<meta name=\"author\" content=\"alextreh@gmail.com\" \/>\n<meta name=\"twitter:card\" content=\"summary_large_image\" \/>\n<meta name=\"twitter:label1\" content=\"Escrito por\" \/>\n\t<meta name=\"twitter:data1\" content=\"alextreh@gmail.com\" \/>\n\t<meta name=\"twitter:label2\" content=\"Est. tempo de leitura\" \/>\n\t<meta name=\"twitter:data2\" content=\"3 minutos\" \/>\n<script type=\"application\/ld+json\" class=\"yoast-schema-graph\">{\"@context\":\"https:\/\/schema.org\",\"@graph\":[{\"@type\":\"Article\",\"@id\":\"https:\/\/salmosbiblicos.com.br\/index.php\/2026\/03\/30\/vitoria-em-cristo-reflexoes-sobre-esperanca-e-redencao\/#article\",\"isPartOf\":{\"@id\":\"https:\/\/salmosbiblicos.com.br\/index.php\/2026\/03\/30\/vitoria-em-cristo-reflexoes-sobre-esperanca-e-redencao\/\"},\"author\":{\"name\":\"alextreh@gmail.com\",\"@id\":\"https:\/\/salmosbiblicos.com.br\/#\/schema\/person\/30586d0fb3f3a46b78a3414fc39cc975\"},\"headline\":\"Vit\u00f3ria em Cristo: Reflex\u00f5es sobre Esperan\u00e7a e Reden\u00e7\u00e3o\",\"datePublished\":\"2026-03-30T09:57:35+00:00\",\"mainEntityOfPage\":{\"@id\":\"https:\/\/salmosbiblicos.com.br\/index.php\/2026\/03\/30\/vitoria-em-cristo-reflexoes-sobre-esperanca-e-redencao\/\"},\"wordCount\":565,\"articleSection\":[\"Reflex\u00e3o\"],\"inLanguage\":\"pt-BR\"},{\"@type\":\"WebPage\",\"@id\":\"https:\/\/salmosbiblicos.com.br\/index.php\/2026\/03\/30\/vitoria-em-cristo-reflexoes-sobre-esperanca-e-redencao\/\",\"url\":\"https:\/\/salmosbiblicos.com.br\/index.php\/2026\/03\/30\/vitoria-em-cristo-reflexoes-sobre-esperanca-e-redencao\/\",\"name\":\"Vit\u00f3ria em Cristo: Reflex\u00f5es sobre Esperan\u00e7a e Reden\u00e7\u00e3o - Salmos B\u00edblicos\",\"isPartOf\":{\"@id\":\"https:\/\/salmosbiblicos.com.br\/#website\"},\"datePublished\":\"2026-03-30T09:57:35+00:00\",\"author\":{\"@id\":\"https:\/\/salmosbiblicos.com.br\/#\/schema\/person\/30586d0fb3f3a46b78a3414fc39cc975\"},\"breadcrumb\":{\"@id\":\"https:\/\/salmosbiblicos.com.br\/index.php\/2026\/03\/30\/vitoria-em-cristo-reflexoes-sobre-esperanca-e-redencao\/#breadcrumb\"},\"inLanguage\":\"pt-BR\",\"potentialAction\":[{\"@type\":\"ReadAction\",\"target\":[\"https:\/\/salmosbiblicos.com.br\/index.php\/2026\/03\/30\/vitoria-em-cristo-reflexoes-sobre-esperanca-e-redencao\/\"]}]},{\"@type\":\"BreadcrumbList\",\"@id\":\"https:\/\/salmosbiblicos.com.br\/index.php\/2026\/03\/30\/vitoria-em-cristo-reflexoes-sobre-esperanca-e-redencao\/#breadcrumb\",\"itemListElement\":[{\"@type\":\"ListItem\",\"position\":1,\"name\":\"Home\",\"item\":\"https:\/\/salmosbiblicos.com.br\/\"},{\"@type\":\"ListItem\",\"position\":2,\"name\":\"Vit\u00f3ria em Cristo: Reflex\u00f5es sobre Esperan\u00e7a e Reden\u00e7\u00e3o\"}]},{\"@type\":\"WebSite\",\"@id\":\"https:\/\/salmosbiblicos.com.br\/#website\",\"url\":\"https:\/\/salmosbiblicos.com.br\/\",\"name\":\"Salmos B\u00edblicos\",\"description\":\"Uma e-Livraria com e-Books novos para voc\u00ea refletir.\",\"potentialAction\":[{\"@type\":\"SearchAction\",\"target\":{\"@type\":\"EntryPoint\",\"urlTemplate\":\"https:\/\/salmosbiblicos.com.br\/?s={search_term_string}\"},\"query-input\":{\"@type\":\"PropertyValueSpecification\",\"valueRequired\":true,\"valueName\":\"search_term_string\"}}],\"inLanguage\":\"pt-BR\"},{\"@type\":\"Person\",\"@id\":\"https:\/\/salmosbiblicos.com.br\/#\/schema\/person\/30586d0fb3f3a46b78a3414fc39cc975\",\"name\":\"alextreh@gmail.com\",\"image\":{\"@type\":\"ImageObject\",\"inLanguage\":\"pt-BR\",\"@id\":\"https:\/\/secure.gravatar.com\/avatar\/7cf84d31f581ec97b887c1039d478a7c293086896c84951a86753fb2c2af7527?s=96&d=mm&r=g\",\"url\":\"https:\/\/secure.gravatar.com\/avatar\/7cf84d31f581ec97b887c1039d478a7c293086896c84951a86753fb2c2af7527?s=96&d=mm&r=g\",\"contentUrl\":\"https:\/\/secure.gravatar.com\/avatar\/7cf84d31f581ec97b887c1039d478a7c293086896c84951a86753fb2c2af7527?s=96&d=mm&r=g\",\"caption\":\"alextreh@gmail.com\"},\"sameAs\":[\"http:\/\/salmosbiblicos.com.br\"],\"url\":\"https:\/\/salmosbiblicos.com.br\/index.php\/author\/alextrehgmail-com\/\"}]}<\/script>\n<!-- \/ Yoast SEO plugin. -->","yoast_head_json":{"title":"Vit\u00f3ria em Cristo: Reflex\u00f5es sobre Esperan\u00e7a e Reden\u00e7\u00e3o - Salmos B\u00edblicos","robots":{"index":"index","follow":"follow","max-snippet":"max-snippet:-1","max-image-preview":"max-image-preview:large","max-video-preview":"max-video-preview:-1"},"canonical":"https:\/\/salmosbiblicos.com.br\/index.php\/2026\/03\/30\/vitoria-em-cristo-reflexoes-sobre-esperanca-e-redencao\/","og_locale":"pt_BR","og_type":"article","og_title":"Vit\u00f3ria em Cristo: Reflex\u00f5es sobre Esperan\u00e7a e Reden\u00e7\u00e3o - Salmos B\u00edblicos","og_description":"## A Derrota da Escurid\u00e3o: Uma Reflex\u00e3o sobre a Vit\u00f3ria em Cristo Em nossos dias, \u00e9 f\u00e1cil sentir o peso da exist\u00eancia, o temor que paira sobre n\u00f3s, a sensa\u00e7\u00e3o de estarmos presos a correntes invis\u00edveis. Mas a mensagem que ressoa atrav\u00e9s das Escrituras \u00e9 de esperan\u00e7a, de liberta\u00e7\u00e3o, de uma vit\u00f3ria que j\u00e1 foi [&hellip;]","og_url":"https:\/\/salmosbiblicos.com.br\/index.php\/2026\/03\/30\/vitoria-em-cristo-reflexoes-sobre-esperanca-e-redencao\/","og_site_name":"Salmos B\u00edblicos","article_published_time":"2026-03-30T09:57:35+00:00","author":"alextreh@gmail.com","twitter_card":"summary_large_image","twitter_misc":{"Escrito por":"alextreh@gmail.com","Est. tempo de leitura":"3 minutos"},"schema":{"@context":"https:\/\/schema.org","@graph":[{"@type":"Article","@id":"https:\/\/salmosbiblicos.com.br\/index.php\/2026\/03\/30\/vitoria-em-cristo-reflexoes-sobre-esperanca-e-redencao\/#article","isPartOf":{"@id":"https:\/\/salmosbiblicos.com.br\/index.php\/2026\/03\/30\/vitoria-em-cristo-reflexoes-sobre-esperanca-e-redencao\/"},"author":{"name":"alextreh@gmail.com","@id":"https:\/\/salmosbiblicos.com.br\/#\/schema\/person\/30586d0fb3f3a46b78a3414fc39cc975"},"headline":"Vit\u00f3ria em Cristo: Reflex\u00f5es sobre Esperan\u00e7a e Reden\u00e7\u00e3o","datePublished":"2026-03-30T09:57:35+00:00","mainEntityOfPage":{"@id":"https:\/\/salmosbiblicos.com.br\/index.php\/2026\/03\/30\/vitoria-em-cristo-reflexoes-sobre-esperanca-e-redencao\/"},"wordCount":565,"articleSection":["Reflex\u00e3o"],"inLanguage":"pt-BR"},{"@type":"WebPage","@id":"https:\/\/salmosbiblicos.com.br\/index.php\/2026\/03\/30\/vitoria-em-cristo-reflexoes-sobre-esperanca-e-redencao\/","url":"https:\/\/salmosbiblicos.com.br\/index.php\/2026\/03\/30\/vitoria-em-cristo-reflexoes-sobre-esperanca-e-redencao\/","name":"Vit\u00f3ria em Cristo: Reflex\u00f5es sobre Esperan\u00e7a e Reden\u00e7\u00e3o - Salmos B\u00edblicos","isPartOf":{"@id":"https:\/\/salmosbiblicos.com.br\/#website"},"datePublished":"2026-03-30T09:57:35+00:00","author":{"@id":"https:\/\/salmosbiblicos.com.br\/#\/schema\/person\/30586d0fb3f3a46b78a3414fc39cc975"},"breadcrumb":{"@id":"https:\/\/salmosbiblicos.com.br\/index.php\/2026\/03\/30\/vitoria-em-cristo-reflexoes-sobre-esperanca-e-redencao\/#breadcrumb"},"inLanguage":"pt-BR","potentialAction":[{"@type":"ReadAction","target":["https:\/\/salmosbiblicos.com.br\/index.php\/2026\/03\/30\/vitoria-em-cristo-reflexoes-sobre-esperanca-e-redencao\/"]}]},{"@type":"BreadcrumbList","@id":"https:\/\/salmosbiblicos.com.br\/index.php\/2026\/03\/30\/vitoria-em-cristo-reflexoes-sobre-esperanca-e-redencao\/#breadcrumb","itemListElement":[{"@type":"ListItem","position":1,"name":"Home","item":"https:\/\/salmosbiblicos.com.br\/"},{"@type":"ListItem","position":2,"name":"Vit\u00f3ria em Cristo: Reflex\u00f5es sobre Esperan\u00e7a e Reden\u00e7\u00e3o"}]},{"@type":"WebSite","@id":"https:\/\/salmosbiblicos.com.br\/#website","url":"https:\/\/salmosbiblicos.com.br\/","name":"Salmos B\u00edblicos","description":"Uma e-Livraria com e-Books novos para voc\u00ea refletir.","potentialAction":[{"@type":"SearchAction","target":{"@type":"EntryPoint","urlTemplate":"https:\/\/salmosbiblicos.com.br\/?s={search_term_string}"},"query-input":{"@type":"PropertyValueSpecification","valueRequired":true,"valueName":"search_term_string"}}],"inLanguage":"pt-BR"},{"@type":"Person","@id":"https:\/\/salmosbiblicos.com.br\/#\/schema\/person\/30586d0fb3f3a46b78a3414fc39cc975","name":"alextreh@gmail.com","image":{"@type":"ImageObject","inLanguage":"pt-BR","@id":"https:\/\/secure.gravatar.com\/avatar\/7cf84d31f581ec97b887c1039d478a7c293086896c84951a86753fb2c2af7527?s=96&d=mm&r=g","url":"https:\/\/secure.gravatar.com\/avatar\/7cf84d31f581ec97b887c1039d478a7c293086896c84951a86753fb2c2af7527?s=96&d=mm&r=g","contentUrl":"https:\/\/secure.gravatar.com\/avatar\/7cf84d31f581ec97b887c1039d478a7c293086896c84951a86753fb2c2af7527?s=96&d=mm&r=g","caption":"alextreh@gmail.com"},"sameAs":["http:\/\/salmosbiblicos.com.br"],"url":"https:\/\/salmosbiblicos.com.br\/index.php\/author\/alextrehgmail-com\/"}]}},"_links":{"self":[{"href":"https:\/\/salmosbiblicos.com.br\/index.php\/wp-json\/wp\/v2\/posts\/6124","targetHints":{"allow":["GET"]}}],"collection":[{"href":"https:\/\/salmosbiblicos.com.br\/index.php\/wp-json\/wp\/v2\/posts"}],"about":[{"href":"https:\/\/salmosbiblicos.com.br\/index.php\/wp-json\/wp\/v2\/types\/post"}],"author":[{"embeddable":true,"href":"https:\/\/salmosbiblicos.com.br\/index.php\/wp-json\/wp\/v2\/users\/1"}],"replies":[{"embeddable":true,"href":"https:\/\/salmosbiblicos.com.br\/index.php\/wp-json\/wp\/v2\/comments?post=6124"}],"version-history":[{"count":1,"href":"https:\/\/salmosbiblicos.com.br\/index.php\/wp-json\/wp\/v2\/posts\/6124\/revisions"}],"predecessor-version":[{"id":6125,"href":"https:\/\/salmosbiblicos.com.br\/index.php\/wp-json\/wp\/v2\/posts\/6124\/revisions\/6125"}],"wp:attachment":[{"href":"https:\/\/salmosbiblicos.com.br\/index.php\/wp-json\/wp\/v2\/media?parent=6124"}],"wp:term":[{"taxonomy":"category","embeddable":true,"href":"https:\/\/salmosbiblicos.com.br\/index.php\/wp-json\/wp\/v2\/categories?post=6124"},{"taxonomy":"post_tag","embeddable":true,"href":"https:\/\/salmosbiblicos.com.br\/index.php\/wp-json\/wp\/v2\/tags?post=6124"}],"curies":[{"name":"wp","href":"https:\/\/api.w.org\/{rel}","templated":true}]}}