{"id":6138,"date":"2026-03-30T07:45:29","date_gmt":"2026-03-30T10:45:29","guid":{"rendered":"https:\/\/salmosbiblicos.com.br\/?p=6138"},"modified":"2026-03-30T07:45:29","modified_gmt":"2026-03-30T10:45:29","slug":"coragem-na-tempestade-encontrando-paz-e-forca-interior","status":"publish","type":"post","link":"https:\/\/salmosbiblicos.com.br\/index.php\/2026\/03\/30\/coragem-na-tempestade-encontrando-paz-e-forca-interior\/","title":{"rendered":"Coragem na Tempestade: Encontrando Paz e For\u00e7a Interior"},"content":{"rendered":"<p>## A Calmaria da Tempestade: Encontrando Coragem na Jornada<\/p>\n<p>H\u00e1 momentos em nossas vidas em que a vastid\u00e3o do mundo se apresenta como um oceano tempestuoso, e a nossa embarca\u00e7\u00e3o, por mais forte que seja, parece \u00e0 deriva. Acreditamos estar s\u00f3s, lutando contra ventos contr\u00e1rios, sem esperan\u00e7a de alcan\u00e7ar a margem. Mas a f\u00e9 nos ensina que, mesmo na mais escura noite, uma luz divina pode surgir, irradiando esperan\u00e7a e for\u00e7a.<\/p>\n<p>### A Busca Interior e o Exemplo do Mestre<\/p>\n<p>Jesus, em sua infinita sabedoria, nos demonstra que, mesmo em meio \u00e0s obriga\u00e7\u00f5es e compromissos, o encontro com o divino \u00e9 essencial. **A ora\u00e7\u00e3o, o afastamento do turbilh\u00e3o da vida, \u00e9 o ref\u00fagio da alma**. Subir ao monte, afastar-se da multid\u00e3o, \u00e9 encontrar o sil\u00eancio que permite ouvir a voz interior, a voz de Deus que nos guia.<\/p>\n<p>### Enfrentando os Ventos da Adversidade<\/p>\n<p>A vida, por vezes, se assemelha a uma travessia mar\u00edtima em mares revoltos. Problemas de sa\u00fade, dificuldades financeiras, conflitos familiares \u2013 esses s\u00e3o os ventos contr\u00e1rios que nos desgastam e nos desanimam. A sensa\u00e7\u00e3o de estar remando contra a corrente pode ser esmagadora, levando-nos \u00e0 exaust\u00e3o e \u00e0 d\u00favida.<\/p>\n<p>### Uma Voz no Meio da Escurid\u00e3o: &#8220;Coragem, Sou Eu!&#8221;<\/p>\n<p>Quando a escurid\u00e3o parece total, quando a esperan\u00e7a se esvai, uma voz ressoa, capaz de dissipar o medo e acender a chama da f\u00e9: **&#8221;Coragem, Sou Eu!&#8221;**. Essa voz, familiar e reconfortante, nos assegura que n\u00e3o estamos sozinhos, que a presen\u00e7a divina est\u00e1 conosco, mesmo quando n\u00e3o a compreendemos.<\/p>\n<p>### A Promessa de Aconselhamento Divino<\/p>\n<p>Seja qual for a sua dor, qual for a sua ang\u00fastia, saiba que essa voz nunca o abandonar\u00e1. Ela n\u00e3o o deixar\u00e1 \u00e0 merc\u00ea das tempestades, nem o incentivar\u00e1 a desistir. Pelo contr\u00e1rio, ela o fortalecer\u00e1, o encorajar\u00e1 a perseverar, a acreditar na for\u00e7a que reside em seu interior.<\/p>\n<p>**O que significa essa promessa?**<\/p>\n<p>*   **Presen\u00e7a constante:** Mesmo quando n\u00e3o podemos sentir Sua presen\u00e7a, Deus est\u00e1 conosco.<br \/>*   **For\u00e7a renovada:** A f\u00e9 nos capacita a superar os desafios da vida.<br \/>*   **Esperan\u00e7a inabal\u00e1vel:** Acreditar na promessa de coragem nos impulsiona a seguir em frente.<\/p>\n<p>### A F\u00e9 que Transforma e Liberta<\/p>\n<p>A f\u00e9, por vezes, pode ser ofuscada pela d\u00favida, obscurecida pelo medo. Os cora\u00e7\u00f5es endurecidos n\u00e3o compreendem a grandiosidade do amor divino, n\u00e3o percebem a luz que ilumina o caminho. Mas a f\u00e9, quando genu\u00edna, transforma, liberta, renova.<\/p>\n<p>### A Coragem que Nos Impulsiona<\/p>\n<p>N\u00e3o tema os ventos contr\u00e1rios, n\u00e3o se deixe abater pelas tribula\u00e7\u00f5es. **Abrace a coragem que reside em seu cora\u00e7\u00e3o, a coragem que emana da f\u00e9**. Jesus nos convida a levantar, a seguir em frente, a vencer os obst\u00e1culos que se interp\u00f5em em nosso caminho.<\/p>\n<p>*   **&#8221;Meu filho, coragem, tem os teus pecados perdoados.&#8221;** (Mateus 9:2) \u2013 Um chamado \u00e0 confian\u00e7a e \u00e0 liberta\u00e7\u00e3o.<br \/>*   **&#8221;Coragem, levanta-te, ele te chama.&#8221;** (Marcos 10:49) \u2013 Um incentivo para respondermos ao chamado divino.<br \/>*   **&#8221;No mundo, haver\u00e1 afli\u00e7\u00f5es, mas tenham coragem, eu venci o mundo.&#8221;** (Jo\u00e3o 16:33) \u2013 Uma promessa de vit\u00f3ria e esperan\u00e7a.<\/p>\n<p>Que possamos, ent\u00e3o, proclamar com convic\u00e7\u00e3o: **&#8221;Em Jesus, eu terei coragem. Em Jesus, eu n\u00e3o me desanimarei. Em Jesus, eu n\u00e3o terei medo.&#8221;**. Que essa declara\u00e7\u00e3o seja um farol a guiar nossos passos, uma fonte de for\u00e7a em tempos de prova\u00e7\u00e3o, um testemunho da nossa f\u00e9 inabal\u00e1vel.<\/p>\n","protected":false},"excerpt":{"rendered":"<p>## A Calmaria da Tempestade: Encontrando Coragem na Jornada H\u00e1 momentos em nossas vidas em que a vastid\u00e3o do mundo se apresenta como um oceano tempestuoso, e a nossa embarca\u00e7\u00e3o, por mais forte que seja, parece \u00e0 deriva. Acreditamos estar s\u00f3s, lutando contra ventos contr\u00e1rios, sem esperan\u00e7a de alcan\u00e7ar a margem. Mas a f\u00e9 nos [&hellip;]<\/p>\n","protected":false},"author":1,"featured_media":0,"comment_status":"closed","ping_status":"open","sticky":false,"template":"","format":"standard","meta":{"footnotes":""},"categories":[14],"tags":[],"class_list":["post-6138","post","type-post","status-publish","format-standard","hentry","category-reflexao"],"yoast_head":"<!-- This site is optimized with the Yoast SEO plugin v27.2 - https:\/\/yoast.com\/product\/yoast-seo-wordpress\/ -->\n<title>Coragem na Tempestade: Encontrando Paz e For\u00e7a Interior - Salmos B\u00edblicos<\/title>\n<meta name=\"robots\" content=\"index, follow, max-snippet:-1, max-image-preview:large, max-video-preview:-1\" \/>\n<link rel=\"canonical\" href=\"https:\/\/salmosbiblicos.com.br\/index.php\/2026\/03\/30\/coragem-na-tempestade-encontrando-paz-e-forca-interior\/\" \/>\n<meta property=\"og:locale\" content=\"pt_BR\" \/>\n<meta property=\"og:type\" content=\"article\" \/>\n<meta property=\"og:title\" content=\"Coragem na Tempestade: Encontrando Paz e For\u00e7a Interior - Salmos B\u00edblicos\" \/>\n<meta property=\"og:description\" content=\"## A Calmaria da Tempestade: Encontrando Coragem na Jornada H\u00e1 momentos em nossas vidas em que a vastid\u00e3o do mundo se apresenta como um oceano tempestuoso, e a nossa embarca\u00e7\u00e3o, por mais forte que seja, parece \u00e0 deriva. Acreditamos estar s\u00f3s, lutando contra ventos contr\u00e1rios, sem esperan\u00e7a de alcan\u00e7ar a margem. Mas a f\u00e9 nos [&hellip;]\" \/>\n<meta property=\"og:url\" content=\"https:\/\/salmosbiblicos.com.br\/index.php\/2026\/03\/30\/coragem-na-tempestade-encontrando-paz-e-forca-interior\/\" \/>\n<meta property=\"og:site_name\" content=\"Salmos B\u00edblicos\" \/>\n<meta property=\"article:published_time\" content=\"2026-03-30T10:45:29+00:00\" \/>\n<meta name=\"author\" content=\"alextreh@gmail.com\" \/>\n<meta name=\"twitter:card\" content=\"summary_large_image\" \/>\n<meta name=\"twitter:label1\" content=\"Escrito por\" \/>\n\t<meta name=\"twitter:data1\" content=\"alextreh@gmail.com\" \/>\n\t<meta name=\"twitter:label2\" content=\"Est. tempo de leitura\" \/>\n\t<meta name=\"twitter:data2\" content=\"3 minutos\" \/>\n<script type=\"application\/ld+json\" class=\"yoast-schema-graph\">{\"@context\":\"https:\/\/schema.org\",\"@graph\":[{\"@type\":\"Article\",\"@id\":\"https:\/\/salmosbiblicos.com.br\/index.php\/2026\/03\/30\/coragem-na-tempestade-encontrando-paz-e-forca-interior\/#article\",\"isPartOf\":{\"@id\":\"https:\/\/salmosbiblicos.com.br\/index.php\/2026\/03\/30\/coragem-na-tempestade-encontrando-paz-e-forca-interior\/\"},\"author\":{\"name\":\"alextreh@gmail.com\",\"@id\":\"https:\/\/salmosbiblicos.com.br\/#\/schema\/person\/30586d0fb3f3a46b78a3414fc39cc975\"},\"headline\":\"Coragem na Tempestade: Encontrando Paz e For\u00e7a Interior\",\"datePublished\":\"2026-03-30T10:45:29+00:00\",\"mainEntityOfPage\":{\"@id\":\"https:\/\/salmosbiblicos.com.br\/index.php\/2026\/03\/30\/coragem-na-tempestade-encontrando-paz-e-forca-interior\/\"},\"wordCount\":593,\"articleSection\":[\"Reflex\u00e3o\"],\"inLanguage\":\"pt-BR\"},{\"@type\":\"WebPage\",\"@id\":\"https:\/\/salmosbiblicos.com.br\/index.php\/2026\/03\/30\/coragem-na-tempestade-encontrando-paz-e-forca-interior\/\",\"url\":\"https:\/\/salmosbiblicos.com.br\/index.php\/2026\/03\/30\/coragem-na-tempestade-encontrando-paz-e-forca-interior\/\",\"name\":\"Coragem na Tempestade: Encontrando Paz e For\u00e7a Interior - Salmos B\u00edblicos\",\"isPartOf\":{\"@id\":\"https:\/\/salmosbiblicos.com.br\/#website\"},\"datePublished\":\"2026-03-30T10:45:29+00:00\",\"author\":{\"@id\":\"https:\/\/salmosbiblicos.com.br\/#\/schema\/person\/30586d0fb3f3a46b78a3414fc39cc975\"},\"breadcrumb\":{\"@id\":\"https:\/\/salmosbiblicos.com.br\/index.php\/2026\/03\/30\/coragem-na-tempestade-encontrando-paz-e-forca-interior\/#breadcrumb\"},\"inLanguage\":\"pt-BR\",\"potentialAction\":[{\"@type\":\"ReadAction\",\"target\":[\"https:\/\/salmosbiblicos.com.br\/index.php\/2026\/03\/30\/coragem-na-tempestade-encontrando-paz-e-forca-interior\/\"]}]},{\"@type\":\"BreadcrumbList\",\"@id\":\"https:\/\/salmosbiblicos.com.br\/index.php\/2026\/03\/30\/coragem-na-tempestade-encontrando-paz-e-forca-interior\/#breadcrumb\",\"itemListElement\":[{\"@type\":\"ListItem\",\"position\":1,\"name\":\"Home\",\"item\":\"https:\/\/salmosbiblicos.com.br\/\"},{\"@type\":\"ListItem\",\"position\":2,\"name\":\"Coragem na Tempestade: Encontrando Paz e For\u00e7a Interior\"}]},{\"@type\":\"WebSite\",\"@id\":\"https:\/\/salmosbiblicos.com.br\/#website\",\"url\":\"https:\/\/salmosbiblicos.com.br\/\",\"name\":\"Salmos B\u00edblicos\",\"description\":\"Uma e-Livraria com e-Books novos para voc\u00ea refletir.\",\"potentialAction\":[{\"@type\":\"SearchAction\",\"target\":{\"@type\":\"EntryPoint\",\"urlTemplate\":\"https:\/\/salmosbiblicos.com.br\/?s={search_term_string}\"},\"query-input\":{\"@type\":\"PropertyValueSpecification\",\"valueRequired\":true,\"valueName\":\"search_term_string\"}}],\"inLanguage\":\"pt-BR\"},{\"@type\":\"Person\",\"@id\":\"https:\/\/salmosbiblicos.com.br\/#\/schema\/person\/30586d0fb3f3a46b78a3414fc39cc975\",\"name\":\"alextreh@gmail.com\",\"image\":{\"@type\":\"ImageObject\",\"inLanguage\":\"pt-BR\",\"@id\":\"https:\/\/secure.gravatar.com\/avatar\/7cf84d31f581ec97b887c1039d478a7c293086896c84951a86753fb2c2af7527?s=96&d=mm&r=g\",\"url\":\"https:\/\/secure.gravatar.com\/avatar\/7cf84d31f581ec97b887c1039d478a7c293086896c84951a86753fb2c2af7527?s=96&d=mm&r=g\",\"contentUrl\":\"https:\/\/secure.gravatar.com\/avatar\/7cf84d31f581ec97b887c1039d478a7c293086896c84951a86753fb2c2af7527?s=96&d=mm&r=g\",\"caption\":\"alextreh@gmail.com\"},\"sameAs\":[\"http:\/\/salmosbiblicos.com.br\"],\"url\":\"https:\/\/salmosbiblicos.com.br\/index.php\/author\/alextrehgmail-com\/\"}]}<\/script>\n<!-- \/ Yoast SEO plugin. -->","yoast_head_json":{"title":"Coragem na Tempestade: Encontrando Paz e For\u00e7a Interior - Salmos B\u00edblicos","robots":{"index":"index","follow":"follow","max-snippet":"max-snippet:-1","max-image-preview":"max-image-preview:large","max-video-preview":"max-video-preview:-1"},"canonical":"https:\/\/salmosbiblicos.com.br\/index.php\/2026\/03\/30\/coragem-na-tempestade-encontrando-paz-e-forca-interior\/","og_locale":"pt_BR","og_type":"article","og_title":"Coragem na Tempestade: Encontrando Paz e For\u00e7a Interior - Salmos B\u00edblicos","og_description":"## A Calmaria da Tempestade: Encontrando Coragem na Jornada H\u00e1 momentos em nossas vidas em que a vastid\u00e3o do mundo se apresenta como um oceano tempestuoso, e a nossa embarca\u00e7\u00e3o, por mais forte que seja, parece \u00e0 deriva. Acreditamos estar s\u00f3s, lutando contra ventos contr\u00e1rios, sem esperan\u00e7a de alcan\u00e7ar a margem. Mas a f\u00e9 nos [&hellip;]","og_url":"https:\/\/salmosbiblicos.com.br\/index.php\/2026\/03\/30\/coragem-na-tempestade-encontrando-paz-e-forca-interior\/","og_site_name":"Salmos B\u00edblicos","article_published_time":"2026-03-30T10:45:29+00:00","author":"alextreh@gmail.com","twitter_card":"summary_large_image","twitter_misc":{"Escrito por":"alextreh@gmail.com","Est. tempo de leitura":"3 minutos"},"schema":{"@context":"https:\/\/schema.org","@graph":[{"@type":"Article","@id":"https:\/\/salmosbiblicos.com.br\/index.php\/2026\/03\/30\/coragem-na-tempestade-encontrando-paz-e-forca-interior\/#article","isPartOf":{"@id":"https:\/\/salmosbiblicos.com.br\/index.php\/2026\/03\/30\/coragem-na-tempestade-encontrando-paz-e-forca-interior\/"},"author":{"name":"alextreh@gmail.com","@id":"https:\/\/salmosbiblicos.com.br\/#\/schema\/person\/30586d0fb3f3a46b78a3414fc39cc975"},"headline":"Coragem na Tempestade: Encontrando Paz e For\u00e7a Interior","datePublished":"2026-03-30T10:45:29+00:00","mainEntityOfPage":{"@id":"https:\/\/salmosbiblicos.com.br\/index.php\/2026\/03\/30\/coragem-na-tempestade-encontrando-paz-e-forca-interior\/"},"wordCount":593,"articleSection":["Reflex\u00e3o"],"inLanguage":"pt-BR"},{"@type":"WebPage","@id":"https:\/\/salmosbiblicos.com.br\/index.php\/2026\/03\/30\/coragem-na-tempestade-encontrando-paz-e-forca-interior\/","url":"https:\/\/salmosbiblicos.com.br\/index.php\/2026\/03\/30\/coragem-na-tempestade-encontrando-paz-e-forca-interior\/","name":"Coragem na Tempestade: Encontrando Paz e For\u00e7a Interior - Salmos B\u00edblicos","isPartOf":{"@id":"https:\/\/salmosbiblicos.com.br\/#website"},"datePublished":"2026-03-30T10:45:29+00:00","author":{"@id":"https:\/\/salmosbiblicos.com.br\/#\/schema\/person\/30586d0fb3f3a46b78a3414fc39cc975"},"breadcrumb":{"@id":"https:\/\/salmosbiblicos.com.br\/index.php\/2026\/03\/30\/coragem-na-tempestade-encontrando-paz-e-forca-interior\/#breadcrumb"},"inLanguage":"pt-BR","potentialAction":[{"@type":"ReadAction","target":["https:\/\/salmosbiblicos.com.br\/index.php\/2026\/03\/30\/coragem-na-tempestade-encontrando-paz-e-forca-interior\/"]}]},{"@type":"BreadcrumbList","@id":"https:\/\/salmosbiblicos.com.br\/index.php\/2026\/03\/30\/coragem-na-tempestade-encontrando-paz-e-forca-interior\/#breadcrumb","itemListElement":[{"@type":"ListItem","position":1,"name":"Home","item":"https:\/\/salmosbiblicos.com.br\/"},{"@type":"ListItem","position":2,"name":"Coragem na Tempestade: Encontrando Paz e For\u00e7a Interior"}]},{"@type":"WebSite","@id":"https:\/\/salmosbiblicos.com.br\/#website","url":"https:\/\/salmosbiblicos.com.br\/","name":"Salmos B\u00edblicos","description":"Uma e-Livraria com e-Books novos para voc\u00ea refletir.","potentialAction":[{"@type":"SearchAction","target":{"@type":"EntryPoint","urlTemplate":"https:\/\/salmosbiblicos.com.br\/?s={search_term_string}"},"query-input":{"@type":"PropertyValueSpecification","valueRequired":true,"valueName":"search_term_string"}}],"inLanguage":"pt-BR"},{"@type":"Person","@id":"https:\/\/salmosbiblicos.com.br\/#\/schema\/person\/30586d0fb3f3a46b78a3414fc39cc975","name":"alextreh@gmail.com","image":{"@type":"ImageObject","inLanguage":"pt-BR","@id":"https:\/\/secure.gravatar.com\/avatar\/7cf84d31f581ec97b887c1039d478a7c293086896c84951a86753fb2c2af7527?s=96&d=mm&r=g","url":"https:\/\/secure.gravatar.com\/avatar\/7cf84d31f581ec97b887c1039d478a7c293086896c84951a86753fb2c2af7527?s=96&d=mm&r=g","contentUrl":"https:\/\/secure.gravatar.com\/avatar\/7cf84d31f581ec97b887c1039d478a7c293086896c84951a86753fb2c2af7527?s=96&d=mm&r=g","caption":"alextreh@gmail.com"},"sameAs":["http:\/\/salmosbiblicos.com.br"],"url":"https:\/\/salmosbiblicos.com.br\/index.php\/author\/alextrehgmail-com\/"}]}},"_links":{"self":[{"href":"https:\/\/salmosbiblicos.com.br\/index.php\/wp-json\/wp\/v2\/posts\/6138","targetHints":{"allow":["GET"]}}],"collection":[{"href":"https:\/\/salmosbiblicos.com.br\/index.php\/wp-json\/wp\/v2\/posts"}],"about":[{"href":"https:\/\/salmosbiblicos.com.br\/index.php\/wp-json\/wp\/v2\/types\/post"}],"author":[{"embeddable":true,"href":"https:\/\/salmosbiblicos.com.br\/index.php\/wp-json\/wp\/v2\/users\/1"}],"replies":[{"embeddable":true,"href":"https:\/\/salmosbiblicos.com.br\/index.php\/wp-json\/wp\/v2\/comments?post=6138"}],"version-history":[{"count":1,"href":"https:\/\/salmosbiblicos.com.br\/index.php\/wp-json\/wp\/v2\/posts\/6138\/revisions"}],"predecessor-version":[{"id":6139,"href":"https:\/\/salmosbiblicos.com.br\/index.php\/wp-json\/wp\/v2\/posts\/6138\/revisions\/6139"}],"wp:attachment":[{"href":"https:\/\/salmosbiblicos.com.br\/index.php\/wp-json\/wp\/v2\/media?parent=6138"}],"wp:term":[{"taxonomy":"category","embeddable":true,"href":"https:\/\/salmosbiblicos.com.br\/index.php\/wp-json\/wp\/v2\/categories?post=6138"},{"taxonomy":"post_tag","embeddable":true,"href":"https:\/\/salmosbiblicos.com.br\/index.php\/wp-json\/wp\/v2\/tags?post=6138"}],"curies":[{"name":"wp","href":"https:\/\/api.w.org\/{rel}","templated":true}]}}