{"id":6152,"date":"2026-03-30T08:33:54","date_gmt":"2026-03-30T11:33:54","guid":{"rendered":"https:\/\/salmosbiblicos.com.br\/?p=6152"},"modified":"2026-03-30T08:33:54","modified_gmt":"2026-03-30T11:33:54","slug":"novo-ano-reflita-guarde-os-fatos-e-renove-a-fe","status":"publish","type":"post","link":"https:\/\/salmosbiblicos.com.br\/index.php\/2026\/03\/30\/novo-ano-reflita-guarde-os-fatos-e-renove-a-fe\/","title":{"rendered":"Novo Ano: Reflita, Guarde os Fatos e Renove a F\u00e9"},"content":{"rendered":"<p>## Reflex\u00f5es para um Novo Ano: Guardando os Fatos no Cora\u00e7\u00e3o<\/p>\n<p>O ano se renova, um novo cap\u00edtulo se abre diante de n\u00f3s. \u00c9 um momento de esperan\u00e7a, de renova\u00e7\u00e3o, e um convite profundo \u00e0 introspec\u00e7\u00e3o. Que possamos olhar para tr\u00e1s, com gratid\u00e3o e discernimento, e seguir para frente com f\u00e9 e coragem.<\/p>\n<p>### A Arte de Meditar<\/p>\n<p>No Evangelho de Lucas, encontramos a humilde cena da anuncia\u00e7\u00e3o do nascimento de Jesus. Os pastores, movidos pela alegria, apressaram-se para ver o menino rec\u00e9m-nascido. E Maria, a M\u00e3e de Deus, o que fez? **&#8221;Guardava todos esses fatos e meditava sobre eles em seu cora\u00e7\u00e3o.&#8221;**<\/p>\n<p>Quantas vezes nos esquecemos da import\u00e2ncia de olhar para tr\u00e1s? De refletir sobre o que vivenciamos?  O ano que passou, 2024, est\u00e1 chegando ao fim. Que possamos dedicar tempo para meditar sobre os fatos que o marcaram. Sejam eles alegrias ou dificuldades, cada evento possui uma mensagem, um prop\u00f3sito.<\/p>\n<p>### A Sabedoria do Salmo<\/p>\n<p>O salmista, em profunda comunh\u00e3o com o Divino, nos ensina: **&#8221;Bendi-se a minha alma ao Senhor. E jamais te esque\u00e7as de todos os seus benef\u00edcios.&#8221;** (Salmo 102:2) E mais adiante, ele nos convida a: **&#8221;Das a\u00e7\u00f5es do Senhor eu me recordo. Lembro-me de suas maravilhas de outrora. Reflito em todas as vossas obras e em vossos prod\u00edgios eu medito.&#8221;** (Salmo 76:12-13)<\/p>\n<p>Maria, ao guardar os fatos em seu cora\u00e7\u00e3o, vivia essa mesma profunda reflex\u00e3o, essa sabedoria ancestral.<\/p>\n<p>### As Prova\u00e7\u00f5es e a Gl\u00f3ria<\/p>\n<p>A vida, por vezes, nos apresenta prova\u00e7\u00f5es, desafios que testam a nossa f\u00e9. Mas a Palavra nos recorda: **&#8221;\u00c9 isto que constitui a Vossa alegria. Apesar das afli\u00e7\u00f5es passageiras, fuserem causadas ainda por diversas prova\u00e7\u00f5es, para que a prova, aqui \u00e9 submetida \u00e0 Vossa f\u00e9, mais preciosa que o ouro peric\u00edvio&#8230;&#8221;** (1 Pedro 1:6-7).<\/p>\n<p>Atrav\u00e9s dos momentos dif\u00edceis, a nossa f\u00e9 se fortalece, a nossa perseveran\u00e7a \u00e9 aprimorada, e a nossa alma se prepara para a manifesta\u00e7\u00e3o da gl\u00f3ria de Deus.<\/p>\n<p>### O Bem em Tudo<\/p>\n<p>N\u00e3o importa o que o futuro nos reserve, a promessa permanece: **&#8221;Ali\u00e1s, sabemos que todas as coisas concorrem para o bem daqueles que amam a Deus, daqueles que s\u00e3o os eleitos, segundo os seus designios.&#8221;** (Romanos 8:28).<\/p>\n<p>Mesmo nas situa\u00e7\u00f5es mais dolorosas, podemos encontrar um prop\u00f3sito, uma li\u00e7\u00e3o, um caminho para o crescimento espiritual.  Deus transforma o sofrimento em oportunidade, a dor em aprendizado, a prova\u00e7\u00e3o em for\u00e7a.<\/p>\n<p>### A Gratid\u00e3o Cont\u00ednua<\/p>\n<p>Que possamos, enfim, seguir o exemplo de Maria e dos santos, e cultivar um cora\u00e7\u00e3o de gratid\u00e3o. Que a nossa atitude seja de reconhecimento, de louvor, de entrega.  Que possamos viver as palavras de Efezos: **&#8221;Dai gra\u00e7as, sem cessar e por todas as coisas.&#8221;** (Efezos 5:20).<\/p>\n<p>Que o ano que se inicia seja um ano de f\u00e9, de esperan\u00e7a, de amor e de gratid\u00e3o. Que, em cada dia, possamos encontrar a presen\u00e7a de Deus e a Sua bondade em todas as coisas. Que a reflex\u00e3o sobre os fatos da vida nos conduza a uma maior compreens\u00e3o de n\u00f3s mesmos e do plano Divino para n\u00f3s.<\/p>\n","protected":false},"excerpt":{"rendered":"<p>## Reflex\u00f5es para um Novo Ano: Guardando os Fatos no Cora\u00e7\u00e3o O ano se renova, um novo cap\u00edtulo se abre diante de n\u00f3s. \u00c9 um momento de esperan\u00e7a, de renova\u00e7\u00e3o, e um convite profundo \u00e0 introspec\u00e7\u00e3o. Que possamos olhar para tr\u00e1s, com gratid\u00e3o e discernimento, e seguir para frente com f\u00e9 e coragem. ### A [&hellip;]<\/p>\n","protected":false},"author":1,"featured_media":0,"comment_status":"closed","ping_status":"open","sticky":false,"template":"","format":"standard","meta":{"footnotes":""},"categories":[14],"tags":[],"class_list":["post-6152","post","type-post","status-publish","format-standard","hentry","category-reflexao"],"yoast_head":"<!-- This site is optimized with the Yoast SEO plugin v27.2 - https:\/\/yoast.com\/product\/yoast-seo-wordpress\/ -->\n<title>Novo Ano: Reflita, Guarde os Fatos e Renove a F\u00e9 - Salmos B\u00edblicos<\/title>\n<meta name=\"robots\" content=\"index, follow, max-snippet:-1, max-image-preview:large, max-video-preview:-1\" \/>\n<link rel=\"canonical\" href=\"https:\/\/salmosbiblicos.com.br\/index.php\/2026\/03\/30\/novo-ano-reflita-guarde-os-fatos-e-renove-a-fe\/\" \/>\n<meta property=\"og:locale\" content=\"pt_BR\" \/>\n<meta property=\"og:type\" content=\"article\" \/>\n<meta property=\"og:title\" content=\"Novo Ano: Reflita, Guarde os Fatos e Renove a F\u00e9 - Salmos B\u00edblicos\" \/>\n<meta property=\"og:description\" content=\"## Reflex\u00f5es para um Novo Ano: Guardando os Fatos no Cora\u00e7\u00e3o O ano se renova, um novo cap\u00edtulo se abre diante de n\u00f3s. \u00c9 um momento de esperan\u00e7a, de renova\u00e7\u00e3o, e um convite profundo \u00e0 introspec\u00e7\u00e3o. Que possamos olhar para tr\u00e1s, com gratid\u00e3o e discernimento, e seguir para frente com f\u00e9 e coragem. ### A [&hellip;]\" \/>\n<meta property=\"og:url\" content=\"https:\/\/salmosbiblicos.com.br\/index.php\/2026\/03\/30\/novo-ano-reflita-guarde-os-fatos-e-renove-a-fe\/\" \/>\n<meta property=\"og:site_name\" content=\"Salmos B\u00edblicos\" \/>\n<meta property=\"article:published_time\" content=\"2026-03-30T11:33:54+00:00\" \/>\n<meta name=\"author\" content=\"alextreh@gmail.com\" \/>\n<meta name=\"twitter:card\" content=\"summary_large_image\" \/>\n<meta name=\"twitter:label1\" content=\"Escrito por\" \/>\n\t<meta name=\"twitter:data1\" content=\"alextreh@gmail.com\" \/>\n\t<meta name=\"twitter:label2\" content=\"Est. tempo de leitura\" \/>\n\t<meta name=\"twitter:data2\" content=\"3 minutos\" \/>\n<script type=\"application\/ld+json\" class=\"yoast-schema-graph\">{\"@context\":\"https:\/\/schema.org\",\"@graph\":[{\"@type\":\"Article\",\"@id\":\"https:\/\/salmosbiblicos.com.br\/index.php\/2026\/03\/30\/novo-ano-reflita-guarde-os-fatos-e-renove-a-fe\/#article\",\"isPartOf\":{\"@id\":\"https:\/\/salmosbiblicos.com.br\/index.php\/2026\/03\/30\/novo-ano-reflita-guarde-os-fatos-e-renove-a-fe\/\"},\"author\":{\"name\":\"alextreh@gmail.com\",\"@id\":\"https:\/\/salmosbiblicos.com.br\/#\/schema\/person\/30586d0fb3f3a46b78a3414fc39cc975\"},\"headline\":\"Novo Ano: Reflita, Guarde os Fatos e Renove a F\u00e9\",\"datePublished\":\"2026-03-30T11:33:54+00:00\",\"mainEntityOfPage\":{\"@id\":\"https:\/\/salmosbiblicos.com.br\/index.php\/2026\/03\/30\/novo-ano-reflita-guarde-os-fatos-e-renove-a-fe\/\"},\"wordCount\":550,\"articleSection\":[\"Reflex\u00e3o\"],\"inLanguage\":\"pt-BR\"},{\"@type\":\"WebPage\",\"@id\":\"https:\/\/salmosbiblicos.com.br\/index.php\/2026\/03\/30\/novo-ano-reflita-guarde-os-fatos-e-renove-a-fe\/\",\"url\":\"https:\/\/salmosbiblicos.com.br\/index.php\/2026\/03\/30\/novo-ano-reflita-guarde-os-fatos-e-renove-a-fe\/\",\"name\":\"Novo Ano: Reflita, Guarde os Fatos e Renove a F\u00e9 - Salmos B\u00edblicos\",\"isPartOf\":{\"@id\":\"https:\/\/salmosbiblicos.com.br\/#website\"},\"datePublished\":\"2026-03-30T11:33:54+00:00\",\"author\":{\"@id\":\"https:\/\/salmosbiblicos.com.br\/#\/schema\/person\/30586d0fb3f3a46b78a3414fc39cc975\"},\"breadcrumb\":{\"@id\":\"https:\/\/salmosbiblicos.com.br\/index.php\/2026\/03\/30\/novo-ano-reflita-guarde-os-fatos-e-renove-a-fe\/#breadcrumb\"},\"inLanguage\":\"pt-BR\",\"potentialAction\":[{\"@type\":\"ReadAction\",\"target\":[\"https:\/\/salmosbiblicos.com.br\/index.php\/2026\/03\/30\/novo-ano-reflita-guarde-os-fatos-e-renove-a-fe\/\"]}]},{\"@type\":\"BreadcrumbList\",\"@id\":\"https:\/\/salmosbiblicos.com.br\/index.php\/2026\/03\/30\/novo-ano-reflita-guarde-os-fatos-e-renove-a-fe\/#breadcrumb\",\"itemListElement\":[{\"@type\":\"ListItem\",\"position\":1,\"name\":\"Home\",\"item\":\"https:\/\/salmosbiblicos.com.br\/\"},{\"@type\":\"ListItem\",\"position\":2,\"name\":\"Novo Ano: Reflita, Guarde os Fatos e Renove a F\u00e9\"}]},{\"@type\":\"WebSite\",\"@id\":\"https:\/\/salmosbiblicos.com.br\/#website\",\"url\":\"https:\/\/salmosbiblicos.com.br\/\",\"name\":\"Salmos B\u00edblicos\",\"description\":\"Uma e-Livraria com e-Books novos para voc\u00ea refletir.\",\"potentialAction\":[{\"@type\":\"SearchAction\",\"target\":{\"@type\":\"EntryPoint\",\"urlTemplate\":\"https:\/\/salmosbiblicos.com.br\/?s={search_term_string}\"},\"query-input\":{\"@type\":\"PropertyValueSpecification\",\"valueRequired\":true,\"valueName\":\"search_term_string\"}}],\"inLanguage\":\"pt-BR\"},{\"@type\":\"Person\",\"@id\":\"https:\/\/salmosbiblicos.com.br\/#\/schema\/person\/30586d0fb3f3a46b78a3414fc39cc975\",\"name\":\"alextreh@gmail.com\",\"image\":{\"@type\":\"ImageObject\",\"inLanguage\":\"pt-BR\",\"@id\":\"https:\/\/secure.gravatar.com\/avatar\/7cf84d31f581ec97b887c1039d478a7c293086896c84951a86753fb2c2af7527?s=96&d=mm&r=g\",\"url\":\"https:\/\/secure.gravatar.com\/avatar\/7cf84d31f581ec97b887c1039d478a7c293086896c84951a86753fb2c2af7527?s=96&d=mm&r=g\",\"contentUrl\":\"https:\/\/secure.gravatar.com\/avatar\/7cf84d31f581ec97b887c1039d478a7c293086896c84951a86753fb2c2af7527?s=96&d=mm&r=g\",\"caption\":\"alextreh@gmail.com\"},\"sameAs\":[\"http:\/\/salmosbiblicos.com.br\"],\"url\":\"https:\/\/salmosbiblicos.com.br\/index.php\/author\/alextrehgmail-com\/\"}]}<\/script>\n<!-- \/ Yoast SEO plugin. -->","yoast_head_json":{"title":"Novo Ano: Reflita, Guarde os Fatos e Renove a F\u00e9 - Salmos B\u00edblicos","robots":{"index":"index","follow":"follow","max-snippet":"max-snippet:-1","max-image-preview":"max-image-preview:large","max-video-preview":"max-video-preview:-1"},"canonical":"https:\/\/salmosbiblicos.com.br\/index.php\/2026\/03\/30\/novo-ano-reflita-guarde-os-fatos-e-renove-a-fe\/","og_locale":"pt_BR","og_type":"article","og_title":"Novo Ano: Reflita, Guarde os Fatos e Renove a F\u00e9 - Salmos B\u00edblicos","og_description":"## Reflex\u00f5es para um Novo Ano: Guardando os Fatos no Cora\u00e7\u00e3o O ano se renova, um novo cap\u00edtulo se abre diante de n\u00f3s. \u00c9 um momento de esperan\u00e7a, de renova\u00e7\u00e3o, e um convite profundo \u00e0 introspec\u00e7\u00e3o. Que possamos olhar para tr\u00e1s, com gratid\u00e3o e discernimento, e seguir para frente com f\u00e9 e coragem. ### A [&hellip;]","og_url":"https:\/\/salmosbiblicos.com.br\/index.php\/2026\/03\/30\/novo-ano-reflita-guarde-os-fatos-e-renove-a-fe\/","og_site_name":"Salmos B\u00edblicos","article_published_time":"2026-03-30T11:33:54+00:00","author":"alextreh@gmail.com","twitter_card":"summary_large_image","twitter_misc":{"Escrito por":"alextreh@gmail.com","Est. tempo de leitura":"3 minutos"},"schema":{"@context":"https:\/\/schema.org","@graph":[{"@type":"Article","@id":"https:\/\/salmosbiblicos.com.br\/index.php\/2026\/03\/30\/novo-ano-reflita-guarde-os-fatos-e-renove-a-fe\/#article","isPartOf":{"@id":"https:\/\/salmosbiblicos.com.br\/index.php\/2026\/03\/30\/novo-ano-reflita-guarde-os-fatos-e-renove-a-fe\/"},"author":{"name":"alextreh@gmail.com","@id":"https:\/\/salmosbiblicos.com.br\/#\/schema\/person\/30586d0fb3f3a46b78a3414fc39cc975"},"headline":"Novo Ano: Reflita, Guarde os Fatos e Renove a F\u00e9","datePublished":"2026-03-30T11:33:54+00:00","mainEntityOfPage":{"@id":"https:\/\/salmosbiblicos.com.br\/index.php\/2026\/03\/30\/novo-ano-reflita-guarde-os-fatos-e-renove-a-fe\/"},"wordCount":550,"articleSection":["Reflex\u00e3o"],"inLanguage":"pt-BR"},{"@type":"WebPage","@id":"https:\/\/salmosbiblicos.com.br\/index.php\/2026\/03\/30\/novo-ano-reflita-guarde-os-fatos-e-renove-a-fe\/","url":"https:\/\/salmosbiblicos.com.br\/index.php\/2026\/03\/30\/novo-ano-reflita-guarde-os-fatos-e-renove-a-fe\/","name":"Novo Ano: Reflita, Guarde os Fatos e Renove a F\u00e9 - Salmos B\u00edblicos","isPartOf":{"@id":"https:\/\/salmosbiblicos.com.br\/#website"},"datePublished":"2026-03-30T11:33:54+00:00","author":{"@id":"https:\/\/salmosbiblicos.com.br\/#\/schema\/person\/30586d0fb3f3a46b78a3414fc39cc975"},"breadcrumb":{"@id":"https:\/\/salmosbiblicos.com.br\/index.php\/2026\/03\/30\/novo-ano-reflita-guarde-os-fatos-e-renove-a-fe\/#breadcrumb"},"inLanguage":"pt-BR","potentialAction":[{"@type":"ReadAction","target":["https:\/\/salmosbiblicos.com.br\/index.php\/2026\/03\/30\/novo-ano-reflita-guarde-os-fatos-e-renove-a-fe\/"]}]},{"@type":"BreadcrumbList","@id":"https:\/\/salmosbiblicos.com.br\/index.php\/2026\/03\/30\/novo-ano-reflita-guarde-os-fatos-e-renove-a-fe\/#breadcrumb","itemListElement":[{"@type":"ListItem","position":1,"name":"Home","item":"https:\/\/salmosbiblicos.com.br\/"},{"@type":"ListItem","position":2,"name":"Novo Ano: Reflita, Guarde os Fatos e Renove a F\u00e9"}]},{"@type":"WebSite","@id":"https:\/\/salmosbiblicos.com.br\/#website","url":"https:\/\/salmosbiblicos.com.br\/","name":"Salmos B\u00edblicos","description":"Uma e-Livraria com e-Books novos para voc\u00ea refletir.","potentialAction":[{"@type":"SearchAction","target":{"@type":"EntryPoint","urlTemplate":"https:\/\/salmosbiblicos.com.br\/?s={search_term_string}"},"query-input":{"@type":"PropertyValueSpecification","valueRequired":true,"valueName":"search_term_string"}}],"inLanguage":"pt-BR"},{"@type":"Person","@id":"https:\/\/salmosbiblicos.com.br\/#\/schema\/person\/30586d0fb3f3a46b78a3414fc39cc975","name":"alextreh@gmail.com","image":{"@type":"ImageObject","inLanguage":"pt-BR","@id":"https:\/\/secure.gravatar.com\/avatar\/7cf84d31f581ec97b887c1039d478a7c293086896c84951a86753fb2c2af7527?s=96&d=mm&r=g","url":"https:\/\/secure.gravatar.com\/avatar\/7cf84d31f581ec97b887c1039d478a7c293086896c84951a86753fb2c2af7527?s=96&d=mm&r=g","contentUrl":"https:\/\/secure.gravatar.com\/avatar\/7cf84d31f581ec97b887c1039d478a7c293086896c84951a86753fb2c2af7527?s=96&d=mm&r=g","caption":"alextreh@gmail.com"},"sameAs":["http:\/\/salmosbiblicos.com.br"],"url":"https:\/\/salmosbiblicos.com.br\/index.php\/author\/alextrehgmail-com\/"}]}},"_links":{"self":[{"href":"https:\/\/salmosbiblicos.com.br\/index.php\/wp-json\/wp\/v2\/posts\/6152","targetHints":{"allow":["GET"]}}],"collection":[{"href":"https:\/\/salmosbiblicos.com.br\/index.php\/wp-json\/wp\/v2\/posts"}],"about":[{"href":"https:\/\/salmosbiblicos.com.br\/index.php\/wp-json\/wp\/v2\/types\/post"}],"author":[{"embeddable":true,"href":"https:\/\/salmosbiblicos.com.br\/index.php\/wp-json\/wp\/v2\/users\/1"}],"replies":[{"embeddable":true,"href":"https:\/\/salmosbiblicos.com.br\/index.php\/wp-json\/wp\/v2\/comments?post=6152"}],"version-history":[{"count":1,"href":"https:\/\/salmosbiblicos.com.br\/index.php\/wp-json\/wp\/v2\/posts\/6152\/revisions"}],"predecessor-version":[{"id":6153,"href":"https:\/\/salmosbiblicos.com.br\/index.php\/wp-json\/wp\/v2\/posts\/6152\/revisions\/6153"}],"wp:attachment":[{"href":"https:\/\/salmosbiblicos.com.br\/index.php\/wp-json\/wp\/v2\/media?parent=6152"}],"wp:term":[{"taxonomy":"category","embeddable":true,"href":"https:\/\/salmosbiblicos.com.br\/index.php\/wp-json\/wp\/v2\/categories?post=6152"},{"taxonomy":"post_tag","embeddable":true,"href":"https:\/\/salmosbiblicos.com.br\/index.php\/wp-json\/wp\/v2\/tags?post=6152"}],"curies":[{"name":"wp","href":"https:\/\/api.w.org\/{rel}","templated":true}]}}