{"id":6164,"date":"2026-03-30T09:16:04","date_gmt":"2026-03-30T12:16:04","guid":{"rendered":"https:\/\/salmosbiblicos.com.br\/?p=6164"},"modified":"2026-03-30T09:16:04","modified_gmt":"2026-03-30T12:16:04","slug":"estevam-fe-perseguicao-e-o-poder-do-perdao","status":"publish","type":"post","link":"https:\/\/salmosbiblicos.com.br\/index.php\/2026\/03\/30\/estevam-fe-perseguicao-e-o-poder-do-perdao\/","title":{"rendered":"Estevam: F\u00e9, Persegui\u00e7\u00e3o e o Poder do Perd\u00e3o"},"content":{"rendered":"<p>## A Sabedoria que Transcende o Mundo<\/p>\n<p>A beleza da f\u00e9 reside na sua capacidade de nos confrontar com a verdade, mesmo quando esta desafia as conven\u00e7\u00f5es e a l\u00f3gica do mundo. Vimos em nossa jornada espiritual a persegui\u00e7\u00e3o de Estevam, um homem preenchido de gra\u00e7a e poder, cuja mensagem ressoava com a for\u00e7a do divino. Sua hist\u00f3ria, narrada nos Atos dos Ap\u00f3stolos, ecoa a experi\u00eancia de tantos que ousaram seguir o caminho da luz.<\/p>\n<p>### A Persegui\u00e7\u00e3o e a Resist\u00eancia da Verdade<\/p>\n<p>Estevam, um di\u00e1cono, irradiava a presen\u00e7a do Esp\u00edrito Santo, realizando sinais e prodigios que tocavam o cora\u00e7\u00e3o do povo. Contudo, sua prega\u00e7\u00e3o, sua sabedoria, inflamaram a ira daqueles que se apegavam \u00e0 tradi\u00e7\u00e3o e ao poder terreno. Aqueles que se consideravam guardi\u00f5es da f\u00e9, aqueles que se vangloriavam de sua pr\u00f3pria intelig\u00eancia, rejeitaram a mensagem que ele trazia.<\/p>\n<p>A hist\u00f3ria de Estevam reflete a trajet\u00f3ria de Jesus Cristo. Assim como o Mestre, ele enfrentou a oposi\u00e7\u00e3o ferrenha daqueles que temiam perder sua influ\u00eancia e controle. Mas mesmo em meio \u00e0 persegui\u00e7\u00e3o, Estevam manteve a serenidade e a f\u00e9 inabal\u00e1vel. Ele n\u00e3o cedeu \u00e0 press\u00e3o, n\u00e3o se desviou do caminho da verdade.<\/p>\n<p>### A For\u00e7a do Esp\u00edrito e a Humildade do Perd\u00e3o<\/p>\n<p>Enquanto era arrastado para fora da cidade para ser apedrejado, Estevam contemplou o c\u00e9u aberto e viu o Filho do Homem \u00e0 direita de Deus. Em meio \u00e0 dor e \u00e0 humilha\u00e7\u00e3o, ele clamou a Jesus, entregando seu esp\u00edrito. E, como o pr\u00f3prio Cristo no madeiro, Estevam concedeu o perd\u00e3o aos seus algozes, demonstrando a profundidade de sua compaix\u00e3o e a for\u00e7a de sua f\u00e9.<\/p>\n<p>**Este \u00e9 um exemplo poderoso de como o amor e o perd\u00e3o podem triunfar sobre o \u00f3dio e a viol\u00eancia.** \u00c9 um lembrete de que a verdadeira for\u00e7a n\u00e3o reside na capacidade de retribuir o mal, mas na capacidade de oferecer gra\u00e7a e miseric\u00f3rdia.<\/p>\n<p>### A Sabedoria do Alto e a F\u00e9 Inabal\u00e1vel<\/p>\n<p>A sabedoria que Estevam possu\u00eda n\u00e3o era a sabedoria dos homens, mas a sabedoria que emana do poder de Deus. Ele compreendeu que a f\u00e9 n\u00e3o deve ser constru\u00edda sobre alicerces fr\u00e1geis, como a opini\u00e3o p\u00fablica ou as palavras passageiras. **A f\u00e9 verdadeira se ancora na Palavra Divina, naquilo que \u00e9 eterno e imut\u00e1vel.**<\/p>\n<p>*   A sua f\u00e9 n\u00e3o pode ser abalada pelas d\u00favidas.<br \/>*   A sua f\u00e9 n\u00e3o pode ser influenciada pela press\u00e3o do mundo.<br \/>*   A sua f\u00e9 deve ser um testemunho constante de amor e esperan\u00e7a.<\/p>\n<p>\u00c9 fundamental que busquemos a verdade nas escrituras, que nos alimentemos do conhecimento que vem do alto. Que a nossa f\u00e9 seja um farol, guiando-nos em meio \u00e0s tempestades da vida.<\/p>\n<p>Que possamos encontrar, como Estevam, a for\u00e7a para permanecer fi\u00e9is aos nossos princ\u00edpios, mesmo quando enfrentamos a oposi\u00e7\u00e3o. E que possamos, como ele, estender a m\u00e3o \u00e0queles que nos perseguem, oferecendo-lhes o perd\u00e3o e a esperan\u00e7a da gra\u00e7a divina.<\/p>\n","protected":false},"excerpt":{"rendered":"<p>## A Sabedoria que Transcende o Mundo A beleza da f\u00e9 reside na sua capacidade de nos confrontar com a verdade, mesmo quando esta desafia as conven\u00e7\u00f5es e a l\u00f3gica do mundo. Vimos em nossa jornada espiritual a persegui\u00e7\u00e3o de Estevam, um homem preenchido de gra\u00e7a e poder, cuja mensagem ressoava com a for\u00e7a do [&hellip;]<\/p>\n","protected":false},"author":1,"featured_media":0,"comment_status":"closed","ping_status":"open","sticky":false,"template":"","format":"standard","meta":{"footnotes":""},"categories":[14],"tags":[],"class_list":["post-6164","post","type-post","status-publish","format-standard","hentry","category-reflexao"],"yoast_head":"<!-- This site is optimized with the Yoast SEO plugin v27.2 - https:\/\/yoast.com\/product\/yoast-seo-wordpress\/ -->\n<title>Estevam: F\u00e9, Persegui\u00e7\u00e3o e o Poder do Perd\u00e3o - Salmos B\u00edblicos<\/title>\n<meta name=\"robots\" content=\"index, follow, max-snippet:-1, max-image-preview:large, max-video-preview:-1\" \/>\n<link rel=\"canonical\" href=\"https:\/\/salmosbiblicos.com.br\/index.php\/2026\/03\/30\/estevam-fe-perseguicao-e-o-poder-do-perdao\/\" \/>\n<meta property=\"og:locale\" content=\"pt_BR\" \/>\n<meta property=\"og:type\" content=\"article\" \/>\n<meta property=\"og:title\" content=\"Estevam: F\u00e9, Persegui\u00e7\u00e3o e o Poder do Perd\u00e3o - Salmos B\u00edblicos\" \/>\n<meta property=\"og:description\" content=\"## A Sabedoria que Transcende o Mundo A beleza da f\u00e9 reside na sua capacidade de nos confrontar com a verdade, mesmo quando esta desafia as conven\u00e7\u00f5es e a l\u00f3gica do mundo. Vimos em nossa jornada espiritual a persegui\u00e7\u00e3o de Estevam, um homem preenchido de gra\u00e7a e poder, cuja mensagem ressoava com a for\u00e7a do [&hellip;]\" \/>\n<meta property=\"og:url\" content=\"https:\/\/salmosbiblicos.com.br\/index.php\/2026\/03\/30\/estevam-fe-perseguicao-e-o-poder-do-perdao\/\" \/>\n<meta property=\"og:site_name\" content=\"Salmos B\u00edblicos\" \/>\n<meta property=\"article:published_time\" content=\"2026-03-30T12:16:04+00:00\" \/>\n<meta name=\"author\" content=\"alextreh@gmail.com\" \/>\n<meta name=\"twitter:card\" content=\"summary_large_image\" \/>\n<meta name=\"twitter:label1\" content=\"Escrito por\" \/>\n\t<meta name=\"twitter:data1\" content=\"alextreh@gmail.com\" \/>\n\t<meta name=\"twitter:label2\" content=\"Est. tempo de leitura\" \/>\n\t<meta name=\"twitter:data2\" content=\"3 minutos\" \/>\n<script type=\"application\/ld+json\" class=\"yoast-schema-graph\">{\"@context\":\"https:\/\/schema.org\",\"@graph\":[{\"@type\":\"Article\",\"@id\":\"https:\/\/salmosbiblicos.com.br\/index.php\/2026\/03\/30\/estevam-fe-perseguicao-e-o-poder-do-perdao\/#article\",\"isPartOf\":{\"@id\":\"https:\/\/salmosbiblicos.com.br\/index.php\/2026\/03\/30\/estevam-fe-perseguicao-e-o-poder-do-perdao\/\"},\"author\":{\"name\":\"alextreh@gmail.com\",\"@id\":\"https:\/\/salmosbiblicos.com.br\/#\/schema\/person\/30586d0fb3f3a46b78a3414fc39cc975\"},\"headline\":\"Estevam: F\u00e9, Persegui\u00e7\u00e3o e o Poder do Perd\u00e3o\",\"datePublished\":\"2026-03-30T12:16:04+00:00\",\"mainEntityOfPage\":{\"@id\":\"https:\/\/salmosbiblicos.com.br\/index.php\/2026\/03\/30\/estevam-fe-perseguicao-e-o-poder-do-perdao\/\"},\"wordCount\":540,\"articleSection\":[\"Reflex\u00e3o\"],\"inLanguage\":\"pt-BR\"},{\"@type\":\"WebPage\",\"@id\":\"https:\/\/salmosbiblicos.com.br\/index.php\/2026\/03\/30\/estevam-fe-perseguicao-e-o-poder-do-perdao\/\",\"url\":\"https:\/\/salmosbiblicos.com.br\/index.php\/2026\/03\/30\/estevam-fe-perseguicao-e-o-poder-do-perdao\/\",\"name\":\"Estevam: F\u00e9, Persegui\u00e7\u00e3o e o Poder do Perd\u00e3o - Salmos B\u00edblicos\",\"isPartOf\":{\"@id\":\"https:\/\/salmosbiblicos.com.br\/#website\"},\"datePublished\":\"2026-03-30T12:16:04+00:00\",\"author\":{\"@id\":\"https:\/\/salmosbiblicos.com.br\/#\/schema\/person\/30586d0fb3f3a46b78a3414fc39cc975\"},\"breadcrumb\":{\"@id\":\"https:\/\/salmosbiblicos.com.br\/index.php\/2026\/03\/30\/estevam-fe-perseguicao-e-o-poder-do-perdao\/#breadcrumb\"},\"inLanguage\":\"pt-BR\",\"potentialAction\":[{\"@type\":\"ReadAction\",\"target\":[\"https:\/\/salmosbiblicos.com.br\/index.php\/2026\/03\/30\/estevam-fe-perseguicao-e-o-poder-do-perdao\/\"]}]},{\"@type\":\"BreadcrumbList\",\"@id\":\"https:\/\/salmosbiblicos.com.br\/index.php\/2026\/03\/30\/estevam-fe-perseguicao-e-o-poder-do-perdao\/#breadcrumb\",\"itemListElement\":[{\"@type\":\"ListItem\",\"position\":1,\"name\":\"Home\",\"item\":\"https:\/\/salmosbiblicos.com.br\/\"},{\"@type\":\"ListItem\",\"position\":2,\"name\":\"Estevam: F\u00e9, Persegui\u00e7\u00e3o e o Poder do Perd\u00e3o\"}]},{\"@type\":\"WebSite\",\"@id\":\"https:\/\/salmosbiblicos.com.br\/#website\",\"url\":\"https:\/\/salmosbiblicos.com.br\/\",\"name\":\"Salmos B\u00edblicos\",\"description\":\"Uma e-Livraria com e-Books novos para voc\u00ea refletir.\",\"potentialAction\":[{\"@type\":\"SearchAction\",\"target\":{\"@type\":\"EntryPoint\",\"urlTemplate\":\"https:\/\/salmosbiblicos.com.br\/?s={search_term_string}\"},\"query-input\":{\"@type\":\"PropertyValueSpecification\",\"valueRequired\":true,\"valueName\":\"search_term_string\"}}],\"inLanguage\":\"pt-BR\"},{\"@type\":\"Person\",\"@id\":\"https:\/\/salmosbiblicos.com.br\/#\/schema\/person\/30586d0fb3f3a46b78a3414fc39cc975\",\"name\":\"alextreh@gmail.com\",\"image\":{\"@type\":\"ImageObject\",\"inLanguage\":\"pt-BR\",\"@id\":\"https:\/\/secure.gravatar.com\/avatar\/7cf84d31f581ec97b887c1039d478a7c293086896c84951a86753fb2c2af7527?s=96&d=mm&r=g\",\"url\":\"https:\/\/secure.gravatar.com\/avatar\/7cf84d31f581ec97b887c1039d478a7c293086896c84951a86753fb2c2af7527?s=96&d=mm&r=g\",\"contentUrl\":\"https:\/\/secure.gravatar.com\/avatar\/7cf84d31f581ec97b887c1039d478a7c293086896c84951a86753fb2c2af7527?s=96&d=mm&r=g\",\"caption\":\"alextreh@gmail.com\"},\"sameAs\":[\"http:\/\/salmosbiblicos.com.br\"],\"url\":\"https:\/\/salmosbiblicos.com.br\/index.php\/author\/alextrehgmail-com\/\"}]}<\/script>\n<!-- \/ Yoast SEO plugin. -->","yoast_head_json":{"title":"Estevam: F\u00e9, Persegui\u00e7\u00e3o e o Poder do Perd\u00e3o - Salmos B\u00edblicos","robots":{"index":"index","follow":"follow","max-snippet":"max-snippet:-1","max-image-preview":"max-image-preview:large","max-video-preview":"max-video-preview:-1"},"canonical":"https:\/\/salmosbiblicos.com.br\/index.php\/2026\/03\/30\/estevam-fe-perseguicao-e-o-poder-do-perdao\/","og_locale":"pt_BR","og_type":"article","og_title":"Estevam: F\u00e9, Persegui\u00e7\u00e3o e o Poder do Perd\u00e3o - Salmos B\u00edblicos","og_description":"## A Sabedoria que Transcende o Mundo A beleza da f\u00e9 reside na sua capacidade de nos confrontar com a verdade, mesmo quando esta desafia as conven\u00e7\u00f5es e a l\u00f3gica do mundo. Vimos em nossa jornada espiritual a persegui\u00e7\u00e3o de Estevam, um homem preenchido de gra\u00e7a e poder, cuja mensagem ressoava com a for\u00e7a do [&hellip;]","og_url":"https:\/\/salmosbiblicos.com.br\/index.php\/2026\/03\/30\/estevam-fe-perseguicao-e-o-poder-do-perdao\/","og_site_name":"Salmos B\u00edblicos","article_published_time":"2026-03-30T12:16:04+00:00","author":"alextreh@gmail.com","twitter_card":"summary_large_image","twitter_misc":{"Escrito por":"alextreh@gmail.com","Est. tempo de leitura":"3 minutos"},"schema":{"@context":"https:\/\/schema.org","@graph":[{"@type":"Article","@id":"https:\/\/salmosbiblicos.com.br\/index.php\/2026\/03\/30\/estevam-fe-perseguicao-e-o-poder-do-perdao\/#article","isPartOf":{"@id":"https:\/\/salmosbiblicos.com.br\/index.php\/2026\/03\/30\/estevam-fe-perseguicao-e-o-poder-do-perdao\/"},"author":{"name":"alextreh@gmail.com","@id":"https:\/\/salmosbiblicos.com.br\/#\/schema\/person\/30586d0fb3f3a46b78a3414fc39cc975"},"headline":"Estevam: F\u00e9, Persegui\u00e7\u00e3o e o Poder do Perd\u00e3o","datePublished":"2026-03-30T12:16:04+00:00","mainEntityOfPage":{"@id":"https:\/\/salmosbiblicos.com.br\/index.php\/2026\/03\/30\/estevam-fe-perseguicao-e-o-poder-do-perdao\/"},"wordCount":540,"articleSection":["Reflex\u00e3o"],"inLanguage":"pt-BR"},{"@type":"WebPage","@id":"https:\/\/salmosbiblicos.com.br\/index.php\/2026\/03\/30\/estevam-fe-perseguicao-e-o-poder-do-perdao\/","url":"https:\/\/salmosbiblicos.com.br\/index.php\/2026\/03\/30\/estevam-fe-perseguicao-e-o-poder-do-perdao\/","name":"Estevam: F\u00e9, Persegui\u00e7\u00e3o e o Poder do Perd\u00e3o - Salmos B\u00edblicos","isPartOf":{"@id":"https:\/\/salmosbiblicos.com.br\/#website"},"datePublished":"2026-03-30T12:16:04+00:00","author":{"@id":"https:\/\/salmosbiblicos.com.br\/#\/schema\/person\/30586d0fb3f3a46b78a3414fc39cc975"},"breadcrumb":{"@id":"https:\/\/salmosbiblicos.com.br\/index.php\/2026\/03\/30\/estevam-fe-perseguicao-e-o-poder-do-perdao\/#breadcrumb"},"inLanguage":"pt-BR","potentialAction":[{"@type":"ReadAction","target":["https:\/\/salmosbiblicos.com.br\/index.php\/2026\/03\/30\/estevam-fe-perseguicao-e-o-poder-do-perdao\/"]}]},{"@type":"BreadcrumbList","@id":"https:\/\/salmosbiblicos.com.br\/index.php\/2026\/03\/30\/estevam-fe-perseguicao-e-o-poder-do-perdao\/#breadcrumb","itemListElement":[{"@type":"ListItem","position":1,"name":"Home","item":"https:\/\/salmosbiblicos.com.br\/"},{"@type":"ListItem","position":2,"name":"Estevam: F\u00e9, Persegui\u00e7\u00e3o e o Poder do Perd\u00e3o"}]},{"@type":"WebSite","@id":"https:\/\/salmosbiblicos.com.br\/#website","url":"https:\/\/salmosbiblicos.com.br\/","name":"Salmos B\u00edblicos","description":"Uma e-Livraria com e-Books novos para voc\u00ea refletir.","potentialAction":[{"@type":"SearchAction","target":{"@type":"EntryPoint","urlTemplate":"https:\/\/salmosbiblicos.com.br\/?s={search_term_string}"},"query-input":{"@type":"PropertyValueSpecification","valueRequired":true,"valueName":"search_term_string"}}],"inLanguage":"pt-BR"},{"@type":"Person","@id":"https:\/\/salmosbiblicos.com.br\/#\/schema\/person\/30586d0fb3f3a46b78a3414fc39cc975","name":"alextreh@gmail.com","image":{"@type":"ImageObject","inLanguage":"pt-BR","@id":"https:\/\/secure.gravatar.com\/avatar\/7cf84d31f581ec97b887c1039d478a7c293086896c84951a86753fb2c2af7527?s=96&d=mm&r=g","url":"https:\/\/secure.gravatar.com\/avatar\/7cf84d31f581ec97b887c1039d478a7c293086896c84951a86753fb2c2af7527?s=96&d=mm&r=g","contentUrl":"https:\/\/secure.gravatar.com\/avatar\/7cf84d31f581ec97b887c1039d478a7c293086896c84951a86753fb2c2af7527?s=96&d=mm&r=g","caption":"alextreh@gmail.com"},"sameAs":["http:\/\/salmosbiblicos.com.br"],"url":"https:\/\/salmosbiblicos.com.br\/index.php\/author\/alextrehgmail-com\/"}]}},"_links":{"self":[{"href":"https:\/\/salmosbiblicos.com.br\/index.php\/wp-json\/wp\/v2\/posts\/6164","targetHints":{"allow":["GET"]}}],"collection":[{"href":"https:\/\/salmosbiblicos.com.br\/index.php\/wp-json\/wp\/v2\/posts"}],"about":[{"href":"https:\/\/salmosbiblicos.com.br\/index.php\/wp-json\/wp\/v2\/types\/post"}],"author":[{"embeddable":true,"href":"https:\/\/salmosbiblicos.com.br\/index.php\/wp-json\/wp\/v2\/users\/1"}],"replies":[{"embeddable":true,"href":"https:\/\/salmosbiblicos.com.br\/index.php\/wp-json\/wp\/v2\/comments?post=6164"}],"version-history":[{"count":1,"href":"https:\/\/salmosbiblicos.com.br\/index.php\/wp-json\/wp\/v2\/posts\/6164\/revisions"}],"predecessor-version":[{"id":6165,"href":"https:\/\/salmosbiblicos.com.br\/index.php\/wp-json\/wp\/v2\/posts\/6164\/revisions\/6165"}],"wp:attachment":[{"href":"https:\/\/salmosbiblicos.com.br\/index.php\/wp-json\/wp\/v2\/media?parent=6164"}],"wp:term":[{"taxonomy":"category","embeddable":true,"href":"https:\/\/salmosbiblicos.com.br\/index.php\/wp-json\/wp\/v2\/categories?post=6164"},{"taxonomy":"post_tag","embeddable":true,"href":"https:\/\/salmosbiblicos.com.br\/index.php\/wp-json\/wp\/v2\/tags?post=6164"}],"curies":[{"name":"wp","href":"https:\/\/api.w.org\/{rel}","templated":true}]}}