{"id":6188,"date":"2026-03-30T10:39:43","date_gmt":"2026-03-30T13:39:43","guid":{"rendered":"https:\/\/salmosbiblicos.com.br\/?p=6188"},"modified":"2026-03-30T10:39:43","modified_gmt":"2026-03-30T13:39:43","slug":"profecia-fe-e-ressurreicao-reflexoes-sobre-a-vida-eterna","status":"publish","type":"post","link":"https:\/\/salmosbiblicos.com.br\/index.php\/2026\/03\/30\/profecia-fe-e-ressurreicao-reflexoes-sobre-a-vida-eterna\/","title":{"rendered":"Profecia, F\u00e9 e Ressurrei\u00e7\u00e3o: Reflex\u00f5es sobre a Vida Eterna"},"content":{"rendered":"<p>## A Alian\u00e7a Eterna e a Esperan\u00e7a da Ressurrei\u00e7\u00e3o<\/p>\n<p>\u00c9 com profundo senso de gratid\u00e3o que nos reunimos para refletir sobre a palavra de Deus. Uma palavra que nos convida a contemplar a brevidade da vida e a import\u00e2ncia da fidelidade, especialmente diante do mist\u00e9rio da morte.<\/p>\n<p>### A Profecia e a Lan\u00e7a de Fogo<\/p>\n<p>O livro de Eclesi\u00e1stico nos transporta a tempos de profetas, homens e mulheres escolhidos por Deus para comunicar sua vontade.  **Eles se levantaram como tochas em meio \u00e0 escurid\u00e3o,** denunciando a injusti\u00e7a e clamando por convers\u00e3o. Aquele que profetiza, por si s\u00f3, \u00e9 um instrumento de luz na escurid\u00e3o do mundo.<\/p>\n<p>Elias, profeta not\u00e1vel, foi arrebatado ao c\u00e9u em meio a um turbilh\u00e3o de fogo. Um sinal poderoso que demonstra a for\u00e7a do Alt\u00edssimo e o seu cuidado para com aqueles que lhe s\u00e3o fi\u00e9is. Sua vida foi um testemunho de coragem, um exemplo de como podemos ser chamados a cumprir prop\u00f3sitos divinos, mesmo que enfrentemos grande oposi\u00e7\u00e3o.<\/p>\n<p>### O Legado dos Santos<\/p>\n<p>A beleza do texto reside na afirma\u00e7\u00e3o de que **\u201cfelizes os que tiveram e os que adormeceram na tua amizade.\u201d**  A morte n\u00e3o \u00e9 o fim para aqueles que encontram ref\u00fagio em Deus. Pelo contr\u00e1rio, \u00e9 o portal para a verdadeira vida, a comunh\u00e3o eterna com o Pai.<\/p>\n<p>Apocalipse ecoa essa promessa: \u201cFelizes os mortos que desde agora morrem no Senhor.\u201d Um descanso merecido ap\u00f3s a \u00e1rdua jornada. A recompensa aguarda aqueles que perseveram na f\u00e9.<\/p>\n<p>### Viver na Gra\u00e7a de Deus<\/p>\n<p>A pergunta que ecoa em nossos cora\u00e7\u00f5es \u00e9 simples, por\u00e9m profunda: \u201cSer\u00e1 que voc\u00ea vai morrer amigo de Deus?\u201d A resposta reside na maneira como vivemos nosso presente.  Para morrer em Deus, \u00e9 preciso viver em Deus. A vida virtuosa \u00e9 o caminho que nos conduz \u00e0 gra\u00e7a do Senhor.<\/p>\n<p>Romanos nos lembra: \u201cOra, se morremos com Cristo, cremos que viveremos tamb\u00e9m com Ele.\u201d A morte de Cristo na cruz nos libertou do pecado, e a nossa uni\u00e3o com Ele nos garante a vit\u00f3ria sobre a morte.  <\/p>\n<p>### A Coroa da Justi\u00e7a<\/p>\n<p>O ap\u00f3stolo Paulo, diante da iminente morte, proclamou: \u201cCombati o bom combate, terminei a minha carreira, guardei a f\u00e9.\u201d  Essa \u00e9 a marca daqueles que se dedicam a seguir os ensinamentos de Cristo.<\/p>\n<p>**A coroa da justi\u00e7a \u00e9 a recompensa daqueles que amam a apari\u00e7\u00e3o do Senhor,** que permanecem fi\u00e9is em meio \u00e0s prova\u00e7\u00f5es e que buscam a santidade em todas as suas a\u00e7\u00f5es.<\/p>\n<p>### A Coragem do Vencedor<\/p>\n<p>Filipenses nos revela a certeza do crente: \u201cPara mim, viver \u00e9 Cristo e morrer \u00e9 lucro.\u201d A morte perde o seu poder diante da esperan\u00e7a da ressurrei\u00e7\u00e3o.  <\/p>\n<p>Mois\u00e9s, aos 120 anos, morreu em paz, com a vis\u00e3o clara e o vigor preservado. Ele, que conversava face a face com Deus, nos deixou um legado de f\u00e9 e obedi\u00eancia.<\/p>\n<p>### Um Chamado \u00e0 Reflex\u00e3o<\/p>\n<p>Que esta reflex\u00e3o nos inspire a buscar uma vida em Deus, a fortalecer nossa f\u00e9 e a nos prepararmos para o dia em que nos reuniremos com Ele.  **Que possamos responder com convic\u00e7\u00e3o: \u201cEu quero morrer sendo amigo de Deus.\u201d** Que essa seja a nossa prece, a nossa esperan\u00e7a, o nosso caminho.<\/p>\n","protected":false},"excerpt":{"rendered":"<p>## A Alian\u00e7a Eterna e a Esperan\u00e7a da Ressurrei\u00e7\u00e3o \u00c9 com profundo senso de gratid\u00e3o que nos reunimos para refletir sobre a palavra de Deus. Uma palavra que nos convida a contemplar a brevidade da vida e a import\u00e2ncia da fidelidade, especialmente diante do mist\u00e9rio da morte. ### A Profecia e a Lan\u00e7a de Fogo [&hellip;]<\/p>\n","protected":false},"author":1,"featured_media":0,"comment_status":"closed","ping_status":"open","sticky":false,"template":"","format":"standard","meta":{"footnotes":""},"categories":[14],"tags":[],"class_list":["post-6188","post","type-post","status-publish","format-standard","hentry","category-reflexao"],"yoast_head":"<!-- This site is optimized with the Yoast SEO plugin v27.2 - https:\/\/yoast.com\/product\/yoast-seo-wordpress\/ -->\n<title>Profecia, F\u00e9 e Ressurrei\u00e7\u00e3o: Reflex\u00f5es sobre a Vida Eterna - Salmos B\u00edblicos<\/title>\n<meta name=\"robots\" content=\"index, follow, max-snippet:-1, max-image-preview:large, max-video-preview:-1\" \/>\n<link rel=\"canonical\" href=\"https:\/\/salmosbiblicos.com.br\/index.php\/2026\/03\/30\/profecia-fe-e-ressurreicao-reflexoes-sobre-a-vida-eterna\/\" \/>\n<meta property=\"og:locale\" content=\"pt_BR\" \/>\n<meta property=\"og:type\" content=\"article\" \/>\n<meta property=\"og:title\" content=\"Profecia, F\u00e9 e Ressurrei\u00e7\u00e3o: Reflex\u00f5es sobre a Vida Eterna - Salmos B\u00edblicos\" \/>\n<meta property=\"og:description\" content=\"## A Alian\u00e7a Eterna e a Esperan\u00e7a da Ressurrei\u00e7\u00e3o \u00c9 com profundo senso de gratid\u00e3o que nos reunimos para refletir sobre a palavra de Deus. Uma palavra que nos convida a contemplar a brevidade da vida e a import\u00e2ncia da fidelidade, especialmente diante do mist\u00e9rio da morte. ### A Profecia e a Lan\u00e7a de Fogo [&hellip;]\" \/>\n<meta property=\"og:url\" content=\"https:\/\/salmosbiblicos.com.br\/index.php\/2026\/03\/30\/profecia-fe-e-ressurreicao-reflexoes-sobre-a-vida-eterna\/\" \/>\n<meta property=\"og:site_name\" content=\"Salmos B\u00edblicos\" \/>\n<meta property=\"article:published_time\" content=\"2026-03-30T13:39:43+00:00\" \/>\n<meta name=\"author\" content=\"alextreh@gmail.com\" \/>\n<meta name=\"twitter:card\" content=\"summary_large_image\" \/>\n<meta name=\"twitter:label1\" content=\"Escrito por\" \/>\n\t<meta name=\"twitter:data1\" content=\"alextreh@gmail.com\" \/>\n\t<meta name=\"twitter:label2\" content=\"Est. tempo de leitura\" \/>\n\t<meta name=\"twitter:data2\" content=\"3 minutos\" \/>\n<script type=\"application\/ld+json\" class=\"yoast-schema-graph\">{\"@context\":\"https:\/\/schema.org\",\"@graph\":[{\"@type\":\"Article\",\"@id\":\"https:\/\/salmosbiblicos.com.br\/index.php\/2026\/03\/30\/profecia-fe-e-ressurreicao-reflexoes-sobre-a-vida-eterna\/#article\",\"isPartOf\":{\"@id\":\"https:\/\/salmosbiblicos.com.br\/index.php\/2026\/03\/30\/profecia-fe-e-ressurreicao-reflexoes-sobre-a-vida-eterna\/\"},\"author\":{\"name\":\"alextreh@gmail.com\",\"@id\":\"https:\/\/salmosbiblicos.com.br\/#\/schema\/person\/30586d0fb3f3a46b78a3414fc39cc975\"},\"headline\":\"Profecia, F\u00e9 e Ressurrei\u00e7\u00e3o: Reflex\u00f5es sobre a Vida Eterna\",\"datePublished\":\"2026-03-30T13:39:43+00:00\",\"mainEntityOfPage\":{\"@id\":\"https:\/\/salmosbiblicos.com.br\/index.php\/2026\/03\/30\/profecia-fe-e-ressurreicao-reflexoes-sobre-a-vida-eterna\/\"},\"wordCount\":565,\"articleSection\":[\"Reflex\u00e3o\"],\"inLanguage\":\"pt-BR\"},{\"@type\":\"WebPage\",\"@id\":\"https:\/\/salmosbiblicos.com.br\/index.php\/2026\/03\/30\/profecia-fe-e-ressurreicao-reflexoes-sobre-a-vida-eterna\/\",\"url\":\"https:\/\/salmosbiblicos.com.br\/index.php\/2026\/03\/30\/profecia-fe-e-ressurreicao-reflexoes-sobre-a-vida-eterna\/\",\"name\":\"Profecia, F\u00e9 e Ressurrei\u00e7\u00e3o: Reflex\u00f5es sobre a Vida Eterna - Salmos B\u00edblicos\",\"isPartOf\":{\"@id\":\"https:\/\/salmosbiblicos.com.br\/#website\"},\"datePublished\":\"2026-03-30T13:39:43+00:00\",\"author\":{\"@id\":\"https:\/\/salmosbiblicos.com.br\/#\/schema\/person\/30586d0fb3f3a46b78a3414fc39cc975\"},\"breadcrumb\":{\"@id\":\"https:\/\/salmosbiblicos.com.br\/index.php\/2026\/03\/30\/profecia-fe-e-ressurreicao-reflexoes-sobre-a-vida-eterna\/#breadcrumb\"},\"inLanguage\":\"pt-BR\",\"potentialAction\":[{\"@type\":\"ReadAction\",\"target\":[\"https:\/\/salmosbiblicos.com.br\/index.php\/2026\/03\/30\/profecia-fe-e-ressurreicao-reflexoes-sobre-a-vida-eterna\/\"]}]},{\"@type\":\"BreadcrumbList\",\"@id\":\"https:\/\/salmosbiblicos.com.br\/index.php\/2026\/03\/30\/profecia-fe-e-ressurreicao-reflexoes-sobre-a-vida-eterna\/#breadcrumb\",\"itemListElement\":[{\"@type\":\"ListItem\",\"position\":1,\"name\":\"Home\",\"item\":\"https:\/\/salmosbiblicos.com.br\/\"},{\"@type\":\"ListItem\",\"position\":2,\"name\":\"Profecia, F\u00e9 e Ressurrei\u00e7\u00e3o: Reflex\u00f5es sobre a Vida Eterna\"}]},{\"@type\":\"WebSite\",\"@id\":\"https:\/\/salmosbiblicos.com.br\/#website\",\"url\":\"https:\/\/salmosbiblicos.com.br\/\",\"name\":\"Salmos B\u00edblicos\",\"description\":\"Uma e-Livraria com e-Books novos para voc\u00ea refletir.\",\"potentialAction\":[{\"@type\":\"SearchAction\",\"target\":{\"@type\":\"EntryPoint\",\"urlTemplate\":\"https:\/\/salmosbiblicos.com.br\/?s={search_term_string}\"},\"query-input\":{\"@type\":\"PropertyValueSpecification\",\"valueRequired\":true,\"valueName\":\"search_term_string\"}}],\"inLanguage\":\"pt-BR\"},{\"@type\":\"Person\",\"@id\":\"https:\/\/salmosbiblicos.com.br\/#\/schema\/person\/30586d0fb3f3a46b78a3414fc39cc975\",\"name\":\"alextreh@gmail.com\",\"image\":{\"@type\":\"ImageObject\",\"inLanguage\":\"pt-BR\",\"@id\":\"https:\/\/secure.gravatar.com\/avatar\/7cf84d31f581ec97b887c1039d478a7c293086896c84951a86753fb2c2af7527?s=96&d=mm&r=g\",\"url\":\"https:\/\/secure.gravatar.com\/avatar\/7cf84d31f581ec97b887c1039d478a7c293086896c84951a86753fb2c2af7527?s=96&d=mm&r=g\",\"contentUrl\":\"https:\/\/secure.gravatar.com\/avatar\/7cf84d31f581ec97b887c1039d478a7c293086896c84951a86753fb2c2af7527?s=96&d=mm&r=g\",\"caption\":\"alextreh@gmail.com\"},\"sameAs\":[\"http:\/\/salmosbiblicos.com.br\"],\"url\":\"https:\/\/salmosbiblicos.com.br\/index.php\/author\/alextrehgmail-com\/\"}]}<\/script>\n<!-- \/ Yoast SEO plugin. -->","yoast_head_json":{"title":"Profecia, F\u00e9 e Ressurrei\u00e7\u00e3o: Reflex\u00f5es sobre a Vida Eterna - Salmos B\u00edblicos","robots":{"index":"index","follow":"follow","max-snippet":"max-snippet:-1","max-image-preview":"max-image-preview:large","max-video-preview":"max-video-preview:-1"},"canonical":"https:\/\/salmosbiblicos.com.br\/index.php\/2026\/03\/30\/profecia-fe-e-ressurreicao-reflexoes-sobre-a-vida-eterna\/","og_locale":"pt_BR","og_type":"article","og_title":"Profecia, F\u00e9 e Ressurrei\u00e7\u00e3o: Reflex\u00f5es sobre a Vida Eterna - Salmos B\u00edblicos","og_description":"## A Alian\u00e7a Eterna e a Esperan\u00e7a da Ressurrei\u00e7\u00e3o \u00c9 com profundo senso de gratid\u00e3o que nos reunimos para refletir sobre a palavra de Deus. Uma palavra que nos convida a contemplar a brevidade da vida e a import\u00e2ncia da fidelidade, especialmente diante do mist\u00e9rio da morte. ### A Profecia e a Lan\u00e7a de Fogo [&hellip;]","og_url":"https:\/\/salmosbiblicos.com.br\/index.php\/2026\/03\/30\/profecia-fe-e-ressurreicao-reflexoes-sobre-a-vida-eterna\/","og_site_name":"Salmos B\u00edblicos","article_published_time":"2026-03-30T13:39:43+00:00","author":"alextreh@gmail.com","twitter_card":"summary_large_image","twitter_misc":{"Escrito por":"alextreh@gmail.com","Est. tempo de leitura":"3 minutos"},"schema":{"@context":"https:\/\/schema.org","@graph":[{"@type":"Article","@id":"https:\/\/salmosbiblicos.com.br\/index.php\/2026\/03\/30\/profecia-fe-e-ressurreicao-reflexoes-sobre-a-vida-eterna\/#article","isPartOf":{"@id":"https:\/\/salmosbiblicos.com.br\/index.php\/2026\/03\/30\/profecia-fe-e-ressurreicao-reflexoes-sobre-a-vida-eterna\/"},"author":{"name":"alextreh@gmail.com","@id":"https:\/\/salmosbiblicos.com.br\/#\/schema\/person\/30586d0fb3f3a46b78a3414fc39cc975"},"headline":"Profecia, F\u00e9 e Ressurrei\u00e7\u00e3o: Reflex\u00f5es sobre a Vida Eterna","datePublished":"2026-03-30T13:39:43+00:00","mainEntityOfPage":{"@id":"https:\/\/salmosbiblicos.com.br\/index.php\/2026\/03\/30\/profecia-fe-e-ressurreicao-reflexoes-sobre-a-vida-eterna\/"},"wordCount":565,"articleSection":["Reflex\u00e3o"],"inLanguage":"pt-BR"},{"@type":"WebPage","@id":"https:\/\/salmosbiblicos.com.br\/index.php\/2026\/03\/30\/profecia-fe-e-ressurreicao-reflexoes-sobre-a-vida-eterna\/","url":"https:\/\/salmosbiblicos.com.br\/index.php\/2026\/03\/30\/profecia-fe-e-ressurreicao-reflexoes-sobre-a-vida-eterna\/","name":"Profecia, F\u00e9 e Ressurrei\u00e7\u00e3o: Reflex\u00f5es sobre a Vida Eterna - Salmos B\u00edblicos","isPartOf":{"@id":"https:\/\/salmosbiblicos.com.br\/#website"},"datePublished":"2026-03-30T13:39:43+00:00","author":{"@id":"https:\/\/salmosbiblicos.com.br\/#\/schema\/person\/30586d0fb3f3a46b78a3414fc39cc975"},"breadcrumb":{"@id":"https:\/\/salmosbiblicos.com.br\/index.php\/2026\/03\/30\/profecia-fe-e-ressurreicao-reflexoes-sobre-a-vida-eterna\/#breadcrumb"},"inLanguage":"pt-BR","potentialAction":[{"@type":"ReadAction","target":["https:\/\/salmosbiblicos.com.br\/index.php\/2026\/03\/30\/profecia-fe-e-ressurreicao-reflexoes-sobre-a-vida-eterna\/"]}]},{"@type":"BreadcrumbList","@id":"https:\/\/salmosbiblicos.com.br\/index.php\/2026\/03\/30\/profecia-fe-e-ressurreicao-reflexoes-sobre-a-vida-eterna\/#breadcrumb","itemListElement":[{"@type":"ListItem","position":1,"name":"Home","item":"https:\/\/salmosbiblicos.com.br\/"},{"@type":"ListItem","position":2,"name":"Profecia, F\u00e9 e Ressurrei\u00e7\u00e3o: Reflex\u00f5es sobre a Vida Eterna"}]},{"@type":"WebSite","@id":"https:\/\/salmosbiblicos.com.br\/#website","url":"https:\/\/salmosbiblicos.com.br\/","name":"Salmos B\u00edblicos","description":"Uma e-Livraria com e-Books novos para voc\u00ea refletir.","potentialAction":[{"@type":"SearchAction","target":{"@type":"EntryPoint","urlTemplate":"https:\/\/salmosbiblicos.com.br\/?s={search_term_string}"},"query-input":{"@type":"PropertyValueSpecification","valueRequired":true,"valueName":"search_term_string"}}],"inLanguage":"pt-BR"},{"@type":"Person","@id":"https:\/\/salmosbiblicos.com.br\/#\/schema\/person\/30586d0fb3f3a46b78a3414fc39cc975","name":"alextreh@gmail.com","image":{"@type":"ImageObject","inLanguage":"pt-BR","@id":"https:\/\/secure.gravatar.com\/avatar\/7cf84d31f581ec97b887c1039d478a7c293086896c84951a86753fb2c2af7527?s=96&d=mm&r=g","url":"https:\/\/secure.gravatar.com\/avatar\/7cf84d31f581ec97b887c1039d478a7c293086896c84951a86753fb2c2af7527?s=96&d=mm&r=g","contentUrl":"https:\/\/secure.gravatar.com\/avatar\/7cf84d31f581ec97b887c1039d478a7c293086896c84951a86753fb2c2af7527?s=96&d=mm&r=g","caption":"alextreh@gmail.com"},"sameAs":["http:\/\/salmosbiblicos.com.br"],"url":"https:\/\/salmosbiblicos.com.br\/index.php\/author\/alextrehgmail-com\/"}]}},"_links":{"self":[{"href":"https:\/\/salmosbiblicos.com.br\/index.php\/wp-json\/wp\/v2\/posts\/6188","targetHints":{"allow":["GET"]}}],"collection":[{"href":"https:\/\/salmosbiblicos.com.br\/index.php\/wp-json\/wp\/v2\/posts"}],"about":[{"href":"https:\/\/salmosbiblicos.com.br\/index.php\/wp-json\/wp\/v2\/types\/post"}],"author":[{"embeddable":true,"href":"https:\/\/salmosbiblicos.com.br\/index.php\/wp-json\/wp\/v2\/users\/1"}],"replies":[{"embeddable":true,"href":"https:\/\/salmosbiblicos.com.br\/index.php\/wp-json\/wp\/v2\/comments?post=6188"}],"version-history":[{"count":1,"href":"https:\/\/salmosbiblicos.com.br\/index.php\/wp-json\/wp\/v2\/posts\/6188\/revisions"}],"predecessor-version":[{"id":6189,"href":"https:\/\/salmosbiblicos.com.br\/index.php\/wp-json\/wp\/v2\/posts\/6188\/revisions\/6189"}],"wp:attachment":[{"href":"https:\/\/salmosbiblicos.com.br\/index.php\/wp-json\/wp\/v2\/media?parent=6188"}],"wp:term":[{"taxonomy":"category","embeddable":true,"href":"https:\/\/salmosbiblicos.com.br\/index.php\/wp-json\/wp\/v2\/categories?post=6188"},{"taxonomy":"post_tag","embeddable":true,"href":"https:\/\/salmosbiblicos.com.br\/index.php\/wp-json\/wp\/v2\/tags?post=6188"}],"curies":[{"name":"wp","href":"https:\/\/api.w.org\/{rel}","templated":true}]}}