{"id":6190,"date":"2026-03-31T08:47:51","date_gmt":"2026-03-31T11:47:51","guid":{"rendered":"https:\/\/salmosbiblicos.com.br\/?p=6190"},"modified":"2026-03-31T08:47:51","modified_gmt":"2026-03-31T11:47:51","slug":"gloria-na-dor-reflexoes-sobre-fe-em-tempos-de-aflicao","status":"publish","type":"post","link":"https:\/\/salmosbiblicos.com.br\/index.php\/2026\/03\/31\/gloria-na-dor-reflexoes-sobre-fe-em-tempos-de-aflicao\/","title":{"rendered":"Gl\u00f3ria na Dor: Reflex\u00f5es sobre F\u00e9 em Tempos de Afli\u00e7\u00e3o"},"content":{"rendered":"<p>## A Glorifica\u00e7\u00e3o no Sil\u00eancio da Trai\u00e7\u00e3o<\/p>\n<p>H\u00e1 momentos na vida em que a dor e a alegria se entrela\u00e7am de forma indissoci\u00e1vel, confundindo a nossa compreens\u00e3o da justi\u00e7a e da provid\u00eancia divina. Jesus, em sua jornada de sofrimento, revela-nos um segredo profundo: a **gl\u00f3ria pode florescer mesmo no contexto da mais intensa afli\u00e7\u00e3o**.<\/p>\n<p>\u00c9 um ensinamento que nos convida a refletir: como podemos encontrar a luz em meio \u00e0 escurid\u00e3o, a esperan\u00e7a na adversidade? Como podemos ser instrumentos de Deus, mesmo quando carregamos o peso das nossas fraquezas e falhas?<\/p>\n<p>### O Contexto da Paix\u00e3o<\/p>\n<p>Na \u00faltima ceia, em um momento de profunda intimidade com seus disc\u00edpulos, Jesus proclama: &#8220;Agora foi glorificado, o Filho do Homem.&#8221; Palavras que ecoam em meio \u00e0 imin\u00eancia da sua paix\u00e3o, do seu sofrimento e da sua morte. <\/p>\n<p>Este n\u00e3o \u00e9 um momento de exalta\u00e7\u00e3o mundana, mas um instante de revela\u00e7\u00e3o divina, quando a **gl\u00f3ria de Deus se manifesta na entrega e no sacrif\u00edcio**. Um sacrif\u00edcio que nos oferece a promessa de que, mesmo nos momentos mais sombrios, a gra\u00e7a divina pode prevalecer.<\/p>\n<p>### A Mensagem de Romanos<\/p>\n<p>O ap\u00f3stolo Paulo, em sua carta a Romanos, nos oferece uma perspectiva ainda mais sublime: \u201cOs sofrimentos da presente vida n\u00e3o t\u00eam propor\u00e7\u00e3o alguma com a gl\u00f3ria futura que nos deve ser manifestada.\u201d<\/p>\n<p>Esta \u00e9 a ess\u00eancia da nossa f\u00e9: a certeza de que a **dor passageira n\u00e3o pode diminuir a magnific\u00eancia da gl\u00f3ria eterna** que nos espera. Que a esperan\u00e7a que nos sustenta nos momentos de prova\u00e7\u00e3o.<\/p>\n<p>### A Trai\u00e7\u00e3o e a Separa\u00e7\u00e3o<\/p>\n<p>No entanto, a cena da \u00daltima Ceia \u00e9 marcada por um evento doloroso: a trai\u00e7\u00e3o de Judas. Jesus, com presteza, revela a trai\u00e7\u00e3o iminente, indicando para o seu traidor: &#8220;O que tem a fazer? Ele executou o seu plano.&#8221; E, ao se afastar, Judas se isola do grupo, deixando para tr\u00e1s o amor e a gra\u00e7a.<\/p>\n<p>Neste instante crucial, Jesus reafirma: &#8220;Agora foi glorificado, o Filho do Homem.&#8221; Um an\u00fancio solene que revela a **separa\u00e7\u00e3o entre o justo e o \u00edmpio**, entre aqueles que permanecem na luz e aqueles que se afastam da verdade.<\/p>\n<p>### A Sabedoria de Santa Agostinho<\/p>\n<p>Santa Agostinho, com sua profunda sabedoria, interpreta este momento como uma prefigura\u00e7\u00e3o da glorifica\u00e7\u00e3o final: \u201cO imundo saiu. Os puros permaneceram com aquele que os purifica.\u201d \u00c9 a **separa\u00e7\u00e3o do trigo do joio**, a distin\u00e7\u00e3o entre os justos e os injustos.<\/p>\n<p>Assim como Jesus se separa de Judas para cumprir a sua miss\u00e3o, n\u00f3s tamb\u00e9m somos chamados a discernir entre o bem e o mal, a escolher o caminho da virtude e da verdade. Que a luz de Deus ilumine o nosso discernimento.<\/p>\n<p>### O Chamado \u00e0 Fidelidade<\/p>\n<p>O ap\u00f3stolo Pedro, impetuoso em sua lealdade, pergunta: &#8220;Senhor, para onde vai? N\u00f3s n\u00e3o podemos segui-lo?&#8221; Jesus responde: \u201cPara onde eu vou, voc\u00eas n\u00e3o podem seguir agora.\u201d Mas nos assegura que, no tempo certo, o seguiremos.<\/p>\n<p>Este \u00e9 um convite \u00e0 perseveran\u00e7a, \u00e0 f\u00e9 inabal\u00e1vel, \u00e0 esperan\u00e7a que nos impulsiona a superar os desafios e a manter o foco na nossa meta: a **unidade com Deus**.<\/p>\n<p>### Um Apelo \u00e0 Reflex\u00e3o<\/p>\n<p>Que este momento de reflex\u00e3o nos inspire a buscar a **pureza de cora\u00e7\u00e3o**, a nos afastarmos do pecado e a permanecermos unidos a Jesus. Que a sua gl\u00f3ria nos ilumine e nos guie em nosso caminho.<\/p>\n<p>Com humildade, clamemos: \u201cPreciso estar do lado do justo. Preciso estar do lado do justo.\u201d Que a gra\u00e7a divina nos fortale\u00e7a para vivermos em santidade e em amor.<\/p>\n<p>Que a **glorifica\u00e7\u00e3o do Filho do Homem** seja a nossa luz, a nossa for\u00e7a e a nossa esperan\u00e7a. Am\u00e9m.<\/p>\n","protected":false},"excerpt":{"rendered":"<p>## A Glorifica\u00e7\u00e3o no Sil\u00eancio da Trai\u00e7\u00e3o H\u00e1 momentos na vida em que a dor e a alegria se entrela\u00e7am de forma indissoci\u00e1vel, confundindo a nossa compreens\u00e3o da justi\u00e7a e da provid\u00eancia divina. Jesus, em sua jornada de sofrimento, revela-nos um segredo profundo: a **gl\u00f3ria pode florescer mesmo no contexto da mais intensa afli\u00e7\u00e3o**. \u00c9 [&hellip;]<\/p>\n","protected":false},"author":1,"featured_media":0,"comment_status":"closed","ping_status":"open","sticky":false,"template":"","format":"standard","meta":{"footnotes":""},"categories":[14],"tags":[],"class_list":["post-6190","post","type-post","status-publish","format-standard","hentry","category-reflexao"],"yoast_head":"<!-- This site is optimized with the Yoast SEO plugin v27.2 - https:\/\/yoast.com\/product\/yoast-seo-wordpress\/ -->\n<title>Gl\u00f3ria na Dor: Reflex\u00f5es sobre F\u00e9 em Tempos de Afli\u00e7\u00e3o - Salmos B\u00edblicos<\/title>\n<meta name=\"robots\" content=\"index, follow, max-snippet:-1, max-image-preview:large, max-video-preview:-1\" \/>\n<link rel=\"canonical\" href=\"https:\/\/salmosbiblicos.com.br\/index.php\/2026\/03\/31\/gloria-na-dor-reflexoes-sobre-fe-em-tempos-de-aflicao\/\" \/>\n<meta property=\"og:locale\" content=\"pt_BR\" \/>\n<meta property=\"og:type\" content=\"article\" \/>\n<meta property=\"og:title\" content=\"Gl\u00f3ria na Dor: Reflex\u00f5es sobre F\u00e9 em Tempos de Afli\u00e7\u00e3o - Salmos B\u00edblicos\" \/>\n<meta property=\"og:description\" content=\"## A Glorifica\u00e7\u00e3o no Sil\u00eancio da Trai\u00e7\u00e3o H\u00e1 momentos na vida em que a dor e a alegria se entrela\u00e7am de forma indissoci\u00e1vel, confundindo a nossa compreens\u00e3o da justi\u00e7a e da provid\u00eancia divina. Jesus, em sua jornada de sofrimento, revela-nos um segredo profundo: a **gl\u00f3ria pode florescer mesmo no contexto da mais intensa afli\u00e7\u00e3o**. \u00c9 [&hellip;]\" \/>\n<meta property=\"og:url\" content=\"https:\/\/salmosbiblicos.com.br\/index.php\/2026\/03\/31\/gloria-na-dor-reflexoes-sobre-fe-em-tempos-de-aflicao\/\" \/>\n<meta property=\"og:site_name\" content=\"Salmos B\u00edblicos\" \/>\n<meta property=\"article:published_time\" content=\"2026-03-31T11:47:51+00:00\" \/>\n<meta name=\"author\" content=\"alextreh@gmail.com\" \/>\n<meta name=\"twitter:card\" content=\"summary_large_image\" \/>\n<meta name=\"twitter:label1\" content=\"Escrito por\" \/>\n\t<meta name=\"twitter:data1\" content=\"alextreh@gmail.com\" \/>\n\t<meta name=\"twitter:label2\" content=\"Est. tempo de leitura\" \/>\n\t<meta name=\"twitter:data2\" content=\"3 minutos\" \/>\n<script type=\"application\/ld+json\" class=\"yoast-schema-graph\">{\"@context\":\"https:\/\/schema.org\",\"@graph\":[{\"@type\":\"Article\",\"@id\":\"https:\/\/salmosbiblicos.com.br\/index.php\/2026\/03\/31\/gloria-na-dor-reflexoes-sobre-fe-em-tempos-de-aflicao\/#article\",\"isPartOf\":{\"@id\":\"https:\/\/salmosbiblicos.com.br\/index.php\/2026\/03\/31\/gloria-na-dor-reflexoes-sobre-fe-em-tempos-de-aflicao\/\"},\"author\":{\"name\":\"alextreh@gmail.com\",\"@id\":\"https:\/\/salmosbiblicos.com.br\/#\/schema\/person\/30586d0fb3f3a46b78a3414fc39cc975\"},\"headline\":\"Gl\u00f3ria na Dor: Reflex\u00f5es sobre F\u00e9 em Tempos de Afli\u00e7\u00e3o\",\"datePublished\":\"2026-03-31T11:47:51+00:00\",\"mainEntityOfPage\":{\"@id\":\"https:\/\/salmosbiblicos.com.br\/index.php\/2026\/03\/31\/gloria-na-dor-reflexoes-sobre-fe-em-tempos-de-aflicao\/\"},\"wordCount\":660,\"articleSection\":[\"Reflex\u00e3o\"],\"inLanguage\":\"pt-BR\"},{\"@type\":\"WebPage\",\"@id\":\"https:\/\/salmosbiblicos.com.br\/index.php\/2026\/03\/31\/gloria-na-dor-reflexoes-sobre-fe-em-tempos-de-aflicao\/\",\"url\":\"https:\/\/salmosbiblicos.com.br\/index.php\/2026\/03\/31\/gloria-na-dor-reflexoes-sobre-fe-em-tempos-de-aflicao\/\",\"name\":\"Gl\u00f3ria na Dor: Reflex\u00f5es sobre F\u00e9 em Tempos de Afli\u00e7\u00e3o - Salmos B\u00edblicos\",\"isPartOf\":{\"@id\":\"https:\/\/salmosbiblicos.com.br\/#website\"},\"datePublished\":\"2026-03-31T11:47:51+00:00\",\"author\":{\"@id\":\"https:\/\/salmosbiblicos.com.br\/#\/schema\/person\/30586d0fb3f3a46b78a3414fc39cc975\"},\"breadcrumb\":{\"@id\":\"https:\/\/salmosbiblicos.com.br\/index.php\/2026\/03\/31\/gloria-na-dor-reflexoes-sobre-fe-em-tempos-de-aflicao\/#breadcrumb\"},\"inLanguage\":\"pt-BR\",\"potentialAction\":[{\"@type\":\"ReadAction\",\"target\":[\"https:\/\/salmosbiblicos.com.br\/index.php\/2026\/03\/31\/gloria-na-dor-reflexoes-sobre-fe-em-tempos-de-aflicao\/\"]}]},{\"@type\":\"BreadcrumbList\",\"@id\":\"https:\/\/salmosbiblicos.com.br\/index.php\/2026\/03\/31\/gloria-na-dor-reflexoes-sobre-fe-em-tempos-de-aflicao\/#breadcrumb\",\"itemListElement\":[{\"@type\":\"ListItem\",\"position\":1,\"name\":\"Home\",\"item\":\"https:\/\/salmosbiblicos.com.br\/\"},{\"@type\":\"ListItem\",\"position\":2,\"name\":\"Gl\u00f3ria na Dor: Reflex\u00f5es sobre F\u00e9 em Tempos de Afli\u00e7\u00e3o\"}]},{\"@type\":\"WebSite\",\"@id\":\"https:\/\/salmosbiblicos.com.br\/#website\",\"url\":\"https:\/\/salmosbiblicos.com.br\/\",\"name\":\"Salmos B\u00edblicos\",\"description\":\"Uma e-Livraria com e-Books novos para voc\u00ea refletir.\",\"potentialAction\":[{\"@type\":\"SearchAction\",\"target\":{\"@type\":\"EntryPoint\",\"urlTemplate\":\"https:\/\/salmosbiblicos.com.br\/?s={search_term_string}\"},\"query-input\":{\"@type\":\"PropertyValueSpecification\",\"valueRequired\":true,\"valueName\":\"search_term_string\"}}],\"inLanguage\":\"pt-BR\"},{\"@type\":\"Person\",\"@id\":\"https:\/\/salmosbiblicos.com.br\/#\/schema\/person\/30586d0fb3f3a46b78a3414fc39cc975\",\"name\":\"alextreh@gmail.com\",\"image\":{\"@type\":\"ImageObject\",\"inLanguage\":\"pt-BR\",\"@id\":\"https:\/\/secure.gravatar.com\/avatar\/7cf84d31f581ec97b887c1039d478a7c293086896c84951a86753fb2c2af7527?s=96&d=mm&r=g\",\"url\":\"https:\/\/secure.gravatar.com\/avatar\/7cf84d31f581ec97b887c1039d478a7c293086896c84951a86753fb2c2af7527?s=96&d=mm&r=g\",\"contentUrl\":\"https:\/\/secure.gravatar.com\/avatar\/7cf84d31f581ec97b887c1039d478a7c293086896c84951a86753fb2c2af7527?s=96&d=mm&r=g\",\"caption\":\"alextreh@gmail.com\"},\"sameAs\":[\"http:\/\/salmosbiblicos.com.br\"],\"url\":\"https:\/\/salmosbiblicos.com.br\/index.php\/author\/alextrehgmail-com\/\"}]}<\/script>\n<!-- \/ Yoast SEO plugin. -->","yoast_head_json":{"title":"Gl\u00f3ria na Dor: Reflex\u00f5es sobre F\u00e9 em Tempos de Afli\u00e7\u00e3o - Salmos B\u00edblicos","robots":{"index":"index","follow":"follow","max-snippet":"max-snippet:-1","max-image-preview":"max-image-preview:large","max-video-preview":"max-video-preview:-1"},"canonical":"https:\/\/salmosbiblicos.com.br\/index.php\/2026\/03\/31\/gloria-na-dor-reflexoes-sobre-fe-em-tempos-de-aflicao\/","og_locale":"pt_BR","og_type":"article","og_title":"Gl\u00f3ria na Dor: Reflex\u00f5es sobre F\u00e9 em Tempos de Afli\u00e7\u00e3o - Salmos B\u00edblicos","og_description":"## A Glorifica\u00e7\u00e3o no Sil\u00eancio da Trai\u00e7\u00e3o H\u00e1 momentos na vida em que a dor e a alegria se entrela\u00e7am de forma indissoci\u00e1vel, confundindo a nossa compreens\u00e3o da justi\u00e7a e da provid\u00eancia divina. Jesus, em sua jornada de sofrimento, revela-nos um segredo profundo: a **gl\u00f3ria pode florescer mesmo no contexto da mais intensa afli\u00e7\u00e3o**. \u00c9 [&hellip;]","og_url":"https:\/\/salmosbiblicos.com.br\/index.php\/2026\/03\/31\/gloria-na-dor-reflexoes-sobre-fe-em-tempos-de-aflicao\/","og_site_name":"Salmos B\u00edblicos","article_published_time":"2026-03-31T11:47:51+00:00","author":"alextreh@gmail.com","twitter_card":"summary_large_image","twitter_misc":{"Escrito por":"alextreh@gmail.com","Est. tempo de leitura":"3 minutos"},"schema":{"@context":"https:\/\/schema.org","@graph":[{"@type":"Article","@id":"https:\/\/salmosbiblicos.com.br\/index.php\/2026\/03\/31\/gloria-na-dor-reflexoes-sobre-fe-em-tempos-de-aflicao\/#article","isPartOf":{"@id":"https:\/\/salmosbiblicos.com.br\/index.php\/2026\/03\/31\/gloria-na-dor-reflexoes-sobre-fe-em-tempos-de-aflicao\/"},"author":{"name":"alextreh@gmail.com","@id":"https:\/\/salmosbiblicos.com.br\/#\/schema\/person\/30586d0fb3f3a46b78a3414fc39cc975"},"headline":"Gl\u00f3ria na Dor: Reflex\u00f5es sobre F\u00e9 em Tempos de Afli\u00e7\u00e3o","datePublished":"2026-03-31T11:47:51+00:00","mainEntityOfPage":{"@id":"https:\/\/salmosbiblicos.com.br\/index.php\/2026\/03\/31\/gloria-na-dor-reflexoes-sobre-fe-em-tempos-de-aflicao\/"},"wordCount":660,"articleSection":["Reflex\u00e3o"],"inLanguage":"pt-BR"},{"@type":"WebPage","@id":"https:\/\/salmosbiblicos.com.br\/index.php\/2026\/03\/31\/gloria-na-dor-reflexoes-sobre-fe-em-tempos-de-aflicao\/","url":"https:\/\/salmosbiblicos.com.br\/index.php\/2026\/03\/31\/gloria-na-dor-reflexoes-sobre-fe-em-tempos-de-aflicao\/","name":"Gl\u00f3ria na Dor: Reflex\u00f5es sobre F\u00e9 em Tempos de Afli\u00e7\u00e3o - Salmos B\u00edblicos","isPartOf":{"@id":"https:\/\/salmosbiblicos.com.br\/#website"},"datePublished":"2026-03-31T11:47:51+00:00","author":{"@id":"https:\/\/salmosbiblicos.com.br\/#\/schema\/person\/30586d0fb3f3a46b78a3414fc39cc975"},"breadcrumb":{"@id":"https:\/\/salmosbiblicos.com.br\/index.php\/2026\/03\/31\/gloria-na-dor-reflexoes-sobre-fe-em-tempos-de-aflicao\/#breadcrumb"},"inLanguage":"pt-BR","potentialAction":[{"@type":"ReadAction","target":["https:\/\/salmosbiblicos.com.br\/index.php\/2026\/03\/31\/gloria-na-dor-reflexoes-sobre-fe-em-tempos-de-aflicao\/"]}]},{"@type":"BreadcrumbList","@id":"https:\/\/salmosbiblicos.com.br\/index.php\/2026\/03\/31\/gloria-na-dor-reflexoes-sobre-fe-em-tempos-de-aflicao\/#breadcrumb","itemListElement":[{"@type":"ListItem","position":1,"name":"Home","item":"https:\/\/salmosbiblicos.com.br\/"},{"@type":"ListItem","position":2,"name":"Gl\u00f3ria na Dor: Reflex\u00f5es sobre F\u00e9 em Tempos de Afli\u00e7\u00e3o"}]},{"@type":"WebSite","@id":"https:\/\/salmosbiblicos.com.br\/#website","url":"https:\/\/salmosbiblicos.com.br\/","name":"Salmos B\u00edblicos","description":"Uma e-Livraria com e-Books novos para voc\u00ea refletir.","potentialAction":[{"@type":"SearchAction","target":{"@type":"EntryPoint","urlTemplate":"https:\/\/salmosbiblicos.com.br\/?s={search_term_string}"},"query-input":{"@type":"PropertyValueSpecification","valueRequired":true,"valueName":"search_term_string"}}],"inLanguage":"pt-BR"},{"@type":"Person","@id":"https:\/\/salmosbiblicos.com.br\/#\/schema\/person\/30586d0fb3f3a46b78a3414fc39cc975","name":"alextreh@gmail.com","image":{"@type":"ImageObject","inLanguage":"pt-BR","@id":"https:\/\/secure.gravatar.com\/avatar\/7cf84d31f581ec97b887c1039d478a7c293086896c84951a86753fb2c2af7527?s=96&d=mm&r=g","url":"https:\/\/secure.gravatar.com\/avatar\/7cf84d31f581ec97b887c1039d478a7c293086896c84951a86753fb2c2af7527?s=96&d=mm&r=g","contentUrl":"https:\/\/secure.gravatar.com\/avatar\/7cf84d31f581ec97b887c1039d478a7c293086896c84951a86753fb2c2af7527?s=96&d=mm&r=g","caption":"alextreh@gmail.com"},"sameAs":["http:\/\/salmosbiblicos.com.br"],"url":"https:\/\/salmosbiblicos.com.br\/index.php\/author\/alextrehgmail-com\/"}]}},"_links":{"self":[{"href":"https:\/\/salmosbiblicos.com.br\/index.php\/wp-json\/wp\/v2\/posts\/6190","targetHints":{"allow":["GET"]}}],"collection":[{"href":"https:\/\/salmosbiblicos.com.br\/index.php\/wp-json\/wp\/v2\/posts"}],"about":[{"href":"https:\/\/salmosbiblicos.com.br\/index.php\/wp-json\/wp\/v2\/types\/post"}],"author":[{"embeddable":true,"href":"https:\/\/salmosbiblicos.com.br\/index.php\/wp-json\/wp\/v2\/users\/1"}],"replies":[{"embeddable":true,"href":"https:\/\/salmosbiblicos.com.br\/index.php\/wp-json\/wp\/v2\/comments?post=6190"}],"version-history":[{"count":1,"href":"https:\/\/salmosbiblicos.com.br\/index.php\/wp-json\/wp\/v2\/posts\/6190\/revisions"}],"predecessor-version":[{"id":6191,"href":"https:\/\/salmosbiblicos.com.br\/index.php\/wp-json\/wp\/v2\/posts\/6190\/revisions\/6191"}],"wp:attachment":[{"href":"https:\/\/salmosbiblicos.com.br\/index.php\/wp-json\/wp\/v2\/media?parent=6190"}],"wp:term":[{"taxonomy":"category","embeddable":true,"href":"https:\/\/salmosbiblicos.com.br\/index.php\/wp-json\/wp\/v2\/categories?post=6190"},{"taxonomy":"post_tag","embeddable":true,"href":"https:\/\/salmosbiblicos.com.br\/index.php\/wp-json\/wp\/v2\/tags?post=6190"}],"curies":[{"name":"wp","href":"https:\/\/api.w.org\/{rel}","templated":true}]}}