{"id":6200,"date":"2026-03-31T09:22:40","date_gmt":"2026-03-31T12:22:40","guid":{"rendered":"https:\/\/salmosbiblicos.com.br\/?p=6200"},"modified":"2026-03-31T09:22:40","modified_gmt":"2026-03-31T12:22:40","slug":"ameaca-invisivel-como-a-fe-nos-protege-da-destruicao","status":"publish","type":"post","link":"https:\/\/salmosbiblicos.com.br\/index.php\/2026\/03\/31\/ameaca-invisivel-como-a-fe-nos-protege-da-destruicao\/","title":{"rendered":"Amea\u00e7a Invis\u00edvel: Como a F\u00e9 nos Protege da Destrui\u00e7\u00e3o"},"content":{"rendered":"<p>## A Guerra Silenciosa: Uma Reflex\u00e3o Sobre o Dem\u00f4nio e a Nossa F\u00e9<\/p>\n<p>H\u00e1 uma verdade profunda, por vezes obscura, que se revela nas escrituras: o poder destrutivo que paira sobre n\u00f3s, a sombra que tenta nos afastar da luz divina. A palavra de Deus nos adverte que Satan\u00e1s veio para destruir, roubar e matar. Uma constata\u00e7\u00e3o sombria, que nos convida a uma reflex\u00e3o urgente.<\/p>\n<p>### A Aparente Contradi\u00e7\u00e3o: O Dem\u00f4nio Lutando Contra Si Mesmo?<\/p>\n<p>A mente humana, em sua busca por compreens\u00e3o, pode se perder em aparentes paradoxos. Observamos a expuls\u00e3o de esp\u00edritos malignos, e surge a d\u00favida: como \u00e9 poss\u00edvel que o pr\u00f3prio dem\u00f4nio se expulse? Poderia ele estar em conflito consigo mesmo? Essa quest\u00e3o, que pairou sobre aqueles que testemunharam os milagres de Jesus, revela uma verdade essencial: o reino do mal, intrinsecamente dividido, est\u00e1 fadado \u00e0 desgra\u00e7a.<\/p>\n<p>Um reino dividido, como nos lembra Jesus, n\u00e3o pode permanecer. Se at\u00e9 mesmo o pr\u00edncipe das trevas se contende, como poderia seu dom\u00ednio perdurar? Essa luta interna, esta autodestrui\u00e7\u00e3o inerente, \u00e9 a marca da fragilidade do mal.<\/p>\n<p>### O Alvo Real da Destrui\u00e7\u00e3o<\/p>\n<p>A grande descoberta \u00e9 que o dem\u00f4nio n\u00e3o se destr\u00f3i a si mesmo. Sua luta n\u00e3o \u00e9 contra si, mas contra n\u00f3s. Ele n\u00e3o se rouba, n\u00e3o se mata, n\u00e3o se destr\u00f3i a si mesmo, mas busca incessantemente o nosso fim. O alvo primordial da sua f\u00faria \u00e9 o homem, como vemos no relato do Jardim do \u00c9den, onde a serpente tentou Ad\u00e3o e Eva, buscando a queda da humanidade.<\/p>\n<p>### A Vigil\u00e2ncia Constante: O Le\u00e3o \u00e0 Nossa Espera<\/p>\n<p>A B\u00edblia nos adverte, com urg\u00eancia, a permanecer vigilantes. Como um le\u00e3o \u00e0 espreita, o dem\u00f4nio ronda, buscando devorar almas incautas. A resist\u00eancia, a for\u00e7a na f\u00e9, \u00e9 a nossa prote\u00e7\u00e3o contra a sua voracidade. N\u00e3o podemos ignorar as suas artimanhas, as suas &#8220;m\u00e1quinas&#8221;, como Paulo nos lembra em 2 Cor\u00edntios.<\/p>\n<p>### A Vontade do Mal: Uma Presen\u00e7a Opressora<\/p>\n<p>O dem\u00f4nio, em sua natureza, busca incessantemente a nossa submiss\u00e3o. A sua partida, quando ocorre, \u00e9 contra a sua vontade. A sua miss\u00e3o \u00e9 nos apossar, nos dominar, nos afastar da gra\u00e7a divina.<\/p>\n<p>### A Vit\u00f3ria Atrav\u00e9s do Poder Divino<\/p>\n<p>A boa not\u00edcia \u00e9 que n\u00e3o estamos desamparados. \u00c9 pelo poder divino que esmagamos o poder de Satan\u00e1s. A vit\u00f3ria n\u00e3o \u00e9 alcan\u00e7ada por nossos pr\u00f3prios esfor\u00e7os, mas pela gra\u00e7a que nos \u00e9 concedida.<\/p>\n<p>### Fortalecendo a Nossa F\u00e9<\/p>\n<p>Para nos mantermos firmes na batalha espiritual, \u00e9 essencial:<\/p>\n<p>*   **Vigil\u00e2ncia:** Estejamos sempre atentos aos sinais da presen\u00e7a do mal.<br \/>*   **F\u00e9:** Acreditemos no poder redentor de Cristo.<br \/>*   **Ora\u00e7\u00e3o:** Busquemos a for\u00e7a e a orienta\u00e7\u00e3o divina.<br \/>*   **Uni\u00e3o:** Fortale\u00e7amos a comunidade de f\u00e9, buscando o apoio e a prote\u00e7\u00e3o m\u00fatua.<br \/>*   **Humildade:** Reconhe\u00e7amos a nossa fraqueza e a necessidade da gra\u00e7a divina.<\/p>\n<p>**&#8221;N\u00e3o quero que sejamos vencidos por Satan\u00e1s, pois n\u00e3o ignoramos as suas m\u00e1quinas.&#8221;**<\/p>\n<p>Que possamos, com a gra\u00e7a de Deus, resistir \u00e0s investidas do mal e trilhar o caminho da luz, fortalecidos na f\u00e9 e na esperan\u00e7a.<\/p>\n<p>Reconhe\u00e7amos a nossa necessidade de Jesus para vencer o mal, e entreguemos a Ele a nossa vida, para que Ele possa nos guiar e nos proteger.<\/p>\n","protected":false},"excerpt":{"rendered":"<p>## A Guerra Silenciosa: Uma Reflex\u00e3o Sobre o Dem\u00f4nio e a Nossa F\u00e9 H\u00e1 uma verdade profunda, por vezes obscura, que se revela nas escrituras: o poder destrutivo que paira sobre n\u00f3s, a sombra que tenta nos afastar da luz divina. A palavra de Deus nos adverte que Satan\u00e1s veio para destruir, roubar e matar. [&hellip;]<\/p>\n","protected":false},"author":1,"featured_media":0,"comment_status":"closed","ping_status":"open","sticky":false,"template":"","format":"standard","meta":{"footnotes":""},"categories":[14],"tags":[],"class_list":["post-6200","post","type-post","status-publish","format-standard","hentry","category-reflexao"],"yoast_head":"<!-- This site is optimized with the Yoast SEO plugin v27.2 - https:\/\/yoast.com\/product\/yoast-seo-wordpress\/ -->\n<title>Amea\u00e7a Invis\u00edvel: Como a F\u00e9 nos Protege da Destrui\u00e7\u00e3o - Salmos B\u00edblicos<\/title>\n<meta name=\"robots\" content=\"index, follow, max-snippet:-1, max-image-preview:large, max-video-preview:-1\" \/>\n<link rel=\"canonical\" href=\"https:\/\/salmosbiblicos.com.br\/index.php\/2026\/03\/31\/ameaca-invisivel-como-a-fe-nos-protege-da-destruicao\/\" \/>\n<meta property=\"og:locale\" content=\"pt_BR\" \/>\n<meta property=\"og:type\" content=\"article\" \/>\n<meta property=\"og:title\" content=\"Amea\u00e7a Invis\u00edvel: Como a F\u00e9 nos Protege da Destrui\u00e7\u00e3o - Salmos B\u00edblicos\" \/>\n<meta property=\"og:description\" content=\"## A Guerra Silenciosa: Uma Reflex\u00e3o Sobre o Dem\u00f4nio e a Nossa F\u00e9 H\u00e1 uma verdade profunda, por vezes obscura, que se revela nas escrituras: o poder destrutivo que paira sobre n\u00f3s, a sombra que tenta nos afastar da luz divina. A palavra de Deus nos adverte que Satan\u00e1s veio para destruir, roubar e matar. [&hellip;]\" \/>\n<meta property=\"og:url\" content=\"https:\/\/salmosbiblicos.com.br\/index.php\/2026\/03\/31\/ameaca-invisivel-como-a-fe-nos-protege-da-destruicao\/\" \/>\n<meta property=\"og:site_name\" content=\"Salmos B\u00edblicos\" \/>\n<meta property=\"article:published_time\" content=\"2026-03-31T12:22:40+00:00\" \/>\n<meta name=\"author\" content=\"alextreh@gmail.com\" \/>\n<meta name=\"twitter:card\" content=\"summary_large_image\" \/>\n<meta name=\"twitter:label1\" content=\"Escrito por\" \/>\n\t<meta name=\"twitter:data1\" content=\"alextreh@gmail.com\" \/>\n\t<meta name=\"twitter:label2\" content=\"Est. tempo de leitura\" \/>\n\t<meta name=\"twitter:data2\" content=\"3 minutos\" \/>\n<script type=\"application\/ld+json\" class=\"yoast-schema-graph\">{\"@context\":\"https:\/\/schema.org\",\"@graph\":[{\"@type\":\"Article\",\"@id\":\"https:\/\/salmosbiblicos.com.br\/index.php\/2026\/03\/31\/ameaca-invisivel-como-a-fe-nos-protege-da-destruicao\/#article\",\"isPartOf\":{\"@id\":\"https:\/\/salmosbiblicos.com.br\/index.php\/2026\/03\/31\/ameaca-invisivel-como-a-fe-nos-protege-da-destruicao\/\"},\"author\":{\"name\":\"alextreh@gmail.com\",\"@id\":\"https:\/\/salmosbiblicos.com.br\/#\/schema\/person\/30586d0fb3f3a46b78a3414fc39cc975\"},\"headline\":\"Amea\u00e7a Invis\u00edvel: Como a F\u00e9 nos Protege da Destrui\u00e7\u00e3o\",\"datePublished\":\"2026-03-31T12:22:40+00:00\",\"mainEntityOfPage\":{\"@id\":\"https:\/\/salmosbiblicos.com.br\/index.php\/2026\/03\/31\/ameaca-invisivel-como-a-fe-nos-protege-da-destruicao\/\"},\"wordCount\":589,\"articleSection\":[\"Reflex\u00e3o\"],\"inLanguage\":\"pt-BR\"},{\"@type\":\"WebPage\",\"@id\":\"https:\/\/salmosbiblicos.com.br\/index.php\/2026\/03\/31\/ameaca-invisivel-como-a-fe-nos-protege-da-destruicao\/\",\"url\":\"https:\/\/salmosbiblicos.com.br\/index.php\/2026\/03\/31\/ameaca-invisivel-como-a-fe-nos-protege-da-destruicao\/\",\"name\":\"Amea\u00e7a Invis\u00edvel: Como a F\u00e9 nos Protege da Destrui\u00e7\u00e3o - Salmos B\u00edblicos\",\"isPartOf\":{\"@id\":\"https:\/\/salmosbiblicos.com.br\/#website\"},\"datePublished\":\"2026-03-31T12:22:40+00:00\",\"author\":{\"@id\":\"https:\/\/salmosbiblicos.com.br\/#\/schema\/person\/30586d0fb3f3a46b78a3414fc39cc975\"},\"breadcrumb\":{\"@id\":\"https:\/\/salmosbiblicos.com.br\/index.php\/2026\/03\/31\/ameaca-invisivel-como-a-fe-nos-protege-da-destruicao\/#breadcrumb\"},\"inLanguage\":\"pt-BR\",\"potentialAction\":[{\"@type\":\"ReadAction\",\"target\":[\"https:\/\/salmosbiblicos.com.br\/index.php\/2026\/03\/31\/ameaca-invisivel-como-a-fe-nos-protege-da-destruicao\/\"]}]},{\"@type\":\"BreadcrumbList\",\"@id\":\"https:\/\/salmosbiblicos.com.br\/index.php\/2026\/03\/31\/ameaca-invisivel-como-a-fe-nos-protege-da-destruicao\/#breadcrumb\",\"itemListElement\":[{\"@type\":\"ListItem\",\"position\":1,\"name\":\"Home\",\"item\":\"https:\/\/salmosbiblicos.com.br\/\"},{\"@type\":\"ListItem\",\"position\":2,\"name\":\"Amea\u00e7a Invis\u00edvel: Como a F\u00e9 nos Protege da Destrui\u00e7\u00e3o\"}]},{\"@type\":\"WebSite\",\"@id\":\"https:\/\/salmosbiblicos.com.br\/#website\",\"url\":\"https:\/\/salmosbiblicos.com.br\/\",\"name\":\"Salmos B\u00edblicos\",\"description\":\"Uma e-Livraria com e-Books novos para voc\u00ea refletir.\",\"potentialAction\":[{\"@type\":\"SearchAction\",\"target\":{\"@type\":\"EntryPoint\",\"urlTemplate\":\"https:\/\/salmosbiblicos.com.br\/?s={search_term_string}\"},\"query-input\":{\"@type\":\"PropertyValueSpecification\",\"valueRequired\":true,\"valueName\":\"search_term_string\"}}],\"inLanguage\":\"pt-BR\"},{\"@type\":\"Person\",\"@id\":\"https:\/\/salmosbiblicos.com.br\/#\/schema\/person\/30586d0fb3f3a46b78a3414fc39cc975\",\"name\":\"alextreh@gmail.com\",\"image\":{\"@type\":\"ImageObject\",\"inLanguage\":\"pt-BR\",\"@id\":\"https:\/\/secure.gravatar.com\/avatar\/7cf84d31f581ec97b887c1039d478a7c293086896c84951a86753fb2c2af7527?s=96&d=mm&r=g\",\"url\":\"https:\/\/secure.gravatar.com\/avatar\/7cf84d31f581ec97b887c1039d478a7c293086896c84951a86753fb2c2af7527?s=96&d=mm&r=g\",\"contentUrl\":\"https:\/\/secure.gravatar.com\/avatar\/7cf84d31f581ec97b887c1039d478a7c293086896c84951a86753fb2c2af7527?s=96&d=mm&r=g\",\"caption\":\"alextreh@gmail.com\"},\"sameAs\":[\"http:\/\/salmosbiblicos.com.br\"],\"url\":\"https:\/\/salmosbiblicos.com.br\/index.php\/author\/alextrehgmail-com\/\"}]}<\/script>\n<!-- \/ Yoast SEO plugin. -->","yoast_head_json":{"title":"Amea\u00e7a Invis\u00edvel: Como a F\u00e9 nos Protege da Destrui\u00e7\u00e3o - Salmos B\u00edblicos","robots":{"index":"index","follow":"follow","max-snippet":"max-snippet:-1","max-image-preview":"max-image-preview:large","max-video-preview":"max-video-preview:-1"},"canonical":"https:\/\/salmosbiblicos.com.br\/index.php\/2026\/03\/31\/ameaca-invisivel-como-a-fe-nos-protege-da-destruicao\/","og_locale":"pt_BR","og_type":"article","og_title":"Amea\u00e7a Invis\u00edvel: Como a F\u00e9 nos Protege da Destrui\u00e7\u00e3o - Salmos B\u00edblicos","og_description":"## A Guerra Silenciosa: Uma Reflex\u00e3o Sobre o Dem\u00f4nio e a Nossa F\u00e9 H\u00e1 uma verdade profunda, por vezes obscura, que se revela nas escrituras: o poder destrutivo que paira sobre n\u00f3s, a sombra que tenta nos afastar da luz divina. A palavra de Deus nos adverte que Satan\u00e1s veio para destruir, roubar e matar. [&hellip;]","og_url":"https:\/\/salmosbiblicos.com.br\/index.php\/2026\/03\/31\/ameaca-invisivel-como-a-fe-nos-protege-da-destruicao\/","og_site_name":"Salmos B\u00edblicos","article_published_time":"2026-03-31T12:22:40+00:00","author":"alextreh@gmail.com","twitter_card":"summary_large_image","twitter_misc":{"Escrito por":"alextreh@gmail.com","Est. tempo de leitura":"3 minutos"},"schema":{"@context":"https:\/\/schema.org","@graph":[{"@type":"Article","@id":"https:\/\/salmosbiblicos.com.br\/index.php\/2026\/03\/31\/ameaca-invisivel-como-a-fe-nos-protege-da-destruicao\/#article","isPartOf":{"@id":"https:\/\/salmosbiblicos.com.br\/index.php\/2026\/03\/31\/ameaca-invisivel-como-a-fe-nos-protege-da-destruicao\/"},"author":{"name":"alextreh@gmail.com","@id":"https:\/\/salmosbiblicos.com.br\/#\/schema\/person\/30586d0fb3f3a46b78a3414fc39cc975"},"headline":"Amea\u00e7a Invis\u00edvel: Como a F\u00e9 nos Protege da Destrui\u00e7\u00e3o","datePublished":"2026-03-31T12:22:40+00:00","mainEntityOfPage":{"@id":"https:\/\/salmosbiblicos.com.br\/index.php\/2026\/03\/31\/ameaca-invisivel-como-a-fe-nos-protege-da-destruicao\/"},"wordCount":589,"articleSection":["Reflex\u00e3o"],"inLanguage":"pt-BR"},{"@type":"WebPage","@id":"https:\/\/salmosbiblicos.com.br\/index.php\/2026\/03\/31\/ameaca-invisivel-como-a-fe-nos-protege-da-destruicao\/","url":"https:\/\/salmosbiblicos.com.br\/index.php\/2026\/03\/31\/ameaca-invisivel-como-a-fe-nos-protege-da-destruicao\/","name":"Amea\u00e7a Invis\u00edvel: Como a F\u00e9 nos Protege da Destrui\u00e7\u00e3o - Salmos B\u00edblicos","isPartOf":{"@id":"https:\/\/salmosbiblicos.com.br\/#website"},"datePublished":"2026-03-31T12:22:40+00:00","author":{"@id":"https:\/\/salmosbiblicos.com.br\/#\/schema\/person\/30586d0fb3f3a46b78a3414fc39cc975"},"breadcrumb":{"@id":"https:\/\/salmosbiblicos.com.br\/index.php\/2026\/03\/31\/ameaca-invisivel-como-a-fe-nos-protege-da-destruicao\/#breadcrumb"},"inLanguage":"pt-BR","potentialAction":[{"@type":"ReadAction","target":["https:\/\/salmosbiblicos.com.br\/index.php\/2026\/03\/31\/ameaca-invisivel-como-a-fe-nos-protege-da-destruicao\/"]}]},{"@type":"BreadcrumbList","@id":"https:\/\/salmosbiblicos.com.br\/index.php\/2026\/03\/31\/ameaca-invisivel-como-a-fe-nos-protege-da-destruicao\/#breadcrumb","itemListElement":[{"@type":"ListItem","position":1,"name":"Home","item":"https:\/\/salmosbiblicos.com.br\/"},{"@type":"ListItem","position":2,"name":"Amea\u00e7a Invis\u00edvel: Como a F\u00e9 nos Protege da Destrui\u00e7\u00e3o"}]},{"@type":"WebSite","@id":"https:\/\/salmosbiblicos.com.br\/#website","url":"https:\/\/salmosbiblicos.com.br\/","name":"Salmos B\u00edblicos","description":"Uma e-Livraria com e-Books novos para voc\u00ea refletir.","potentialAction":[{"@type":"SearchAction","target":{"@type":"EntryPoint","urlTemplate":"https:\/\/salmosbiblicos.com.br\/?s={search_term_string}"},"query-input":{"@type":"PropertyValueSpecification","valueRequired":true,"valueName":"search_term_string"}}],"inLanguage":"pt-BR"},{"@type":"Person","@id":"https:\/\/salmosbiblicos.com.br\/#\/schema\/person\/30586d0fb3f3a46b78a3414fc39cc975","name":"alextreh@gmail.com","image":{"@type":"ImageObject","inLanguage":"pt-BR","@id":"https:\/\/secure.gravatar.com\/avatar\/7cf84d31f581ec97b887c1039d478a7c293086896c84951a86753fb2c2af7527?s=96&d=mm&r=g","url":"https:\/\/secure.gravatar.com\/avatar\/7cf84d31f581ec97b887c1039d478a7c293086896c84951a86753fb2c2af7527?s=96&d=mm&r=g","contentUrl":"https:\/\/secure.gravatar.com\/avatar\/7cf84d31f581ec97b887c1039d478a7c293086896c84951a86753fb2c2af7527?s=96&d=mm&r=g","caption":"alextreh@gmail.com"},"sameAs":["http:\/\/salmosbiblicos.com.br"],"url":"https:\/\/salmosbiblicos.com.br\/index.php\/author\/alextrehgmail-com\/"}]}},"_links":{"self":[{"href":"https:\/\/salmosbiblicos.com.br\/index.php\/wp-json\/wp\/v2\/posts\/6200","targetHints":{"allow":["GET"]}}],"collection":[{"href":"https:\/\/salmosbiblicos.com.br\/index.php\/wp-json\/wp\/v2\/posts"}],"about":[{"href":"https:\/\/salmosbiblicos.com.br\/index.php\/wp-json\/wp\/v2\/types\/post"}],"author":[{"embeddable":true,"href":"https:\/\/salmosbiblicos.com.br\/index.php\/wp-json\/wp\/v2\/users\/1"}],"replies":[{"embeddable":true,"href":"https:\/\/salmosbiblicos.com.br\/index.php\/wp-json\/wp\/v2\/comments?post=6200"}],"version-history":[{"count":1,"href":"https:\/\/salmosbiblicos.com.br\/index.php\/wp-json\/wp\/v2\/posts\/6200\/revisions"}],"predecessor-version":[{"id":6201,"href":"https:\/\/salmosbiblicos.com.br\/index.php\/wp-json\/wp\/v2\/posts\/6200\/revisions\/6201"}],"wp:attachment":[{"href":"https:\/\/salmosbiblicos.com.br\/index.php\/wp-json\/wp\/v2\/media?parent=6200"}],"wp:term":[{"taxonomy":"category","embeddable":true,"href":"https:\/\/salmosbiblicos.com.br\/index.php\/wp-json\/wp\/v2\/categories?post=6200"},{"taxonomy":"post_tag","embeddable":true,"href":"https:\/\/salmosbiblicos.com.br\/index.php\/wp-json\/wp\/v2\/tags?post=6200"}],"curies":[{"name":"wp","href":"https:\/\/api.w.org\/{rel}","templated":true}]}}