{"id":6208,"date":"2026-03-31T12:11:37","date_gmt":"2026-03-31T15:11:37","guid":{"rendered":"https:\/\/salmosbiblicos.com.br\/?p=6208"},"modified":"2026-03-31T12:11:37","modified_gmt":"2026-03-31T15:11:37","slug":"coracao-humano-o-solo-essencial-para-a-fe-e-o-crescimento","status":"publish","type":"post","link":"https:\/\/salmosbiblicos.com.br\/index.php\/2026\/03\/31\/coracao-humano-o-solo-essencial-para-a-fe-e-o-crescimento\/","title":{"rendered":"Cora\u00e7\u00e3o Humano: O Solo Essencial para a F\u00e9 e o Crescimento"},"content":{"rendered":"<p>## O Terreno do Cora\u00e7\u00e3o<\/p>\n<p>\u00c9 com profunda reflex\u00e3o que nos reunimos para contemplar a sabedoria que nos \u00e9 oferecida. A busca pela verdade, a sede por compreender o prop\u00f3sito que nos guia, \u00e9 um anseio inerente \u00e0 alma humana. E \u00e9 nesta busca que a palavra encontra o seu caminho para n\u00f3s.<\/p>\n<p>### A Semente e a Terra<\/p>\n<p>Consideremos a par\u00e1bola do semeador, um relato que ecoa atrav\u00e9s dos s\u00e9culos. O semeador lan\u00e7a a semente, e ela cai em diferentes terrenos: na beira do caminho, em terra pedregosa, entre espinhos, e, finalmente, em terra boa. **A beleza reside na constata\u00e7\u00e3o de que a semente \u00e9 a mesma, o semeador \u00e9 o mesmo, mas os resultados variam amplamente.**<\/p>\n<p>O que determina a diferen\u00e7a? N\u00e3o \u00e9 a semente em si, nem o ato de semear. \u00c9 a natureza do terreno que a recebe. E assim, com n\u00f3s. A palavra de Deus \u00e9 a semente, a verdade que busca germinar em nossos cora\u00e7\u00f5es.<\/p>\n<p>### O Cora\u00e7\u00e3o como Solo<\/p>\n<p>Nosso cora\u00e7\u00e3o \u00e9 como esse terreno. \u00c9 nele que a semente da verdade deve cair, para que possamos crescer e dar fruto. Mas a qualidade desse solo \u00e9 crucial. Se o cora\u00e7\u00e3o \u00e9 endurecido, como a beira do caminho, a palavra \u00e9 facilmente levada pelo vento, pelos desapontamentos e pelas tenta\u00e7\u00f5es do mundo. Se o cora\u00e7\u00e3o \u00e9 superficial, como a terra pedregosa, a palavra n\u00e3o encontra ra\u00edzes profundas e se perde diante das prova\u00e7\u00f5es.<\/p>\n<p>E se o cora\u00e7\u00e3o est\u00e1 sufocado por espinhos, pelas preocupa\u00e7\u00f5es do dia a dia, pelos desejos passageiros, a palavra \u00e9 abafada e n\u00e3o produz o fruto esperado. **Apenas a terra boa, aquela que est\u00e1 aberta, receptiva, nutrida pela f\u00e9 e pela esperan\u00e7a, permite que a semente germine e flores\u00e7a.**<\/p>\n<p>### A Responsabilidade do Receptor<\/p>\n<p>A mensagem que se desvela aqui \u00e9 clara: a responsabilidade do fruto n\u00e3o recai sobre o semeador, mas sobre o solo que a recebe. N\u00e3o podemos culpar a palavra divina pela nossa falta de crescimento espiritual. **A falha n\u00e3o est\u00e1 na mensagem, mas em nossa disposi\u00e7\u00e3o de acolh\u00ea-la, de nutri-la, de permitir que ela transforme quem somos.**<\/p>\n<p>N\u00e3o \u00e9 Deus quem limita o nosso potencial de crescimento. \u00c9 a nossa pr\u00f3pria resist\u00eancia, a nossa falta de abertura, que impede a semente de germinar. A quest\u00e3o central, portanto, n\u00e3o \u00e9 o que Deus nos oferece, mas o que n\u00f3s estamos dispostos a entregar.<\/p>\n<p>### Um Chamado \u00e0 Transforma\u00e7\u00e3o<\/p>\n<p>Que possamos, ent\u00e3o, examinar nossos cora\u00e7\u00f5es com sinceridade. Que possamos identificar as pedras, os espinhos que impedem a palavra de penetrar e transformar. Que possamos, com humildade e perseveran\u00e7a, cultivar o terreno do nosso interior, para que ele se torne f\u00e9rtil e receptivo \u00e0 gra\u00e7a divina.<\/p>\n<p>Abramos nossos cora\u00e7\u00f5es para que a palavra de Deus se manifeste em n\u00f3s, para que possamos dar frutos abundantes de amor, de esperan\u00e7a e de paz. Que a nossa f\u00e9 seja forte, a nossa esperan\u00e7a inabal\u00e1vel e o nosso amor, eterno. Que a palavra seja recebida com alegria e se estabele\u00e7a em n\u00f3s, gerando transforma\u00e7\u00e3o e vida abundante.<\/p>\n<p>Que assim seja, e que a gra\u00e7a de Deus nos conduza em cada passo do caminho.<\/p>\n","protected":false},"excerpt":{"rendered":"<p>## O Terreno do Cora\u00e7\u00e3o \u00c9 com profunda reflex\u00e3o que nos reunimos para contemplar a sabedoria que nos \u00e9 oferecida. A busca pela verdade, a sede por compreender o prop\u00f3sito que nos guia, \u00e9 um anseio inerente \u00e0 alma humana. E \u00e9 nesta busca que a palavra encontra o seu caminho para n\u00f3s. ### A [&hellip;]<\/p>\n","protected":false},"author":1,"featured_media":0,"comment_status":"closed","ping_status":"open","sticky":false,"template":"","format":"standard","meta":{"footnotes":""},"categories":[14],"tags":[],"class_list":["post-6208","post","type-post","status-publish","format-standard","hentry","category-reflexao"],"yoast_head":"<!-- This site is optimized with the Yoast SEO plugin v27.2 - https:\/\/yoast.com\/product\/yoast-seo-wordpress\/ -->\n<title>Cora\u00e7\u00e3o Humano: O Solo Essencial para a F\u00e9 e o Crescimento - Salmos B\u00edblicos<\/title>\n<meta name=\"robots\" content=\"index, follow, max-snippet:-1, max-image-preview:large, max-video-preview:-1\" \/>\n<link rel=\"canonical\" href=\"https:\/\/salmosbiblicos.com.br\/index.php\/2026\/03\/31\/coracao-humano-o-solo-essencial-para-a-fe-e-o-crescimento\/\" \/>\n<meta property=\"og:locale\" content=\"pt_BR\" \/>\n<meta property=\"og:type\" content=\"article\" \/>\n<meta property=\"og:title\" content=\"Cora\u00e7\u00e3o Humano: O Solo Essencial para a F\u00e9 e o Crescimento - Salmos B\u00edblicos\" \/>\n<meta property=\"og:description\" content=\"## O Terreno do Cora\u00e7\u00e3o \u00c9 com profunda reflex\u00e3o que nos reunimos para contemplar a sabedoria que nos \u00e9 oferecida. A busca pela verdade, a sede por compreender o prop\u00f3sito que nos guia, \u00e9 um anseio inerente \u00e0 alma humana. E \u00e9 nesta busca que a palavra encontra o seu caminho para n\u00f3s. ### A [&hellip;]\" \/>\n<meta property=\"og:url\" content=\"https:\/\/salmosbiblicos.com.br\/index.php\/2026\/03\/31\/coracao-humano-o-solo-essencial-para-a-fe-e-o-crescimento\/\" \/>\n<meta property=\"og:site_name\" content=\"Salmos B\u00edblicos\" \/>\n<meta property=\"article:published_time\" content=\"2026-03-31T15:11:37+00:00\" \/>\n<meta name=\"author\" content=\"alextreh@gmail.com\" \/>\n<meta name=\"twitter:card\" content=\"summary_large_image\" \/>\n<meta name=\"twitter:label1\" content=\"Escrito por\" \/>\n\t<meta name=\"twitter:data1\" content=\"alextreh@gmail.com\" \/>\n\t<meta name=\"twitter:label2\" content=\"Est. tempo de leitura\" \/>\n\t<meta name=\"twitter:data2\" content=\"3 minutos\" \/>\n<script type=\"application\/ld+json\" class=\"yoast-schema-graph\">{\"@context\":\"https:\/\/schema.org\",\"@graph\":[{\"@type\":\"Article\",\"@id\":\"https:\/\/salmosbiblicos.com.br\/index.php\/2026\/03\/31\/coracao-humano-o-solo-essencial-para-a-fe-e-o-crescimento\/#article\",\"isPartOf\":{\"@id\":\"https:\/\/salmosbiblicos.com.br\/index.php\/2026\/03\/31\/coracao-humano-o-solo-essencial-para-a-fe-e-o-crescimento\/\"},\"author\":{\"name\":\"alextreh@gmail.com\",\"@id\":\"https:\/\/salmosbiblicos.com.br\/#\/schema\/person\/30586d0fb3f3a46b78a3414fc39cc975\"},\"headline\":\"Cora\u00e7\u00e3o Humano: O Solo Essencial para a F\u00e9 e o Crescimento\",\"datePublished\":\"2026-03-31T15:11:37+00:00\",\"mainEntityOfPage\":{\"@id\":\"https:\/\/salmosbiblicos.com.br\/index.php\/2026\/03\/31\/coracao-humano-o-solo-essencial-para-a-fe-e-o-crescimento\/\"},\"wordCount\":557,\"articleSection\":[\"Reflex\u00e3o\"],\"inLanguage\":\"pt-BR\"},{\"@type\":\"WebPage\",\"@id\":\"https:\/\/salmosbiblicos.com.br\/index.php\/2026\/03\/31\/coracao-humano-o-solo-essencial-para-a-fe-e-o-crescimento\/\",\"url\":\"https:\/\/salmosbiblicos.com.br\/index.php\/2026\/03\/31\/coracao-humano-o-solo-essencial-para-a-fe-e-o-crescimento\/\",\"name\":\"Cora\u00e7\u00e3o Humano: O Solo Essencial para a F\u00e9 e o Crescimento - Salmos B\u00edblicos\",\"isPartOf\":{\"@id\":\"https:\/\/salmosbiblicos.com.br\/#website\"},\"datePublished\":\"2026-03-31T15:11:37+00:00\",\"author\":{\"@id\":\"https:\/\/salmosbiblicos.com.br\/#\/schema\/person\/30586d0fb3f3a46b78a3414fc39cc975\"},\"breadcrumb\":{\"@id\":\"https:\/\/salmosbiblicos.com.br\/index.php\/2026\/03\/31\/coracao-humano-o-solo-essencial-para-a-fe-e-o-crescimento\/#breadcrumb\"},\"inLanguage\":\"pt-BR\",\"potentialAction\":[{\"@type\":\"ReadAction\",\"target\":[\"https:\/\/salmosbiblicos.com.br\/index.php\/2026\/03\/31\/coracao-humano-o-solo-essencial-para-a-fe-e-o-crescimento\/\"]}]},{\"@type\":\"BreadcrumbList\",\"@id\":\"https:\/\/salmosbiblicos.com.br\/index.php\/2026\/03\/31\/coracao-humano-o-solo-essencial-para-a-fe-e-o-crescimento\/#breadcrumb\",\"itemListElement\":[{\"@type\":\"ListItem\",\"position\":1,\"name\":\"Home\",\"item\":\"https:\/\/salmosbiblicos.com.br\/\"},{\"@type\":\"ListItem\",\"position\":2,\"name\":\"Cora\u00e7\u00e3o Humano: O Solo Essencial para a F\u00e9 e o Crescimento\"}]},{\"@type\":\"WebSite\",\"@id\":\"https:\/\/salmosbiblicos.com.br\/#website\",\"url\":\"https:\/\/salmosbiblicos.com.br\/\",\"name\":\"Salmos B\u00edblicos\",\"description\":\"Uma e-Livraria com e-Books novos para voc\u00ea refletir.\",\"potentialAction\":[{\"@type\":\"SearchAction\",\"target\":{\"@type\":\"EntryPoint\",\"urlTemplate\":\"https:\/\/salmosbiblicos.com.br\/?s={search_term_string}\"},\"query-input\":{\"@type\":\"PropertyValueSpecification\",\"valueRequired\":true,\"valueName\":\"search_term_string\"}}],\"inLanguage\":\"pt-BR\"},{\"@type\":\"Person\",\"@id\":\"https:\/\/salmosbiblicos.com.br\/#\/schema\/person\/30586d0fb3f3a46b78a3414fc39cc975\",\"name\":\"alextreh@gmail.com\",\"image\":{\"@type\":\"ImageObject\",\"inLanguage\":\"pt-BR\",\"@id\":\"https:\/\/secure.gravatar.com\/avatar\/7cf84d31f581ec97b887c1039d478a7c293086896c84951a86753fb2c2af7527?s=96&d=mm&r=g\",\"url\":\"https:\/\/secure.gravatar.com\/avatar\/7cf84d31f581ec97b887c1039d478a7c293086896c84951a86753fb2c2af7527?s=96&d=mm&r=g\",\"contentUrl\":\"https:\/\/secure.gravatar.com\/avatar\/7cf84d31f581ec97b887c1039d478a7c293086896c84951a86753fb2c2af7527?s=96&d=mm&r=g\",\"caption\":\"alextreh@gmail.com\"},\"sameAs\":[\"http:\/\/salmosbiblicos.com.br\"],\"url\":\"https:\/\/salmosbiblicos.com.br\/index.php\/author\/alextrehgmail-com\/\"}]}<\/script>\n<!-- \/ Yoast SEO plugin. -->","yoast_head_json":{"title":"Cora\u00e7\u00e3o Humano: O Solo Essencial para a F\u00e9 e o Crescimento - Salmos B\u00edblicos","robots":{"index":"index","follow":"follow","max-snippet":"max-snippet:-1","max-image-preview":"max-image-preview:large","max-video-preview":"max-video-preview:-1"},"canonical":"https:\/\/salmosbiblicos.com.br\/index.php\/2026\/03\/31\/coracao-humano-o-solo-essencial-para-a-fe-e-o-crescimento\/","og_locale":"pt_BR","og_type":"article","og_title":"Cora\u00e7\u00e3o Humano: O Solo Essencial para a F\u00e9 e o Crescimento - Salmos B\u00edblicos","og_description":"## O Terreno do Cora\u00e7\u00e3o \u00c9 com profunda reflex\u00e3o que nos reunimos para contemplar a sabedoria que nos \u00e9 oferecida. A busca pela verdade, a sede por compreender o prop\u00f3sito que nos guia, \u00e9 um anseio inerente \u00e0 alma humana. E \u00e9 nesta busca que a palavra encontra o seu caminho para n\u00f3s. ### A [&hellip;]","og_url":"https:\/\/salmosbiblicos.com.br\/index.php\/2026\/03\/31\/coracao-humano-o-solo-essencial-para-a-fe-e-o-crescimento\/","og_site_name":"Salmos B\u00edblicos","article_published_time":"2026-03-31T15:11:37+00:00","author":"alextreh@gmail.com","twitter_card":"summary_large_image","twitter_misc":{"Escrito por":"alextreh@gmail.com","Est. tempo de leitura":"3 minutos"},"schema":{"@context":"https:\/\/schema.org","@graph":[{"@type":"Article","@id":"https:\/\/salmosbiblicos.com.br\/index.php\/2026\/03\/31\/coracao-humano-o-solo-essencial-para-a-fe-e-o-crescimento\/#article","isPartOf":{"@id":"https:\/\/salmosbiblicos.com.br\/index.php\/2026\/03\/31\/coracao-humano-o-solo-essencial-para-a-fe-e-o-crescimento\/"},"author":{"name":"alextreh@gmail.com","@id":"https:\/\/salmosbiblicos.com.br\/#\/schema\/person\/30586d0fb3f3a46b78a3414fc39cc975"},"headline":"Cora\u00e7\u00e3o Humano: O Solo Essencial para a F\u00e9 e o Crescimento","datePublished":"2026-03-31T15:11:37+00:00","mainEntityOfPage":{"@id":"https:\/\/salmosbiblicos.com.br\/index.php\/2026\/03\/31\/coracao-humano-o-solo-essencial-para-a-fe-e-o-crescimento\/"},"wordCount":557,"articleSection":["Reflex\u00e3o"],"inLanguage":"pt-BR"},{"@type":"WebPage","@id":"https:\/\/salmosbiblicos.com.br\/index.php\/2026\/03\/31\/coracao-humano-o-solo-essencial-para-a-fe-e-o-crescimento\/","url":"https:\/\/salmosbiblicos.com.br\/index.php\/2026\/03\/31\/coracao-humano-o-solo-essencial-para-a-fe-e-o-crescimento\/","name":"Cora\u00e7\u00e3o Humano: O Solo Essencial para a F\u00e9 e o Crescimento - Salmos B\u00edblicos","isPartOf":{"@id":"https:\/\/salmosbiblicos.com.br\/#website"},"datePublished":"2026-03-31T15:11:37+00:00","author":{"@id":"https:\/\/salmosbiblicos.com.br\/#\/schema\/person\/30586d0fb3f3a46b78a3414fc39cc975"},"breadcrumb":{"@id":"https:\/\/salmosbiblicos.com.br\/index.php\/2026\/03\/31\/coracao-humano-o-solo-essencial-para-a-fe-e-o-crescimento\/#breadcrumb"},"inLanguage":"pt-BR","potentialAction":[{"@type":"ReadAction","target":["https:\/\/salmosbiblicos.com.br\/index.php\/2026\/03\/31\/coracao-humano-o-solo-essencial-para-a-fe-e-o-crescimento\/"]}]},{"@type":"BreadcrumbList","@id":"https:\/\/salmosbiblicos.com.br\/index.php\/2026\/03\/31\/coracao-humano-o-solo-essencial-para-a-fe-e-o-crescimento\/#breadcrumb","itemListElement":[{"@type":"ListItem","position":1,"name":"Home","item":"https:\/\/salmosbiblicos.com.br\/"},{"@type":"ListItem","position":2,"name":"Cora\u00e7\u00e3o Humano: O Solo Essencial para a F\u00e9 e o Crescimento"}]},{"@type":"WebSite","@id":"https:\/\/salmosbiblicos.com.br\/#website","url":"https:\/\/salmosbiblicos.com.br\/","name":"Salmos B\u00edblicos","description":"Uma e-Livraria com e-Books novos para voc\u00ea refletir.","potentialAction":[{"@type":"SearchAction","target":{"@type":"EntryPoint","urlTemplate":"https:\/\/salmosbiblicos.com.br\/?s={search_term_string}"},"query-input":{"@type":"PropertyValueSpecification","valueRequired":true,"valueName":"search_term_string"}}],"inLanguage":"pt-BR"},{"@type":"Person","@id":"https:\/\/salmosbiblicos.com.br\/#\/schema\/person\/30586d0fb3f3a46b78a3414fc39cc975","name":"alextreh@gmail.com","image":{"@type":"ImageObject","inLanguage":"pt-BR","@id":"https:\/\/secure.gravatar.com\/avatar\/7cf84d31f581ec97b887c1039d478a7c293086896c84951a86753fb2c2af7527?s=96&d=mm&r=g","url":"https:\/\/secure.gravatar.com\/avatar\/7cf84d31f581ec97b887c1039d478a7c293086896c84951a86753fb2c2af7527?s=96&d=mm&r=g","contentUrl":"https:\/\/secure.gravatar.com\/avatar\/7cf84d31f581ec97b887c1039d478a7c293086896c84951a86753fb2c2af7527?s=96&d=mm&r=g","caption":"alextreh@gmail.com"},"sameAs":["http:\/\/salmosbiblicos.com.br"],"url":"https:\/\/salmosbiblicos.com.br\/index.php\/author\/alextrehgmail-com\/"}]}},"_links":{"self":[{"href":"https:\/\/salmosbiblicos.com.br\/index.php\/wp-json\/wp\/v2\/posts\/6208","targetHints":{"allow":["GET"]}}],"collection":[{"href":"https:\/\/salmosbiblicos.com.br\/index.php\/wp-json\/wp\/v2\/posts"}],"about":[{"href":"https:\/\/salmosbiblicos.com.br\/index.php\/wp-json\/wp\/v2\/types\/post"}],"author":[{"embeddable":true,"href":"https:\/\/salmosbiblicos.com.br\/index.php\/wp-json\/wp\/v2\/users\/1"}],"replies":[{"embeddable":true,"href":"https:\/\/salmosbiblicos.com.br\/index.php\/wp-json\/wp\/v2\/comments?post=6208"}],"version-history":[{"count":1,"href":"https:\/\/salmosbiblicos.com.br\/index.php\/wp-json\/wp\/v2\/posts\/6208\/revisions"}],"predecessor-version":[{"id":6209,"href":"https:\/\/salmosbiblicos.com.br\/index.php\/wp-json\/wp\/v2\/posts\/6208\/revisions\/6209"}],"wp:attachment":[{"href":"https:\/\/salmosbiblicos.com.br\/index.php\/wp-json\/wp\/v2\/media?parent=6208"}],"wp:term":[{"taxonomy":"category","embeddable":true,"href":"https:\/\/salmosbiblicos.com.br\/index.php\/wp-json\/wp\/v2\/categories?post=6208"},{"taxonomy":"post_tag","embeddable":true,"href":"https:\/\/salmosbiblicos.com.br\/index.php\/wp-json\/wp\/v2\/tags?post=6208"}],"curies":[{"name":"wp","href":"https:\/\/api.w.org\/{rel}","templated":true}]}}