{"id":6212,"date":"2026-03-31T12:25:25","date_gmt":"2026-03-31T15:25:25","guid":{"rendered":"https:\/\/salmosbiblicos.com.br\/?p=6212"},"modified":"2026-03-31T12:25:25","modified_gmt":"2026-03-31T15:25:25","slug":"oportunidade-perdida-a-reflexao-sobre-a-misericordia-e-a-fe","status":"publish","type":"post","link":"https:\/\/salmosbiblicos.com.br\/index.php\/2026\/03\/31\/oportunidade-perdida-a-reflexao-sobre-a-misericordia-e-a-fe\/","title":{"rendered":"Oportunidade Perdida: A Reflex\u00e3o Sobre a Miseric\u00f3rdia e a F\u00e9"},"content":{"rendered":"<p>## A Gravidade da Oportunidade<\/p>\n<p>\u00c9 um dom imenso receber a palavra, um convite sussurrado ao cora\u00e7\u00e3o para uma mudan\u00e7a profunda. N\u00e3o somos compelidos a trilhar um caminho, a abra\u00e7ar uma f\u00e9. A livre escolha \u00e9 a ess\u00eancia da nossa jornada. Contudo, a liberdade sempre traz consigo a responsabilidade, e a recusa em acolher a luz pode ter consequ\u00eancias que ecoam no tempo.<\/p>\n<p>### A Miseric\u00f3rdia Condicional<\/p>\n<p>As cidades de Edeti, Corazinha, Cafarnaum\u2026 testemunhas de grandes milagres, lugares tocados pela gra\u00e7a divina, mas que, no final, se revelaram insens\u00edveis \u00e0 transforma\u00e7\u00e3o. Jesus, em sua infinita sabedoria, repreendeu-as, n\u00e3o por desd\u00e9m, mas por uma oportunidade desperdi\u00e7ada. **O milagre que floresce em solo f\u00e9rtil \u00e9 um testemunho de convers\u00e3o.** Quando a terra do cora\u00e7\u00e3o permanece \u00e1rida, a d\u00e1diva se torna um fardo.<\/p>\n<p>A mensagem \u00e9 clara: a miseric\u00f3rdia, por mais vasta que seja, tem seus limites. As cidades, se fossem como Tiro e Sidom, teriam se arrependido e evitariam um julgamento severo. A dura realidade \u00e9 que a indiferen\u00e7a impede o florescer do perd\u00e3o.<\/p>\n<p>### A Amea\u00e7a do Amor<\/p>\n<p>A resist\u00eancia \u00e0 verdade n\u00e3o \u00e9 ignorada. N\u00e3o se trata de uma amea\u00e7a vazia, mas de um amor que clama por transforma\u00e7\u00e3o. \u00c9 como a m\u00e3o que se estende para erguer o ca\u00eddo, mas que se recolhe diante da teimosia. **A verdadeira amea\u00e7a reside na possibilidade de um potencial n\u00e3o realizado, de uma vida desperdi\u00e7ada.**<\/p>\n<p>N\u00e3o h\u00e1 felicidade plena sem a convers\u00e3o a Cristo. A perman\u00eancia na escurid\u00e3o \u00e9 uma escolha, e cada escolha tem suas consequ\u00eancias. A Palavra se fez carne e habitou entre n\u00f3s, mas o cora\u00e7\u00e3o endurecido n\u00e3o a reconhece.<\/p>\n<p>### Sem Desculpa na Alma<\/p>\n<p>A responsabilidade \u00e9 inadi\u00e1vel. Aqueles que se recusam a crer, que ignoram os sinais, n\u00e3o podem se esconder atr\u00e1s da ignor\u00e2ncia. A verdade ressoa, a luz ilumina, e a escolha \u00e9 nossa. **A falta de f\u00e9 elimina a desculpa, e a consci\u00eancia se torna o juiz implac\u00e1vel.**<\/p>\n<p>O chamado ao arrependimento \u00e9 um convite \u00e0 liberta\u00e7\u00e3o. Deus, em sua infinita bondade, estende a m\u00e3o, mas a aceita\u00e7\u00e3o depende do nosso querer. A obstina\u00e7\u00e3o, a teimosia em permanecer na sombra, apenas acumula a ira que se manifestar\u00e1 no dia do ju\u00edzo.<\/p>\n<p>### Um Cora\u00e7\u00e3o Abertos para os Milagres<\/p>\n<p>A resist\u00eancia \u00e0 f\u00e9 impede o florescimento dos milagres em nossa vida. **Quando o cora\u00e7\u00e3o est\u00e1 fechado, a gra\u00e7a n\u00e3o encontra espa\u00e7o para agir.** Se n\u00e3o acolhemos a luz, a escurid\u00e3o persiste.<\/p>\n<p>A mudan\u00e7a n\u00e3o \u00e9 imposta, mas oferecida. A liberta\u00e7\u00e3o n\u00e3o \u00e9 for\u00e7ada, mas escolhida. E a verdadeira alegria n\u00e3o se encontra na persist\u00eancia do pecado, mas na transforma\u00e7\u00e3o que nos aproxima do divino.<\/p>\n<p>### A Urg\u00eancia da Convers\u00e3o<\/p>\n<p>Que este seja o momento do despertar. Que a palavra penetre em nossos cora\u00e7\u00f5es e nos impulsione \u00e0 mudan\u00e7a. Que n\u00e3o nos deixemos paralisar pelo medo ou pela comodidade. Que busquemos, com fervor, a luz que nos guia.<\/p>\n<p>A convers\u00e3o n\u00e3o \u00e9 um fardo, mas um presente. \u00c9 a chave que abre as portas da esperan\u00e7a, da paz e da verdadeira felicidade. Que possamos acolher essa gra\u00e7a e irradi\u00e1-la ao mundo.<\/p>\n","protected":false},"excerpt":{"rendered":"<p>## A Gravidade da Oportunidade \u00c9 um dom imenso receber a palavra, um convite sussurrado ao cora\u00e7\u00e3o para uma mudan\u00e7a profunda. N\u00e3o somos compelidos a trilhar um caminho, a abra\u00e7ar uma f\u00e9. A livre escolha \u00e9 a ess\u00eancia da nossa jornada. Contudo, a liberdade sempre traz consigo a responsabilidade, e a recusa em acolher a [&hellip;]<\/p>\n","protected":false},"author":1,"featured_media":0,"comment_status":"closed","ping_status":"open","sticky":false,"template":"","format":"standard","meta":{"footnotes":""},"categories":[14],"tags":[],"class_list":["post-6212","post","type-post","status-publish","format-standard","hentry","category-reflexao"],"yoast_head":"<!-- This site is optimized with the Yoast SEO plugin v27.2 - https:\/\/yoast.com\/product\/yoast-seo-wordpress\/ -->\n<title>Oportunidade Perdida: A Reflex\u00e3o Sobre a Miseric\u00f3rdia e a F\u00e9 - Salmos B\u00edblicos<\/title>\n<meta name=\"robots\" content=\"index, follow, max-snippet:-1, max-image-preview:large, max-video-preview:-1\" \/>\n<link rel=\"canonical\" href=\"https:\/\/salmosbiblicos.com.br\/index.php\/2026\/03\/31\/oportunidade-perdida-a-reflexao-sobre-a-misericordia-e-a-fe\/\" \/>\n<meta property=\"og:locale\" content=\"pt_BR\" \/>\n<meta property=\"og:type\" content=\"article\" \/>\n<meta property=\"og:title\" content=\"Oportunidade Perdida: A Reflex\u00e3o Sobre a Miseric\u00f3rdia e a F\u00e9 - Salmos B\u00edblicos\" \/>\n<meta property=\"og:description\" content=\"## A Gravidade da Oportunidade \u00c9 um dom imenso receber a palavra, um convite sussurrado ao cora\u00e7\u00e3o para uma mudan\u00e7a profunda. N\u00e3o somos compelidos a trilhar um caminho, a abra\u00e7ar uma f\u00e9. A livre escolha \u00e9 a ess\u00eancia da nossa jornada. Contudo, a liberdade sempre traz consigo a responsabilidade, e a recusa em acolher a [&hellip;]\" \/>\n<meta property=\"og:url\" content=\"https:\/\/salmosbiblicos.com.br\/index.php\/2026\/03\/31\/oportunidade-perdida-a-reflexao-sobre-a-misericordia-e-a-fe\/\" \/>\n<meta property=\"og:site_name\" content=\"Salmos B\u00edblicos\" \/>\n<meta property=\"article:published_time\" content=\"2026-03-31T15:25:25+00:00\" \/>\n<meta name=\"author\" content=\"alextreh@gmail.com\" \/>\n<meta name=\"twitter:card\" content=\"summary_large_image\" \/>\n<meta name=\"twitter:label1\" content=\"Escrito por\" \/>\n\t<meta name=\"twitter:data1\" content=\"alextreh@gmail.com\" \/>\n\t<meta name=\"twitter:label2\" content=\"Est. tempo de leitura\" \/>\n\t<meta name=\"twitter:data2\" content=\"3 minutos\" \/>\n<script type=\"application\/ld+json\" class=\"yoast-schema-graph\">{\"@context\":\"https:\/\/schema.org\",\"@graph\":[{\"@type\":\"Article\",\"@id\":\"https:\/\/salmosbiblicos.com.br\/index.php\/2026\/03\/31\/oportunidade-perdida-a-reflexao-sobre-a-misericordia-e-a-fe\/#article\",\"isPartOf\":{\"@id\":\"https:\/\/salmosbiblicos.com.br\/index.php\/2026\/03\/31\/oportunidade-perdida-a-reflexao-sobre-a-misericordia-e-a-fe\/\"},\"author\":{\"name\":\"alextreh@gmail.com\",\"@id\":\"https:\/\/salmosbiblicos.com.br\/#\/schema\/person\/30586d0fb3f3a46b78a3414fc39cc975\"},\"headline\":\"Oportunidade Perdida: A Reflex\u00e3o Sobre a Miseric\u00f3rdia e a F\u00e9\",\"datePublished\":\"2026-03-31T15:25:25+00:00\",\"mainEntityOfPage\":{\"@id\":\"https:\/\/salmosbiblicos.com.br\/index.php\/2026\/03\/31\/oportunidade-perdida-a-reflexao-sobre-a-misericordia-e-a-fe\/\"},\"wordCount\":575,\"articleSection\":[\"Reflex\u00e3o\"],\"inLanguage\":\"pt-BR\"},{\"@type\":\"WebPage\",\"@id\":\"https:\/\/salmosbiblicos.com.br\/index.php\/2026\/03\/31\/oportunidade-perdida-a-reflexao-sobre-a-misericordia-e-a-fe\/\",\"url\":\"https:\/\/salmosbiblicos.com.br\/index.php\/2026\/03\/31\/oportunidade-perdida-a-reflexao-sobre-a-misericordia-e-a-fe\/\",\"name\":\"Oportunidade Perdida: A Reflex\u00e3o Sobre a Miseric\u00f3rdia e a F\u00e9 - Salmos B\u00edblicos\",\"isPartOf\":{\"@id\":\"https:\/\/salmosbiblicos.com.br\/#website\"},\"datePublished\":\"2026-03-31T15:25:25+00:00\",\"author\":{\"@id\":\"https:\/\/salmosbiblicos.com.br\/#\/schema\/person\/30586d0fb3f3a46b78a3414fc39cc975\"},\"breadcrumb\":{\"@id\":\"https:\/\/salmosbiblicos.com.br\/index.php\/2026\/03\/31\/oportunidade-perdida-a-reflexao-sobre-a-misericordia-e-a-fe\/#breadcrumb\"},\"inLanguage\":\"pt-BR\",\"potentialAction\":[{\"@type\":\"ReadAction\",\"target\":[\"https:\/\/salmosbiblicos.com.br\/index.php\/2026\/03\/31\/oportunidade-perdida-a-reflexao-sobre-a-misericordia-e-a-fe\/\"]}]},{\"@type\":\"BreadcrumbList\",\"@id\":\"https:\/\/salmosbiblicos.com.br\/index.php\/2026\/03\/31\/oportunidade-perdida-a-reflexao-sobre-a-misericordia-e-a-fe\/#breadcrumb\",\"itemListElement\":[{\"@type\":\"ListItem\",\"position\":1,\"name\":\"Home\",\"item\":\"https:\/\/salmosbiblicos.com.br\/\"},{\"@type\":\"ListItem\",\"position\":2,\"name\":\"Oportunidade Perdida: A Reflex\u00e3o Sobre a Miseric\u00f3rdia e a F\u00e9\"}]},{\"@type\":\"WebSite\",\"@id\":\"https:\/\/salmosbiblicos.com.br\/#website\",\"url\":\"https:\/\/salmosbiblicos.com.br\/\",\"name\":\"Salmos B\u00edblicos\",\"description\":\"Uma e-Livraria com e-Books novos para voc\u00ea refletir.\",\"potentialAction\":[{\"@type\":\"SearchAction\",\"target\":{\"@type\":\"EntryPoint\",\"urlTemplate\":\"https:\/\/salmosbiblicos.com.br\/?s={search_term_string}\"},\"query-input\":{\"@type\":\"PropertyValueSpecification\",\"valueRequired\":true,\"valueName\":\"search_term_string\"}}],\"inLanguage\":\"pt-BR\"},{\"@type\":\"Person\",\"@id\":\"https:\/\/salmosbiblicos.com.br\/#\/schema\/person\/30586d0fb3f3a46b78a3414fc39cc975\",\"name\":\"alextreh@gmail.com\",\"image\":{\"@type\":\"ImageObject\",\"inLanguage\":\"pt-BR\",\"@id\":\"https:\/\/secure.gravatar.com\/avatar\/7cf84d31f581ec97b887c1039d478a7c293086896c84951a86753fb2c2af7527?s=96&d=mm&r=g\",\"url\":\"https:\/\/secure.gravatar.com\/avatar\/7cf84d31f581ec97b887c1039d478a7c293086896c84951a86753fb2c2af7527?s=96&d=mm&r=g\",\"contentUrl\":\"https:\/\/secure.gravatar.com\/avatar\/7cf84d31f581ec97b887c1039d478a7c293086896c84951a86753fb2c2af7527?s=96&d=mm&r=g\",\"caption\":\"alextreh@gmail.com\"},\"sameAs\":[\"http:\/\/salmosbiblicos.com.br\"],\"url\":\"https:\/\/salmosbiblicos.com.br\/index.php\/author\/alextrehgmail-com\/\"}]}<\/script>\n<!-- \/ Yoast SEO plugin. -->","yoast_head_json":{"title":"Oportunidade Perdida: A Reflex\u00e3o Sobre a Miseric\u00f3rdia e a F\u00e9 - Salmos B\u00edblicos","robots":{"index":"index","follow":"follow","max-snippet":"max-snippet:-1","max-image-preview":"max-image-preview:large","max-video-preview":"max-video-preview:-1"},"canonical":"https:\/\/salmosbiblicos.com.br\/index.php\/2026\/03\/31\/oportunidade-perdida-a-reflexao-sobre-a-misericordia-e-a-fe\/","og_locale":"pt_BR","og_type":"article","og_title":"Oportunidade Perdida: A Reflex\u00e3o Sobre a Miseric\u00f3rdia e a F\u00e9 - Salmos B\u00edblicos","og_description":"## A Gravidade da Oportunidade \u00c9 um dom imenso receber a palavra, um convite sussurrado ao cora\u00e7\u00e3o para uma mudan\u00e7a profunda. N\u00e3o somos compelidos a trilhar um caminho, a abra\u00e7ar uma f\u00e9. A livre escolha \u00e9 a ess\u00eancia da nossa jornada. Contudo, a liberdade sempre traz consigo a responsabilidade, e a recusa em acolher a [&hellip;]","og_url":"https:\/\/salmosbiblicos.com.br\/index.php\/2026\/03\/31\/oportunidade-perdida-a-reflexao-sobre-a-misericordia-e-a-fe\/","og_site_name":"Salmos B\u00edblicos","article_published_time":"2026-03-31T15:25:25+00:00","author":"alextreh@gmail.com","twitter_card":"summary_large_image","twitter_misc":{"Escrito por":"alextreh@gmail.com","Est. tempo de leitura":"3 minutos"},"schema":{"@context":"https:\/\/schema.org","@graph":[{"@type":"Article","@id":"https:\/\/salmosbiblicos.com.br\/index.php\/2026\/03\/31\/oportunidade-perdida-a-reflexao-sobre-a-misericordia-e-a-fe\/#article","isPartOf":{"@id":"https:\/\/salmosbiblicos.com.br\/index.php\/2026\/03\/31\/oportunidade-perdida-a-reflexao-sobre-a-misericordia-e-a-fe\/"},"author":{"name":"alextreh@gmail.com","@id":"https:\/\/salmosbiblicos.com.br\/#\/schema\/person\/30586d0fb3f3a46b78a3414fc39cc975"},"headline":"Oportunidade Perdida: A Reflex\u00e3o Sobre a Miseric\u00f3rdia e a F\u00e9","datePublished":"2026-03-31T15:25:25+00:00","mainEntityOfPage":{"@id":"https:\/\/salmosbiblicos.com.br\/index.php\/2026\/03\/31\/oportunidade-perdida-a-reflexao-sobre-a-misericordia-e-a-fe\/"},"wordCount":575,"articleSection":["Reflex\u00e3o"],"inLanguage":"pt-BR"},{"@type":"WebPage","@id":"https:\/\/salmosbiblicos.com.br\/index.php\/2026\/03\/31\/oportunidade-perdida-a-reflexao-sobre-a-misericordia-e-a-fe\/","url":"https:\/\/salmosbiblicos.com.br\/index.php\/2026\/03\/31\/oportunidade-perdida-a-reflexao-sobre-a-misericordia-e-a-fe\/","name":"Oportunidade Perdida: A Reflex\u00e3o Sobre a Miseric\u00f3rdia e a F\u00e9 - Salmos B\u00edblicos","isPartOf":{"@id":"https:\/\/salmosbiblicos.com.br\/#website"},"datePublished":"2026-03-31T15:25:25+00:00","author":{"@id":"https:\/\/salmosbiblicos.com.br\/#\/schema\/person\/30586d0fb3f3a46b78a3414fc39cc975"},"breadcrumb":{"@id":"https:\/\/salmosbiblicos.com.br\/index.php\/2026\/03\/31\/oportunidade-perdida-a-reflexao-sobre-a-misericordia-e-a-fe\/#breadcrumb"},"inLanguage":"pt-BR","potentialAction":[{"@type":"ReadAction","target":["https:\/\/salmosbiblicos.com.br\/index.php\/2026\/03\/31\/oportunidade-perdida-a-reflexao-sobre-a-misericordia-e-a-fe\/"]}]},{"@type":"BreadcrumbList","@id":"https:\/\/salmosbiblicos.com.br\/index.php\/2026\/03\/31\/oportunidade-perdida-a-reflexao-sobre-a-misericordia-e-a-fe\/#breadcrumb","itemListElement":[{"@type":"ListItem","position":1,"name":"Home","item":"https:\/\/salmosbiblicos.com.br\/"},{"@type":"ListItem","position":2,"name":"Oportunidade Perdida: A Reflex\u00e3o Sobre a Miseric\u00f3rdia e a F\u00e9"}]},{"@type":"WebSite","@id":"https:\/\/salmosbiblicos.com.br\/#website","url":"https:\/\/salmosbiblicos.com.br\/","name":"Salmos B\u00edblicos","description":"Uma e-Livraria com e-Books novos para voc\u00ea refletir.","potentialAction":[{"@type":"SearchAction","target":{"@type":"EntryPoint","urlTemplate":"https:\/\/salmosbiblicos.com.br\/?s={search_term_string}"},"query-input":{"@type":"PropertyValueSpecification","valueRequired":true,"valueName":"search_term_string"}}],"inLanguage":"pt-BR"},{"@type":"Person","@id":"https:\/\/salmosbiblicos.com.br\/#\/schema\/person\/30586d0fb3f3a46b78a3414fc39cc975","name":"alextreh@gmail.com","image":{"@type":"ImageObject","inLanguage":"pt-BR","@id":"https:\/\/secure.gravatar.com\/avatar\/7cf84d31f581ec97b887c1039d478a7c293086896c84951a86753fb2c2af7527?s=96&d=mm&r=g","url":"https:\/\/secure.gravatar.com\/avatar\/7cf84d31f581ec97b887c1039d478a7c293086896c84951a86753fb2c2af7527?s=96&d=mm&r=g","contentUrl":"https:\/\/secure.gravatar.com\/avatar\/7cf84d31f581ec97b887c1039d478a7c293086896c84951a86753fb2c2af7527?s=96&d=mm&r=g","caption":"alextreh@gmail.com"},"sameAs":["http:\/\/salmosbiblicos.com.br"],"url":"https:\/\/salmosbiblicos.com.br\/index.php\/author\/alextrehgmail-com\/"}]}},"_links":{"self":[{"href":"https:\/\/salmosbiblicos.com.br\/index.php\/wp-json\/wp\/v2\/posts\/6212","targetHints":{"allow":["GET"]}}],"collection":[{"href":"https:\/\/salmosbiblicos.com.br\/index.php\/wp-json\/wp\/v2\/posts"}],"about":[{"href":"https:\/\/salmosbiblicos.com.br\/index.php\/wp-json\/wp\/v2\/types\/post"}],"author":[{"embeddable":true,"href":"https:\/\/salmosbiblicos.com.br\/index.php\/wp-json\/wp\/v2\/users\/1"}],"replies":[{"embeddable":true,"href":"https:\/\/salmosbiblicos.com.br\/index.php\/wp-json\/wp\/v2\/comments?post=6212"}],"version-history":[{"count":1,"href":"https:\/\/salmosbiblicos.com.br\/index.php\/wp-json\/wp\/v2\/posts\/6212\/revisions"}],"predecessor-version":[{"id":6213,"href":"https:\/\/salmosbiblicos.com.br\/index.php\/wp-json\/wp\/v2\/posts\/6212\/revisions\/6213"}],"wp:attachment":[{"href":"https:\/\/salmosbiblicos.com.br\/index.php\/wp-json\/wp\/v2\/media?parent=6212"}],"wp:term":[{"taxonomy":"category","embeddable":true,"href":"https:\/\/salmosbiblicos.com.br\/index.php\/wp-json\/wp\/v2\/categories?post=6212"},{"taxonomy":"post_tag","embeddable":true,"href":"https:\/\/salmosbiblicos.com.br\/index.php\/wp-json\/wp\/v2\/tags?post=6212"}],"curies":[{"name":"wp","href":"https:\/\/api.w.org\/{rel}","templated":true}]}}