{"id":6242,"date":"2026-03-31T17:41:48","date_gmt":"2026-03-31T20:41:48","guid":{"rendered":"https:\/\/salmosbiblicos.com.br\/?p=6242"},"modified":"2026-03-31T17:41:48","modified_gmt":"2026-03-31T20:41:48","slug":"caim-e-abel-inveja-pecado-e-a-busca-pela-redencao","status":"publish","type":"post","link":"https:\/\/salmosbiblicos.com.br\/index.php\/2026\/03\/31\/caim-e-abel-inveja-pecado-e-a-busca-pela-redencao\/","title":{"rendered":"Caim e Abel: Inveja, Pecado e a Busca pela Reden\u00e7\u00e3o"},"content":{"rendered":"<p>## O Peso da Escolha: F\u00e9, Inveja e o Caminho da Reden\u00e7\u00e3o<\/p>\n<p>A hist\u00f3ria ancestral ressoa atrav\u00e9s dos tempos, ecoando em nossos cora\u00e7\u00f5es com uma for\u00e7a perturbadora. Caim, um agricultor diligente, e Abel, um pastor dedicado, filhos de Ad\u00e3o e Eva. Cada um, \u00e0 sua maneira, buscava honrar a divindade com suas ofertas. Caim trouxe os frutos da terra, Abel, o melhor de seu rebanho. Mas a gra\u00e7a divina repousou sobre a oferenda de Abel, e a ira consumiu o cora\u00e7\u00e3o de Caim.<\/p>\n<p>Caim, tomado pela inveja, permitiu que a raiva o levasse a um ato terr\u00edvel: o assassinato de seu pr\u00f3prio irm\u00e3o. Uma trag\u00e9dia que manchou a Terra e lan\u00e7ou uma sombra sobre a humanidade. Uma li\u00e7\u00e3o severa sobre a fragilidade do esp\u00edrito humano e as consequ\u00eancias devastadoras do \u00f3dio.<\/p>\n<p>### A Profundeza da Justi\u00e7a Divina<\/p>\n<p>A pergunta do Senhor a Caim \u2013 \u201cPor que est\u00e1s cheio de c\u00f3lera e andas com o rosto abatido?\u201d \u2013 revela a inquietude que reside em toda alma que se desvia do caminho da retid\u00e3o. Aquele que age com justi\u00e7a irradia paz; aquele que se entrega ao mal, carrega um fardo pesado. Mas o Senhor, em sua infinita miseric\u00f3rdia, oferece uma oportunidade: **&#8221;Tu, por\u00e9m, poder\u00e1s dominar-lo.&#8221;**  A chance de controlar a raiva, de escolher o bem.<\/p>\n<p>Caim n\u00e3o aproveitou essa chance.  Tentou transferir a culpa, buscando se eximir da responsabilidade pelo seu ato. \u201cN\u00e3o sei. A casa do sol guarda do meu irm\u00e3o.\u201d  Mas a verdade \u00e9 ineg\u00e1vel: **&#8221;A voz do sangue do teu irm\u00e3o est\u00e1 clamando por mim da Terra.&#8221;** O pecado deixa um rastro indel\u00e9vel, um clamor silencioso que ecoa em nossa consci\u00eancia.<\/p>\n<p>### A F\u00e9 que Transcende a Morte<\/p>\n<p>A beleza da narrativa reside tamb\u00e9m no reconhecimento da f\u00e9 de Abel.  Mesmo em sua morte, sua a\u00e7\u00e3o de oferecer o melhor a Deus \u00e9 exaltada: \u201cPela f\u00e9, Abel ofereceu a Deus um sacrif\u00edcio bem superior ao de Caim e mereceu ser chamado justo, porque Deus aceitou as suas ofertas. Gra\u00e7as a ela, \u00e9 que, apesar de sua morte, ele ainda fala.\u201d  <\/p>\n<p>A f\u00e9 \u00e9 a chama que ilumina a escurid\u00e3o, a esperan\u00e7a que persiste diante da adversidade.  \u00c9 por meio da f\u00e9 que Abel, mesmo ap\u00f3s a morte, continua a inspirar e a edificar.  **Pela f\u00e9, suas a\u00e7\u00f5es transcendem o tempo e o espa\u00e7o, ressoando como um farol de esperan\u00e7a para todos que buscam a verdade.**<\/p>\n<p>### A Armadilha do Maligno<\/p>\n<p>O ap\u00f3stolo Jo\u00e3o nos alerta: \u201cN\u00e3o ameis o mundo, nem o que nele est\u00e1. Pois o amor do mundo \u00e9 inimizade para com Deus.\u201d  Caim, por sua vez, era **\u201cdo Maligno\u201d,** e a inveja, a raiva e o assassinato s\u00e3o frutos de uma alma corrompida.  Devemos nos distanciar das sombras que nos arrastam para a escurid\u00e3o, buscando a luz da gra\u00e7a divina.<\/p>\n<p>Cada ato de viol\u00eancia, cada palavra amarga, cada julgamento impiedoso, s\u00e3o como pedras lan\u00e7adas contra o pr\u00f3ximo.  Podemos ferir e destruir, n\u00e3o apenas fisicamente, mas tamb\u00e9m em esp\u00edrito.  A crueldade pode se manifestar de diversas formas, mas o resultado \u00e9 sempre o mesmo: a morte da alma.<\/p>\n<p>### A Gra\u00e7a da Reden\u00e7\u00e3o<\/p>\n<p>Que possamos, em nosso interior, declarar: \u201cEu n\u00e3o quero ser como Caim. Eu sou de Deus.\u201d  Que a humildade nos guie, a compaix\u00e3o nos fortale\u00e7a, e a f\u00e9 nos inspire a oferecer o nosso melhor a Deus, em todos os momentos e em todas as circunst\u00e2ncias. Que a lembran\u00e7a da trag\u00e9dia de Caim e Abel nos impulsione a escolher sempre o caminho da paz, da justi\u00e7a e da fraternidade.<\/p>\n<p>Livre-se da inveja, abandone a raiva.  Busque a luz que reside em seu cora\u00e7\u00e3o e irradie amor e compreens\u00e3o.  **A verdadeira for\u00e7a n\u00e3o est\u00e1 em dominar ou destruir, mas em perdoar, amar e construir pontes de esperan\u00e7a.** Que possamos ser canais de gra\u00e7a, agentes de paz, portadores da luz divina.<\/p>\n","protected":false},"excerpt":{"rendered":"<p>## O Peso da Escolha: F\u00e9, Inveja e o Caminho da Reden\u00e7\u00e3o A hist\u00f3ria ancestral ressoa atrav\u00e9s dos tempos, ecoando em nossos cora\u00e7\u00f5es com uma for\u00e7a perturbadora. Caim, um agricultor diligente, e Abel, um pastor dedicado, filhos de Ad\u00e3o e Eva. Cada um, \u00e0 sua maneira, buscava honrar a divindade com suas ofertas. Caim trouxe [&hellip;]<\/p>\n","protected":false},"author":1,"featured_media":0,"comment_status":"closed","ping_status":"open","sticky":false,"template":"","format":"standard","meta":{"footnotes":""},"categories":[14],"tags":[],"class_list":["post-6242","post","type-post","status-publish","format-standard","hentry","category-reflexao"],"yoast_head":"<!-- This site is optimized with the Yoast SEO plugin v27.2 - https:\/\/yoast.com\/product\/yoast-seo-wordpress\/ -->\n<title>Caim e Abel: Inveja, Pecado e a Busca pela Reden\u00e7\u00e3o - Salmos B\u00edblicos<\/title>\n<meta name=\"robots\" content=\"index, follow, max-snippet:-1, max-image-preview:large, max-video-preview:-1\" \/>\n<link rel=\"canonical\" href=\"https:\/\/salmosbiblicos.com.br\/index.php\/2026\/03\/31\/caim-e-abel-inveja-pecado-e-a-busca-pela-redencao\/\" \/>\n<meta property=\"og:locale\" content=\"pt_BR\" \/>\n<meta property=\"og:type\" content=\"article\" \/>\n<meta property=\"og:title\" content=\"Caim e Abel: Inveja, Pecado e a Busca pela Reden\u00e7\u00e3o - Salmos B\u00edblicos\" \/>\n<meta property=\"og:description\" content=\"## O Peso da Escolha: F\u00e9, Inveja e o Caminho da Reden\u00e7\u00e3o A hist\u00f3ria ancestral ressoa atrav\u00e9s dos tempos, ecoando em nossos cora\u00e7\u00f5es com uma for\u00e7a perturbadora. Caim, um agricultor diligente, e Abel, um pastor dedicado, filhos de Ad\u00e3o e Eva. Cada um, \u00e0 sua maneira, buscava honrar a divindade com suas ofertas. Caim trouxe [&hellip;]\" \/>\n<meta property=\"og:url\" content=\"https:\/\/salmosbiblicos.com.br\/index.php\/2026\/03\/31\/caim-e-abel-inveja-pecado-e-a-busca-pela-redencao\/\" \/>\n<meta property=\"og:site_name\" content=\"Salmos B\u00edblicos\" \/>\n<meta property=\"article:published_time\" content=\"2026-03-31T20:41:48+00:00\" \/>\n<meta name=\"author\" content=\"alextreh@gmail.com\" \/>\n<meta name=\"twitter:card\" content=\"summary_large_image\" \/>\n<meta name=\"twitter:label1\" content=\"Escrito por\" \/>\n\t<meta name=\"twitter:data1\" content=\"alextreh@gmail.com\" \/>\n\t<meta name=\"twitter:label2\" content=\"Est. tempo de leitura\" \/>\n\t<meta name=\"twitter:data2\" content=\"3 minutos\" \/>\n<script type=\"application\/ld+json\" class=\"yoast-schema-graph\">{\"@context\":\"https:\/\/schema.org\",\"@graph\":[{\"@type\":\"Article\",\"@id\":\"https:\/\/salmosbiblicos.com.br\/index.php\/2026\/03\/31\/caim-e-abel-inveja-pecado-e-a-busca-pela-redencao\/#article\",\"isPartOf\":{\"@id\":\"https:\/\/salmosbiblicos.com.br\/index.php\/2026\/03\/31\/caim-e-abel-inveja-pecado-e-a-busca-pela-redencao\/\"},\"author\":{\"name\":\"alextreh@gmail.com\",\"@id\":\"https:\/\/salmosbiblicos.com.br\/#\/schema\/person\/30586d0fb3f3a46b78a3414fc39cc975\"},\"headline\":\"Caim e Abel: Inveja, Pecado e a Busca pela Reden\u00e7\u00e3o\",\"datePublished\":\"2026-03-31T20:41:48+00:00\",\"mainEntityOfPage\":{\"@id\":\"https:\/\/salmosbiblicos.com.br\/index.php\/2026\/03\/31\/caim-e-abel-inveja-pecado-e-a-busca-pela-redencao\/\"},\"wordCount\":699,\"articleSection\":[\"Reflex\u00e3o\"],\"inLanguage\":\"pt-BR\"},{\"@type\":\"WebPage\",\"@id\":\"https:\/\/salmosbiblicos.com.br\/index.php\/2026\/03\/31\/caim-e-abel-inveja-pecado-e-a-busca-pela-redencao\/\",\"url\":\"https:\/\/salmosbiblicos.com.br\/index.php\/2026\/03\/31\/caim-e-abel-inveja-pecado-e-a-busca-pela-redencao\/\",\"name\":\"Caim e Abel: Inveja, Pecado e a Busca pela Reden\u00e7\u00e3o - Salmos B\u00edblicos\",\"isPartOf\":{\"@id\":\"https:\/\/salmosbiblicos.com.br\/#website\"},\"datePublished\":\"2026-03-31T20:41:48+00:00\",\"author\":{\"@id\":\"https:\/\/salmosbiblicos.com.br\/#\/schema\/person\/30586d0fb3f3a46b78a3414fc39cc975\"},\"breadcrumb\":{\"@id\":\"https:\/\/salmosbiblicos.com.br\/index.php\/2026\/03\/31\/caim-e-abel-inveja-pecado-e-a-busca-pela-redencao\/#breadcrumb\"},\"inLanguage\":\"pt-BR\",\"potentialAction\":[{\"@type\":\"ReadAction\",\"target\":[\"https:\/\/salmosbiblicos.com.br\/index.php\/2026\/03\/31\/caim-e-abel-inveja-pecado-e-a-busca-pela-redencao\/\"]}]},{\"@type\":\"BreadcrumbList\",\"@id\":\"https:\/\/salmosbiblicos.com.br\/index.php\/2026\/03\/31\/caim-e-abel-inveja-pecado-e-a-busca-pela-redencao\/#breadcrumb\",\"itemListElement\":[{\"@type\":\"ListItem\",\"position\":1,\"name\":\"Home\",\"item\":\"https:\/\/salmosbiblicos.com.br\/\"},{\"@type\":\"ListItem\",\"position\":2,\"name\":\"Caim e Abel: Inveja, Pecado e a Busca pela Reden\u00e7\u00e3o\"}]},{\"@type\":\"WebSite\",\"@id\":\"https:\/\/salmosbiblicos.com.br\/#website\",\"url\":\"https:\/\/salmosbiblicos.com.br\/\",\"name\":\"Salmos B\u00edblicos\",\"description\":\"Uma e-Livraria com e-Books novos para voc\u00ea refletir.\",\"potentialAction\":[{\"@type\":\"SearchAction\",\"target\":{\"@type\":\"EntryPoint\",\"urlTemplate\":\"https:\/\/salmosbiblicos.com.br\/?s={search_term_string}\"},\"query-input\":{\"@type\":\"PropertyValueSpecification\",\"valueRequired\":true,\"valueName\":\"search_term_string\"}}],\"inLanguage\":\"pt-BR\"},{\"@type\":\"Person\",\"@id\":\"https:\/\/salmosbiblicos.com.br\/#\/schema\/person\/30586d0fb3f3a46b78a3414fc39cc975\",\"name\":\"alextreh@gmail.com\",\"image\":{\"@type\":\"ImageObject\",\"inLanguage\":\"pt-BR\",\"@id\":\"https:\/\/secure.gravatar.com\/avatar\/7cf84d31f581ec97b887c1039d478a7c293086896c84951a86753fb2c2af7527?s=96&d=mm&r=g\",\"url\":\"https:\/\/secure.gravatar.com\/avatar\/7cf84d31f581ec97b887c1039d478a7c293086896c84951a86753fb2c2af7527?s=96&d=mm&r=g\",\"contentUrl\":\"https:\/\/secure.gravatar.com\/avatar\/7cf84d31f581ec97b887c1039d478a7c293086896c84951a86753fb2c2af7527?s=96&d=mm&r=g\",\"caption\":\"alextreh@gmail.com\"},\"sameAs\":[\"http:\/\/salmosbiblicos.com.br\"],\"url\":\"https:\/\/salmosbiblicos.com.br\/index.php\/author\/alextrehgmail-com\/\"}]}<\/script>\n<!-- \/ Yoast SEO plugin. -->","yoast_head_json":{"title":"Caim e Abel: Inveja, Pecado e a Busca pela Reden\u00e7\u00e3o - Salmos B\u00edblicos","robots":{"index":"index","follow":"follow","max-snippet":"max-snippet:-1","max-image-preview":"max-image-preview:large","max-video-preview":"max-video-preview:-1"},"canonical":"https:\/\/salmosbiblicos.com.br\/index.php\/2026\/03\/31\/caim-e-abel-inveja-pecado-e-a-busca-pela-redencao\/","og_locale":"pt_BR","og_type":"article","og_title":"Caim e Abel: Inveja, Pecado e a Busca pela Reden\u00e7\u00e3o - Salmos B\u00edblicos","og_description":"## O Peso da Escolha: F\u00e9, Inveja e o Caminho da Reden\u00e7\u00e3o A hist\u00f3ria ancestral ressoa atrav\u00e9s dos tempos, ecoando em nossos cora\u00e7\u00f5es com uma for\u00e7a perturbadora. Caim, um agricultor diligente, e Abel, um pastor dedicado, filhos de Ad\u00e3o e Eva. Cada um, \u00e0 sua maneira, buscava honrar a divindade com suas ofertas. Caim trouxe [&hellip;]","og_url":"https:\/\/salmosbiblicos.com.br\/index.php\/2026\/03\/31\/caim-e-abel-inveja-pecado-e-a-busca-pela-redencao\/","og_site_name":"Salmos B\u00edblicos","article_published_time":"2026-03-31T20:41:48+00:00","author":"alextreh@gmail.com","twitter_card":"summary_large_image","twitter_misc":{"Escrito por":"alextreh@gmail.com","Est. tempo de leitura":"3 minutos"},"schema":{"@context":"https:\/\/schema.org","@graph":[{"@type":"Article","@id":"https:\/\/salmosbiblicos.com.br\/index.php\/2026\/03\/31\/caim-e-abel-inveja-pecado-e-a-busca-pela-redencao\/#article","isPartOf":{"@id":"https:\/\/salmosbiblicos.com.br\/index.php\/2026\/03\/31\/caim-e-abel-inveja-pecado-e-a-busca-pela-redencao\/"},"author":{"name":"alextreh@gmail.com","@id":"https:\/\/salmosbiblicos.com.br\/#\/schema\/person\/30586d0fb3f3a46b78a3414fc39cc975"},"headline":"Caim e Abel: Inveja, Pecado e a Busca pela Reden\u00e7\u00e3o","datePublished":"2026-03-31T20:41:48+00:00","mainEntityOfPage":{"@id":"https:\/\/salmosbiblicos.com.br\/index.php\/2026\/03\/31\/caim-e-abel-inveja-pecado-e-a-busca-pela-redencao\/"},"wordCount":699,"articleSection":["Reflex\u00e3o"],"inLanguage":"pt-BR"},{"@type":"WebPage","@id":"https:\/\/salmosbiblicos.com.br\/index.php\/2026\/03\/31\/caim-e-abel-inveja-pecado-e-a-busca-pela-redencao\/","url":"https:\/\/salmosbiblicos.com.br\/index.php\/2026\/03\/31\/caim-e-abel-inveja-pecado-e-a-busca-pela-redencao\/","name":"Caim e Abel: Inveja, Pecado e a Busca pela Reden\u00e7\u00e3o - Salmos B\u00edblicos","isPartOf":{"@id":"https:\/\/salmosbiblicos.com.br\/#website"},"datePublished":"2026-03-31T20:41:48+00:00","author":{"@id":"https:\/\/salmosbiblicos.com.br\/#\/schema\/person\/30586d0fb3f3a46b78a3414fc39cc975"},"breadcrumb":{"@id":"https:\/\/salmosbiblicos.com.br\/index.php\/2026\/03\/31\/caim-e-abel-inveja-pecado-e-a-busca-pela-redencao\/#breadcrumb"},"inLanguage":"pt-BR","potentialAction":[{"@type":"ReadAction","target":["https:\/\/salmosbiblicos.com.br\/index.php\/2026\/03\/31\/caim-e-abel-inveja-pecado-e-a-busca-pela-redencao\/"]}]},{"@type":"BreadcrumbList","@id":"https:\/\/salmosbiblicos.com.br\/index.php\/2026\/03\/31\/caim-e-abel-inveja-pecado-e-a-busca-pela-redencao\/#breadcrumb","itemListElement":[{"@type":"ListItem","position":1,"name":"Home","item":"https:\/\/salmosbiblicos.com.br\/"},{"@type":"ListItem","position":2,"name":"Caim e Abel: Inveja, Pecado e a Busca pela Reden\u00e7\u00e3o"}]},{"@type":"WebSite","@id":"https:\/\/salmosbiblicos.com.br\/#website","url":"https:\/\/salmosbiblicos.com.br\/","name":"Salmos B\u00edblicos","description":"Uma e-Livraria com e-Books novos para voc\u00ea refletir.","potentialAction":[{"@type":"SearchAction","target":{"@type":"EntryPoint","urlTemplate":"https:\/\/salmosbiblicos.com.br\/?s={search_term_string}"},"query-input":{"@type":"PropertyValueSpecification","valueRequired":true,"valueName":"search_term_string"}}],"inLanguage":"pt-BR"},{"@type":"Person","@id":"https:\/\/salmosbiblicos.com.br\/#\/schema\/person\/30586d0fb3f3a46b78a3414fc39cc975","name":"alextreh@gmail.com","image":{"@type":"ImageObject","inLanguage":"pt-BR","@id":"https:\/\/secure.gravatar.com\/avatar\/7cf84d31f581ec97b887c1039d478a7c293086896c84951a86753fb2c2af7527?s=96&d=mm&r=g","url":"https:\/\/secure.gravatar.com\/avatar\/7cf84d31f581ec97b887c1039d478a7c293086896c84951a86753fb2c2af7527?s=96&d=mm&r=g","contentUrl":"https:\/\/secure.gravatar.com\/avatar\/7cf84d31f581ec97b887c1039d478a7c293086896c84951a86753fb2c2af7527?s=96&d=mm&r=g","caption":"alextreh@gmail.com"},"sameAs":["http:\/\/salmosbiblicos.com.br"],"url":"https:\/\/salmosbiblicos.com.br\/index.php\/author\/alextrehgmail-com\/"}]}},"_links":{"self":[{"href":"https:\/\/salmosbiblicos.com.br\/index.php\/wp-json\/wp\/v2\/posts\/6242","targetHints":{"allow":["GET"]}}],"collection":[{"href":"https:\/\/salmosbiblicos.com.br\/index.php\/wp-json\/wp\/v2\/posts"}],"about":[{"href":"https:\/\/salmosbiblicos.com.br\/index.php\/wp-json\/wp\/v2\/types\/post"}],"author":[{"embeddable":true,"href":"https:\/\/salmosbiblicos.com.br\/index.php\/wp-json\/wp\/v2\/users\/1"}],"replies":[{"embeddable":true,"href":"https:\/\/salmosbiblicos.com.br\/index.php\/wp-json\/wp\/v2\/comments?post=6242"}],"version-history":[{"count":1,"href":"https:\/\/salmosbiblicos.com.br\/index.php\/wp-json\/wp\/v2\/posts\/6242\/revisions"}],"predecessor-version":[{"id":6243,"href":"https:\/\/salmosbiblicos.com.br\/index.php\/wp-json\/wp\/v2\/posts\/6242\/revisions\/6243"}],"wp:attachment":[{"href":"https:\/\/salmosbiblicos.com.br\/index.php\/wp-json\/wp\/v2\/media?parent=6242"}],"wp:term":[{"taxonomy":"category","embeddable":true,"href":"https:\/\/salmosbiblicos.com.br\/index.php\/wp-json\/wp\/v2\/categories?post=6242"},{"taxonomy":"post_tag","embeddable":true,"href":"https:\/\/salmosbiblicos.com.br\/index.php\/wp-json\/wp\/v2\/tags?post=6242"}],"curies":[{"name":"wp","href":"https:\/\/api.w.org\/{rel}","templated":true}]}}