{"id":6246,"date":"2026-03-31T17:55:31","date_gmt":"2026-03-31T20:55:31","guid":{"rendered":"https:\/\/salmosbiblicos.com.br\/?p=6246"},"modified":"2026-03-31T17:55:31","modified_gmt":"2026-03-31T20:55:31","slug":"eden-perdido-esperanca-renovada-reflexoes-sobre-a-graca","status":"publish","type":"post","link":"https:\/\/salmosbiblicos.com.br\/index.php\/2026\/03\/31\/eden-perdido-esperanca-renovada-reflexoes-sobre-a-graca\/","title":{"rendered":"\u00c9den Perdido, Esperan\u00e7a Renovada: Reflex\u00f5es Sobre a Gra\u00e7a"},"content":{"rendered":"<p>## A Queda e a Esperan\u00e7a: Uma Reflex\u00e3o Sobre o Jardim<\/p>\n<p>A narrativa do \u00c9den ecoa em nossos cora\u00e7\u00f5es como um lembrete da fragilidade da condi\u00e7\u00e3o humana. Fomos colocados em um lugar de beleza e abund\u00e2ncia, mas a escolha de desobedecer a um mandamento nos removeu daquele para\u00edso original. N\u00e3o foi um ato de rejei\u00e7\u00e3o divina, mas a nossa pr\u00f3pria decis\u00e3o que nos afastou da fonte da vida.<\/p>\n<p>### O Peso do Pecado<\/p>\n<p>O relato de G\u00eanesis revela a dor da consci\u00eancia, o medo de enfrentar as consequ\u00eancias. A tentativa de se esconder da presen\u00e7a divina demonstra o abismo que o pecado cria entre n\u00f3s e o Criador.  **O pecado n\u00e3o \u00e9 uma simples transgress\u00e3o, mas uma barreira que impede o nosso contato com a gra\u00e7a divina.**<\/p>\n<p>&#8220;Vossas faltas s\u00e3o o motivo pelo qual a face oculta para n\u00e3o vos ouvir,&#8221; ecoa a mensagem dos profetas. A separa\u00e7\u00e3o n\u00e3o \u00e9 imposta, mas \u00e9 a consequ\u00eancia natural de nos afastarmos da luz. E essa separa\u00e7\u00e3o trouxe consigo a morte, uma sombra que paira sobre toda a humanidade.<\/p>\n<p>### A Promessa de Reconcilia\u00e7\u00e3o<\/p>\n<p>A boa not\u00edcia reside na esperan\u00e7a que nos \u00e9 oferecida. A barreira que nos separava de Deus n\u00e3o permaneceu intranspon\u00edvel. **Em Cristo, encontramos o caminho de volta \u00e0 fonte da vida.**  Como um rio que rompe uma represa, Ele derrubou o muro que nos separava do amor divino.<\/p>\n<p>### Purificando a Alma<\/p>\n<p>A vis\u00e3o do Apocalipse nos convida a contemplar a restaura\u00e7\u00e3o.  &#8220;Felizes aqueles que lavam as suas vestes para ter direito \u00e0 \u00e1rvore e da vida.\u201d  O acesso a essa plenitude n\u00e3o \u00e9 um direito inato, mas uma gra\u00e7a conquistada atrav\u00e9s da purifica\u00e7\u00e3o do cora\u00e7\u00e3o, do arrependimento sincero e da convers\u00e3o de vida.<\/p>\n<p>Para aqueles que se esfor\u00e7am para **lavar suas vestes no sangue do Cordeiro**, uma recompensa aguarda: o fruto da \u00e1rvore da vida, a entrada na cidade, a comunh\u00e3o plena com o divino. E a promessa final, para aqueles que perseveram em Cristo: \u201cEu darei de comer do fruto da \u00e1rvore e da vida que se acha no para\u00edso de Deus.\u201d<\/p>\n<p>### A Jornada da F\u00e9<\/p>\n<p>Que essa reflex\u00e3o nos inspire a buscar, com humildade e perseveran\u00e7a, a purifica\u00e7\u00e3o da alma. Que possamos, a cada dia, renovar nosso compromisso com o caminho da f\u00e9 e, assim, nos aproximarmos da esperan\u00e7a eterna que nos foi prometida. Que a gra\u00e7a de Deus nos fortale\u00e7a em nossa jornada, e nos conduza \u00e0 vida plena e abundante.<\/p>\n","protected":false},"excerpt":{"rendered":"<p>## A Queda e a Esperan\u00e7a: Uma Reflex\u00e3o Sobre o Jardim A narrativa do \u00c9den ecoa em nossos cora\u00e7\u00f5es como um lembrete da fragilidade da condi\u00e7\u00e3o humana. Fomos colocados em um lugar de beleza e abund\u00e2ncia, mas a escolha de desobedecer a um mandamento nos removeu daquele para\u00edso original. N\u00e3o foi um ato de rejei\u00e7\u00e3o [&hellip;]<\/p>\n","protected":false},"author":1,"featured_media":0,"comment_status":"closed","ping_status":"open","sticky":false,"template":"","format":"standard","meta":{"footnotes":""},"categories":[14],"tags":[],"class_list":["post-6246","post","type-post","status-publish","format-standard","hentry","category-reflexao"],"yoast_head":"<!-- This site is optimized with the Yoast SEO plugin v27.2 - https:\/\/yoast.com\/product\/yoast-seo-wordpress\/ -->\n<title>\u00c9den Perdido, Esperan\u00e7a Renovada: Reflex\u00f5es Sobre a Gra\u00e7a - Salmos B\u00edblicos<\/title>\n<meta name=\"robots\" content=\"index, follow, max-snippet:-1, max-image-preview:large, max-video-preview:-1\" \/>\n<link rel=\"canonical\" href=\"http:\/\/salmosbiblicos.com.br\/index.php\/2026\/03\/31\/eden-perdido-esperanca-renovada-reflexoes-sobre-a-graca\/\" \/>\n<meta property=\"og:locale\" content=\"pt_BR\" \/>\n<meta property=\"og:type\" content=\"article\" \/>\n<meta property=\"og:title\" content=\"\u00c9den Perdido, Esperan\u00e7a Renovada: Reflex\u00f5es Sobre a Gra\u00e7a - Salmos B\u00edblicos\" \/>\n<meta property=\"og:description\" content=\"## A Queda e a Esperan\u00e7a: Uma Reflex\u00e3o Sobre o Jardim A narrativa do \u00c9den ecoa em nossos cora\u00e7\u00f5es como um lembrete da fragilidade da condi\u00e7\u00e3o humana. Fomos colocados em um lugar de beleza e abund\u00e2ncia, mas a escolha de desobedecer a um mandamento nos removeu daquele para\u00edso original. N\u00e3o foi um ato de rejei\u00e7\u00e3o [&hellip;]\" \/>\n<meta property=\"og:url\" content=\"http:\/\/salmosbiblicos.com.br\/index.php\/2026\/03\/31\/eden-perdido-esperanca-renovada-reflexoes-sobre-a-graca\/\" \/>\n<meta property=\"og:site_name\" content=\"Salmos B\u00edblicos\" \/>\n<meta property=\"article:published_time\" content=\"2026-03-31T20:55:31+00:00\" \/>\n<meta name=\"author\" content=\"alextreh@gmail.com\" \/>\n<meta name=\"twitter:card\" content=\"summary_large_image\" \/>\n<meta name=\"twitter:label1\" content=\"Escrito por\" \/>\n\t<meta name=\"twitter:data1\" content=\"alextreh@gmail.com\" \/>\n\t<meta name=\"twitter:label2\" content=\"Est. tempo de leitura\" \/>\n\t<meta name=\"twitter:data2\" content=\"2 minutos\" \/>\n<script type=\"application\/ld+json\" class=\"yoast-schema-graph\">{\"@context\":\"https:\/\/schema.org\",\"@graph\":[{\"@type\":\"Article\",\"@id\":\"http:\/\/salmosbiblicos.com.br\/index.php\/2026\/03\/31\/eden-perdido-esperanca-renovada-reflexoes-sobre-a-graca\/#article\",\"isPartOf\":{\"@id\":\"http:\/\/salmosbiblicos.com.br\/index.php\/2026\/03\/31\/eden-perdido-esperanca-renovada-reflexoes-sobre-a-graca\/\"},\"author\":{\"name\":\"alextreh@gmail.com\",\"@id\":\"https:\/\/salmosbiblicos.com.br\/#\/schema\/person\/30586d0fb3f3a46b78a3414fc39cc975\"},\"headline\":\"\u00c9den Perdido, Esperan\u00e7a Renovada: Reflex\u00f5es Sobre a Gra\u00e7a\",\"datePublished\":\"2026-03-31T20:55:31+00:00\",\"mainEntityOfPage\":{\"@id\":\"http:\/\/salmosbiblicos.com.br\/index.php\/2026\/03\/31\/eden-perdido-esperanca-renovada-reflexoes-sobre-a-graca\/\"},\"wordCount\":451,\"articleSection\":[\"Reflex\u00e3o\"],\"inLanguage\":\"pt-BR\"},{\"@type\":\"WebPage\",\"@id\":\"http:\/\/salmosbiblicos.com.br\/index.php\/2026\/03\/31\/eden-perdido-esperanca-renovada-reflexoes-sobre-a-graca\/\",\"url\":\"http:\/\/salmosbiblicos.com.br\/index.php\/2026\/03\/31\/eden-perdido-esperanca-renovada-reflexoes-sobre-a-graca\/\",\"name\":\"\u00c9den Perdido, Esperan\u00e7a Renovada: Reflex\u00f5es Sobre a Gra\u00e7a - Salmos B\u00edblicos\",\"isPartOf\":{\"@id\":\"https:\/\/salmosbiblicos.com.br\/#website\"},\"datePublished\":\"2026-03-31T20:55:31+00:00\",\"author\":{\"@id\":\"https:\/\/salmosbiblicos.com.br\/#\/schema\/person\/30586d0fb3f3a46b78a3414fc39cc975\"},\"breadcrumb\":{\"@id\":\"http:\/\/salmosbiblicos.com.br\/index.php\/2026\/03\/31\/eden-perdido-esperanca-renovada-reflexoes-sobre-a-graca\/#breadcrumb\"},\"inLanguage\":\"pt-BR\",\"potentialAction\":[{\"@type\":\"ReadAction\",\"target\":[\"http:\/\/salmosbiblicos.com.br\/index.php\/2026\/03\/31\/eden-perdido-esperanca-renovada-reflexoes-sobre-a-graca\/\"]}]},{\"@type\":\"BreadcrumbList\",\"@id\":\"http:\/\/salmosbiblicos.com.br\/index.php\/2026\/03\/31\/eden-perdido-esperanca-renovada-reflexoes-sobre-a-graca\/#breadcrumb\",\"itemListElement\":[{\"@type\":\"ListItem\",\"position\":1,\"name\":\"Home\",\"item\":\"https:\/\/salmosbiblicos.com.br\/\"},{\"@type\":\"ListItem\",\"position\":2,\"name\":\"\u00c9den Perdido, Esperan\u00e7a Renovada: Reflex\u00f5es Sobre a Gra\u00e7a\"}]},{\"@type\":\"WebSite\",\"@id\":\"https:\/\/salmosbiblicos.com.br\/#website\",\"url\":\"https:\/\/salmosbiblicos.com.br\/\",\"name\":\"Salmos B\u00edblicos\",\"description\":\"Uma e-Livraria com e-Books novos para voc\u00ea refletir.\",\"potentialAction\":[{\"@type\":\"SearchAction\",\"target\":{\"@type\":\"EntryPoint\",\"urlTemplate\":\"https:\/\/salmosbiblicos.com.br\/?s={search_term_string}\"},\"query-input\":{\"@type\":\"PropertyValueSpecification\",\"valueRequired\":true,\"valueName\":\"search_term_string\"}}],\"inLanguage\":\"pt-BR\"},{\"@type\":\"Person\",\"@id\":\"https:\/\/salmosbiblicos.com.br\/#\/schema\/person\/30586d0fb3f3a46b78a3414fc39cc975\",\"name\":\"alextreh@gmail.com\",\"image\":{\"@type\":\"ImageObject\",\"inLanguage\":\"pt-BR\",\"@id\":\"https:\/\/secure.gravatar.com\/avatar\/7cf84d31f581ec97b887c1039d478a7c293086896c84951a86753fb2c2af7527?s=96&d=mm&r=g\",\"url\":\"https:\/\/secure.gravatar.com\/avatar\/7cf84d31f581ec97b887c1039d478a7c293086896c84951a86753fb2c2af7527?s=96&d=mm&r=g\",\"contentUrl\":\"https:\/\/secure.gravatar.com\/avatar\/7cf84d31f581ec97b887c1039d478a7c293086896c84951a86753fb2c2af7527?s=96&d=mm&r=g\",\"caption\":\"alextreh@gmail.com\"},\"sameAs\":[\"http:\/\/salmosbiblicos.com.br\"],\"url\":\"https:\/\/salmosbiblicos.com.br\/index.php\/author\/alextrehgmail-com\/\"}]}<\/script>\n<!-- \/ Yoast SEO plugin. -->","yoast_head_json":{"title":"\u00c9den Perdido, Esperan\u00e7a Renovada: Reflex\u00f5es Sobre a Gra\u00e7a - Salmos B\u00edblicos","robots":{"index":"index","follow":"follow","max-snippet":"max-snippet:-1","max-image-preview":"max-image-preview:large","max-video-preview":"max-video-preview:-1"},"canonical":"http:\/\/salmosbiblicos.com.br\/index.php\/2026\/03\/31\/eden-perdido-esperanca-renovada-reflexoes-sobre-a-graca\/","og_locale":"pt_BR","og_type":"article","og_title":"\u00c9den Perdido, Esperan\u00e7a Renovada: Reflex\u00f5es Sobre a Gra\u00e7a - Salmos B\u00edblicos","og_description":"## A Queda e a Esperan\u00e7a: Uma Reflex\u00e3o Sobre o Jardim A narrativa do \u00c9den ecoa em nossos cora\u00e7\u00f5es como um lembrete da fragilidade da condi\u00e7\u00e3o humana. Fomos colocados em um lugar de beleza e abund\u00e2ncia, mas a escolha de desobedecer a um mandamento nos removeu daquele para\u00edso original. N\u00e3o foi um ato de rejei\u00e7\u00e3o [&hellip;]","og_url":"http:\/\/salmosbiblicos.com.br\/index.php\/2026\/03\/31\/eden-perdido-esperanca-renovada-reflexoes-sobre-a-graca\/","og_site_name":"Salmos B\u00edblicos","article_published_time":"2026-03-31T20:55:31+00:00","author":"alextreh@gmail.com","twitter_card":"summary_large_image","twitter_misc":{"Escrito por":"alextreh@gmail.com","Est. tempo de leitura":"2 minutos"},"schema":{"@context":"https:\/\/schema.org","@graph":[{"@type":"Article","@id":"http:\/\/salmosbiblicos.com.br\/index.php\/2026\/03\/31\/eden-perdido-esperanca-renovada-reflexoes-sobre-a-graca\/#article","isPartOf":{"@id":"http:\/\/salmosbiblicos.com.br\/index.php\/2026\/03\/31\/eden-perdido-esperanca-renovada-reflexoes-sobre-a-graca\/"},"author":{"name":"alextreh@gmail.com","@id":"https:\/\/salmosbiblicos.com.br\/#\/schema\/person\/30586d0fb3f3a46b78a3414fc39cc975"},"headline":"\u00c9den Perdido, Esperan\u00e7a Renovada: Reflex\u00f5es Sobre a Gra\u00e7a","datePublished":"2026-03-31T20:55:31+00:00","mainEntityOfPage":{"@id":"http:\/\/salmosbiblicos.com.br\/index.php\/2026\/03\/31\/eden-perdido-esperanca-renovada-reflexoes-sobre-a-graca\/"},"wordCount":451,"articleSection":["Reflex\u00e3o"],"inLanguage":"pt-BR"},{"@type":"WebPage","@id":"http:\/\/salmosbiblicos.com.br\/index.php\/2026\/03\/31\/eden-perdido-esperanca-renovada-reflexoes-sobre-a-graca\/","url":"http:\/\/salmosbiblicos.com.br\/index.php\/2026\/03\/31\/eden-perdido-esperanca-renovada-reflexoes-sobre-a-graca\/","name":"\u00c9den Perdido, Esperan\u00e7a Renovada: Reflex\u00f5es Sobre a Gra\u00e7a - Salmos B\u00edblicos","isPartOf":{"@id":"https:\/\/salmosbiblicos.com.br\/#website"},"datePublished":"2026-03-31T20:55:31+00:00","author":{"@id":"https:\/\/salmosbiblicos.com.br\/#\/schema\/person\/30586d0fb3f3a46b78a3414fc39cc975"},"breadcrumb":{"@id":"http:\/\/salmosbiblicos.com.br\/index.php\/2026\/03\/31\/eden-perdido-esperanca-renovada-reflexoes-sobre-a-graca\/#breadcrumb"},"inLanguage":"pt-BR","potentialAction":[{"@type":"ReadAction","target":["http:\/\/salmosbiblicos.com.br\/index.php\/2026\/03\/31\/eden-perdido-esperanca-renovada-reflexoes-sobre-a-graca\/"]}]},{"@type":"BreadcrumbList","@id":"http:\/\/salmosbiblicos.com.br\/index.php\/2026\/03\/31\/eden-perdido-esperanca-renovada-reflexoes-sobre-a-graca\/#breadcrumb","itemListElement":[{"@type":"ListItem","position":1,"name":"Home","item":"https:\/\/salmosbiblicos.com.br\/"},{"@type":"ListItem","position":2,"name":"\u00c9den Perdido, Esperan\u00e7a Renovada: Reflex\u00f5es Sobre a Gra\u00e7a"}]},{"@type":"WebSite","@id":"https:\/\/salmosbiblicos.com.br\/#website","url":"https:\/\/salmosbiblicos.com.br\/","name":"Salmos B\u00edblicos","description":"Uma e-Livraria com e-Books novos para voc\u00ea refletir.","potentialAction":[{"@type":"SearchAction","target":{"@type":"EntryPoint","urlTemplate":"https:\/\/salmosbiblicos.com.br\/?s={search_term_string}"},"query-input":{"@type":"PropertyValueSpecification","valueRequired":true,"valueName":"search_term_string"}}],"inLanguage":"pt-BR"},{"@type":"Person","@id":"https:\/\/salmosbiblicos.com.br\/#\/schema\/person\/30586d0fb3f3a46b78a3414fc39cc975","name":"alextreh@gmail.com","image":{"@type":"ImageObject","inLanguage":"pt-BR","@id":"https:\/\/secure.gravatar.com\/avatar\/7cf84d31f581ec97b887c1039d478a7c293086896c84951a86753fb2c2af7527?s=96&d=mm&r=g","url":"https:\/\/secure.gravatar.com\/avatar\/7cf84d31f581ec97b887c1039d478a7c293086896c84951a86753fb2c2af7527?s=96&d=mm&r=g","contentUrl":"https:\/\/secure.gravatar.com\/avatar\/7cf84d31f581ec97b887c1039d478a7c293086896c84951a86753fb2c2af7527?s=96&d=mm&r=g","caption":"alextreh@gmail.com"},"sameAs":["http:\/\/salmosbiblicos.com.br"],"url":"https:\/\/salmosbiblicos.com.br\/index.php\/author\/alextrehgmail-com\/"}]}},"_links":{"self":[{"href":"https:\/\/salmosbiblicos.com.br\/index.php\/wp-json\/wp\/v2\/posts\/6246","targetHints":{"allow":["GET"]}}],"collection":[{"href":"https:\/\/salmosbiblicos.com.br\/index.php\/wp-json\/wp\/v2\/posts"}],"about":[{"href":"https:\/\/salmosbiblicos.com.br\/index.php\/wp-json\/wp\/v2\/types\/post"}],"author":[{"embeddable":true,"href":"https:\/\/salmosbiblicos.com.br\/index.php\/wp-json\/wp\/v2\/users\/1"}],"replies":[{"embeddable":true,"href":"https:\/\/salmosbiblicos.com.br\/index.php\/wp-json\/wp\/v2\/comments?post=6246"}],"version-history":[{"count":1,"href":"https:\/\/salmosbiblicos.com.br\/index.php\/wp-json\/wp\/v2\/posts\/6246\/revisions"}],"predecessor-version":[{"id":6247,"href":"https:\/\/salmosbiblicos.com.br\/index.php\/wp-json\/wp\/v2\/posts\/6246\/revisions\/6247"}],"wp:attachment":[{"href":"https:\/\/salmosbiblicos.com.br\/index.php\/wp-json\/wp\/v2\/media?parent=6246"}],"wp:term":[{"taxonomy":"category","embeddable":true,"href":"https:\/\/salmosbiblicos.com.br\/index.php\/wp-json\/wp\/v2\/categories?post=6246"},{"taxonomy":"post_tag","embeddable":true,"href":"https:\/\/salmosbiblicos.com.br\/index.php\/wp-json\/wp\/v2\/tags?post=6246"}],"curies":[{"name":"wp","href":"https:\/\/api.w.org\/{rel}","templated":true}]}}