{"id":6254,"date":"2026-03-31T18:28:03","date_gmt":"2026-03-31T21:28:03","guid":{"rendered":"https:\/\/salmosbiblicos.com.br\/?p=6254"},"modified":"2026-03-31T18:28:03","modified_gmt":"2026-03-31T21:28:03","slug":"genesis-a-criacao-e-a-fe-na-origem-de-tudo","status":"publish","type":"post","link":"https:\/\/salmosbiblicos.com.br\/index.php\/2026\/03\/31\/genesis-a-criacao-e-a-fe-na-origem-de-tudo\/","title":{"rendered":"G\u00eanesis: A Cria\u00e7\u00e3o e a F\u00e9 na Origem de Tudo"},"content":{"rendered":"<p>## A Profundeza do G\u00eanesis: Um Convite \u00e0 F\u00e9<\/p>\n<p>\u00c9 f\u00e1cil, em meio \u00e0s agita\u00e7\u00f5es do mundo, esquecer a origem de tudo. Perder de vista a fonte primordial de toda a exist\u00eancia. O livro de G\u00eanesis nos oferece um retorno a este princ\u00edpio fundamental: Deus \u00e9 o Criador. **Dele emanam todas as coisas.**<\/p>\n<p>### O Sil\u00eancio Antes da Cria\u00e7\u00e3o<\/p>\n<p>Imagine o vazio. A escurid\u00e3o que envolvia o abismo. Um sil\u00eancio profundo, absoluto. Era assim antes do tempo, antes da luz, antes da vida. E ent\u00e3o, a Palavra! \u201cFa\u00e7a-se a luz\u201d, e a luz rompe a escurid\u00e3o, dissipando a treva e trazendo ordem ao caos. <\/p>\n<p>Este ato de cria\u00e7\u00e3o \u00e9 a base de nossa f\u00e9. **Deus, em Sua infinita sabedoria, traz a exist\u00eancia o que n\u00e3o existia.** Ele observa Sua obra, a declara boa e a separa do caos. A luz se torna o dia, a treva, a noite. O primeiro dia se conclui, marcado pela promessa de um novo come\u00e7o.<\/p>\n<p>### A Ordem e a Beleza do Universo<\/p>\n<p>A cria\u00e7\u00e3o continua: um firmamento separa as \u00e1guas, o sol ilumina a Terra, a vegeta\u00e7\u00e3o surge da terra, adornando-a com cores e aromas. Cada elemento encontra seu lugar, cada criatura recebe sua forma. <\/p>\n<p>A Terra frutifica, gerando vida em abund\u00e2ncia. A noite \u00e9 iluminada pelas estrelas, testemunhas silenciosas da grandiosidade de Deus. **O universo se revela como uma tape\u00e7aria complexa, tecida com a precis\u00e3o e a beleza divinas.**<\/p>\n<p>### A Cria\u00e7\u00e3o em Palavras e em Mist\u00e9rio<\/p>\n<p>O Salmo 32 nos revela um segredo: \u201cPela palavra do Senhor foram feitos os c\u00e9us.\u201d Deus criou o universo pela Sua Palavra. Uma Palavra que continha em si a ess\u00eancia de toda a cria\u00e7\u00e3o, capaz de transformar o nada em tudo.<\/p>\n<p>E Hebreus 11 nos convida a uma f\u00e9 que transcende a raz\u00e3o: &#8220;Pela f\u00e9 reconhecemos que o mundo foi formado pela palavra de Deus.&#8221; Nem tudo pode ser explicado pela l\u00f3gica humana, pela ci\u00eancia. **H\u00e1 um mist\u00e9rio que envolve a cria\u00e7\u00e3o, um mist\u00e9rio que s\u00f3 pode ser compreendido pela f\u00e9.**<\/p>\n<p>### O Prop\u00f3sito da Exist\u00eancia<\/p>\n<p>Colossenses 1 nos recorda um dado fundamental: \u201cNele foram criadas todas as coisas&#8230; e para Ele.\u201d  N\u00e3o fomos criados ao acaso. N\u00e3o existimos apenas para ocupar espa\u00e7o. **Fomos criados por Deus e para Deus.**<\/p>\n<p>Este \u00e9 um pensamento profundo que nos convida \u00e0 reflex\u00e3o.  Nosso prop\u00f3sito na vida n\u00e3o \u00e9 apenas buscar a felicidade terrena, mas sim glorificar a Deus, reconhecendo-O como a fonte de toda a vida e a raz\u00e3o de toda a exist\u00eancia.<\/p>\n<p>### A Ci\u00eancia e a F\u00e9: Dois Caminhos Complementares<\/p>\n<p>\u00c9 importante lembrar que a ci\u00eancia \u00e9 um dom de Deus, um instrumento para compreendermos o mundo que nos cerca. **Mas a ci\u00eancia n\u00e3o pode substituir a f\u00e9.** Ela pode explicar *como* as coisas funcionam, mas n\u00e3o pode responder *por que* elas existem.<\/p>\n<p>A f\u00e9 nos permite contemplar a grandiosidade do Criador, a beleza de Sua obra e a profundidade do Seu amor. E assim, encontramos um sentido mais profundo para a nossa pr\u00f3pria exist\u00eancia.<\/p>\n","protected":false},"excerpt":{"rendered":"<p>## A Profundeza do G\u00eanesis: Um Convite \u00e0 F\u00e9 \u00c9 f\u00e1cil, em meio \u00e0s agita\u00e7\u00f5es do mundo, esquecer a origem de tudo. Perder de vista a fonte primordial de toda a exist\u00eancia. O livro de G\u00eanesis nos oferece um retorno a este princ\u00edpio fundamental: Deus \u00e9 o Criador. **Dele emanam todas as coisas.** ### O [&hellip;]<\/p>\n","protected":false},"author":1,"featured_media":0,"comment_status":"closed","ping_status":"open","sticky":false,"template":"","format":"standard","meta":{"footnotes":""},"categories":[14],"tags":[],"class_list":["post-6254","post","type-post","status-publish","format-standard","hentry","category-reflexao"],"yoast_head":"<!-- This site is optimized with the Yoast SEO plugin v27.2 - https:\/\/yoast.com\/product\/yoast-seo-wordpress\/ -->\n<title>G\u00eanesis: A Cria\u00e7\u00e3o e a F\u00e9 na Origem de Tudo - Salmos B\u00edblicos<\/title>\n<meta name=\"robots\" content=\"index, follow, max-snippet:-1, max-image-preview:large, max-video-preview:-1\" \/>\n<link rel=\"canonical\" href=\"http:\/\/salmosbiblicos.com.br\/index.php\/2026\/03\/31\/genesis-a-criacao-e-a-fe-na-origem-de-tudo\/\" \/>\n<meta property=\"og:locale\" content=\"pt_BR\" \/>\n<meta property=\"og:type\" content=\"article\" \/>\n<meta property=\"og:title\" content=\"G\u00eanesis: A Cria\u00e7\u00e3o e a F\u00e9 na Origem de Tudo - Salmos B\u00edblicos\" \/>\n<meta property=\"og:description\" content=\"## A Profundeza do G\u00eanesis: Um Convite \u00e0 F\u00e9 \u00c9 f\u00e1cil, em meio \u00e0s agita\u00e7\u00f5es do mundo, esquecer a origem de tudo. Perder de vista a fonte primordial de toda a exist\u00eancia. O livro de G\u00eanesis nos oferece um retorno a este princ\u00edpio fundamental: Deus \u00e9 o Criador. **Dele emanam todas as coisas.** ### O [&hellip;]\" \/>\n<meta property=\"og:url\" content=\"http:\/\/salmosbiblicos.com.br\/index.php\/2026\/03\/31\/genesis-a-criacao-e-a-fe-na-origem-de-tudo\/\" \/>\n<meta property=\"og:site_name\" content=\"Salmos B\u00edblicos\" \/>\n<meta property=\"article:published_time\" content=\"2026-03-31T21:28:03+00:00\" \/>\n<meta name=\"author\" content=\"alextreh@gmail.com\" \/>\n<meta name=\"twitter:card\" content=\"summary_large_image\" \/>\n<meta name=\"twitter:label1\" content=\"Escrito por\" \/>\n\t<meta name=\"twitter:data1\" content=\"alextreh@gmail.com\" \/>\n\t<meta name=\"twitter:label2\" content=\"Est. tempo de leitura\" \/>\n\t<meta name=\"twitter:data2\" content=\"3 minutos\" \/>\n<script type=\"application\/ld+json\" class=\"yoast-schema-graph\">{\"@context\":\"https:\/\/schema.org\",\"@graph\":[{\"@type\":\"Article\",\"@id\":\"http:\/\/salmosbiblicos.com.br\/index.php\/2026\/03\/31\/genesis-a-criacao-e-a-fe-na-origem-de-tudo\/#article\",\"isPartOf\":{\"@id\":\"http:\/\/salmosbiblicos.com.br\/index.php\/2026\/03\/31\/genesis-a-criacao-e-a-fe-na-origem-de-tudo\/\"},\"author\":{\"name\":\"alextreh@gmail.com\",\"@id\":\"https:\/\/salmosbiblicos.com.br\/#\/schema\/person\/30586d0fb3f3a46b78a3414fc39cc975\"},\"headline\":\"G\u00eanesis: A Cria\u00e7\u00e3o e a F\u00e9 na Origem de Tudo\",\"datePublished\":\"2026-03-31T21:28:03+00:00\",\"mainEntityOfPage\":{\"@id\":\"http:\/\/salmosbiblicos.com.br\/index.php\/2026\/03\/31\/genesis-a-criacao-e-a-fe-na-origem-de-tudo\/\"},\"wordCount\":542,\"articleSection\":[\"Reflex\u00e3o\"],\"inLanguage\":\"pt-BR\"},{\"@type\":\"WebPage\",\"@id\":\"http:\/\/salmosbiblicos.com.br\/index.php\/2026\/03\/31\/genesis-a-criacao-e-a-fe-na-origem-de-tudo\/\",\"url\":\"http:\/\/salmosbiblicos.com.br\/index.php\/2026\/03\/31\/genesis-a-criacao-e-a-fe-na-origem-de-tudo\/\",\"name\":\"G\u00eanesis: A Cria\u00e7\u00e3o e a F\u00e9 na Origem de Tudo - Salmos B\u00edblicos\",\"isPartOf\":{\"@id\":\"https:\/\/salmosbiblicos.com.br\/#website\"},\"datePublished\":\"2026-03-31T21:28:03+00:00\",\"author\":{\"@id\":\"https:\/\/salmosbiblicos.com.br\/#\/schema\/person\/30586d0fb3f3a46b78a3414fc39cc975\"},\"breadcrumb\":{\"@id\":\"http:\/\/salmosbiblicos.com.br\/index.php\/2026\/03\/31\/genesis-a-criacao-e-a-fe-na-origem-de-tudo\/#breadcrumb\"},\"inLanguage\":\"pt-BR\",\"potentialAction\":[{\"@type\":\"ReadAction\",\"target\":[\"http:\/\/salmosbiblicos.com.br\/index.php\/2026\/03\/31\/genesis-a-criacao-e-a-fe-na-origem-de-tudo\/\"]}]},{\"@type\":\"BreadcrumbList\",\"@id\":\"http:\/\/salmosbiblicos.com.br\/index.php\/2026\/03\/31\/genesis-a-criacao-e-a-fe-na-origem-de-tudo\/#breadcrumb\",\"itemListElement\":[{\"@type\":\"ListItem\",\"position\":1,\"name\":\"Home\",\"item\":\"https:\/\/salmosbiblicos.com.br\/\"},{\"@type\":\"ListItem\",\"position\":2,\"name\":\"G\u00eanesis: A Cria\u00e7\u00e3o e a F\u00e9 na Origem de Tudo\"}]},{\"@type\":\"WebSite\",\"@id\":\"https:\/\/salmosbiblicos.com.br\/#website\",\"url\":\"https:\/\/salmosbiblicos.com.br\/\",\"name\":\"Salmos B\u00edblicos\",\"description\":\"Uma e-Livraria com e-Books novos para voc\u00ea refletir.\",\"potentialAction\":[{\"@type\":\"SearchAction\",\"target\":{\"@type\":\"EntryPoint\",\"urlTemplate\":\"https:\/\/salmosbiblicos.com.br\/?s={search_term_string}\"},\"query-input\":{\"@type\":\"PropertyValueSpecification\",\"valueRequired\":true,\"valueName\":\"search_term_string\"}}],\"inLanguage\":\"pt-BR\"},{\"@type\":\"Person\",\"@id\":\"https:\/\/salmosbiblicos.com.br\/#\/schema\/person\/30586d0fb3f3a46b78a3414fc39cc975\",\"name\":\"alextreh@gmail.com\",\"image\":{\"@type\":\"ImageObject\",\"inLanguage\":\"pt-BR\",\"@id\":\"https:\/\/secure.gravatar.com\/avatar\/7cf84d31f581ec97b887c1039d478a7c293086896c84951a86753fb2c2af7527?s=96&d=mm&r=g\",\"url\":\"https:\/\/secure.gravatar.com\/avatar\/7cf84d31f581ec97b887c1039d478a7c293086896c84951a86753fb2c2af7527?s=96&d=mm&r=g\",\"contentUrl\":\"https:\/\/secure.gravatar.com\/avatar\/7cf84d31f581ec97b887c1039d478a7c293086896c84951a86753fb2c2af7527?s=96&d=mm&r=g\",\"caption\":\"alextreh@gmail.com\"},\"sameAs\":[\"http:\/\/salmosbiblicos.com.br\"],\"url\":\"https:\/\/salmosbiblicos.com.br\/index.php\/author\/alextrehgmail-com\/\"}]}<\/script>\n<!-- \/ Yoast SEO plugin. -->","yoast_head_json":{"title":"G\u00eanesis: A Cria\u00e7\u00e3o e a F\u00e9 na Origem de Tudo - Salmos B\u00edblicos","robots":{"index":"index","follow":"follow","max-snippet":"max-snippet:-1","max-image-preview":"max-image-preview:large","max-video-preview":"max-video-preview:-1"},"canonical":"http:\/\/salmosbiblicos.com.br\/index.php\/2026\/03\/31\/genesis-a-criacao-e-a-fe-na-origem-de-tudo\/","og_locale":"pt_BR","og_type":"article","og_title":"G\u00eanesis: A Cria\u00e7\u00e3o e a F\u00e9 na Origem de Tudo - Salmos B\u00edblicos","og_description":"## A Profundeza do G\u00eanesis: Um Convite \u00e0 F\u00e9 \u00c9 f\u00e1cil, em meio \u00e0s agita\u00e7\u00f5es do mundo, esquecer a origem de tudo. Perder de vista a fonte primordial de toda a exist\u00eancia. O livro de G\u00eanesis nos oferece um retorno a este princ\u00edpio fundamental: Deus \u00e9 o Criador. **Dele emanam todas as coisas.** ### O [&hellip;]","og_url":"http:\/\/salmosbiblicos.com.br\/index.php\/2026\/03\/31\/genesis-a-criacao-e-a-fe-na-origem-de-tudo\/","og_site_name":"Salmos B\u00edblicos","article_published_time":"2026-03-31T21:28:03+00:00","author":"alextreh@gmail.com","twitter_card":"summary_large_image","twitter_misc":{"Escrito por":"alextreh@gmail.com","Est. tempo de leitura":"3 minutos"},"schema":{"@context":"https:\/\/schema.org","@graph":[{"@type":"Article","@id":"http:\/\/salmosbiblicos.com.br\/index.php\/2026\/03\/31\/genesis-a-criacao-e-a-fe-na-origem-de-tudo\/#article","isPartOf":{"@id":"http:\/\/salmosbiblicos.com.br\/index.php\/2026\/03\/31\/genesis-a-criacao-e-a-fe-na-origem-de-tudo\/"},"author":{"name":"alextreh@gmail.com","@id":"https:\/\/salmosbiblicos.com.br\/#\/schema\/person\/30586d0fb3f3a46b78a3414fc39cc975"},"headline":"G\u00eanesis: A Cria\u00e7\u00e3o e a F\u00e9 na Origem de Tudo","datePublished":"2026-03-31T21:28:03+00:00","mainEntityOfPage":{"@id":"http:\/\/salmosbiblicos.com.br\/index.php\/2026\/03\/31\/genesis-a-criacao-e-a-fe-na-origem-de-tudo\/"},"wordCount":542,"articleSection":["Reflex\u00e3o"],"inLanguage":"pt-BR"},{"@type":"WebPage","@id":"http:\/\/salmosbiblicos.com.br\/index.php\/2026\/03\/31\/genesis-a-criacao-e-a-fe-na-origem-de-tudo\/","url":"http:\/\/salmosbiblicos.com.br\/index.php\/2026\/03\/31\/genesis-a-criacao-e-a-fe-na-origem-de-tudo\/","name":"G\u00eanesis: A Cria\u00e7\u00e3o e a F\u00e9 na Origem de Tudo - Salmos B\u00edblicos","isPartOf":{"@id":"https:\/\/salmosbiblicos.com.br\/#website"},"datePublished":"2026-03-31T21:28:03+00:00","author":{"@id":"https:\/\/salmosbiblicos.com.br\/#\/schema\/person\/30586d0fb3f3a46b78a3414fc39cc975"},"breadcrumb":{"@id":"http:\/\/salmosbiblicos.com.br\/index.php\/2026\/03\/31\/genesis-a-criacao-e-a-fe-na-origem-de-tudo\/#breadcrumb"},"inLanguage":"pt-BR","potentialAction":[{"@type":"ReadAction","target":["http:\/\/salmosbiblicos.com.br\/index.php\/2026\/03\/31\/genesis-a-criacao-e-a-fe-na-origem-de-tudo\/"]}]},{"@type":"BreadcrumbList","@id":"http:\/\/salmosbiblicos.com.br\/index.php\/2026\/03\/31\/genesis-a-criacao-e-a-fe-na-origem-de-tudo\/#breadcrumb","itemListElement":[{"@type":"ListItem","position":1,"name":"Home","item":"https:\/\/salmosbiblicos.com.br\/"},{"@type":"ListItem","position":2,"name":"G\u00eanesis: A Cria\u00e7\u00e3o e a F\u00e9 na Origem de Tudo"}]},{"@type":"WebSite","@id":"https:\/\/salmosbiblicos.com.br\/#website","url":"https:\/\/salmosbiblicos.com.br\/","name":"Salmos B\u00edblicos","description":"Uma e-Livraria com e-Books novos para voc\u00ea refletir.","potentialAction":[{"@type":"SearchAction","target":{"@type":"EntryPoint","urlTemplate":"https:\/\/salmosbiblicos.com.br\/?s={search_term_string}"},"query-input":{"@type":"PropertyValueSpecification","valueRequired":true,"valueName":"search_term_string"}}],"inLanguage":"pt-BR"},{"@type":"Person","@id":"https:\/\/salmosbiblicos.com.br\/#\/schema\/person\/30586d0fb3f3a46b78a3414fc39cc975","name":"alextreh@gmail.com","image":{"@type":"ImageObject","inLanguage":"pt-BR","@id":"https:\/\/secure.gravatar.com\/avatar\/7cf84d31f581ec97b887c1039d478a7c293086896c84951a86753fb2c2af7527?s=96&d=mm&r=g","url":"https:\/\/secure.gravatar.com\/avatar\/7cf84d31f581ec97b887c1039d478a7c293086896c84951a86753fb2c2af7527?s=96&d=mm&r=g","contentUrl":"https:\/\/secure.gravatar.com\/avatar\/7cf84d31f581ec97b887c1039d478a7c293086896c84951a86753fb2c2af7527?s=96&d=mm&r=g","caption":"alextreh@gmail.com"},"sameAs":["http:\/\/salmosbiblicos.com.br"],"url":"https:\/\/salmosbiblicos.com.br\/index.php\/author\/alextrehgmail-com\/"}]}},"_links":{"self":[{"href":"https:\/\/salmosbiblicos.com.br\/index.php\/wp-json\/wp\/v2\/posts\/6254","targetHints":{"allow":["GET"]}}],"collection":[{"href":"https:\/\/salmosbiblicos.com.br\/index.php\/wp-json\/wp\/v2\/posts"}],"about":[{"href":"https:\/\/salmosbiblicos.com.br\/index.php\/wp-json\/wp\/v2\/types\/post"}],"author":[{"embeddable":true,"href":"https:\/\/salmosbiblicos.com.br\/index.php\/wp-json\/wp\/v2\/users\/1"}],"replies":[{"embeddable":true,"href":"https:\/\/salmosbiblicos.com.br\/index.php\/wp-json\/wp\/v2\/comments?post=6254"}],"version-history":[{"count":1,"href":"https:\/\/salmosbiblicos.com.br\/index.php\/wp-json\/wp\/v2\/posts\/6254\/revisions"}],"predecessor-version":[{"id":6255,"href":"https:\/\/salmosbiblicos.com.br\/index.php\/wp-json\/wp\/v2\/posts\/6254\/revisions\/6255"}],"wp:attachment":[{"href":"https:\/\/salmosbiblicos.com.br\/index.php\/wp-json\/wp\/v2\/media?parent=6254"}],"wp:term":[{"taxonomy":"category","embeddable":true,"href":"https:\/\/salmosbiblicos.com.br\/index.php\/wp-json\/wp\/v2\/categories?post=6254"},{"taxonomy":"post_tag","embeddable":true,"href":"https:\/\/salmosbiblicos.com.br\/index.php\/wp-json\/wp\/v2\/tags?post=6254"}],"curies":[{"name":"wp","href":"https:\/\/api.w.org\/{rel}","templated":true}]}}